{"id":89866,"date":"2025-08-22T12:27:03","date_gmt":"2025-08-22T09:27:03","guid":{"rendered":"https:\/\/kibrisdakik.com\/index.php\/2025\/08\/22\/istanbulda-barajlardaki-doluluk-orani-yuzde-44e-dustu\/"},"modified":"2025-08-22T12:27:03","modified_gmt":"2025-08-22T09:27:03","slug":"istanbulda-barajlardaki-doluluk-orani-yuzde-44e-dustu","status":"publish","type":"post","link":"https:\/\/kibrisdakik.com\/?p=89866","title":{"rendered":"\u0130stanbul&#8217;da barajlardaki doluluk oran\u0131 y\u00fczde 44&#8217;e d\u00fc\u015ft\u00fc"},"content":{"rendered":"<p><\/p>\n<div>\n<p>&#13;<br \/>\n\t\u0130stanbul\u2019da kurak ge\u00e7en bahar ve yaz aylar\u0131n\u0131n ard\u0131ndan baraj g\u00f6l\u00fc havzalar\u0131nda her ge\u00e7en g\u00fcn doluluk oranlar\u0131 d\u00fc\u015f\u00fcyor.<\/p>\n<p>&#13;<br \/>\n\tGe\u00e7ti\u011fimiz Mart ay\u0131nda y\u00fczde 80\u2019lere dayanan doluluk oranlar\u0131 \u0130SK\u0130 verilerine g\u00f6re bug\u00fcn y\u00fczde 44,08 olarak \u00f6l\u00e7\u00fcld\u00fc.<\/p>\n<p>&#13;<br \/>\n\tMart ay\u0131nda doluluk oran\u0131 y\u00fczde 65\u2019e kadar y\u00fckselen Alibeyk\u00f6y baraj\u0131nda da doluluk oran\u0131 y\u00fczde 27.63\u2019e kadar geriledi. Baraj g\u00f6l\u00fcnde k\u0131\u015f aylar\u0131nda suyla dolu alanlar yeniden kurudu. Birka\u00e7 ay \u00f6ncesine kadar bal\u0131klar\u0131n dola\u015ft\u0131\u011f\u0131 alanlar \u00e7orak araziye d\u00f6n\u00fc\u015ft\u00fc.<\/p>\n<p><\/p>\n<p>&#13;<br \/>\n\t\u0130stanbul\u2019a su sa\u011flayan barajlar\u0131n 8\u2019inde doluluk oran\u0131 y\u00fczde 50\u2019nin alt\u0131na indi. \u0130stanbul\u2019un Terkos \u00d6merli, Alibeyk\u00f6y, B\u00fcy\u00fck\u00e7ekmece, Sazl\u0131dere, Istrancalar, Kazandere ve Papu\u00e7dere baraj g\u00f6l\u00fc havzalar\u0131nda doluluk oran\u0131 y\u00fczde 50\u2019nin alt\u0131na indi. \u0130stanbul\u2019da \u015fu an en dolu baraj\u0131 y\u00fczde 63.17 ile Elmal\u0131 baraj\u0131 oldu. En d\u00fc\u015f\u00fck doluluk oran\u0131na sahip baraj ise y\u00fczde 31.38 doluluk oran\u0131yla Istrancalar oldu.<\/p>\n<\/p><\/div>\n","protected":false},"excerpt":{"rendered":"<p>&#13; \u0130stanbul\u2019da kurak ge\u00e7en bahar ve yaz aylar\u0131n\u0131n ard\u0131ndan baraj g\u00f6l\u00fc havzalar\u0131nda her ge\u00e7en g\u00fcn doluluk oranlar\u0131 d\u00fc\u015f\u00fcyor. &#13; Ge\u00e7ti\u011fimiz Mart ay\u0131nda y\u00fczde 80\u2019lere dayanan doluluk oranlar\u0131 \u0130SK\u0130 verilerine g\u00f6re bug\u00fcn y\u00fczde 44,08 olarak \u00f6l\u00e7\u00fcld\u00fc. &#13; Mart ay\u0131nda doluluk oran\u0131 y\u00fczde 65\u2019e kadar y\u00fckselen Alibeyk\u00f6y baraj\u0131nda da doluluk oran\u0131 y\u00fczde 27.63\u2019e kadar geriledi. Baraj g\u00f6l\u00fcnde<\/p>\n","protected":false},"author":1,"featured_media":89867,"comment_status":"open","ping_status":"open","sticky":false,"template":"","format":"standard","meta":{"footnotes":""},"categories":[101,86],"tags":[],"class_list":["post-89866","post","type-post","status-publish","format-standard","has-post-thumbnail","hentry","category-manset","category-turkiye"],"yoast_head":"<!-- This site is optimized with the Yoast SEO plugin v27.4 - https:\/\/yoast.com\/product\/yoast-seo-wordpress\/ -->\n<title>\u0130stanbul&#039;da barajlardaki doluluk oran\u0131 y\u00fczde 44&#039;e d\u00fc\u015ft\u00fc -<\/title>\n<meta name=\"robots\" content=\"index, follow, max-snippet:-1, max-image-preview:large, max-video-preview:-1\" \/>\n<link rel=\"canonical\" href=\"https:\/\/kibrisdakik.com\/?p=89866\" \/>\n<meta property=\"og:locale\" content=\"tr_TR\" \/>\n<meta property=\"og:type\" content=\"article\" \/>\n<meta property=\"og:title\" content=\"\u0130stanbul&#039;da barajlardaki doluluk oran\u0131 y\u00fczde 44&#039;e d\u00fc\u015ft\u00fc -\" \/>\n<meta property=\"og:description\" content=\"&#013; \u0130stanbul\u2019da kurak ge\u00e7en bahar ve yaz aylar\u0131n\u0131n ard\u0131ndan baraj g\u00f6l\u00fc havzalar\u0131nda her ge\u00e7en g\u00fcn doluluk oranlar\u0131 d\u00fc\u015f\u00fcyor. &#013; Ge\u00e7ti\u011fimiz Mart ay\u0131nda y\u00fczde 80\u2019lere dayanan doluluk oranlar\u0131 \u0130SK\u0130 verilerine g\u00f6re bug\u00fcn y\u00fczde 44,08 olarak \u00f6l\u00e7\u00fcld\u00fc. &#013; Mart ay\u0131nda doluluk oran\u0131 y\u00fczde 65\u2019e kadar y\u00fckselen Alibeyk\u00f6y baraj\u0131nda da doluluk oran\u0131 y\u00fczde 27.63\u2019e kadar geriledi. Baraj g\u00f6l\u00fcnde\" \/>\n<meta property=\"og:url\" content=\"https:\/\/kibrisdakik.com\/?p=89866\" \/>\n<meta property=\"article:published_time\" content=\"2025-08-22T09:27:03+00:00\" \/>\n<meta property=\"og:image\" content=\"https:\/\/kibrisdakik.com\/wp-content\/uploads\/2025\/08\/istanbul-barajdha-2390773-740x420.jpg\" \/>\n\t<meta property=\"og:image:width\" content=\"1280\" \/>\n\t<meta property=\"og:image:height\" content=\"720\" \/>\n\t<meta property=\"og:image:type\" content=\"image\/jpeg\" \/>\n<meta name=\"author\" content=\"admin\" \/>\n<meta name=\"twitter:card\" content=\"summary_large_image\" \/>\n<meta name=\"twitter:label1\" content=\"Yazan:\" \/>\n\t<meta name=\"twitter:data1\" content=\"admin\" \/>\n\t<meta name=\"twitter:label2\" content=\"Tahmini okuma s\u00fcresi\" \/>\n\t<meta name=\"twitter:data2\" content=\"1 dakika\" \/>\n<script type=\"application\/ld+json\" class=\"yoast-schema-graph\">{\"@context\":\"https:\\\/\\\/schema.org\",\"@graph\":[{\"@type\":\"Article\",\"@id\":\"https:\\\/\\\/kibrisdakik.com\\\/?p=89866#article\",\"isPartOf\":{\"@id\":\"https:\\\/\\\/kibrisdakik.com\\\/?p=89866\"},\"author\":{\"name\":\"admin\",\"@id\":\"https:\\\/\\\/kibrisdakik.com\\\/#\\\/schema\\\/person\\\/9cd9d437bbb44f72b73ba127e06d8e79\"},\"headline\":\"\u0130stanbul&#8217;da barajlardaki doluluk oran\u0131 y\u00fczde 44&#8217;e d\u00fc\u015ft\u00fc\",\"datePublished\":\"2025-08-22T09:27:03+00:00\",\"mainEntityOfPage\":{\"@id\":\"https:\\\/\\\/kibrisdakik.com\\\/?p=89866\"},\"wordCount\":184,\"commentCount\":0,\"image\":{\"@id\":\"https:\\\/\\\/kibrisdakik.com\\\/?p=89866#primaryimage\"},\"thumbnailUrl\":\"https:\\\/\\\/kibrisdakik.com\\\/wp-content\\\/uploads\\\/2025\\\/08\\\/istanbul-barajdha-2390773-740x420.jpg\",\"articleSection\":[\"Man\u015fet\",\"T\u00fcrkiye\"],\"inLanguage\":\"tr\",\"potentialAction\":[{\"@type\":\"CommentAction\",\"name\":\"Comment\",\"target\":[\"https:\\\/\\\/kibrisdakik.com\\\/?p=89866#respond\"]}]},{\"@type\":\"WebPage\",\"@id\":\"https:\\\/\\\/kibrisdakik.com\\\/?p=89866\",\"url\":\"https:\\\/\\\/kibrisdakik.com\\\/?p=89866\",\"name\":\"\u0130stanbul'da barajlardaki doluluk oran\u0131 y\u00fczde 44'e d\u00fc\u015ft\u00fc -\",\"isPartOf\":{\"@id\":\"https:\\\/\\\/kibrisdakik.com\\\/#website\"},\"primaryImageOfPage\":{\"@id\":\"https:\\\/\\\/kibrisdakik.com\\\/?p=89866#primaryimage\"},\"image\":{\"@id\":\"https:\\\/\\\/kibrisdakik.com\\\/?p=89866#primaryimage\"},\"thumbnailUrl\":\"https:\\\/\\\/kibrisdakik.com\\\/wp-content\\\/uploads\\\/2025\\\/08\\\/istanbul-barajdha-2390773-740x420.jpg\",\"datePublished\":\"2025-08-22T09:27:03+00:00\",\"author\":{\"@id\":\"https:\\\/\\\/kibrisdakik.com\\\/#\\\/schema\\\/person\\\/9cd9d437bbb44f72b73ba127e06d8e79\"},\"breadcrumb\":{\"@id\":\"https:\\\/\\\/kibrisdakik.com\\\/?p=89866#breadcrumb\"},\"inLanguage\":\"tr\",\"potentialAction\":[{\"@type\":\"ReadAction\",\"target\":[\"https:\\\/\\\/kibrisdakik.com\\\/?p=89866\"]}]},{\"@type\":\"ImageObject\",\"inLanguage\":\"tr\",\"@id\":\"https:\\\/\\\/kibrisdakik.com\\\/?p=89866#primaryimage\",\"url\":\"https:\\\/\\\/kibrisdakik.com\\\/wp-content\\\/uploads\\\/2025\\\/08\\\/istanbul-barajdha-2390773-740x420.jpg\",\"contentUrl\":\"https:\\\/\\\/kibrisdakik.com\\\/wp-content\\\/uploads\\\/2025\\\/08\\\/istanbul-barajdha-2390773-740x420.jpg\",\"width\":1280,\"height\":720},{\"@type\":\"BreadcrumbList\",\"@id\":\"https:\\\/\\\/kibrisdakik.com\\\/?p=89866#breadcrumb\",\"itemListElement\":[{\"@type\":\"ListItem\",\"position\":1,\"name\":\"Home\",\"item\":\"https:\\\/\\\/kibrisdakik.com\\\/\"},{\"@type\":\"ListItem\",\"position\":2,\"name\":\"\u0130stanbul&#8217;da barajlardaki doluluk oran\u0131 y\u00fczde 44&#8217;e d\u00fc\u015ft\u00fc\"}]},{\"@type\":\"WebSite\",\"@id\":\"https:\\\/\\\/kibrisdakik.com\\\/#website\",\"url\":\"https:\\\/\\\/kibrisdakik.com\\\/\",\"name\":\"\",\"description\":\"Tam vaktinde haber\",\"potentialAction\":[{\"@type\":\"SearchAction\",\"target\":{\"@type\":\"EntryPoint\",\"urlTemplate\":\"https:\\\/\\\/kibrisdakik.com\\\/?s={search_term_string}\"},\"query-input\":{\"@type\":\"PropertyValueSpecification\",\"valueRequired\":true,\"valueName\":\"search_term_string\"}}],\"inLanguage\":\"tr\"},{\"@type\":\"Person\",\"@id\":\"https:\\\/\\\/kibrisdakik.com\\\/#\\\/schema\\\/person\\\/9cd9d437bbb44f72b73ba127e06d8e79\",\"name\":\"admin\",\"image\":{\"@type\":\"ImageObject\",\"inLanguage\":\"tr\",\"@id\":\"https:\\\/\\\/secure.gravatar.com\\\/avatar\\\/ccc17943b9d660506c869530f897617f7cb1c21a4bf30023f252596d83e1f007?s=96&d=mm&r=g\",\"url\":\"https:\\\/\\\/secure.gravatar.com\\\/avatar\\\/ccc17943b9d660506c869530f897617f7cb1c21a4bf30023f252596d83e1f007?s=96&d=mm&r=g\",\"contentUrl\":\"https:\\\/\\\/secure.gravatar.com\\\/avatar\\\/ccc17943b9d660506c869530f897617f7cb1c21a4bf30023f252596d83e1f007?s=96&d=mm&r=g\",\"caption\":\"admin\"},\"sameAs\":[\"https:\\\/\\\/kibrisdakik.com\"],\"url\":\"https:\\\/\\\/kibrisdakik.com\\\/?author=1\"}]}<\/script>\n<!-- \/ Yoast SEO plugin. -->","yoast_head_json":{"title":"\u0130stanbul'da barajlardaki doluluk oran\u0131 y\u00fczde 44'e d\u00fc\u015ft\u00fc -","robots":{"index":"index","follow":"follow","max-snippet":"max-snippet:-1","max-image-preview":"max-image-preview:large","max-video-preview":"max-video-preview:-1"},"canonical":"https:\/\/kibrisdakik.com\/?p=89866","og_locale":"tr_TR","og_type":"article","og_title":"\u0130stanbul'da barajlardaki doluluk oran\u0131 y\u00fczde 44'e d\u00fc\u015ft\u00fc -","og_description":"&#13; \u0130stanbul\u2019da kurak ge\u00e7en bahar ve yaz aylar\u0131n\u0131n ard\u0131ndan baraj g\u00f6l\u00fc havzalar\u0131nda her ge\u00e7en g\u00fcn doluluk oranlar\u0131 d\u00fc\u015f\u00fcyor. &#13; Ge\u00e7ti\u011fimiz Mart ay\u0131nda y\u00fczde 80\u2019lere dayanan doluluk oranlar\u0131 \u0130SK\u0130 verilerine g\u00f6re bug\u00fcn y\u00fczde 44,08 olarak \u00f6l\u00e7\u00fcld\u00fc. &#13; Mart ay\u0131nda doluluk oran\u0131 y\u00fczde 65\u2019e kadar y\u00fckselen Alibeyk\u00f6y baraj\u0131nda da doluluk oran\u0131 y\u00fczde 27.63\u2019e kadar geriledi. Baraj g\u00f6l\u00fcnde","og_url":"https:\/\/kibrisdakik.com\/?p=89866","article_published_time":"2025-08-22T09:27:03+00:00","og_image":[{"width":1280,"height":720,"url":"https:\/\/kibrisdakik.com\/wp-content\/uploads\/2025\/08\/istanbul-barajdha-2390773-740x420.jpg","type":"image\/jpeg"}],"author":"admin","twitter_card":"summary_large_image","twitter_misc":{"Yazan:":"admin","Tahmini okuma s\u00fcresi":"1 dakika"},"schema":{"@context":"https:\/\/schema.org","@graph":[{"@type":"Article","@id":"https:\/\/kibrisdakik.com\/?p=89866#article","isPartOf":{"@id":"https:\/\/kibrisdakik.com\/?p=89866"},"author":{"name":"admin","@id":"https:\/\/kibrisdakik.com\/#\/schema\/person\/9cd9d437bbb44f72b73ba127e06d8e79"},"headline":"\u0130stanbul&#8217;da barajlardaki doluluk oran\u0131 y\u00fczde 44&#8217;e d\u00fc\u015ft\u00fc","datePublished":"2025-08-22T09:27:03+00:00","mainEntityOfPage":{"@id":"https:\/\/kibrisdakik.com\/?p=89866"},"wordCount":184,"commentCount":0,"image":{"@id":"https:\/\/kibrisdakik.com\/?p=89866#primaryimage"},"thumbnailUrl":"https:\/\/kibrisdakik.com\/wp-content\/uploads\/2025\/08\/istanbul-barajdha-2390773-740x420.jpg","articleSection":["Man\u015fet","T\u00fcrkiye"],"inLanguage":"tr","potentialAction":[{"@type":"CommentAction","name":"Comment","target":["https:\/\/kibrisdakik.com\/?p=89866#respond"]}]},{"@type":"WebPage","@id":"https:\/\/kibrisdakik.com\/?p=89866","url":"https:\/\/kibrisdakik.com\/?p=89866","name":"\u0130stanbul'da barajlardaki doluluk oran\u0131 y\u00fczde 44'e d\u00fc\u015ft\u00fc -","isPartOf":{"@id":"https:\/\/kibrisdakik.com\/#website"},"primaryImageOfPage":{"@id":"https:\/\/kibrisdakik.com\/?p=89866#primaryimage"},"image":{"@id":"https:\/\/kibrisdakik.com\/?p=89866#primaryimage"},"thumbnailUrl":"https:\/\/kibrisdakik.com\/wp-content\/uploads\/2025\/08\/istanbul-barajdha-2390773-740x420.jpg","datePublished":"2025-08-22T09:27:03+00:00","author":{"@id":"https:\/\/kibrisdakik.com\/#\/schema\/person\/9cd9d437bbb44f72b73ba127e06d8e79"},"breadcrumb":{"@id":"https:\/\/kibrisdakik.com\/?p=89866#breadcrumb"},"inLanguage":"tr","potentialAction":[{"@type":"ReadAction","target":["https:\/\/kibrisdakik.com\/?p=89866"]}]},{"@type":"ImageObject","inLanguage":"tr","@id":"https:\/\/kibrisdakik.com\/?p=89866#primaryimage","url":"https:\/\/kibrisdakik.com\/wp-content\/uploads\/2025\/08\/istanbul-barajdha-2390773-740x420.jpg","contentUrl":"https:\/\/kibrisdakik.com\/wp-content\/uploads\/2025\/08\/istanbul-barajdha-2390773-740x420.jpg","width":1280,"height":720},{"@type":"BreadcrumbList","@id":"https:\/\/kibrisdakik.com\/?p=89866#breadcrumb","itemListElement":[{"@type":"ListItem","position":1,"name":"Home","item":"https:\/\/kibrisdakik.com\/"},{"@type":"ListItem","position":2,"name":"\u0130stanbul&#8217;da barajlardaki doluluk oran\u0131 y\u00fczde 44&#8217;e d\u00fc\u015ft\u00fc"}]},{"@type":"WebSite","@id":"https:\/\/kibrisdakik.com\/#website","url":"https:\/\/kibrisdakik.com\/","name":"","description":"Tam vaktinde haber","potentialAction":[{"@type":"SearchAction","target":{"@type":"EntryPoint","urlTemplate":"https:\/\/kibrisdakik.com\/?s={search_term_string}"},"query-input":{"@type":"PropertyValueSpecification","valueRequired":true,"valueName":"search_term_string"}}],"inLanguage":"tr"},{"@type":"Person","@id":"https:\/\/kibrisdakik.com\/#\/schema\/person\/9cd9d437bbb44f72b73ba127e06d8e79","name":"admin","image":{"@type":"ImageObject","inLanguage":"tr","@id":"https:\/\/secure.gravatar.com\/avatar\/ccc17943b9d660506c869530f897617f7cb1c21a4bf30023f252596d83e1f007?s=96&d=mm&r=g","url":"https:\/\/secure.gravatar.com\/avatar\/ccc17943b9d660506c869530f897617f7cb1c21a4bf30023f252596d83e1f007?s=96&d=mm&r=g","contentUrl":"https:\/\/secure.gravatar.com\/avatar\/ccc17943b9d660506c869530f897617f7cb1c21a4bf30023f252596d83e1f007?s=96&d=mm&r=g","caption":"admin"},"sameAs":["https:\/\/kibrisdakik.com"],"url":"https:\/\/kibrisdakik.com\/?author=1"}]}},"_links":{"self":[{"href":"https:\/\/kibrisdakik.com\/index.php?rest_route=\/wp\/v2\/posts\/89866","targetHints":{"allow":["GET"]}}],"collection":[{"href":"https:\/\/kibrisdakik.com\/index.php?rest_route=\/wp\/v2\/posts"}],"about":[{"href":"https:\/\/kibrisdakik.com\/index.php?rest_route=\/wp\/v2\/types\/post"}],"author":[{"embeddable":true,"href":"https:\/\/kibrisdakik.com\/index.php?rest_route=\/wp\/v2\/users\/1"}],"replies":[{"embeddable":true,"href":"https:\/\/kibrisdakik.com\/index.php?rest_route=%2Fwp%2Fv2%2Fcomments&post=89866"}],"version-history":[{"count":0,"href":"https:\/\/kibrisdakik.com\/index.php?rest_route=\/wp\/v2\/posts\/89866\/revisions"}],"wp:featuredmedia":[{"embeddable":true,"href":"https:\/\/kibrisdakik.com\/index.php?rest_route=\/wp\/v2\/media\/89867"}],"wp:attachment":[{"href":"https:\/\/kibrisdakik.com\/index.php?rest_route=%2Fwp%2Fv2%2Fmedia&parent=89866"}],"wp:term":[{"taxonomy":"category","embeddable":true,"href":"https:\/\/kibrisdakik.com\/index.php?rest_route=%2Fwp%2Fv2%2Fcategories&post=89866"},{"taxonomy":"post_tag","embeddable":true,"href":"https:\/\/kibrisdakik.com\/index.php?rest_route=%2Fwp%2Fv2%2Ftags&post=89866"}],"curies":[{"name":"wp","href":"https:\/\/api.w.org\/{rel}","templated":true}]}}