{"id":89872,"date":"2025-08-22T12:49:02","date_gmt":"2025-08-22T09:49:02","guid":{"rendered":"https:\/\/kibrisdakik.com\/index.php\/2025\/08\/22\/turkiye-japonya-arasinda-yeni-surec-basrol-savunma-sanayiinin\/"},"modified":"2025-08-22T12:49:02","modified_gmt":"2025-08-22T09:49:02","slug":"turkiye-japonya-arasinda-yeni-surec-basrol-savunma-sanayiinin","status":"publish","type":"post","link":"https:\/\/kibrisdakik.com\/?p=89872","title":{"rendered":"T\u00fcrkiye-Japonya aras\u0131nda yeni s\u00fcre\u00e7: Ba\u015frol savunma sanayiinin"},"content":{"rendered":"<p><\/p>\n<div>\n<p>&#13;<br \/>\n\tT\u00fcrk savunma sanayii \u00fcr\u00fcnlerini yerinde incelemek \u00fczere d\u00fcnyan\u0131n d\u00f6rt bir yan\u0131ndan \u00fcst d\u00fczey isimler \u00fclkemize gelmeye devam ediyor. Bunun son \u00f6rneklerinden biri de Japonya Savunma Bakan\u0131 Gen Nakatani ve beraberindeki heyet oldu. Nakatani\u2019nin Japonya\u2019dan T\u00fcrkiye\u2019ye savunma bakan\u0131 d\u00fczeyinde ziyarette bulunan ilk isim olmas\u0131 ayr\u0131ca \u00f6nemli.<\/p>\n<p>&#13;<br \/>\n\tZiyaret kapsam\u0131nda Milli Savunma Bakan\u0131 Ya\u015far G\u00fcler ve Nakatani, mutabakata vard\u0131. Buna g\u00f6re, T\u00fcrkiye ile Japonya savunma sanayii alan\u0131nda kurumlar aras\u0131 diyalog ba\u015flat\u0131lacak ve i\u015f birli\u011fi geni\u015fletilecek.<\/p>\n<p>&#13;<br \/>\n\tElbette T\u00fcrk savunma sanayiinde \u2018ihracat\u2019 dendi\u011finde akla ilk gelen \u00fcr\u00fcn S\u0130HA\u2019lar oluyor. Ancak uzmanlar, mutabakat\u0131 sadece S\u0130HA\u2019lar ya da \u00fcr\u00fcnler baz\u0131nda ele alman\u0131n eksik kalaca\u011f\u0131 g\u00f6r\u00fc\u015f\u00fcnde. Yeni d\u00f6nemde Ankara-Tokyo hatt\u0131nda savunma sanayiinde ba\u015flayacak beraberli\u011fin daha farkl\u0131 alanlara yans\u0131malar\u0131 olabilece\u011fi beklentisi bir hayli y\u00fcksek.<\/p>\n<div class=\"image-content\"><span class=\"image-spot\">[Japonya tarihinde ilk kez bir savunma bakan\u0131 T\u00fcrkiye&#8217;yi ziyaret etti. Foto: AA]<\/span><\/div>\n<p>&#13;<br \/>\n\t<strong>\u201cJaponya \u00e7ok \u00fcst d\u00fczey bir heyetle geldi\u201d<\/strong><\/p>\n<p>&#13;<br \/>\n\tSavunma ve Denizcilik Uzman\u0131 Kozan Sel\u00e7uk Erkan, ziyaretin muhtemel yans\u0131malar\u0131na ge\u00e7meden \u00f6nce \u00f6nemli bir detaya i\u015faret ediyor. Erkan\u2019a g\u00f6re Japon heyette \u00e7ok \u00fcst d\u00fczey g\u00f6revliler bulunuyordu ve elbette bunu bir anlam\u0131 vard\u0131.<\/p>\n<p>&#13;<br \/>\n\t\u201cGelen ekibi inceledi\u011finizde niyet g\u00f6stergesinin \u00f6tesinde isimlerden olu\u015ftu\u011funu anl\u0131yorsunuz. Japonlar hem Savunma Bakan\u0131 hem de sat\u0131n al\u0131mlarda \u00e7ok ciddi etkileri olan teknik heyetle beraber gelmi\u015f. Bazen ke\u015fif i\u00e7in bu t\u00fcr \u00fclke ziyaretleri yap\u0131l\u0131r. Ama burada belli ki ke\u015fif temaslar\u0131n\u0131n daha da \u00f6tesi var.\u201d diyerek s\u00fcreci \u00f6zetliyor.<\/p>\n<div class=\"image-content\"><img decoding=\"async\" alt=\"Japon heyetin \u00f6nceliklerinden biri de gemilerden ini\u015f\/kalk\u0131\u015f yapabilen T\u00fcrk S\u0130HA'lar\u0131.\" src=\"https:\/\/www.trthaber.com\/dosyalar\/images\/Bayraktar_TB3_Gemi_Test_2024_11_25-2-min-scaled.jpg\"\/><span class=\"image-spot\">[Japon heyetin \u00f6nceliklerinden biri de gemilerden ini\u015f\/kalk\u0131\u015f yapabilen T\u00fcrk S\u0130HA&#8217;lar\u0131.]<\/span><\/div>\n<p>&#13;<br \/>\n\t<strong>Japonya T\u00fcrkiye\u2019den hangi \u00fcr\u00fcnleri alabilir?<\/strong><\/p>\n<p>&#13;<br \/>\n\tJapon Savunma Bakan\u0131 ve beraberindeki heyetin TUSA\u015e tesisleri, \u0130stanbul Tersanesi Komutanl\u0131\u011f\u0131 ve BAYKAR\u2019\u0131 ziyaret etti\u011fi biliniyor. Erkan \u00f6nce TUSA\u015e taraf\u0131ndan bahsediyor ve AKSUNGUR\u2019un Japonlar i\u00e7in son derece ideal bir platform oldu\u011funun alt\u0131n\u0131 \u00e7iziyor. Bilindi\u011fi \u00fczere AKSUNGUR y\u00fcksek irtifalarda son derece uzun saatler havada kalabiliyor. B\u00f6ylece kullan\u0131c\u0131s\u0131na \u00e7ok \u00f6nemli bir ke\u015fif\/g\u00f6zetleme\/istihbarat yetene\u011fi kazand\u0131r\u0131yor. Ki Japonya\u2019n\u0131n co\u011frafi konumu d\u00fc\u015f\u00fcn\u00fcld\u00fc\u011f\u00fcnde bu alt\u0131n de\u011ferinde.<\/p>\n<p>&#13;<br \/>\n\tBir di\u011fer \u00f6nemli noktaysa jet e\u011fitim u\u00e7a\u011f\u0131\u2026 Japonya\u2019n\u0131n elinde jet e\u011fitim u\u00e7a\u011f\u0131 olarak Kawasaki T-4\u2019ler bulunuyor. Bu platformlar 1988\u2019de envantere girmeye ba\u015flad\u0131 ve bir hayli eskidi. Yeni nesil bir jet e\u011fitim u\u00e7a\u011f\u0131 ihtiyac\u0131 oldu\u011fu a\u00e7\u0131k.<\/p>\n<p>&#13;<br \/>\n\tKozan Sel\u00e7uk Erkan, bu kapsamda H\u00dcRJET\u2019in de mutlaka Japon ekibi taraf\u0131ndan dikkatle incelenmi\u015f olabilece\u011fine de\u011finiyor. Japonya\u2019n\u0131n Mitsubishi ile yak\u0131n zaman \u00f6nce H\u00dcRJET\u2019e \u00e7ok benzer bir konsept \u00e7al\u0131\u015ft\u0131\u011f\u0131 bilgisini payla\u015f\u0131yor. \u201cAma belki de \u015fu an o kadar bekleyecek zamanlar\u0131 yoktur. E\u011fer hal b\u00f6yleyse H\u00dcRJET\u2019e y\u00f6nelmeleri s\u00fcrpriz olmaz.\u201d diyor.<\/p>\n<div class=\"image-content\"><img decoding=\"async\" alt=\"Japon heyetinin T\u00fcrkiye'deki ziyaret noktalar\u0131ndan biri de BAYKAR Teknoloji oldu.\" src=\"https:\/\/www.trthaber.com\/dosyalar\/images\/AA-38879353.jpg\"\/><span class=\"image-spot\">[Japon heyetinin T\u00fcrkiye&#8217;deki ziyaret noktalar\u0131ndan biri de BAYKAR Teknoloji oldu.]<\/span><\/div>\n<p>&#13;<br \/>\n\t<strong>&#8220;T\u00fcrk S\u0130HA\u2019lar\u0131 Japonya yolcusu olabilir&#8221;<\/strong><\/p>\n<p>&#13;<br \/>\n\tJapon Savunma Bakan\u0131 ve yan\u0131ndaki heyet \u0130stanbul Tersanesi Komutanl\u0131\u011f\u0131\u2019n\u0131 da ziyaret etti ancak elbette muhtemel senaryolar\u0131n ba\u015frol\u00fcnde T\u00fcrk S\u0130HA\u2019lar\u0131 var.<\/p>\n<p>&#13;<br \/>\n\tErkan, T\u00fcrkiye\u2019nin bu alanda zaten r\u00fc\u015ft\u00fcn\u00fc t\u00fcm d\u00fcnyaya ispat etti\u011finden bahsedip, devam ediyor:<\/p>\n<p>&#13;<br \/>\n\t\u201cJaponlar\u0131n T\u00fcrk S\u0130HA\u2019lar\u0131na ilgisi yeni de\u011fil. Y\u0131llar \u00f6nce Bayraktar TB-2\u2019yi radarlar\u0131na ald\u0131lar. Hem kendisi ada \u00fclkesi olan hem de etraf\u0131 adalarla \u00e7evrili Japonya i\u00e7in TB-2 bi\u00e7ilmi\u015f kaftand\u0131. Ancak o d\u00f6nem Japon H\u00fck\u00fcmeti bu konuyu \u00f6ncelikli g\u00f6rmedi. D\u00fcnyada da \u015fimdiki gibi tansiyon y\u00fcksek de\u011fildi. B\u00fct\u00e7eyi ba\u015fka yerlere harcad\u0131lar.<\/p>\n<p>&#13;<br \/>\n\tAncak \u015fimdi yeniden al\u0131m yapacaklar. Ve bu i\u015f i\u00e7in 670 milyon dolara yak\u0131n bir b\u00fct\u00e7eleri var. TB-2 halen onlar i\u00e7in son derece de\u011ferli. Ancak T\u00fcrkiye aradan ge\u00e7en zaman i\u00e7inde TB-3\u2019\u00fc de hayata ge\u00e7irdi. Japonlar da bu s\u00fcre\u00e7te ellerindeki iki helikopter gemisini u\u00e7ak gemisine \u00e7evirmek i\u00e7in kollar\u0131 s\u0131vad\u0131. Birini tamamlad\u0131lar. Di\u011ferinde \u00e7al\u0131\u015fma s\u00fcr\u00fcyor. Japonlar\u0131n bu gemilerinden ini\u015f-kalk\u0131\u015f yapabilecek tek S\u0130HA Bayraktar TB-3 olabilir. ABD\u2019nin elindeki benzer sistemler Japon gemisine b\u00fcy\u00fck gelir.\u201d<\/p>\n<div class=\"image-content\"><img decoding=\"async\" alt=\"\u0130stanbul Tersanesi'ni de ziyaret eden Japon heyeti, y\u00fcr\u00fct\u00fclen faaliyetlerle ilgili bilgi ald\u0131.\" src=\"https:\/\/www.trthaber.com\/dosyalar\/images\/japonyadan-turkiye-ile-savunma-is-birligi-japonya-savunma-bakani-duyurdu-alap_cover.jpg\"\/><span class=\"image-spot\">[\u0130stanbul Tersanesi&#8217;ni de ziyaret eden Japon heyeti, y\u00fcr\u00fct\u00fclen faaliyetlerle ilgili bilgi ald\u0131.]<\/span><\/div>\n<p>&#13;<br \/>\n\t<strong>Ankara-Tokyo hatt\u0131nda \u2018kazan-kazan\u2019 d\u00f6nemi<\/strong><\/p>\n<p>&#13;<br \/>\n\tKozan Sel\u00e7uk Erkan, bu noktada \u00f6nemli bir parantez a\u00e7\u0131yor. Savunma sanayiinde y\u00fcr\u00fct\u00fclen i\u015f birli\u011finin iki \u00fclke aras\u0131ndaki ili\u015fkileri stratejik bir noktaya ta\u015f\u0131d\u0131\u011f\u0131n\u0131n alt\u0131n\u0131 \u00e7iziyor.<\/p>\n<p>&#13;<br \/>\n\tT\u00fcrkiye ile Japonya aras\u0131nda ba\u015flayan bu yeni d\u00f6nemde muhtemel bir stratejik birlikteli\u011fin do\u011fabilece\u011finin alt\u0131n\u0131 \u00e7izip, s\u00f6zlerini \u015f\u00f6yle tamaml\u0131yor:<\/p>\n<p>&#13;<br \/>\n\t\u201cJaponya y\u00fcksek teknoloji dendi\u011finde akla ilk gelen \u00fclkelerden biri. \u00d6zellikle \u00fcretim tezgahlar\u0131 konusunda belki Ankara\u2019n\u0131n elini rahatlatabilirler. \u00c7\u00fcnk\u00fc bazen \u00fcretmek istedi\u011finiz \u00fcr\u00fcn i\u00e7in sistem Japonya\u2019daki \u00fcreticiden izin alman\u0131z gerekti\u011fi uyar\u0131s\u0131n\u0131 veriyor. Belki bu ve benzeri kritik hususlarda Japonya T\u00fcrkiye\u2019ye daha fazla alan a\u00e7abilir. B\u00f6ylece iki \u00fclke uzun zamand\u0131r hedeflenen \u00fcst d\u00fczey ortakl\u0131k i\u00e7in somut bir yola koyulmu\u015f olur. Ki bu senaryo ger\u00e7ekle\u015firse T\u00fcrkiye\u2019nin de Japonya\u2019n\u0131n da eli g\u00fc\u00e7lenir.\u201d<\/p>\n<\/p><\/div>\n","protected":false},"excerpt":{"rendered":"<p>&#13; T\u00fcrk savunma sanayii \u00fcr\u00fcnlerini yerinde incelemek \u00fczere d\u00fcnyan\u0131n d\u00f6rt bir yan\u0131ndan \u00fcst d\u00fczey isimler \u00fclkemize gelmeye devam ediyor. Bunun son \u00f6rneklerinden biri de Japonya Savunma Bakan\u0131 Gen Nakatani ve beraberindeki heyet oldu. Nakatani\u2019nin Japonya\u2019dan T\u00fcrkiye\u2019ye savunma bakan\u0131 d\u00fczeyinde ziyarette bulunan ilk isim olmas\u0131 ayr\u0131ca \u00f6nemli. &#13; Ziyaret kapsam\u0131nda Milli Savunma Bakan\u0131 Ya\u015far G\u00fcler ve<\/p>\n","protected":false},"author":1,"featured_media":89873,"comment_status":"open","ping_status":"open","sticky":false,"template":"","format":"standard","meta":{"footnotes":""},"categories":[101,86],"tags":[],"class_list":["post-89872","post","type-post","status-publish","format-standard","has-post-thumbnail","hentry","category-manset","category-turkiye"],"yoast_head":"<!-- This site is optimized with the Yoast SEO plugin v28.4 - https:\/\/yoast.com\/product\/yoast-seo-wordpress\/ -->\n<title>T\u00fcrkiye-Japonya aras\u0131nda yeni s\u00fcre\u00e7: Ba\u015frol savunma sanayiinin -<\/title>\n<meta name=\"robots\" content=\"index, follow, max-snippet:-1, max-image-preview:large, max-video-preview:-1\" \/>\n<link rel=\"canonical\" href=\"https:\/\/kibrisdakik.com\/?p=89872\" \/>\n<meta property=\"og:locale\" content=\"tr_TR\" \/>\n<meta property=\"og:type\" content=\"article\" \/>\n<meta property=\"og:title\" content=\"T\u00fcrkiye-Japonya aras\u0131nda yeni s\u00fcre\u00e7: Ba\u015frol savunma sanayiinin -\" \/>\n<meta property=\"og:description\" content=\"&#013; T\u00fcrk savunma sanayii \u00fcr\u00fcnlerini yerinde incelemek \u00fczere d\u00fcnyan\u0131n d\u00f6rt bir yan\u0131ndan \u00fcst d\u00fczey isimler \u00fclkemize gelmeye devam ediyor. Bunun son \u00f6rneklerinden biri de Japonya Savunma Bakan\u0131 Gen Nakatani ve beraberindeki heyet oldu. Nakatani\u2019nin Japonya\u2019dan T\u00fcrkiye\u2019ye savunma bakan\u0131 d\u00fczeyinde ziyarette bulunan ilk isim olmas\u0131 ayr\u0131ca \u00f6nemli. &#013; Ziyaret kapsam\u0131nda Milli Savunma Bakan\u0131 Ya\u015far G\u00fcler ve\" \/>\n<meta property=\"og:url\" content=\"https:\/\/kibrisdakik.com\/?p=89872\" \/>\n<meta property=\"article:published_time\" content=\"2025-08-22T09:49:02+00:00\" \/>\n<meta property=\"og:image\" content=\"https:\/\/kibrisdakik.com\/wp-content\/uploads\/2025\/08\/tcg-anadolu-tb-3-aa-2390690-740x420.jpg\" \/>\n\t<meta property=\"og:image:width\" content=\"1280\" \/>\n\t<meta property=\"og:image:height\" content=\"720\" \/>\n\t<meta property=\"og:image:type\" content=\"image\/jpeg\" \/>\n<meta name=\"author\" content=\"admin\" \/>\n<meta name=\"twitter:card\" content=\"summary_large_image\" \/>\n<meta name=\"twitter:label1\" content=\"Yazan:\" \/>\n\t<meta name=\"twitter:data1\" content=\"admin\" \/>\n\t<meta name=\"twitter:label2\" content=\"Tahmini okuma s\u00fcresi\" \/>\n\t<meta name=\"twitter:data2\" content=\"5 dakika\" \/>\n<script type=\"application\/ld+json\" class=\"yoast-schema-graph\">{\"@context\":\"https:\\\/\\\/schema.org\",\"@graph\":[{\"@type\":\"Article\",\"@id\":\"https:\\\/\\\/kibrisdakik.com\\\/?p=89872#article\",\"isPartOf\":{\"@id\":\"https:\\\/\\\/kibrisdakik.com\\\/?p=89872\"},\"author\":{\"name\":\"admin\",\"@id\":\"https:\\\/\\\/kibrisdakik.com\\\/#\\\/schema\\\/person\\\/9cd9d437bbb44f72b73ba127e06d8e79\"},\"headline\":\"T\u00fcrkiye-Japonya aras\u0131nda yeni s\u00fcre\u00e7: Ba\u015frol savunma sanayiinin\",\"datePublished\":\"2025-08-22T09:49:02+00:00\",\"mainEntityOfPage\":{\"@id\":\"https:\\\/\\\/kibrisdakik.com\\\/?p=89872\"},\"wordCount\":932,\"commentCount\":0,\"publisher\":{\"@id\":\"https:\\\/\\\/kibrisdakik.com\\\/#organization\"},\"image\":{\"@id\":\"https:\\\/\\\/kibrisdakik.com\\\/?p=89872#primaryimage\"},\"thumbnailUrl\":\"https:\\\/\\\/kibrisdakik.com\\\/wp-content\\\/uploads\\\/2025\\\/08\\\/tcg-anadolu-tb-3-aa-2390690-740x420.jpg\",\"articleSection\":[\"Man\u015fet\",\"T\u00fcrkiye\"],\"inLanguage\":\"tr\",\"potentialAction\":[{\"@type\":\"CommentAction\",\"name\":\"Comment\",\"target\":[\"https:\\\/\\\/kibrisdakik.com\\\/?p=89872#respond\"]}]},{\"@type\":\"WebPage\",\"@id\":\"https:\\\/\\\/kibrisdakik.com\\\/?p=89872\",\"url\":\"https:\\\/\\\/kibrisdakik.com\\\/?p=89872\",\"name\":\"T\u00fcrkiye-Japonya aras\u0131nda yeni s\u00fcre\u00e7: Ba\u015frol savunma sanayiinin -\",\"isPartOf\":{\"@id\":\"https:\\\/\\\/kibrisdakik.com\\\/#website\"},\"primaryImageOfPage\":{\"@id\":\"https:\\\/\\\/kibrisdakik.com\\\/?p=89872#primaryimage\"},\"image\":{\"@id\":\"https:\\\/\\\/kibrisdakik.com\\\/?p=89872#primaryimage\"},\"thumbnailUrl\":\"https:\\\/\\\/kibrisdakik.com\\\/wp-content\\\/uploads\\\/2025\\\/08\\\/tcg-anadolu-tb-3-aa-2390690-740x420.jpg\",\"datePublished\":\"2025-08-22T09:49:02+00:00\",\"breadcrumb\":{\"@id\":\"https:\\\/\\\/kibrisdakik.com\\\/?p=89872#breadcrumb\"},\"inLanguage\":\"tr\",\"potentialAction\":[{\"@type\":\"ReadAction\",\"target\":[\"https:\\\/\\\/kibrisdakik.com\\\/?p=89872\"]}]},{\"@type\":\"ImageObject\",\"inLanguage\":\"tr\",\"@id\":\"https:\\\/\\\/kibrisdakik.com\\\/?p=89872#primaryimage\",\"url\":\"https:\\\/\\\/kibrisdakik.com\\\/wp-content\\\/uploads\\\/2025\\\/08\\\/tcg-anadolu-tb-3-aa-2390690-740x420.jpg\",\"contentUrl\":\"https:\\\/\\\/kibrisdakik.com\\\/wp-content\\\/uploads\\\/2025\\\/08\\\/tcg-anadolu-tb-3-aa-2390690-740x420.jpg\",\"width\":1280,\"height\":720},{\"@type\":\"BreadcrumbList\",\"@id\":\"https:\\\/\\\/kibrisdakik.com\\\/?p=89872#breadcrumb\",\"itemListElement\":[{\"@type\":\"ListItem\",\"position\":1,\"name\":\"Home\",\"item\":\"https:\\\/\\\/kibrisdakik.com\\\/\"},{\"@type\":\"ListItem\",\"position\":2,\"name\":\"T\u00fcrkiye-Japonya aras\u0131nda yeni s\u00fcre\u00e7: Ba\u015frol savunma sanayiinin\"}]},{\"@type\":\"WebSite\",\"@id\":\"https:\\\/\\\/kibrisdakik.com\\\/#website\",\"url\":\"https:\\\/\\\/kibrisdakik.com\\\/\",\"name\":\"K\u0131br\u0131s Dakik\",\"description\":\"Tam vaktinde haber\",\"publisher\":{\"@id\":\"https:\\\/\\\/kibrisdakik.com\\\/#organization\"},\"potentialAction\":[{\"@type\":\"SearchAction\",\"target\":{\"@type\":\"EntryPoint\",\"urlTemplate\":\"https:\\\/\\\/kibrisdakik.com\\\/?s={search_term_string}\"},\"query-input\":{\"@type\":\"PropertyValueSpecification\",\"valueRequired\":true,\"valueName\":\"search_term_string\"}}],\"inLanguage\":\"tr\"},{\"@type\":\"Organization\",\"@id\":\"https:\\\/\\\/kibrisdakik.com\\\/#organization\",\"name\":\"K\u0131br\u0131s Dakik\",\"url\":\"https:\\\/\\\/kibrisdakik.com\\\/\",\"logo\":{\"@type\":\"ImageObject\",\"inLanguage\":\"tr\",\"@id\":\"https:\\\/\\\/kibrisdakik.com\\\/#\\\/schema\\\/logo\\\/image\\\/\",\"url\":\"https:\\\/\\\/kibrisdakik.com\\\/wp-content\\\/uploads\\\/2025\\\/10\\\/cropped-WhatsApp-Image-2025-10-02-at-12.58.31.jpeg\",\"contentUrl\":\"https:\\\/\\\/kibrisdakik.com\\\/wp-content\\\/uploads\\\/2025\\\/10\\\/cropped-WhatsApp-Image-2025-10-02-at-12.58.31.jpeg\",\"width\":1237,\"height\":190,\"caption\":\"K\u0131br\u0131s Dakik\"},\"image\":{\"@id\":\"https:\\\/\\\/kibrisdakik.com\\\/#\\\/schema\\\/logo\\\/image\\\/\"}},{\"@type\":\"Person\",\"@id\":\"https:\\\/\\\/kibrisdakik.com\\\/#\\\/schema\\\/person\\\/9cd9d437bbb44f72b73ba127e06d8e79\",\"name\":\"admin\",\"image\":{\"@type\":\"ImageObject\",\"inLanguage\":\"tr\",\"@id\":\"https:\\\/\\\/secure.gravatar.com\\\/avatar\\\/ccc17943b9d660506c869530f897617f7cb1c21a4bf30023f252596d83e1f007?s=96&d=mm&r=g\",\"url\":\"https:\\\/\\\/secure.gravatar.com\\\/avatar\\\/ccc17943b9d660506c869530f897617f7cb1c21a4bf30023f252596d83e1f007?s=96&d=mm&r=g\",\"contentUrl\":\"https:\\\/\\\/secure.gravatar.com\\\/avatar\\\/ccc17943b9d660506c869530f897617f7cb1c21a4bf30023f252596d83e1f007?s=96&d=mm&r=g\",\"caption\":\"admin\"},\"sameAs\":[\"https:\\\/\\\/kibrisdakik.com\"],\"url\":\"https:\\\/\\\/kibrisdakik.com\\\/?author=1\"}]}<\/script>\n<!-- \/ Yoast SEO plugin. -->","yoast_head_json":{"title":"T\u00fcrkiye-Japonya aras\u0131nda yeni s\u00fcre\u00e7: Ba\u015frol savunma sanayiinin -","robots":{"index":"index","follow":"follow","max-snippet":"max-snippet:-1","max-image-preview":"max-image-preview:large","max-video-preview":"max-video-preview:-1"},"canonical":"https:\/\/kibrisdakik.com\/?p=89872","og_locale":"tr_TR","og_type":"article","og_title":"T\u00fcrkiye-Japonya aras\u0131nda yeni s\u00fcre\u00e7: Ba\u015frol savunma sanayiinin -","og_description":"&#13; T\u00fcrk savunma sanayii \u00fcr\u00fcnlerini yerinde incelemek \u00fczere d\u00fcnyan\u0131n d\u00f6rt bir yan\u0131ndan \u00fcst d\u00fczey isimler \u00fclkemize gelmeye devam ediyor. Bunun son \u00f6rneklerinden biri de Japonya Savunma Bakan\u0131 Gen Nakatani ve beraberindeki heyet oldu. Nakatani\u2019nin Japonya\u2019dan T\u00fcrkiye\u2019ye savunma bakan\u0131 d\u00fczeyinde ziyarette bulunan ilk isim olmas\u0131 ayr\u0131ca \u00f6nemli. &#13; Ziyaret kapsam\u0131nda Milli Savunma Bakan\u0131 Ya\u015far G\u00fcler ve","og_url":"https:\/\/kibrisdakik.com\/?p=89872","article_published_time":"2025-08-22T09:49:02+00:00","og_image":[{"width":1280,"height":720,"url":"https:\/\/kibrisdakik.com\/wp-content\/uploads\/2025\/08\/tcg-anadolu-tb-3-aa-2390690-740x420.jpg","type":"image\/jpeg"}],"author":"admin","twitter_card":"summary_large_image","twitter_misc":{"Yazan:":"admin","Tahmini okuma s\u00fcresi":"5 dakika"},"schema":{"@context":"https:\/\/schema.org","@graph":[{"@type":"Article","@id":"https:\/\/kibrisdakik.com\/?p=89872#article","isPartOf":{"@id":"https:\/\/kibrisdakik.com\/?p=89872"},"author":{"name":"admin","@id":"https:\/\/kibrisdakik.com\/#\/schema\/person\/9cd9d437bbb44f72b73ba127e06d8e79"},"headline":"T\u00fcrkiye-Japonya aras\u0131nda yeni s\u00fcre\u00e7: Ba\u015frol savunma sanayiinin","datePublished":"2025-08-22T09:49:02+00:00","mainEntityOfPage":{"@id":"https:\/\/kibrisdakik.com\/?p=89872"},"wordCount":932,"commentCount":0,"publisher":{"@id":"https:\/\/kibrisdakik.com\/#organization"},"image":{"@id":"https:\/\/kibrisdakik.com\/?p=89872#primaryimage"},"thumbnailUrl":"https:\/\/kibrisdakik.com\/wp-content\/uploads\/2025\/08\/tcg-anadolu-tb-3-aa-2390690-740x420.jpg","articleSection":["Man\u015fet","T\u00fcrkiye"],"inLanguage":"tr","potentialAction":[{"@type":"CommentAction","name":"Comment","target":["https:\/\/kibrisdakik.com\/?p=89872#respond"]}]},{"@type":"WebPage","@id":"https:\/\/kibrisdakik.com\/?p=89872","url":"https:\/\/kibrisdakik.com\/?p=89872","name":"T\u00fcrkiye-Japonya aras\u0131nda yeni s\u00fcre\u00e7: Ba\u015frol savunma sanayiinin -","isPartOf":{"@id":"https:\/\/kibrisdakik.com\/#website"},"primaryImageOfPage":{"@id":"https:\/\/kibrisdakik.com\/?p=89872#primaryimage"},"image":{"@id":"https:\/\/kibrisdakik.com\/?p=89872#primaryimage"},"thumbnailUrl":"https:\/\/kibrisdakik.com\/wp-content\/uploads\/2025\/08\/tcg-anadolu-tb-3-aa-2390690-740x420.jpg","datePublished":"2025-08-22T09:49:02+00:00","breadcrumb":{"@id":"https:\/\/kibrisdakik.com\/?p=89872#breadcrumb"},"inLanguage":"tr","potentialAction":[{"@type":"ReadAction","target":["https:\/\/kibrisdakik.com\/?p=89872"]}]},{"@type":"ImageObject","inLanguage":"tr","@id":"https:\/\/kibrisdakik.com\/?p=89872#primaryimage","url":"https:\/\/kibrisdakik.com\/wp-content\/uploads\/2025\/08\/tcg-anadolu-tb-3-aa-2390690-740x420.jpg","contentUrl":"https:\/\/kibrisdakik.com\/wp-content\/uploads\/2025\/08\/tcg-anadolu-tb-3-aa-2390690-740x420.jpg","width":1280,"height":720},{"@type":"BreadcrumbList","@id":"https:\/\/kibrisdakik.com\/?p=89872#breadcrumb","itemListElement":[{"@type":"ListItem","position":1,"name":"Home","item":"https:\/\/kibrisdakik.com\/"},{"@type":"ListItem","position":2,"name":"T\u00fcrkiye-Japonya aras\u0131nda yeni s\u00fcre\u00e7: Ba\u015frol savunma sanayiinin"}]},{"@type":"WebSite","@id":"https:\/\/kibrisdakik.com\/#website","url":"https:\/\/kibrisdakik.com\/","name":"K\u0131br\u0131s Dakik","description":"Tam vaktinde haber","publisher":{"@id":"https:\/\/kibrisdakik.com\/#organization"},"potentialAction":[{"@type":"SearchAction","target":{"@type":"EntryPoint","urlTemplate":"https:\/\/kibrisdakik.com\/?s={search_term_string}"},"query-input":{"@type":"PropertyValueSpecification","valueRequired":true,"valueName":"search_term_string"}}],"inLanguage":"tr"},{"@type":"Organization","@id":"https:\/\/kibrisdakik.com\/#organization","name":"K\u0131br\u0131s Dakik","url":"https:\/\/kibrisdakik.com\/","logo":{"@type":"ImageObject","inLanguage":"tr","@id":"https:\/\/kibrisdakik.com\/#\/schema\/logo\/image\/","url":"https:\/\/kibrisdakik.com\/wp-content\/uploads\/2025\/10\/cropped-WhatsApp-Image-2025-10-02-at-12.58.31.jpeg","contentUrl":"https:\/\/kibrisdakik.com\/wp-content\/uploads\/2025\/10\/cropped-WhatsApp-Image-2025-10-02-at-12.58.31.jpeg","width":1237,"height":190,"caption":"K\u0131br\u0131s Dakik"},"image":{"@id":"https:\/\/kibrisdakik.com\/#\/schema\/logo\/image\/"}},{"@type":"Person","@id":"https:\/\/kibrisdakik.com\/#\/schema\/person\/9cd9d437bbb44f72b73ba127e06d8e79","name":"admin","image":{"@type":"ImageObject","inLanguage":"tr","@id":"https:\/\/secure.gravatar.com\/avatar\/ccc17943b9d660506c869530f897617f7cb1c21a4bf30023f252596d83e1f007?s=96&d=mm&r=g","url":"https:\/\/secure.gravatar.com\/avatar\/ccc17943b9d660506c869530f897617f7cb1c21a4bf30023f252596d83e1f007?s=96&d=mm&r=g","contentUrl":"https:\/\/secure.gravatar.com\/avatar\/ccc17943b9d660506c869530f897617f7cb1c21a4bf30023f252596d83e1f007?s=96&d=mm&r=g","caption":"admin"},"sameAs":["https:\/\/kibrisdakik.com"],"url":"https:\/\/kibrisdakik.com\/?author=1"}]}},"_links":{"self":[{"href":"https:\/\/kibrisdakik.com\/index.php?rest_route=\/wp\/v2\/posts\/89872","targetHints":{"allow":["GET"]}}],"collection":[{"href":"https:\/\/kibrisdakik.com\/index.php?rest_route=\/wp\/v2\/posts"}],"about":[{"href":"https:\/\/kibrisdakik.com\/index.php?rest_route=\/wp\/v2\/types\/post"}],"author":[{"embeddable":true,"href":"https:\/\/kibrisdakik.com\/index.php?rest_route=\/wp\/v2\/users\/1"}],"replies":[{"embeddable":true,"href":"https:\/\/kibrisdakik.com\/index.php?rest_route=%2Fwp%2Fv2%2Fcomments&post=89872"}],"version-history":[{"count":0,"href":"https:\/\/kibrisdakik.com\/index.php?rest_route=\/wp\/v2\/posts\/89872\/revisions"}],"wp:featuredmedia":[{"embeddable":true,"href":"https:\/\/kibrisdakik.com\/index.php?rest_route=\/wp\/v2\/media\/89873"}],"wp:attachment":[{"href":"https:\/\/kibrisdakik.com\/index.php?rest_route=%2Fwp%2Fv2%2Fmedia&parent=89872"}],"wp:term":[{"taxonomy":"category","embeddable":true,"href":"https:\/\/kibrisdakik.com\/index.php?rest_route=%2Fwp%2Fv2%2Fcategories&post=89872"},{"taxonomy":"post_tag","embeddable":true,"href":"https:\/\/kibrisdakik.com\/index.php?rest_route=%2Fwp%2Fv2%2Ftags&post=89872"}],"curies":[{"name":"wp","href":"https:\/\/api.w.org\/{rel}","templated":true}]}}