{"id":89876,"date":"2025-08-22T13:06:19","date_gmt":"2025-08-22T10:06:19","guid":{"rendered":"https:\/\/kibrisdakik.com\/index.php\/2025\/08\/22\/dev-is-yabancilar-icin-asgari-ucret-kesintisi-kararini-mahkemeye-tasidi\/"},"modified":"2025-08-22T13:06:19","modified_gmt":"2025-08-22T10:06:19","slug":"dev-is-yabancilar-icin-asgari-ucret-kesintisi-kararini-mahkemeye-tasidi","status":"publish","type":"post","link":"https:\/\/kibrisdakik.com\/?p=89876","title":{"rendered":"DEV-\u0130\u015e, YABANCILAR \u0130\u00c7\u0130N ASGAR\u0130 \u00dcCRET KES\u0130NT\u0130S\u0130 KARARINI MAHKEMEYE TA\u015eIDI"},"content":{"rendered":"<p> <br \/>\n<br \/><\/p>\n<div data-text-id=\"183055\" property=\"articleBody\">\n<p>Devrimci \u0130\u015f\u00e7i Sendikalar\u0131 Federasyonu (DEV-\u0130\u015e), yabanc\u0131 uyruklu i\u015f\u00e7ilerin bar\u0131nma ve yiyecek hizmetleri kar\u015f\u0131l\u0131\u011f\u0131nda maa\u015flar\u0131ndan asgari \u00fccretin y\u00fczde 40\u2019\u0131na kadar kesinti yap\u0131lmas\u0131na izin veren yasa de\u011fi\u015fikli\u011finin iptali ve y\u00fcr\u00fctmenin durdurulmas\u0131 i\u00e7in Anayasa Mahkemesi\u2019nde dava a\u00e7t\u0131.<\/p>\n<p>Ba\u015fvuru \u00f6ncesinde DEV-\u0130\u015e Ba\u015fkan\u0131 Semih Kolozali ile Avukat Serkan Mesuto\u011flu, KTOE\u00d6S Ba\u015fkan\u0131 Selma Eylem ve Avukat Cansu Nazl\u0131 Lefko\u015fa Mahkemeleri \u00f6n\u00fcnde bas\u0131na a\u00e7\u0131klama yapt\u0131.<\/p>\n<p>Yasa de\u011fi\u015fikli\u011finin iptaline destek veren K\u0131br\u0131s T\u00fcrk Orta E\u011fitim \u00d6\u011fretmenler Sendikas\u0131 (KTOE\u00d6S), K\u0131br\u0131s T\u00fcrk Amme Memurlar\u0131 Sendikas\u0131 (KTAMS) ve K\u0131br\u0131s \u0130\u015f\u00e7i ve Emek\u00e7i Sendikalar\u0131 Federasyonu (K\u0130EF) temsilcilerinin de kat\u0131ld\u0131\u011f\u0131 bas\u0131n a\u00e7\u0131klamas\u0131nda, CTP&#8217;den baz\u0131 milletvekilleri de yer ald\u0131.<\/p>\n<p>-Kolozali<\/p>\n<p>DEV-\u0130\u015e Ba\u015fkan\u0131 Semih Kolozali, h\u00fck\u00fcmetin daha \u00f6nce ald\u0131\u011f\u0131 bir\u00e7ok karar\u0131n sendikalar taraf\u0131ndan dava edildi\u011fini, bu davalar\u0131n \u00e7o\u011funda geri ad\u0131m atan veya kaybeden taraf\u0131n yine h\u00fck\u00fcmet oldu\u011funu savundu.<\/p>\n<p>Kolozal\u0131, s\u00f6z konusu karar\u0131n anayasaya ve yasalara ayk\u0131r\u0131 oldu\u011funu, h\u00fck\u00fcmetin yasa g\u00fcc\u00fcnde kararnameyle yabanc\u0131 uyruklu i\u015f\u00e7ilerin asgari \u00fccretin alt\u0131nda maa\u015f almas\u0131na izin verdi\u011fini, bunun hem anayasa hem de uluslararas\u0131 \u00e7al\u0131\u015fma normlar\u0131na ayk\u0131r\u0131 oldu\u011funu ileri s\u00fcrd\u00fc.<\/p>\n<p>Uluslararas\u0131 \u00c7al\u0131\u015fma \u00d6rg\u00fct\u00fc\u2019n\u00fcn (ILO) temel ilkelerinden birinin \u201ce\u015fit i\u015fe e\u015fit \u00fccret\u201d oldu\u011funu hat\u0131rlatan Kolozali, \u201cILO normlar\u0131na g\u00f6re dini, milliyeti veya k\u00f6keni ne olursa olsun t\u00fcm \u00e7al\u0131\u015fanlar\u0131n \u00fclkedeki yasalardan ve ge\u00e7erli \u00fccret politikalar\u0131ndan e\u015fit \u015fekilde yararlanma hakk\u0131 vard\u0131r\u201d dedi.<\/p>\n<p>Kolozali, yabanc\u0131 i\u015f\u00e7ilerin asgari \u00fccretin alt\u0131nda maa\u015f almas\u0131n\u0131n hedeflendi\u011fini \u00f6ne s\u00fcrerek, bu nedenle d\u00fczenlemeyi dava etmek \u00fczere bug\u00fcn mahkemeye geldiklerini kaydetti.<\/p>\n<p>H\u00fck\u00fcmetin uzun s\u00fcredir sendikalarla g\u00f6r\u00fc\u015fmekten ka\u00e7\u0131nd\u0131\u011f\u0131n\u0131 da savunan Kolozali, buna ra\u011fmen m\u00fccadelelerini s\u00fcrd\u00fcreceklerini belirterek, \u201cNe yaz\u0131k ki bu h\u00fck\u00fcmet toplumun ger\u00e7ek sorunlar\u0131yla ilgilenmek yerine bireysel \u00e7\u0131karlara dayal\u0131 hesaplarla hareket ediyor\u201d ifadelerini kulland\u0131.<\/p>\n<p>Kolozali, dava s\u00fcrecinin takip\u00e7isi olacaklar\u0131n\u0131 belirterek, s\u00fcrecin ba\u015f\u0131ndan itibaren kendilerine destek veren Avukat Serkan Mesuto\u011flu\u2019na te\u015fekk\u00fcr etti.<\/p>\n<p>-Mesuto\u011flu<\/p>\n<p>Davan\u0131n seyriyle ilgili bilgi veren Avukat Serkan Mesuto\u011flu, e\u015fit i\u015fe e\u015fit \u00fccret ilkesinin evrensel bir prensip oldu\u011funu belirterek, \u201cIrk, etnik k\u00f6ken ya da milliyet temelli ayr\u0131m yap\u0131lmadan t\u00fcm \u00e7al\u0131\u015fanlara ayn\u0131 muamelenin g\u00f6sterilmesi evrensel olarak koruma alt\u0131na al\u0131nm\u0131\u015f kutsal bir ilkedir. Bu prensipler yaln\u0131zca uluslararas\u0131 s\u00f6zle\u015fmelerle de\u011fil, ayn\u0131 zamanda anayasam\u0131z taraf\u0131ndan da korunmaktad\u0131r\u201d dedi.<\/p>\n<p>S\u00f6z konusu yasa g\u00fcc\u00fcnde kararnamenin bu evrensel de\u011ferlere bir \u201csald\u0131r\u0131\u201d niteli\u011fi ta\u015f\u0131d\u0131\u011f\u0131n\u0131 savunan Mesuto\u011flu, d\u00fczenlemenin iptali ve y\u00fcr\u00fctmenin durdurulmas\u0131 i\u00e7in dava a\u00e7t\u0131klar\u0131n\u0131 kaydetti.<\/p>\n<p>Teknik a\u00e7\u0131dan da ciddi sorunlar bulundu\u011funu ifade eden Mesuto\u011flu, \u201cYasalar\u0131 yapmak Meclis\u2019in g\u00f6revidir. Bakanlar Kurulu ise ancak istisnai ko\u015fullarda ve ivedilik halinde yasa g\u00fcc\u00fcnde kararname \u00e7\u0131karabilir. Oysa bu d\u00fczenlemede b\u00f6yle bir ivedilik s\u00f6z konusu de\u011fildir. Konu yaln\u0131zca bu y\u0131l\u0131n ba\u015f\u0131ndan beri de\u011fil, uzun y\u0131llard\u0131r sermaye \u00e7evreleri taraf\u0131ndan g\u00fcndeme getirilen bir meseledir. Dolay\u0131s\u0131yla ivedilik ko\u015fulu bulunmad\u0131\u011f\u0131 i\u00e7in bu \u015fekilde d\u00fczenlenmesi hukuken m\u00fcmk\u00fcn de\u011fildir\u201d ifadelerini kulland\u0131.<\/p>\n<p>Bug\u00fcn davay\u0131 a\u00e7t\u0131klar\u0131n\u0131 s\u00f6yleyen Mesuto\u011flu, \u201cY\u00fcr\u00fctmenin durdurulmas\u0131 ba\u015fvurusu da yapaca\u011f\u0131z. Birazdan mahkemeye ba\u015fvurumuzu ger\u00e7ekle\u015ftirece\u011fiz ve s\u00fcrece ili\u015fkin geli\u015fmeleri ilerleyen g\u00fcnlerde kamuoyuyla payla\u015faca\u011f\u0131z\u201d diye konu\u015ftu.<\/p>\n<p>-Eylem<\/p>\n<p>S\u00fcrece verdikleri deste\u011fi belirtmek \u00fczere s\u00f6z alan KTOE\u00d6S Ba\u015fkan\u0131 Selma Eylem, h\u00fck\u00fcmetin ald\u0131\u011f\u0131 kararlar\u0131n halk\u0131n yarar\u0131na de\u011fil, siyasi anlay\u0131\u015fla ve anayasay\u0131 g\u00f6z ard\u0131 ederek \u00fcretildi\u011fini savundu.<\/p>\n<p>Eylem, \u201cNe yaz\u0131k ki bu h\u00fck\u00fcmetin kararlar\u0131 ne e\u011fitim, ne sa\u011fl\u0131k, ne de \u00e7al\u0131\u015fanlar\u0131n yarar\u0131nad\u0131r. Kararlar, tamamen siyasi bir anlay\u0131\u015fla yasalar\u0131 ve anayasay\u0131 g\u00f6z ard\u0131 ederek al\u0131nmaktad\u0131r&#8221; iddialar\u0131nda bulunarak hem hukuki hem de eylemsel boyutta m\u00fccadelelerini s\u00fcrd\u00fcreceklerini belirtti.<\/p>\n<p>-Nazl\u0131<\/p>\n<p>Avukat Cansu Nazl\u0131 ise, i\u015f yasas\u0131 ve asgari \u00fccret mevzuat\u0131nda \u00fccretin harc\u0131rah veya yemek gibi kalemlerden d\u00fc\u015f\u00fclemeyece\u011fini ve hi\u00e7bir \u015fekilde mal olarak \u00f6denemeyece\u011fini d\u00fczenleyen h\u00fck\u00fcmler bulundu\u011funu hat\u0131rlatt\u0131.<\/p>\n<p>Asgari \u00fccret yasas\u0131n\u0131n tefsirinde, bu \u00fccretin bir i\u015f\u00e7inin ailesiyle birlikte ge\u00e7inebilece\u011fi en d\u00fc\u015f\u00fck \u00fccret oldu\u011funun a\u00e7\u0131k\u00e7a belirtildi\u011fini s\u00f6yleyen Nazl\u0131, \u201cOysa mevcut yasa g\u00fcc\u00fcnde kararnameyle yabanc\u0131 i\u015f\u00e7iler birey olarak ele al\u0131nmakta, sanki bir ailesi yokmu\u015f gibi varsay\u0131lmaktad\u0131r. Bar\u0131nma ve yemek giderleri d\u00fc\u015f\u00fclerek asgari \u00fccretin yakla\u015f\u0131k y\u00fczde 40 oran\u0131nda azalt\u0131lmas\u0131, yaln\u0131zca anayasaya de\u011fil, i\u015f yasas\u0131 ve asgari \u00fccret mevzuat\u0131na da ayk\u0131r\u0131d\u0131r\u201d dedi.<\/p>\n<p>A\u00e7\u0131klamalar\u0131n ard\u0131ndan DEV-\u0130\u015e, Avukat Serkan Mesuto\u011flu e\u015fli\u011finde yasa de\u011fi\u015fikli\u011finin iptali ve y\u00fcr\u00fctmenin durdurulmas\u0131 talebiyle Anayasa Mahkemesi\u2019ne ba\u015fvurdu.<\/p>\n<\/p><\/div>\n<p><br \/>\n<br \/><a href=\"[kibrisdakik.com]\n<\/p>\n","protected":false},"excerpt":{"rendered":"<p>Devrimci \u0130\u015f\u00e7i Sendikalar\u0131 Federasyonu (DEV-\u0130\u015e), yabanc\u0131 uyruklu i\u015f\u00e7ilerin bar\u0131nma ve yiyecek hizmetleri kar\u015f\u0131l\u0131\u011f\u0131nda maa\u015flar\u0131ndan asgari \u00fccretin y\u00fczde 40\u2019\u0131na kadar kesinti yap\u0131lmas\u0131na izin veren yasa de\u011fi\u015fikli\u011finin iptali ve y\u00fcr\u00fctmenin durdurulmas\u0131 i\u00e7in Anayasa Mahkemesi\u2019nde dava a\u00e7t\u0131. Ba\u015fvuru \u00f6ncesinde DEV-\u0130\u015e Ba\u015fkan\u0131 Semih Kolozali ile Avukat Serkan Mesuto\u011flu, KTOE\u00d6S Ba\u015fkan\u0131 Selma Eylem ve Avukat Cansu Nazl\u0131 Lefko\u015fa Mahkemeleri \u00f6n\u00fcnde<\/p>\n","protected":false},"author":1,"featured_media":89877,"comment_status":"open","ping_status":"open","sticky":false,"template":"","format":"standard","meta":{"footnotes":""},"categories":[81,101],"tags":[],"class_list":["post-89876","post","type-post","status-publish","format-standard","has-post-thumbnail","hentry","category-kibris","category-manset"],"yoast_head":"<!-- This site is optimized with the Yoast SEO plugin v27.4 - https:\/\/yoast.com\/product\/yoast-seo-wordpress\/ -->\n<title>DEV-\u0130\u015e, YABANCILAR \u0130\u00c7\u0130N ASGAR\u0130 \u00dcCRET KES\u0130NT\u0130S\u0130 KARARINI MAHKEMEYE TA\u015eIDI -<\/title>\n<meta name=\"robots\" content=\"index, follow, max-snippet:-1, max-image-preview:large, max-video-preview:-1\" \/>\n<link rel=\"canonical\" href=\"https:\/\/kibrisdakik.com\/?p=89876\" \/>\n<meta property=\"og:locale\" content=\"tr_TR\" \/>\n<meta property=\"og:type\" content=\"article\" \/>\n<meta property=\"og:title\" content=\"DEV-\u0130\u015e, YABANCILAR \u0130\u00c7\u0130N ASGAR\u0130 \u00dcCRET KES\u0130NT\u0130S\u0130 KARARINI MAHKEMEYE TA\u015eIDI -\" \/>\n<meta property=\"og:description\" content=\"Devrimci \u0130\u015f\u00e7i Sendikalar\u0131 Federasyonu (DEV-\u0130\u015e), yabanc\u0131 uyruklu i\u015f\u00e7ilerin bar\u0131nma ve yiyecek hizmetleri kar\u015f\u0131l\u0131\u011f\u0131nda maa\u015flar\u0131ndan asgari \u00fccretin y\u00fczde 40\u2019\u0131na kadar kesinti yap\u0131lmas\u0131na izin veren yasa de\u011fi\u015fikli\u011finin iptali ve y\u00fcr\u00fctmenin durdurulmas\u0131 i\u00e7in Anayasa Mahkemesi\u2019nde dava a\u00e7t\u0131. Ba\u015fvuru \u00f6ncesinde DEV-\u0130\u015e Ba\u015fkan\u0131 Semih Kolozali ile Avukat Serkan Mesuto\u011flu, KTOE\u00d6S Ba\u015fkan\u0131 Selma Eylem ve Avukat Cansu Nazl\u0131 Lefko\u015fa Mahkemeleri \u00f6n\u00fcnde\" \/>\n<meta property=\"og:url\" content=\"https:\/\/kibrisdakik.com\/?p=89876\" \/>\n<meta property=\"article:published_time\" content=\"2025-08-22T10:06:19+00:00\" \/>\n<meta property=\"og:image\" content=\"https:\/\/kibrisdakik.com\/wp-content\/uploads\/2025\/08\/mha-380-740x420.png\" \/>\n\t<meta property=\"og:image:width\" content=\"1280\" \/>\n\t<meta property=\"og:image:height\" content=\"720\" \/>\n\t<meta property=\"og:image:type\" content=\"image\/png\" \/>\n<meta name=\"author\" content=\"admin\" \/>\n<meta name=\"twitter:card\" content=\"summary_large_image\" \/>\n<meta name=\"twitter:label1\" content=\"Yazan:\" \/>\n\t<meta name=\"twitter:data1\" content=\"admin\" \/>\n\t<meta name=\"twitter:label2\" content=\"Tahmini okuma s\u00fcresi\" \/>\n\t<meta name=\"twitter:data2\" content=\"5 dakika\" \/>\n<script type=\"application\/ld+json\" class=\"yoast-schema-graph\">{\"@context\":\"https:\\\/\\\/schema.org\",\"@graph\":[{\"@type\":\"Article\",\"@id\":\"https:\\\/\\\/kibrisdakik.com\\\/?p=89876#article\",\"isPartOf\":{\"@id\":\"https:\\\/\\\/kibrisdakik.com\\\/?p=89876\"},\"author\":{\"name\":\"admin\",\"@id\":\"https:\\\/\\\/kibrisdakik.com\\\/#\\\/schema\\\/person\\\/9cd9d437bbb44f72b73ba127e06d8e79\"},\"headline\":\"DEV-\u0130\u015e, YABANCILAR \u0130\u00c7\u0130N ASGAR\u0130 \u00dcCRET KES\u0130NT\u0130S\u0130 KARARINI MAHKEMEYE TA\u015eIDI\",\"datePublished\":\"2025-08-22T10:06:19+00:00\",\"mainEntityOfPage\":{\"@id\":\"https:\\\/\\\/kibrisdakik.com\\\/?p=89876\"},\"wordCount\":915,\"commentCount\":0,\"image\":{\"@id\":\"https:\\\/\\\/kibrisdakik.com\\\/?p=89876#primaryimage\"},\"thumbnailUrl\":\"https:\\\/\\\/kibrisdakik.com\\\/wp-content\\\/uploads\\\/2025\\\/08\\\/mha-380-740x420.png\",\"articleSection\":[\"K\u0131br\u0131s\",\"Man\u015fet\"],\"inLanguage\":\"tr\",\"potentialAction\":[{\"@type\":\"CommentAction\",\"name\":\"Comment\",\"target\":[\"https:\\\/\\\/kibrisdakik.com\\\/?p=89876#respond\"]}]},{\"@type\":\"WebPage\",\"@id\":\"https:\\\/\\\/kibrisdakik.com\\\/?p=89876\",\"url\":\"https:\\\/\\\/kibrisdakik.com\\\/?p=89876\",\"name\":\"DEV-\u0130\u015e, YABANCILAR \u0130\u00c7\u0130N ASGAR\u0130 \u00dcCRET KES\u0130NT\u0130S\u0130 KARARINI MAHKEMEYE TA\u015eIDI -\",\"isPartOf\":{\"@id\":\"https:\\\/\\\/kibrisdakik.com\\\/#website\"},\"primaryImageOfPage\":{\"@id\":\"https:\\\/\\\/kibrisdakik.com\\\/?p=89876#primaryimage\"},\"image\":{\"@id\":\"https:\\\/\\\/kibrisdakik.com\\\/?p=89876#primaryimage\"},\"thumbnailUrl\":\"https:\\\/\\\/kibrisdakik.com\\\/wp-content\\\/uploads\\\/2025\\\/08\\\/mha-380-740x420.png\",\"datePublished\":\"2025-08-22T10:06:19+00:00\",\"author\":{\"@id\":\"https:\\\/\\\/kibrisdakik.com\\\/#\\\/schema\\\/person\\\/9cd9d437bbb44f72b73ba127e06d8e79\"},\"breadcrumb\":{\"@id\":\"https:\\\/\\\/kibrisdakik.com\\\/?p=89876#breadcrumb\"},\"inLanguage\":\"tr\",\"potentialAction\":[{\"@type\":\"ReadAction\",\"target\":[\"https:\\\/\\\/kibrisdakik.com\\\/?p=89876\"]}]},{\"@type\":\"ImageObject\",\"inLanguage\":\"tr\",\"@id\":\"https:\\\/\\\/kibrisdakik.com\\\/?p=89876#primaryimage\",\"url\":\"https:\\\/\\\/kibrisdakik.com\\\/wp-content\\\/uploads\\\/2025\\\/08\\\/mha-380-740x420.png\",\"contentUrl\":\"https:\\\/\\\/kibrisdakik.com\\\/wp-content\\\/uploads\\\/2025\\\/08\\\/mha-380-740x420.png\",\"width\":1280,\"height\":720},{\"@type\":\"BreadcrumbList\",\"@id\":\"https:\\\/\\\/kibrisdakik.com\\\/?p=89876#breadcrumb\",\"itemListElement\":[{\"@type\":\"ListItem\",\"position\":1,\"name\":\"Home\",\"item\":\"https:\\\/\\\/kibrisdakik.com\\\/\"},{\"@type\":\"ListItem\",\"position\":2,\"name\":\"DEV-\u0130\u015e, YABANCILAR \u0130\u00c7\u0130N ASGAR\u0130 \u00dcCRET KES\u0130NT\u0130S\u0130 KARARINI MAHKEMEYE TA\u015eIDI\"}]},{\"@type\":\"WebSite\",\"@id\":\"https:\\\/\\\/kibrisdakik.com\\\/#website\",\"url\":\"https:\\\/\\\/kibrisdakik.com\\\/\",\"name\":\"\",\"description\":\"Tam vaktinde haber\",\"potentialAction\":[{\"@type\":\"SearchAction\",\"target\":{\"@type\":\"EntryPoint\",\"urlTemplate\":\"https:\\\/\\\/kibrisdakik.com\\\/?s={search_term_string}\"},\"query-input\":{\"@type\":\"PropertyValueSpecification\",\"valueRequired\":true,\"valueName\":\"search_term_string\"}}],\"inLanguage\":\"tr\"},{\"@type\":\"Person\",\"@id\":\"https:\\\/\\\/kibrisdakik.com\\\/#\\\/schema\\\/person\\\/9cd9d437bbb44f72b73ba127e06d8e79\",\"name\":\"admin\",\"image\":{\"@type\":\"ImageObject\",\"inLanguage\":\"tr\",\"@id\":\"https:\\\/\\\/secure.gravatar.com\\\/avatar\\\/ccc17943b9d660506c869530f897617f7cb1c21a4bf30023f252596d83e1f007?s=96&d=mm&r=g\",\"url\":\"https:\\\/\\\/secure.gravatar.com\\\/avatar\\\/ccc17943b9d660506c869530f897617f7cb1c21a4bf30023f252596d83e1f007?s=96&d=mm&r=g\",\"contentUrl\":\"https:\\\/\\\/secure.gravatar.com\\\/avatar\\\/ccc17943b9d660506c869530f897617f7cb1c21a4bf30023f252596d83e1f007?s=96&d=mm&r=g\",\"caption\":\"admin\"},\"sameAs\":[\"https:\\\/\\\/kibrisdakik.com\"],\"url\":\"https:\\\/\\\/kibrisdakik.com\\\/?author=1\"}]}<\/script>\n<!-- \/ Yoast SEO plugin. -->","yoast_head_json":{"title":"DEV-\u0130\u015e, YABANCILAR \u0130\u00c7\u0130N ASGAR\u0130 \u00dcCRET KES\u0130NT\u0130S\u0130 KARARINI MAHKEMEYE TA\u015eIDI -","robots":{"index":"index","follow":"follow","max-snippet":"max-snippet:-1","max-image-preview":"max-image-preview:large","max-video-preview":"max-video-preview:-1"},"canonical":"https:\/\/kibrisdakik.com\/?p=89876","og_locale":"tr_TR","og_type":"article","og_title":"DEV-\u0130\u015e, YABANCILAR \u0130\u00c7\u0130N ASGAR\u0130 \u00dcCRET KES\u0130NT\u0130S\u0130 KARARINI MAHKEMEYE TA\u015eIDI -","og_description":"Devrimci \u0130\u015f\u00e7i Sendikalar\u0131 Federasyonu (DEV-\u0130\u015e), yabanc\u0131 uyruklu i\u015f\u00e7ilerin bar\u0131nma ve yiyecek hizmetleri kar\u015f\u0131l\u0131\u011f\u0131nda maa\u015flar\u0131ndan asgari \u00fccretin y\u00fczde 40\u2019\u0131na kadar kesinti yap\u0131lmas\u0131na izin veren yasa de\u011fi\u015fikli\u011finin iptali ve y\u00fcr\u00fctmenin durdurulmas\u0131 i\u00e7in Anayasa Mahkemesi\u2019nde dava a\u00e7t\u0131. Ba\u015fvuru \u00f6ncesinde DEV-\u0130\u015e Ba\u015fkan\u0131 Semih Kolozali ile Avukat Serkan Mesuto\u011flu, KTOE\u00d6S Ba\u015fkan\u0131 Selma Eylem ve Avukat Cansu Nazl\u0131 Lefko\u015fa Mahkemeleri \u00f6n\u00fcnde","og_url":"https:\/\/kibrisdakik.com\/?p=89876","article_published_time":"2025-08-22T10:06:19+00:00","og_image":[{"width":1280,"height":720,"url":"https:\/\/kibrisdakik.com\/wp-content\/uploads\/2025\/08\/mha-380-740x420.png","type":"image\/png"}],"author":"admin","twitter_card":"summary_large_image","twitter_misc":{"Yazan:":"admin","Tahmini okuma s\u00fcresi":"5 dakika"},"schema":{"@context":"https:\/\/schema.org","@graph":[{"@type":"Article","@id":"https:\/\/kibrisdakik.com\/?p=89876#article","isPartOf":{"@id":"https:\/\/kibrisdakik.com\/?p=89876"},"author":{"name":"admin","@id":"https:\/\/kibrisdakik.com\/#\/schema\/person\/9cd9d437bbb44f72b73ba127e06d8e79"},"headline":"DEV-\u0130\u015e, YABANCILAR \u0130\u00c7\u0130N ASGAR\u0130 \u00dcCRET KES\u0130NT\u0130S\u0130 KARARINI MAHKEMEYE TA\u015eIDI","datePublished":"2025-08-22T10:06:19+00:00","mainEntityOfPage":{"@id":"https:\/\/kibrisdakik.com\/?p=89876"},"wordCount":915,"commentCount":0,"image":{"@id":"https:\/\/kibrisdakik.com\/?p=89876#primaryimage"},"thumbnailUrl":"https:\/\/kibrisdakik.com\/wp-content\/uploads\/2025\/08\/mha-380-740x420.png","articleSection":["K\u0131br\u0131s","Man\u015fet"],"inLanguage":"tr","potentialAction":[{"@type":"CommentAction","name":"Comment","target":["https:\/\/kibrisdakik.com\/?p=89876#respond"]}]},{"@type":"WebPage","@id":"https:\/\/kibrisdakik.com\/?p=89876","url":"https:\/\/kibrisdakik.com\/?p=89876","name":"DEV-\u0130\u015e, YABANCILAR \u0130\u00c7\u0130N ASGAR\u0130 \u00dcCRET KES\u0130NT\u0130S\u0130 KARARINI MAHKEMEYE TA\u015eIDI -","isPartOf":{"@id":"https:\/\/kibrisdakik.com\/#website"},"primaryImageOfPage":{"@id":"https:\/\/kibrisdakik.com\/?p=89876#primaryimage"},"image":{"@id":"https:\/\/kibrisdakik.com\/?p=89876#primaryimage"},"thumbnailUrl":"https:\/\/kibrisdakik.com\/wp-content\/uploads\/2025\/08\/mha-380-740x420.png","datePublished":"2025-08-22T10:06:19+00:00","author":{"@id":"https:\/\/kibrisdakik.com\/#\/schema\/person\/9cd9d437bbb44f72b73ba127e06d8e79"},"breadcrumb":{"@id":"https:\/\/kibrisdakik.com\/?p=89876#breadcrumb"},"inLanguage":"tr","potentialAction":[{"@type":"ReadAction","target":["https:\/\/kibrisdakik.com\/?p=89876"]}]},{"@type":"ImageObject","inLanguage":"tr","@id":"https:\/\/kibrisdakik.com\/?p=89876#primaryimage","url":"https:\/\/kibrisdakik.com\/wp-content\/uploads\/2025\/08\/mha-380-740x420.png","contentUrl":"https:\/\/kibrisdakik.com\/wp-content\/uploads\/2025\/08\/mha-380-740x420.png","width":1280,"height":720},{"@type":"BreadcrumbList","@id":"https:\/\/kibrisdakik.com\/?p=89876#breadcrumb","itemListElement":[{"@type":"ListItem","position":1,"name":"Home","item":"https:\/\/kibrisdakik.com\/"},{"@type":"ListItem","position":2,"name":"DEV-\u0130\u015e, YABANCILAR \u0130\u00c7\u0130N ASGAR\u0130 \u00dcCRET KES\u0130NT\u0130S\u0130 KARARINI MAHKEMEYE TA\u015eIDI"}]},{"@type":"WebSite","@id":"https:\/\/kibrisdakik.com\/#website","url":"https:\/\/kibrisdakik.com\/","name":"","description":"Tam vaktinde haber","potentialAction":[{"@type":"SearchAction","target":{"@type":"EntryPoint","urlTemplate":"https:\/\/kibrisdakik.com\/?s={search_term_string}"},"query-input":{"@type":"PropertyValueSpecification","valueRequired":true,"valueName":"search_term_string"}}],"inLanguage":"tr"},{"@type":"Person","@id":"https:\/\/kibrisdakik.com\/#\/schema\/person\/9cd9d437bbb44f72b73ba127e06d8e79","name":"admin","image":{"@type":"ImageObject","inLanguage":"tr","@id":"https:\/\/secure.gravatar.com\/avatar\/ccc17943b9d660506c869530f897617f7cb1c21a4bf30023f252596d83e1f007?s=96&d=mm&r=g","url":"https:\/\/secure.gravatar.com\/avatar\/ccc17943b9d660506c869530f897617f7cb1c21a4bf30023f252596d83e1f007?s=96&d=mm&r=g","contentUrl":"https:\/\/secure.gravatar.com\/avatar\/ccc17943b9d660506c869530f897617f7cb1c21a4bf30023f252596d83e1f007?s=96&d=mm&r=g","caption":"admin"},"sameAs":["https:\/\/kibrisdakik.com"],"url":"https:\/\/kibrisdakik.com\/?author=1"}]}},"_links":{"self":[{"href":"https:\/\/kibrisdakik.com\/index.php?rest_route=\/wp\/v2\/posts\/89876","targetHints":{"allow":["GET"]}}],"collection":[{"href":"https:\/\/kibrisdakik.com\/index.php?rest_route=\/wp\/v2\/posts"}],"about":[{"href":"https:\/\/kibrisdakik.com\/index.php?rest_route=\/wp\/v2\/types\/post"}],"author":[{"embeddable":true,"href":"https:\/\/kibrisdakik.com\/index.php?rest_route=\/wp\/v2\/users\/1"}],"replies":[{"embeddable":true,"href":"https:\/\/kibrisdakik.com\/index.php?rest_route=%2Fwp%2Fv2%2Fcomments&post=89876"}],"version-history":[{"count":0,"href":"https:\/\/kibrisdakik.com\/index.php?rest_route=\/wp\/v2\/posts\/89876\/revisions"}],"wp:featuredmedia":[{"embeddable":true,"href":"https:\/\/kibrisdakik.com\/index.php?rest_route=\/wp\/v2\/media\/89877"}],"wp:attachment":[{"href":"https:\/\/kibrisdakik.com\/index.php?rest_route=%2Fwp%2Fv2%2Fmedia&parent=89876"}],"wp:term":[{"taxonomy":"category","embeddable":true,"href":"https:\/\/kibrisdakik.com\/index.php?rest_route=%2Fwp%2Fv2%2Fcategories&post=89876"},{"taxonomy":"post_tag","embeddable":true,"href":"https:\/\/kibrisdakik.com\/index.php?rest_route=%2Fwp%2Fv2%2Ftags&post=89876"}],"curies":[{"name":"wp","href":"https:\/\/api.w.org\/{rel}","templated":true}]}}