{"id":89890,"date":"2025-08-22T13:44:00","date_gmt":"2025-08-22T10:44:00","guid":{"rendered":"https:\/\/kibrisdakik.com\/index.php\/2025\/08\/22\/filistinli-gazeteciler-gazzedeki-gercekleri-belgelemenin-bedelini-canlariyla-oduyor\/"},"modified":"2025-08-22T13:44:00","modified_gmt":"2025-08-22T10:44:00","slug":"filistinli-gazeteciler-gazzedeki-gercekleri-belgelemenin-bedelini-canlariyla-oduyor","status":"publish","type":"post","link":"https:\/\/kibrisdakik.com\/?p=89890","title":{"rendered":"Filistinli gazeteciler, Gazze&#8217;deki ger\u00e7ekleri belgelemenin bedelini canlar\u0131yla \u00f6d\u00fcyor"},"content":{"rendered":"<p><\/p>\n<div>\n<p>&#13;<br \/>\n\tGazetecileri kamera, mikrofon ya da \u00fczerinde &#8220;bas\u0131n&#8221; yaz\u0131l\u0131 \u00e7elik yelek giymek dahi \u0130srail sald\u0131r\u0131s\u0131ndan korumaya yetmezken, medya mensuplar\u0131 hem sivil halk\u0131n ya\u015fad\u0131\u011f\u0131 ac\u0131lar\u0131 belgeleme anlar\u0131nda hem de sahadan uzak k\u0131sa dinlenme anlar\u0131nda hedef al\u0131nd\u0131.<\/p>\n<p>&#13;<br \/>\n\tGazze&#8217;deki H\u00fck\u00fcmetin Medya Ofisi ve Filistin Gazeteciler Sendikas\u0131 verilerine g\u00f6re, yakla\u015f\u0131k iki y\u0131ld\u0131r s\u00fcren soyk\u0131r\u0131m s\u00fcrecinde \u0130srail, 26&#8217;s\u0131 kad\u0131n, 239 gazeteciyi katletti.<\/p>\n<p>&#13;<br \/>\n\t\u0130srail ordusu, 7 Ekim 2023\u2019ten 2024 y\u0131l\u0131n\u0131n sonuna kadar 202 gazeteciyi \u00f6ld\u00fcr\u00fcrken, 2025\u2019in ba\u015f\u0131ndan 15 A\u011fustos\u2019a kadar ise 37 gazeteci daha \u00f6ld\u00fcr\u00fcld\u00fc. Ayr\u0131ca sald\u0131r\u0131larda 480 gazeteci yaralan\u0131rken, 49\u2019u al\u0131konuldu.<\/p>\n<h2>&#13;<br \/>\n\tSadece gazeteciler de\u011fil medya altyap\u0131s\u0131 da hedef al\u0131nd\u0131<\/h2>\n<p>&#13;<br \/>\n\t\u0130srail ordusu sadece bireysel gazetecileri de\u011fil, medya altyap\u0131s\u0131n\u0131 da hedef ald\u0131.<\/p>\n<p>&#13;<br \/>\n\tBu s\u00fcrede 12 bas\u0131l\u0131 yay\u0131n kurulu\u015fu, 23 dijital medya platformu, 11 radyo, 16 televizyon kanal\u0131 (4\u2019\u00fc yerel, 12\u2019si yurt d\u0131\u015f\u0131 merkezli), 5 b\u00fcy\u00fck ve 22 k\u00fc\u00e7\u00fck matbaa, 5 mesleki-sivil toplum kurulu\u015fu do\u011frudan \u0130srail sald\u0131r\u0131lar\u0131n\u0131n hedefi oldu.<\/p>\n<p>&#13;<br \/>\n\tAyr\u0131ca, 32 gazetecinin evi direkt hedef al\u0131narak hava sald\u0131r\u0131lar\u0131yla yerle bir edildi.<\/p>\n<p>&#13;<br \/>\n\tH\u00fck\u00fcmetin Medya Ofisi, Gazze\u2019deki medya sekt\u00f6r\u00fcn\u00fcn toplam kayb\u0131n\u0131 400 milyon dolardan fazla olarak de\u011ferlendirdi.<\/p>\n<p>&#13;<br \/>\n\tT\u00fcm bu sald\u0131r\u0131lara ra\u011fmen 143 medya kurulu\u015fu, \u00f6l\u00fcm ve y\u0131k\u0131m g\u00f6lgesinde faaliyetlerini s\u00fcrd\u00fcrmeye \u00e7al\u0131\u015f\u0131yor.<\/p>\n<h2>&#13;<br \/>\n\tHedef al\u0131nan baz\u0131 gazeteciler<\/h2>\n<p>&#13;<br \/>\n\t\u0130srail ordusu, 10 A\u011fustos\u2019ta Gazze\u2019deki \u015eifa Hastanesi avlusunda kald\u0131klar\u0131 \u00e7ad\u0131r\u0131 bombalayarak Al Jazeera muhabirleri Enes e\u015f-\u015eerif ve Muhammed Kurayka&#8217;n\u0131n da aralar\u0131nda bulundu\u011fu 6 Filistinli gazeteciyi bir anda \u00f6ld\u00fcrd\u00fc.<\/p>\n<p>&#13;<br \/>\n\tKatar merkezli Al Jazeera televizyonunun saha muhabiri \u015eerif, yakla\u015f\u0131k 2 y\u0131ld\u0131r d\u00fcnyan\u0131n tan\u0131d\u0131\u011f\u0131 az say\u0131daki Filistinli gazeteciden biriydi. Gazze\u2019deki medya ablukas\u0131n\u0131 k\u0131rarak a\u00e7l\u0131k ve \u0130srail sald\u0131r\u0131lar\u0131n\u0131 d\u00fcnyaya duyurmu\u015f, cesur haber dili nedeniyle \u0130srail ordusunun hedefi haline gelmi\u015f ve hakk\u0131nda defalarca &#8220;k\u0131\u015fk\u0131rtma kampanyalar\u0131&#8221; ba\u015flat\u0131lm\u0131\u015ft\u0131.<\/p>\n<p>&#13;<br \/>\n\tKureyka ise Al Jazeera\u2019da \u00e7al\u0131\u015fmaya ba\u015flamadan \u00f6nce bir\u00e7ok yerel bas\u0131n kurulu\u015funda g\u00f6rev yapt\u0131. 2024\u2019te annesini \u0130srail\u2019in \u015eifa Hastanesine d\u00fczenledi\u011fi sald\u0131r\u0131da kaybetmi\u015f, ayn\u0131 d\u00f6nemde kendisi de al\u0131konulmu\u015ftu.<\/p>\n<p>&#13;<br \/>\n\t10 Ocak 2025\u2019te Anadolu Ajans\u0131\u2019yla (AA) \u00e7al\u0131\u015fan gazeteci Said Ebu Nebhan, Nusayrat M\u00fclteci Kamp\u0131\u2019nda \u0130srail keskin ni\u015fanc\u0131s\u0131n\u0131n a\u00e7t\u0131\u011f\u0131 ate\u015fle \u00f6ld\u00fcr\u00fcld\u00fc.<\/p>\n<p>&#13;<br \/>\n\tEkim 2024\u2019te foto muhabiri Hasan Hammad, Gazze\u2019nin kuzeyinde \u0130srail bombard\u0131man\u0131nda par\u00e7alanarak \u00f6ld\u00fcr\u00fcld\u00fc. Naa\u015f\u0131 &#8220;sadece \u00fczerinde kalan bas\u0131n yele\u011finden&#8221; tan\u0131nd\u0131.<\/p>\n<p>&#13;<br \/>\n\tOcak 2024\u2019te Al Jazeera Gazze B\u00fcrosu M\u00fcd\u00fcr\u00fc Vail ed-Dehduh\u2019un o\u011flu Al Jazeera muhabiri Hamza ed-Dehduh ve meslekta\u015f\u0131 Mustafa Surayya, Han Yunus\u2019ta gazetecilere ait bir arac\u0131n bombalanmas\u0131yla \u00f6ld\u00fcr\u00fcld\u00fc.<\/p>\n<p>&#13;<br \/>\n\tHamza ayr\u0131ca 2023\u2019te \u0130srail sald\u0131r\u0131s\u0131nda ailesini de kaybetmi\u015fti.<\/p>\n<p>&#13;<br \/>\n\tAral\u0131k 2023\u2019te Al Jazeera muhabiri ve kameraman\u0131 Samar Ebu Dakka (47), Han Yunus\u2019ta sald\u0131r\u0131ya u\u011frad\u0131 ve 6 saat boyunca kan kayb\u0131ndan \u00f6ld\u00fc.<\/p>\n<p>&#13;<br \/>\n\tKas\u0131m 2023\u2019te Gazze\u2019de do\u011frudan hedef al\u0131narak \u00f6ld\u00fcr\u00fclen Bilal Cadallah (47) da &#8220;Bas\u0131n Evi&#8221; adl\u0131 kurulu\u015fun ba\u015fkan\u0131yd\u0131, Filistin\u2019de gazetecilerin korunmas\u0131 i\u00e7in uluslararas\u0131 i\u015fbirlikleri y\u00fcr\u00fct\u00fcyordu.<\/p>\n<p>&#13;<br \/>\n\tAA&#8217;da 2014\u2019ten beri \u00e7al\u0131\u015fan foto muhabiri Muntas\u0131r es-Savvaf (35) ve karde\u015fi gazeteci Mervan, Aral\u0131k 2023\u2019te Gazze\u2019de \u00f6ld\u00fcr\u00fcld\u00fc. Ailelerinden bir\u00e7ok ki\u015fi daha \u00f6nce \u0130srail sald\u0131r\u0131s\u0131nda hayat\u0131n\u0131 kaybetmi\u015fti.<\/p>\n<h2>&#13;<br \/>\n\t&#8220;Gazetecileri \u00f6ld\u00fcrmek, ger\u00e7e\u011fi susturma plan\u0131d\u0131r&#8221;<\/h2>\n<p>&#13;<br \/>\n\tH\u00fck\u00fcmetin Medya Ofisi M\u00fcd\u00fcr\u00fc \u0130smail es-Sevabite, AA muhabirine yapt\u0131\u011f\u0131 a\u00e7\u0131klamada, &#8220;\u0130srail\u2019in gazetecileri ve medya kurulu\u015flar\u0131n\u0131 hedef almas\u0131, tam anlam\u0131yla bir sava\u015f su\u00e7udur. Gazetecilerin \u00f6ld\u00fcr\u00fclmesi, ger\u00e7e\u011fi susturma ve i\u015flenen soyk\u0131r\u0131m su\u00e7lar\u0131n\u0131 \u00f6rtme giri\u015fimidir.&#8221; dedi.<\/p>\n<p>&#13;<br \/>\n\tSevabite, uluslararas\u0131 bas\u0131n kurulu\u015flar\u0131na ve \u00f6zg\u00fcr gazetecilere, Filistinli meslekta\u015flar\u0131n\u0131n korunmas\u0131 i\u00e7in harekete ge\u00e7meleri \u00e7a\u011fr\u0131s\u0131nda bulundu.<\/p>\n<p>&#13;<br \/>\n\tGazeteci Muti Misbah da \u0130srail\u2019in gazetecileri hedef almas\u0131n\u0131n art\u0131k bir tesad\u00fcf olmad\u0131\u011f\u0131n\u0131, bunun &#8220;Filistin anlat\u0131s\u0131n\u0131 susturmak ve gazetecilerin \u0130srail\u2019in ger\u00e7ek y\u00fcz\u00fcn\u00fc d\u00fcnyaya g\u00f6stermesini engellemek i\u00e7in y\u00fcr\u00fct\u00fclen sistematik bir plan&#8221; oldu\u011funu belirtti.<\/p>\n<p>&#13;<br \/>\n\tGazze&#8217;de \u00e7al\u0131\u015fan gazetecilerin &#8220;her an \u00f6l\u00fcm tehlikesiyle kar\u015f\u0131 kar\u015f\u0131ya&#8221; olduklar\u0131n\u0131 vurgulayan Misbah, ancak Filistinli gazetecilerin g\u00f6revlerini yerine getirmeye devam ettiklerini belirterek, m\u00fccadelelerini s\u00fcrd\u00fcrebilmek i\u00e7in deste\u011fe ve dayan\u0131\u015fmaya ihtiya\u00e7 duyduklar\u0131n\u0131 kaydetti.<\/p>\n<p>&#13;<br \/>\n\t\u0130srail, 7 Ekim 2023\u2019ten bu yana Gazze \u015eeridi\u2019ndeki Filistinlilere y\u00f6nelik soyk\u0131r\u0131m\u0131na devam ediyor.<\/p>\n<p>&#13;<br \/>\n\tUluslararas\u0131 \u00e7a\u011fr\u0131lar ve Uluslararas\u0131 Adalet Divan\u0131n\u0131n ate\u015fkes kararlar\u0131na ra\u011fmen sald\u0131r\u0131lar, a\u00e7 b\u0131rakma, y\u0131k\u0131m ve zorla g\u00f6\u00e7 ettirme politikalar\u0131yla s\u00fcr\u00fcyor.<\/p>\n<p>&#13;<br \/>\n\tABD&#8217;nin destekledi\u011fi bu s\u00fcre\u00e7te, \u00e7o\u011funlu\u011fu kad\u0131n ve \u00e7ocuklardan olu\u015fan yakla\u015f\u0131k 195 bin Filistinli hayat\u0131n\u0131 kaybetti veya yaraland\u0131. On binlerce ki\u015fi kayboldu, y\u00fcz binlercesi evsiz kald\u0131 ve d\u00fczinelerce \u00e7ocu\u011fun \u00f6l\u00fcm\u00fcne yol a\u00e7an k\u0131tl\u0131k da devam ediyor.<\/p>\n<\/p><\/div>\n","protected":false},"excerpt":{"rendered":"<p>&#13; Gazetecileri kamera, mikrofon ya da \u00fczerinde &#8220;bas\u0131n&#8221; yaz\u0131l\u0131 \u00e7elik yelek giymek dahi \u0130srail sald\u0131r\u0131s\u0131ndan korumaya yetmezken, medya mensuplar\u0131 hem sivil halk\u0131n ya\u015fad\u0131\u011f\u0131 ac\u0131lar\u0131 belgeleme anlar\u0131nda hem de sahadan uzak k\u0131sa dinlenme anlar\u0131nda hedef al\u0131nd\u0131. &#13; Gazze&#8217;deki H\u00fck\u00fcmetin Medya Ofisi ve Filistin Gazeteciler Sendikas\u0131 verilerine g\u00f6re, yakla\u015f\u0131k iki y\u0131ld\u0131r s\u00fcren soyk\u0131r\u0131m s\u00fcrecinde \u0130srail, 26&#8217;s\u0131 kad\u0131n,<\/p>\n","protected":false},"author":1,"featured_media":89891,"comment_status":"open","ping_status":"open","sticky":false,"template":"","format":"standard","meta":{"footnotes":""},"categories":[101,86],"tags":[],"class_list":["post-89890","post","type-post","status-publish","format-standard","has-post-thumbnail","hentry","category-manset","category-turkiye"],"yoast_head":"<!-- This site is optimized with the Yoast SEO plugin v27.5 - https:\/\/yoast.com\/product\/yoast-seo-wordpress\/ -->\n<title>Filistinli gazeteciler, Gazze&#039;deki ger\u00e7ekleri belgelemenin bedelini canlar\u0131yla \u00f6d\u00fcyor -<\/title>\n<meta name=\"robots\" content=\"index, follow, max-snippet:-1, max-image-preview:large, max-video-preview:-1\" \/>\n<link rel=\"canonical\" href=\"https:\/\/kibrisdakik.com\/?p=89890\" \/>\n<meta property=\"og:locale\" content=\"tr_TR\" \/>\n<meta property=\"og:type\" content=\"article\" \/>\n<meta property=\"og:title\" content=\"Filistinli gazeteciler, Gazze&#039;deki ger\u00e7ekleri belgelemenin bedelini canlar\u0131yla \u00f6d\u00fcyor -\" \/>\n<meta property=\"og:description\" content=\"&#013; Gazetecileri kamera, mikrofon ya da \u00fczerinde &#8220;bas\u0131n&#8221; yaz\u0131l\u0131 \u00e7elik yelek giymek dahi \u0130srail sald\u0131r\u0131s\u0131ndan korumaya yetmezken, medya mensuplar\u0131 hem sivil halk\u0131n ya\u015fad\u0131\u011f\u0131 ac\u0131lar\u0131 belgeleme anlar\u0131nda hem de sahadan uzak k\u0131sa dinlenme anlar\u0131nda hedef al\u0131nd\u0131. &#013; Gazze&#8217;deki H\u00fck\u00fcmetin Medya Ofisi ve Filistin Gazeteciler Sendikas\u0131 verilerine g\u00f6re, yakla\u015f\u0131k iki y\u0131ld\u0131r s\u00fcren soyk\u0131r\u0131m s\u00fcrecinde \u0130srail, 26&#8217;s\u0131 kad\u0131n,\" \/>\n<meta property=\"og:url\" content=\"https:\/\/kibrisdakik.com\/?p=89890\" \/>\n<meta property=\"article:published_time\" content=\"2025-08-22T10:44:00+00:00\" \/>\n<meta property=\"og:image\" content=\"https:\/\/kibrisdakik.com\/wp-content\/uploads\/2025\/08\/1755859445_gazeteci-bm-aa-2298393-740x420.jpg\" \/>\n\t<meta property=\"og:image:width\" content=\"1280\" \/>\n\t<meta property=\"og:image:height\" content=\"720\" \/>\n\t<meta property=\"og:image:type\" content=\"image\/jpeg\" \/>\n<meta name=\"author\" content=\"admin\" \/>\n<meta name=\"twitter:card\" content=\"summary_large_image\" \/>\n<meta name=\"twitter:label1\" content=\"Yazan:\" \/>\n\t<meta name=\"twitter:data1\" content=\"admin\" \/>\n\t<meta name=\"twitter:label2\" content=\"Tahmini okuma s\u00fcresi\" \/>\n\t<meta name=\"twitter:data2\" content=\"4 dakika\" \/>\n<script type=\"application\/ld+json\" class=\"yoast-schema-graph\">{\"@context\":\"https:\\\/\\\/schema.org\",\"@graph\":[{\"@type\":\"Article\",\"@id\":\"https:\\\/\\\/kibrisdakik.com\\\/?p=89890#article\",\"isPartOf\":{\"@id\":\"https:\\\/\\\/kibrisdakik.com\\\/?p=89890\"},\"author\":{\"name\":\"admin\",\"@id\":\"https:\\\/\\\/kibrisdakik.com\\\/#\\\/schema\\\/person\\\/9cd9d437bbb44f72b73ba127e06d8e79\"},\"headline\":\"Filistinli gazeteciler, Gazze&#8217;deki ger\u00e7ekleri belgelemenin bedelini canlar\u0131yla \u00f6d\u00fcyor\",\"datePublished\":\"2025-08-22T10:44:00+00:00\",\"mainEntityOfPage\":{\"@id\":\"https:\\\/\\\/kibrisdakik.com\\\/?p=89890\"},\"wordCount\":899,\"commentCount\":0,\"image\":{\"@id\":\"https:\\\/\\\/kibrisdakik.com\\\/?p=89890#primaryimage\"},\"thumbnailUrl\":\"https:\\\/\\\/kibrisdakik.com\\\/wp-content\\\/uploads\\\/2025\\\/08\\\/1755859445_gazeteci-bm-aa-2298393-740x420.jpg\",\"articleSection\":[\"Man\u015fet\",\"T\u00fcrkiye\"],\"inLanguage\":\"tr\",\"potentialAction\":[{\"@type\":\"CommentAction\",\"name\":\"Comment\",\"target\":[\"https:\\\/\\\/kibrisdakik.com\\\/?p=89890#respond\"]}]},{\"@type\":\"WebPage\",\"@id\":\"https:\\\/\\\/kibrisdakik.com\\\/?p=89890\",\"url\":\"https:\\\/\\\/kibrisdakik.com\\\/?p=89890\",\"name\":\"Filistinli gazeteciler, Gazze'deki ger\u00e7ekleri belgelemenin bedelini canlar\u0131yla \u00f6d\u00fcyor -\",\"isPartOf\":{\"@id\":\"https:\\\/\\\/kibrisdakik.com\\\/#website\"},\"primaryImageOfPage\":{\"@id\":\"https:\\\/\\\/kibrisdakik.com\\\/?p=89890#primaryimage\"},\"image\":{\"@id\":\"https:\\\/\\\/kibrisdakik.com\\\/?p=89890#primaryimage\"},\"thumbnailUrl\":\"https:\\\/\\\/kibrisdakik.com\\\/wp-content\\\/uploads\\\/2025\\\/08\\\/1755859445_gazeteci-bm-aa-2298393-740x420.jpg\",\"datePublished\":\"2025-08-22T10:44:00+00:00\",\"author\":{\"@id\":\"https:\\\/\\\/kibrisdakik.com\\\/#\\\/schema\\\/person\\\/9cd9d437bbb44f72b73ba127e06d8e79\"},\"breadcrumb\":{\"@id\":\"https:\\\/\\\/kibrisdakik.com\\\/?p=89890#breadcrumb\"},\"inLanguage\":\"tr\",\"potentialAction\":[{\"@type\":\"ReadAction\",\"target\":[\"https:\\\/\\\/kibrisdakik.com\\\/?p=89890\"]}]},{\"@type\":\"ImageObject\",\"inLanguage\":\"tr\",\"@id\":\"https:\\\/\\\/kibrisdakik.com\\\/?p=89890#primaryimage\",\"url\":\"https:\\\/\\\/kibrisdakik.com\\\/wp-content\\\/uploads\\\/2025\\\/08\\\/1755859445_gazeteci-bm-aa-2298393-740x420.jpg\",\"contentUrl\":\"https:\\\/\\\/kibrisdakik.com\\\/wp-content\\\/uploads\\\/2025\\\/08\\\/1755859445_gazeteci-bm-aa-2298393-740x420.jpg\",\"width\":1280,\"height\":720},{\"@type\":\"BreadcrumbList\",\"@id\":\"https:\\\/\\\/kibrisdakik.com\\\/?p=89890#breadcrumb\",\"itemListElement\":[{\"@type\":\"ListItem\",\"position\":1,\"name\":\"Home\",\"item\":\"https:\\\/\\\/kibrisdakik.com\\\/\"},{\"@type\":\"ListItem\",\"position\":2,\"name\":\"Filistinli gazeteciler, Gazze&#8217;deki ger\u00e7ekleri belgelemenin bedelini canlar\u0131yla \u00f6d\u00fcyor\"}]},{\"@type\":\"WebSite\",\"@id\":\"https:\\\/\\\/kibrisdakik.com\\\/#website\",\"url\":\"https:\\\/\\\/kibrisdakik.com\\\/\",\"name\":\"\",\"description\":\"Tam vaktinde haber\",\"potentialAction\":[{\"@type\":\"SearchAction\",\"target\":{\"@type\":\"EntryPoint\",\"urlTemplate\":\"https:\\\/\\\/kibrisdakik.com\\\/?s={search_term_string}\"},\"query-input\":{\"@type\":\"PropertyValueSpecification\",\"valueRequired\":true,\"valueName\":\"search_term_string\"}}],\"inLanguage\":\"tr\"},{\"@type\":\"Person\",\"@id\":\"https:\\\/\\\/kibrisdakik.com\\\/#\\\/schema\\\/person\\\/9cd9d437bbb44f72b73ba127e06d8e79\",\"name\":\"admin\",\"image\":{\"@type\":\"ImageObject\",\"inLanguage\":\"tr\",\"@id\":\"https:\\\/\\\/secure.gravatar.com\\\/avatar\\\/ccc17943b9d660506c869530f897617f7cb1c21a4bf30023f252596d83e1f007?s=96&d=mm&r=g\",\"url\":\"https:\\\/\\\/secure.gravatar.com\\\/avatar\\\/ccc17943b9d660506c869530f897617f7cb1c21a4bf30023f252596d83e1f007?s=96&d=mm&r=g\",\"contentUrl\":\"https:\\\/\\\/secure.gravatar.com\\\/avatar\\\/ccc17943b9d660506c869530f897617f7cb1c21a4bf30023f252596d83e1f007?s=96&d=mm&r=g\",\"caption\":\"admin\"},\"sameAs\":[\"https:\\\/\\\/kibrisdakik.com\"],\"url\":\"https:\\\/\\\/kibrisdakik.com\\\/?author=1\"}]}<\/script>\n<!-- \/ Yoast SEO plugin. -->","yoast_head_json":{"title":"Filistinli gazeteciler, Gazze'deki ger\u00e7ekleri belgelemenin bedelini canlar\u0131yla \u00f6d\u00fcyor -","robots":{"index":"index","follow":"follow","max-snippet":"max-snippet:-1","max-image-preview":"max-image-preview:large","max-video-preview":"max-video-preview:-1"},"canonical":"https:\/\/kibrisdakik.com\/?p=89890","og_locale":"tr_TR","og_type":"article","og_title":"Filistinli gazeteciler, Gazze'deki ger\u00e7ekleri belgelemenin bedelini canlar\u0131yla \u00f6d\u00fcyor -","og_description":"&#13; Gazetecileri kamera, mikrofon ya da \u00fczerinde &#8220;bas\u0131n&#8221; yaz\u0131l\u0131 \u00e7elik yelek giymek dahi \u0130srail sald\u0131r\u0131s\u0131ndan korumaya yetmezken, medya mensuplar\u0131 hem sivil halk\u0131n ya\u015fad\u0131\u011f\u0131 ac\u0131lar\u0131 belgeleme anlar\u0131nda hem de sahadan uzak k\u0131sa dinlenme anlar\u0131nda hedef al\u0131nd\u0131. &#13; Gazze&#8217;deki H\u00fck\u00fcmetin Medya Ofisi ve Filistin Gazeteciler Sendikas\u0131 verilerine g\u00f6re, yakla\u015f\u0131k iki y\u0131ld\u0131r s\u00fcren soyk\u0131r\u0131m s\u00fcrecinde \u0130srail, 26&#8217;s\u0131 kad\u0131n,","og_url":"https:\/\/kibrisdakik.com\/?p=89890","article_published_time":"2025-08-22T10:44:00+00:00","og_image":[{"width":1280,"height":720,"url":"https:\/\/kibrisdakik.com\/wp-content\/uploads\/2025\/08\/1755859445_gazeteci-bm-aa-2298393-740x420.jpg","type":"image\/jpeg"}],"author":"admin","twitter_card":"summary_large_image","twitter_misc":{"Yazan:":"admin","Tahmini okuma s\u00fcresi":"4 dakika"},"schema":{"@context":"https:\/\/schema.org","@graph":[{"@type":"Article","@id":"https:\/\/kibrisdakik.com\/?p=89890#article","isPartOf":{"@id":"https:\/\/kibrisdakik.com\/?p=89890"},"author":{"name":"admin","@id":"https:\/\/kibrisdakik.com\/#\/schema\/person\/9cd9d437bbb44f72b73ba127e06d8e79"},"headline":"Filistinli gazeteciler, Gazze&#8217;deki ger\u00e7ekleri belgelemenin bedelini canlar\u0131yla \u00f6d\u00fcyor","datePublished":"2025-08-22T10:44:00+00:00","mainEntityOfPage":{"@id":"https:\/\/kibrisdakik.com\/?p=89890"},"wordCount":899,"commentCount":0,"image":{"@id":"https:\/\/kibrisdakik.com\/?p=89890#primaryimage"},"thumbnailUrl":"https:\/\/kibrisdakik.com\/wp-content\/uploads\/2025\/08\/1755859445_gazeteci-bm-aa-2298393-740x420.jpg","articleSection":["Man\u015fet","T\u00fcrkiye"],"inLanguage":"tr","potentialAction":[{"@type":"CommentAction","name":"Comment","target":["https:\/\/kibrisdakik.com\/?p=89890#respond"]}]},{"@type":"WebPage","@id":"https:\/\/kibrisdakik.com\/?p=89890","url":"https:\/\/kibrisdakik.com\/?p=89890","name":"Filistinli gazeteciler, Gazze'deki ger\u00e7ekleri belgelemenin bedelini canlar\u0131yla \u00f6d\u00fcyor -","isPartOf":{"@id":"https:\/\/kibrisdakik.com\/#website"},"primaryImageOfPage":{"@id":"https:\/\/kibrisdakik.com\/?p=89890#primaryimage"},"image":{"@id":"https:\/\/kibrisdakik.com\/?p=89890#primaryimage"},"thumbnailUrl":"https:\/\/kibrisdakik.com\/wp-content\/uploads\/2025\/08\/1755859445_gazeteci-bm-aa-2298393-740x420.jpg","datePublished":"2025-08-22T10:44:00+00:00","author":{"@id":"https:\/\/kibrisdakik.com\/#\/schema\/person\/9cd9d437bbb44f72b73ba127e06d8e79"},"breadcrumb":{"@id":"https:\/\/kibrisdakik.com\/?p=89890#breadcrumb"},"inLanguage":"tr","potentialAction":[{"@type":"ReadAction","target":["https:\/\/kibrisdakik.com\/?p=89890"]}]},{"@type":"ImageObject","inLanguage":"tr","@id":"https:\/\/kibrisdakik.com\/?p=89890#primaryimage","url":"https:\/\/kibrisdakik.com\/wp-content\/uploads\/2025\/08\/1755859445_gazeteci-bm-aa-2298393-740x420.jpg","contentUrl":"https:\/\/kibrisdakik.com\/wp-content\/uploads\/2025\/08\/1755859445_gazeteci-bm-aa-2298393-740x420.jpg","width":1280,"height":720},{"@type":"BreadcrumbList","@id":"https:\/\/kibrisdakik.com\/?p=89890#breadcrumb","itemListElement":[{"@type":"ListItem","position":1,"name":"Home","item":"https:\/\/kibrisdakik.com\/"},{"@type":"ListItem","position":2,"name":"Filistinli gazeteciler, Gazze&#8217;deki ger\u00e7ekleri belgelemenin bedelini canlar\u0131yla \u00f6d\u00fcyor"}]},{"@type":"WebSite","@id":"https:\/\/kibrisdakik.com\/#website","url":"https:\/\/kibrisdakik.com\/","name":"","description":"Tam vaktinde haber","potentialAction":[{"@type":"SearchAction","target":{"@type":"EntryPoint","urlTemplate":"https:\/\/kibrisdakik.com\/?s={search_term_string}"},"query-input":{"@type":"PropertyValueSpecification","valueRequired":true,"valueName":"search_term_string"}}],"inLanguage":"tr"},{"@type":"Person","@id":"https:\/\/kibrisdakik.com\/#\/schema\/person\/9cd9d437bbb44f72b73ba127e06d8e79","name":"admin","image":{"@type":"ImageObject","inLanguage":"tr","@id":"https:\/\/secure.gravatar.com\/avatar\/ccc17943b9d660506c869530f897617f7cb1c21a4bf30023f252596d83e1f007?s=96&d=mm&r=g","url":"https:\/\/secure.gravatar.com\/avatar\/ccc17943b9d660506c869530f897617f7cb1c21a4bf30023f252596d83e1f007?s=96&d=mm&r=g","contentUrl":"https:\/\/secure.gravatar.com\/avatar\/ccc17943b9d660506c869530f897617f7cb1c21a4bf30023f252596d83e1f007?s=96&d=mm&r=g","caption":"admin"},"sameAs":["https:\/\/kibrisdakik.com"],"url":"https:\/\/kibrisdakik.com\/?author=1"}]}},"_links":{"self":[{"href":"https:\/\/kibrisdakik.com\/index.php?rest_route=\/wp\/v2\/posts\/89890","targetHints":{"allow":["GET"]}}],"collection":[{"href":"https:\/\/kibrisdakik.com\/index.php?rest_route=\/wp\/v2\/posts"}],"about":[{"href":"https:\/\/kibrisdakik.com\/index.php?rest_route=\/wp\/v2\/types\/post"}],"author":[{"embeddable":true,"href":"https:\/\/kibrisdakik.com\/index.php?rest_route=\/wp\/v2\/users\/1"}],"replies":[{"embeddable":true,"href":"https:\/\/kibrisdakik.com\/index.php?rest_route=%2Fwp%2Fv2%2Fcomments&post=89890"}],"version-history":[{"count":0,"href":"https:\/\/kibrisdakik.com\/index.php?rest_route=\/wp\/v2\/posts\/89890\/revisions"}],"wp:featuredmedia":[{"embeddable":true,"href":"https:\/\/kibrisdakik.com\/index.php?rest_route=\/wp\/v2\/media\/89891"}],"wp:attachment":[{"href":"https:\/\/kibrisdakik.com\/index.php?rest_route=%2Fwp%2Fv2%2Fmedia&parent=89890"}],"wp:term":[{"taxonomy":"category","embeddable":true,"href":"https:\/\/kibrisdakik.com\/index.php?rest_route=%2Fwp%2Fv2%2Fcategories&post=89890"},{"taxonomy":"post_tag","embeddable":true,"href":"https:\/\/kibrisdakik.com\/index.php?rest_route=%2Fwp%2Fv2%2Ftags&post=89890"}],"curies":[{"name":"wp","href":"https:\/\/api.w.org\/{rel}","templated":true}]}}