{"id":8990,"date":"2023-06-18T09:58:13","date_gmt":"2023-06-18T09:58:13","guid":{"rendered":"https:\/\/kibrisdakik.com\/index.php\/2023\/06\/18\/ara-secimde-son-hafta-kktc-25-haziran-pazar-gunu-sandik-basina-gidiyor\/"},"modified":"2023-06-18T09:58:13","modified_gmt":"2023-06-18T09:58:13","slug":"ara-secimde-son-hafta-kktc-25-haziran-pazar-gunu-sandik-basina-gidiyor","status":"publish","type":"post","link":"https:\/\/kibrisdakik.com\/?p=8990","title":{"rendered":"Ara se\u00e7imde son hafta..KKTC 25 Haziran Pazar g\u00fcn\u00fc sand\u0131k ba\u015f\u0131na gidiyor"},"content":{"rendered":"<p><\/p>\n<div>\n<div class=\"mariselle-image-container center\">\n                <img width=\"1024\" height=\"683\" class=\"lazy-image\" alt=\"\" decoding=\"async\" loading=\"lazy\" sizes=\"auto, (max-width: 1024px) 100vw, 1024px\" src=\"https:\/\/brtk.net\/wp-content\/uploads\/2023\/06\/06\/secim8-1024x683.jpg?ver=a222cfa313c64d9b96acce81328de9fa\" srcset=\"https:\/\/brtk.net\/wp-content\/uploads\/2023\/06\/06\/secim8-1024x683.jpg?ver=c4bfc83f5b19f43b1d2a403a01d9090e 1024w, https:\/\/brtk.net\/wp-content\/uploads\/2023\/06\/06\/secim8-300x200.jpg?ver=a222cfa313c64d9b96acce81328de9fa 300w, https:\/\/brtk.net\/wp-content\/uploads\/2023\/06\/06\/secim8-768x513.jpg?ver=c4bfc83f5b19f43b1d2a403a01d9090e 768w, https:\/\/brtk.net\/wp-content\/uploads\/2023\/06\/06\/secim8-1536x1025.jpg?ver=221882b51e0bf3433f146f6fe24869d8 1536w, https:\/\/brtk.net\/wp-content\/uploads\/2023\/06\/06\/secim8.jpg?ver=a222cfa313c64d9b96acce81328de9fa 1654w\"\/>                            <\/div>\n<p>\n<a href=\"https:\/\/brtk.net\/\"\/><a href=\"https:\/\/brtk.net\/\"\/><a href=\"https:\/\/brtk.net\/\"\/><a href=\"https:\/\/brtk.net\/\"\/><a href=\"https:\/\/brtk.net\/\">KKTC<\/a>\u2018de 25 Haziran Pazar g\u00fcn\u00fc yap\u0131lacak.Milletvekilli\u011fi ve Yerel Kurulu\u015f Organlar\u0131 Ara Se\u00e7imlerine bir hafta kald\u0131.<\/p>\n<p>Son haftaya girilirken adaylar, propaganda \u00e7al\u0131\u015fmalar\u0131n\u0131 s\u00fcrd\u00fcr\u00fcyor. Yerle\u015fim birimlerini ve sivil toplum \u00f6rg\u00fctlerini ziyaret eden adaylar, se\u00e7men kitlesiyle bir araya geliyor. Adaylar propagandalar\u0131n\u0131 televizyon programlar\u0131 ve sosyal medya sayfalar\u0131 \u00fczerinden de y\u00fcr\u00fct\u00fcyor.<\/p>\n<p>Ara se\u00e7imler, ge\u00e7en y\u0131l haziran ay\u0131nda HP Genel Ba\u015fkan\u0131 Kudret \u00d6zersay\u2019\u0131n istifas\u0131yla bo\u015falan bir Lefko\u015fa milletvekilli\u011fi ve hayat\u0131n\u0131 kaybeden Lefko\u015fa Yenicami muhtar\u0131n\u0131n yerine bir muhtar i\u00e7in yap\u0131lacak. Milletvekilli\u011fi i\u00e7in 6 siyasi parti aday\u0131 ile 7 ba\u011f\u0131ms\u0131z aday, Lefko\u015fa Yenicami Muhtarl\u0131\u011f\u0131 i\u00e7in ise 4 aday yar\u0131\u015facak.<\/p>\n<p>Y\u00fcksek Se\u00e7im Kurulu (YSK) taraf\u0131ndan milletvekilli\u011fi adayl\u0131\u011f\u0131 reddedilen TDP\u2019nin aday\u0131 Tacan Reynar\u2019\u0131n ad\u0131, yasa gere\u011fi oy pusulas\u0131nda yer alacak.<\/p>\n<p>Milletvekilli\u011fi i\u00e7in <a href=\"https:\/\/brtk.net\/\">UBP<\/a> Ali Ba\u015fman, <a href=\"https:\/\/brtk.net\/\">CTP<\/a> Sami \u00d6zuslu, DP Serhan Aktun\u00e7, YDP Figen Yaman Lesinger ve Ba\u011f\u0131ms\u0131zl\u0131k Yolu da Umut Ersoy ile yar\u0131\u015facak.<\/p>\n<p>Se\u00e7imlerde \u00c7etin Sadeli, Mert Ta\u015fk\u0131n, Talip Sancar, Naz\u0131m \u00d6zsever, Meri\u00e7 Er\u00fclk\u00fc, Alper \u00d6zsak\u0131n\u00e7 ve Abdullah Korkmazhan da ba\u011f\u0131ms\u0131z adaylar olarak oy talep edecekler.<\/p>\n<p>TDP Milletvekili aday\u0131 Tacan Reynar\u2019\u0131n adayl\u0131\u011f\u0131 ise, \u201cson 3 y\u0131l daimi ikametgah\u0131 <a href=\"https:\/\/brtk.net\/\"\/><a href=\"https:\/\/brtk.net\/\"\/><a href=\"https:\/\/brtk.net\/\"\/><a href=\"https:\/\/brtk.net\/\"\/><a href=\"https:\/\/brtk.net\/\">KKTC<\/a> olmad\u0131\u011f\u0131\u201d gerek\u00e7esiyle YSK taraf\u0131ndan reddedilmi\u015fti. 5\/76 say\u0131l\u0131 Se\u00e7im ve Halk Oylamas\u0131 Yasas\u0131\u2019n\u0131n 63\u2019\u00fcnc\u00fc maddesine g\u00f6re, Reynar\u2019\u0131n ismi oy pusulas\u0131nda da yer alacak fakat se\u00e7ilmesi halinde se\u00e7ilmi\u015f say\u0131lmayacak ve bir sonraki ki\u015fi se\u00e7ilmi\u015f olacak.<\/p>\n<p>-210 bin 121 se\u00e7men oy kullanacak<\/p>\n<p>YSK Ba\u015fkan\u0131 Narin \u015eefik, se\u00e7imlerle ilgili ge\u00e7ti\u011fimiz hafta T\u00fcrk Ajans\u0131 K\u0131br\u0131s\u2019a (TAK) yapt\u0131\u011f\u0131 a\u00e7\u0131klamada, \u00fclke genelinde 210 bin 121 se\u00e7men i\u00e7in 713 sand\u0131k kurulaca\u011f\u0131n\u0131 ve her sand\u0131kta 3 olmak \u00fczere, toplam 2 bin 139 sand\u0131k g\u00f6revlisi bulunaca\u011f\u0131n\u0131 a\u00e7\u0131klad\u0131.<\/p>\n<p>\u015eefik, \u00fclkede son yap\u0131lan 25 Aral\u0131k Yerel Kurulu\u015f Organlar\u0131 Genel Se\u00e7imlerinde se\u00e7men say\u0131s\u0131n\u0131n 208 bin 236 oldu\u011funu buna g\u00f6re, 25 Aral\u0131k 2022\u2019den g\u00fcn\u00fcm\u00fcze se\u00e7men say\u0131s\u0131n\u0131n 1885 artt\u0131\u011f\u0131n\u0131 bildirdi.<\/p>\n<p>\u015eefik, Milletvekilli\u011fi ve Yerel Kurulu\u015f Organlar\u0131 Ara Se\u00e7imlerinde bir milletvekili ve bir muhtar i\u00e7in se\u00e7im yap\u0131laca\u011f\u0131n\u0131, bo\u015falan 50 ihtiyar heyeti \u00fcyeli\u011fi i\u00e7in ise az say\u0131da ba\u015fvuru yap\u0131ld\u0131\u011f\u0131 i\u00e7in ba\u015fvuranlar\u0131n do\u011frudan se\u00e7ilmi\u015f olduklar\u0131n\u0131 kaydetti.<\/p>\n<p>-Oy pusulas\u0131 ve m\u00fch\u00fcrde de\u011fi\u015fiklik<\/p>\n<p>Ara se\u00e7imlerde oy pusulas\u0131 ve m\u00fch\u00fcrde de\u011fi\u015fiklik yap\u0131ld\u0131. Parti adaylar\u0131n\u0131n \u00fcst s\u0131rada ba\u011f\u0131ms\u0131z adaylar\u0131n ise alt s\u0131rada yer ald\u0131\u011f\u0131 oy pusulas\u0131n\u0131n b\u00fct\u00fcn\u00fc i\u00e7erisinde sadece bir \u201cEVET\u201d m\u00fchr\u00fc bas\u0131labilecek.<\/p>\n<p>25 Haziran se\u00e7iminde \u00fclkede ilk kez \u201cka\u015fe m\u00fch\u00fcr\u201d kullan\u0131lacak.<\/p>\n<p>\u2013 Oy pusulas\u0131ndaki s\u0131ra<\/p>\n<p>5 Haziran\u2019da YSK\u2019da yap\u0131lan ad \u00e7ekmeyle belirlenen s\u0131raya g\u00f6re, oy pusulas\u0131nda partili adaylardan Toplumcu Demokrasi Partisi (TDP) aday\u0131 Tacan Reynar-1; Ulusal Birlik Partisi (<a href=\"https:\/\/brtk.net\/\">UBP<\/a>) aday\u0131 Ali Ba\u015fman-2; Cumhuriyet\u00e7i T\u00fcrk Partisi (<a href=\"https:\/\/brtk.net\/\">CTP<\/a>) aday\u0131 Sami \u00d6zuslu-3; Yeniden Do\u011fu\u015f Partisi (YDP) aday\u0131 Figen Yaman Lesinger-4; Demokrat Parti (DP) aday\u0131 Serhan Aktun\u00e7-5; Ba\u011f\u0131ms\u0131zl\u0131k Yolu aday\u0131 Umut Ersoy ise 6\u2019nc\u0131 s\u0131rada yer alacak.<\/p>\n<p>Ba\u011f\u0131ms\u0131z adaylar\u0131n s\u0131ralamas\u0131 ise \u201c\u00c7etin Sadeli-1; Abdullah Korkmazhan-2; Alper \u00d6zsal\u0131n\u00e7-3; Talip Sancar-4; Meri\u00e7 Er\u00fclk\u00fc-5; Mert Ta\u015fk\u0131n-6; Naz\u0131m \u00d6zsever-7\u201d \u015feklinde olacak.<\/p>\n<p>-\u201cNerede oy kullanaca\u011f\u0131m?\u201d<\/p>\n<p>25 Haziran 2023 tarihinde yap\u0131lacak Milletvekilli\u011fi ve Yerel Kurulu\u015f Organlar\u0131 Ara Se\u00e7imlerinde vatanda\u015flar, http:\/\/www.mahkemeler.net ve http:\/\/ysk.mahkemeler.net adresli web sitelerimizin \u201cNerede oy kullanaca\u011f\u0131m\u201d linkinden kimlik kart\u0131 numaras\u0131n\u0131 girmek suretiyle oy kullanacaklar\u0131 sand\u0131k numaras\u0131n\u0131 ve sand\u0131k yerini \u00f6\u011frenebiliyor.<\/p>\n<p>-Se\u00e7im takvimi<\/p>\n<p>YSK\u2019n\u0131n a\u00e7\u0131klad\u0131\u011f\u0131 se\u00e7im takvimi do\u011frultusunda 22 Haziran Per\u015fembe g\u00fcn\u00fc se\u00e7men kartlar\u0131n\u0131n da\u011f\u0131t\u0131lmas\u0131n\u0131n son g\u00fcn\u00fc.<\/p>\n<p>Se\u00e7im propagandas\u0131 24 Haziran\u2019da sona erecek ve se\u00e7menler, 25 Haziran\u2019da sand\u0131k ba\u015f\u0131na gidecek.<\/p>\n<p>-Muhtar adaylar\u0131\u2026<\/p>\n<p>25 Haziran\u2019da yap\u0131lacak yerel ara se\u00e7imde Lefko\u015fa Yenicami Mahallesi Muhtarl\u0131\u011f\u0131 i\u00e7in Mehmet Yumu\u015fak, Adnan Getirmez, Mehmet \u00c7am\u0131r ve Selim \u00d6zdemir aday oldu.<\/p>\n<p>YSK, muhtarl\u0131klar i\u00e7in kesinle\u015fen baz\u0131 adaylar\u0131n say\u0131s\u0131, se\u00e7ilmesi gereken ki\u015fi veya ki\u015filerin say\u0131s\u0131na e\u015fit veya daha az oldu\u011fundan ba\u015fvuranlar\u0131n se\u00e7ilmi\u015f olduklar\u0131n\u0131 a\u00e7\u0131klam\u0131\u015ft\u0131.<\/p>\n<p>Buna g\u00f6re, Lefko\u015fa Selimiye Mahallesi \u0130htiyar heyeti \u00fcyeli\u011fi aday\u0131 Hasan Akku\u015f, Yenibo\u011fazi\u00e7i \u0130htiyar heyeti \u00fcyeli\u011fi aday\u0131 \u015eermin Kasap, Erenk\u00f6y-Karpaz Derince \u0130htiyar heyeti \u00fcyeli\u011fi aday\u0131 Hasan Korkmaz, Erenk\u00f6y-Karpaz \/ Polat Pa\u015fa Mahallesi \u0130htiyar heyeti \u00fcyeli\u011fi adaylar\u0131 Nezaket \u00c7ebi ve Murat Akg\u00fcn, \u0130skele \u2013 Bo\u011fazi\u00e7i ihtiyar heyeti \u00fcyeli\u011fi aday\u0131 Nagihan \u0130lkta\u00e7 ve Lefke \u2013 Bademlik\u00f6y ihtiyar heyeti \u00fcyeli\u011fi aday\u0131 Tahir Al\u015fan se\u00e7ilmi\u015f kabul edildi.<\/p>\n<p>-Oy verme g\u00fcn\u00fc<\/p>\n<p>Se\u00e7menin oy kullanmaya giderken yan\u0131nda <a href=\"https:\/\/brtk.net\/\"\/><a href=\"https:\/\/brtk.net\/\"\/><a href=\"https:\/\/brtk.net\/\"\/><a href=\"https:\/\/brtk.net\/\"\/><a href=\"https:\/\/brtk.net\/\">KKTC<\/a> kimlik kart\u0131, KTFD kimlik kart\u0131, <a href=\"https:\/\/brtk.net\/\"\/><a href=\"https:\/\/brtk.net\/\"\/><a href=\"https:\/\/brtk.net\/\"\/><a href=\"https:\/\/brtk.net\/\"\/><a href=\"https:\/\/brtk.net\/\">KKTC<\/a> polis kimlik kart\u0131, <a href=\"https:\/\/brtk.net\/\"\/><a href=\"https:\/\/brtk.net\/\"\/><a href=\"https:\/\/brtk.net\/\"\/><a href=\"https:\/\/brtk.net\/\"\/><a href=\"https:\/\/brtk.net\/\">KKTC<\/a> pasaportu, KTFD Pasaportu veya <a href=\"https:\/\/brtk.net\/\"\/><a href=\"https:\/\/brtk.net\/\"\/><a href=\"https:\/\/brtk.net\/\"\/><a href=\"https:\/\/brtk.net\/\"\/><a href=\"https:\/\/brtk.net\/\">KKTC<\/a> ehliyetini bulundurmas\u0131 gerekiyor.<\/p>\n<p>Oylama kabinine cep telefonu ve \u00e7anta ile girilemeyecek ve oy verildikten sonra pusula \u0130l\u00e7e Se\u00e7im Kurulu ile Sand\u0131k Kurulu\u2019nun m\u00fch\u00fcrleri g\u00f6r\u00fclecek \u015fekilde katlan\u0131larak sand\u0131\u011fa at\u0131lacak.<\/p>\n<p>Oy verme i\u015fleminin 08.00-18.00 saatleri aras\u0131nda yap\u0131lacak.<\/p>\n<p>Yasa gere\u011fi se\u00e7im g\u00fcn\u00fc saat 19.00\u2019a kadar sonu\u00e7lar ile ilgili haber, tahmin ve yorum yap\u0131lmas\u0131 yasak olacak.<\/p>\n<\/p><\/div>\n<p><script async\n                    defer\n                    crossorigin=\"anonymous\"\n                    src=\"https:\/\/connect.facebook.net\/tr_TR\/sdk.js#xfbml=1&#038;version=v3.3\"\n            ><\/script><\/p>\n","protected":false},"excerpt":{"rendered":"<p>KKTC\u2018de 25 Haziran Pazar g\u00fcn\u00fc yap\u0131lacak.Milletvekilli\u011fi ve Yerel Kurulu\u015f Organlar\u0131 Ara Se\u00e7imlerine bir hafta kald\u0131. Son haftaya girilirken adaylar, propaganda \u00e7al\u0131\u015fmalar\u0131n\u0131 s\u00fcrd\u00fcr\u00fcyor. Yerle\u015fim birimlerini ve sivil toplum \u00f6rg\u00fctlerini ziyaret eden adaylar, se\u00e7men kitlesiyle bir araya geliyor. Adaylar propagandalar\u0131n\u0131 televizyon programlar\u0131 ve sosyal medya sayfalar\u0131 \u00fczerinden de y\u00fcr\u00fct\u00fcyor. Ara se\u00e7imler, ge\u00e7en y\u0131l haziran ay\u0131nda HP Genel<\/p>\n","protected":false},"author":1,"featured_media":8991,"comment_status":"open","ping_status":"open","sticky":false,"template":"","format":"standard","meta":{"footnotes":""},"categories":[1],"tags":[],"class_list":["post-8990","post","type-post","status-publish","format-standard","has-post-thumbnail","hentry","category-gundem"],"yoast_head":"<!-- This site is optimized with the Yoast SEO plugin v27.4 - https:\/\/yoast.com\/product\/yoast-seo-wordpress\/ -->\n<title>Ara se\u00e7imde son hafta..KKTC 25 Haziran Pazar g\u00fcn\u00fc sand\u0131k ba\u015f\u0131na gidiyor -<\/title>\n<meta name=\"robots\" content=\"index, follow, max-snippet:-1, max-image-preview:large, max-video-preview:-1\" \/>\n<link rel=\"canonical\" href=\"https:\/\/kibrisdakik.com\/?p=8990\" \/>\n<meta property=\"og:locale\" content=\"tr_TR\" \/>\n<meta property=\"og:type\" content=\"article\" \/>\n<meta property=\"og:title\" content=\"Ara se\u00e7imde son hafta..KKTC 25 Haziran Pazar g\u00fcn\u00fc sand\u0131k ba\u015f\u0131na gidiyor -\" \/>\n<meta property=\"og:description\" content=\"KKTC\u2018de 25 Haziran Pazar g\u00fcn\u00fc yap\u0131lacak.Milletvekilli\u011fi ve Yerel Kurulu\u015f Organlar\u0131 Ara Se\u00e7imlerine bir hafta kald\u0131. Son haftaya girilirken adaylar, propaganda \u00e7al\u0131\u015fmalar\u0131n\u0131 s\u00fcrd\u00fcr\u00fcyor. Yerle\u015fim birimlerini ve sivil toplum \u00f6rg\u00fctlerini ziyaret eden adaylar, se\u00e7men kitlesiyle bir araya geliyor. Adaylar propagandalar\u0131n\u0131 televizyon programlar\u0131 ve sosyal medya sayfalar\u0131 \u00fczerinden de y\u00fcr\u00fct\u00fcyor. Ara se\u00e7imler, ge\u00e7en y\u0131l haziran ay\u0131nda HP Genel\" \/>\n<meta property=\"og:url\" content=\"https:\/\/kibrisdakik.com\/?p=8990\" \/>\n<meta property=\"article:published_time\" content=\"2023-06-18T09:58:13+00:00\" \/>\n<meta property=\"og:image\" content=\"https:\/\/kibrisdakik.com\/wp-content\/uploads\/2023\/06\/secim8-740x420.jpg\" \/>\n\t<meta property=\"og:image:width\" content=\"1654\" \/>\n\t<meta property=\"og:image:height\" content=\"1104\" \/>\n\t<meta property=\"og:image:type\" content=\"image\/jpeg\" \/>\n<meta name=\"author\" content=\"admin\" \/>\n<meta name=\"twitter:card\" content=\"summary_large_image\" \/>\n<meta name=\"twitter:label1\" content=\"Yazan:\" \/>\n\t<meta name=\"twitter:data1\" content=\"admin\" \/>\n\t<meta name=\"twitter:label2\" content=\"Tahmini okuma s\u00fcresi\" \/>\n\t<meta name=\"twitter:data2\" content=\"5 dakika\" \/>\n<script type=\"application\/ld+json\" class=\"yoast-schema-graph\">{\"@context\":\"https:\\\/\\\/schema.org\",\"@graph\":[{\"@type\":\"Article\",\"@id\":\"https:\\\/\\\/kibrisdakik.com\\\/?p=8990#article\",\"isPartOf\":{\"@id\":\"https:\\\/\\\/kibrisdakik.com\\\/?p=8990\"},\"author\":{\"name\":\"admin\",\"@id\":\"https:\\\/\\\/kibrisdakik.com\\\/#\\\/schema\\\/person\\\/9cd9d437bbb44f72b73ba127e06d8e79\"},\"headline\":\"Ara se\u00e7imde son hafta..KKTC 25 Haziran Pazar g\u00fcn\u00fc sand\u0131k ba\u015f\u0131na gidiyor\",\"datePublished\":\"2023-06-18T09:58:13+00:00\",\"mainEntityOfPage\":{\"@id\":\"https:\\\/\\\/kibrisdakik.com\\\/?p=8990\"},\"wordCount\":966,\"commentCount\":0,\"image\":{\"@id\":\"https:\\\/\\\/kibrisdakik.com\\\/?p=8990#primaryimage\"},\"thumbnailUrl\":\"https:\\\/\\\/kibrisdakik.com\\\/wp-content\\\/uploads\\\/2023\\\/06\\\/secim8-740x420.jpg\",\"articleSection\":[\"G\u00fcndem\"],\"inLanguage\":\"tr\",\"potentialAction\":[{\"@type\":\"CommentAction\",\"name\":\"Comment\",\"target\":[\"https:\\\/\\\/kibrisdakik.com\\\/?p=8990#respond\"]}]},{\"@type\":\"WebPage\",\"@id\":\"https:\\\/\\\/kibrisdakik.com\\\/?p=8990\",\"url\":\"https:\\\/\\\/kibrisdakik.com\\\/?p=8990\",\"name\":\"Ara se\u00e7imde son hafta..KKTC 25 Haziran Pazar g\u00fcn\u00fc sand\u0131k ba\u015f\u0131na gidiyor -\",\"isPartOf\":{\"@id\":\"https:\\\/\\\/kibrisdakik.com\\\/#website\"},\"primaryImageOfPage\":{\"@id\":\"https:\\\/\\\/kibrisdakik.com\\\/?p=8990#primaryimage\"},\"image\":{\"@id\":\"https:\\\/\\\/kibrisdakik.com\\\/?p=8990#primaryimage\"},\"thumbnailUrl\":\"https:\\\/\\\/kibrisdakik.com\\\/wp-content\\\/uploads\\\/2023\\\/06\\\/secim8-740x420.jpg\",\"datePublished\":\"2023-06-18T09:58:13+00:00\",\"author\":{\"@id\":\"https:\\\/\\\/kibrisdakik.com\\\/#\\\/schema\\\/person\\\/9cd9d437bbb44f72b73ba127e06d8e79\"},\"breadcrumb\":{\"@id\":\"https:\\\/\\\/kibrisdakik.com\\\/?p=8990#breadcrumb\"},\"inLanguage\":\"tr\",\"potentialAction\":[{\"@type\":\"ReadAction\",\"target\":[\"https:\\\/\\\/kibrisdakik.com\\\/?p=8990\"]}]},{\"@type\":\"ImageObject\",\"inLanguage\":\"tr\",\"@id\":\"https:\\\/\\\/kibrisdakik.com\\\/?p=8990#primaryimage\",\"url\":\"https:\\\/\\\/kibrisdakik.com\\\/wp-content\\\/uploads\\\/2023\\\/06\\\/secim8-740x420.jpg\",\"contentUrl\":\"https:\\\/\\\/kibrisdakik.com\\\/wp-content\\\/uploads\\\/2023\\\/06\\\/secim8-740x420.jpg\",\"width\":1654,\"height\":1104},{\"@type\":\"BreadcrumbList\",\"@id\":\"https:\\\/\\\/kibrisdakik.com\\\/?p=8990#breadcrumb\",\"itemListElement\":[{\"@type\":\"ListItem\",\"position\":1,\"name\":\"Home\",\"item\":\"https:\\\/\\\/kibrisdakik.com\\\/\"},{\"@type\":\"ListItem\",\"position\":2,\"name\":\"Ara se\u00e7imde son hafta..KKTC 25 Haziran Pazar g\u00fcn\u00fc sand\u0131k ba\u015f\u0131na gidiyor\"}]},{\"@type\":\"WebSite\",\"@id\":\"https:\\\/\\\/kibrisdakik.com\\\/#website\",\"url\":\"https:\\\/\\\/kibrisdakik.com\\\/\",\"name\":\"\",\"description\":\"Tam vaktinde haber\",\"potentialAction\":[{\"@type\":\"SearchAction\",\"target\":{\"@type\":\"EntryPoint\",\"urlTemplate\":\"https:\\\/\\\/kibrisdakik.com\\\/?s={search_term_string}\"},\"query-input\":{\"@type\":\"PropertyValueSpecification\",\"valueRequired\":true,\"valueName\":\"search_term_string\"}}],\"inLanguage\":\"tr\"},{\"@type\":\"Person\",\"@id\":\"https:\\\/\\\/kibrisdakik.com\\\/#\\\/schema\\\/person\\\/9cd9d437bbb44f72b73ba127e06d8e79\",\"name\":\"admin\",\"image\":{\"@type\":\"ImageObject\",\"inLanguage\":\"tr\",\"@id\":\"https:\\\/\\\/secure.gravatar.com\\\/avatar\\\/ccc17943b9d660506c869530f897617f7cb1c21a4bf30023f252596d83e1f007?s=96&d=mm&r=g\",\"url\":\"https:\\\/\\\/secure.gravatar.com\\\/avatar\\\/ccc17943b9d660506c869530f897617f7cb1c21a4bf30023f252596d83e1f007?s=96&d=mm&r=g\",\"contentUrl\":\"https:\\\/\\\/secure.gravatar.com\\\/avatar\\\/ccc17943b9d660506c869530f897617f7cb1c21a4bf30023f252596d83e1f007?s=96&d=mm&r=g\",\"caption\":\"admin\"},\"sameAs\":[\"https:\\\/\\\/kibrisdakik.com\"],\"url\":\"https:\\\/\\\/kibrisdakik.com\\\/?author=1\"}]}<\/script>\n<!-- \/ Yoast SEO plugin. -->","yoast_head_json":{"title":"Ara se\u00e7imde son hafta..KKTC 25 Haziran Pazar g\u00fcn\u00fc sand\u0131k ba\u015f\u0131na gidiyor -","robots":{"index":"index","follow":"follow","max-snippet":"max-snippet:-1","max-image-preview":"max-image-preview:large","max-video-preview":"max-video-preview:-1"},"canonical":"https:\/\/kibrisdakik.com\/?p=8990","og_locale":"tr_TR","og_type":"article","og_title":"Ara se\u00e7imde son hafta..KKTC 25 Haziran Pazar g\u00fcn\u00fc sand\u0131k ba\u015f\u0131na gidiyor -","og_description":"KKTC\u2018de 25 Haziran Pazar g\u00fcn\u00fc yap\u0131lacak.Milletvekilli\u011fi ve Yerel Kurulu\u015f Organlar\u0131 Ara Se\u00e7imlerine bir hafta kald\u0131. Son haftaya girilirken adaylar, propaganda \u00e7al\u0131\u015fmalar\u0131n\u0131 s\u00fcrd\u00fcr\u00fcyor. Yerle\u015fim birimlerini ve sivil toplum \u00f6rg\u00fctlerini ziyaret eden adaylar, se\u00e7men kitlesiyle bir araya geliyor. Adaylar propagandalar\u0131n\u0131 televizyon programlar\u0131 ve sosyal medya sayfalar\u0131 \u00fczerinden de y\u00fcr\u00fct\u00fcyor. Ara se\u00e7imler, ge\u00e7en y\u0131l haziran ay\u0131nda HP Genel","og_url":"https:\/\/kibrisdakik.com\/?p=8990","article_published_time":"2023-06-18T09:58:13+00:00","og_image":[{"width":1654,"height":1104,"url":"https:\/\/kibrisdakik.com\/wp-content\/uploads\/2023\/06\/secim8-740x420.jpg","type":"image\/jpeg"}],"author":"admin","twitter_card":"summary_large_image","twitter_misc":{"Yazan:":"admin","Tahmini okuma s\u00fcresi":"5 dakika"},"schema":{"@context":"https:\/\/schema.org","@graph":[{"@type":"Article","@id":"https:\/\/kibrisdakik.com\/?p=8990#article","isPartOf":{"@id":"https:\/\/kibrisdakik.com\/?p=8990"},"author":{"name":"admin","@id":"https:\/\/kibrisdakik.com\/#\/schema\/person\/9cd9d437bbb44f72b73ba127e06d8e79"},"headline":"Ara se\u00e7imde son hafta..KKTC 25 Haziran Pazar g\u00fcn\u00fc sand\u0131k ba\u015f\u0131na gidiyor","datePublished":"2023-06-18T09:58:13+00:00","mainEntityOfPage":{"@id":"https:\/\/kibrisdakik.com\/?p=8990"},"wordCount":966,"commentCount":0,"image":{"@id":"https:\/\/kibrisdakik.com\/?p=8990#primaryimage"},"thumbnailUrl":"https:\/\/kibrisdakik.com\/wp-content\/uploads\/2023\/06\/secim8-740x420.jpg","articleSection":["G\u00fcndem"],"inLanguage":"tr","potentialAction":[{"@type":"CommentAction","name":"Comment","target":["https:\/\/kibrisdakik.com\/?p=8990#respond"]}]},{"@type":"WebPage","@id":"https:\/\/kibrisdakik.com\/?p=8990","url":"https:\/\/kibrisdakik.com\/?p=8990","name":"Ara se\u00e7imde son hafta..KKTC 25 Haziran Pazar g\u00fcn\u00fc sand\u0131k ba\u015f\u0131na gidiyor -","isPartOf":{"@id":"https:\/\/kibrisdakik.com\/#website"},"primaryImageOfPage":{"@id":"https:\/\/kibrisdakik.com\/?p=8990#primaryimage"},"image":{"@id":"https:\/\/kibrisdakik.com\/?p=8990#primaryimage"},"thumbnailUrl":"https:\/\/kibrisdakik.com\/wp-content\/uploads\/2023\/06\/secim8-740x420.jpg","datePublished":"2023-06-18T09:58:13+00:00","author":{"@id":"https:\/\/kibrisdakik.com\/#\/schema\/person\/9cd9d437bbb44f72b73ba127e06d8e79"},"breadcrumb":{"@id":"https:\/\/kibrisdakik.com\/?p=8990#breadcrumb"},"inLanguage":"tr","potentialAction":[{"@type":"ReadAction","target":["https:\/\/kibrisdakik.com\/?p=8990"]}]},{"@type":"ImageObject","inLanguage":"tr","@id":"https:\/\/kibrisdakik.com\/?p=8990#primaryimage","url":"https:\/\/kibrisdakik.com\/wp-content\/uploads\/2023\/06\/secim8-740x420.jpg","contentUrl":"https:\/\/kibrisdakik.com\/wp-content\/uploads\/2023\/06\/secim8-740x420.jpg","width":1654,"height":1104},{"@type":"BreadcrumbList","@id":"https:\/\/kibrisdakik.com\/?p=8990#breadcrumb","itemListElement":[{"@type":"ListItem","position":1,"name":"Home","item":"https:\/\/kibrisdakik.com\/"},{"@type":"ListItem","position":2,"name":"Ara se\u00e7imde son hafta..KKTC 25 Haziran Pazar g\u00fcn\u00fc sand\u0131k ba\u015f\u0131na gidiyor"}]},{"@type":"WebSite","@id":"https:\/\/kibrisdakik.com\/#website","url":"https:\/\/kibrisdakik.com\/","name":"","description":"Tam vaktinde haber","potentialAction":[{"@type":"SearchAction","target":{"@type":"EntryPoint","urlTemplate":"https:\/\/kibrisdakik.com\/?s={search_term_string}"},"query-input":{"@type":"PropertyValueSpecification","valueRequired":true,"valueName":"search_term_string"}}],"inLanguage":"tr"},{"@type":"Person","@id":"https:\/\/kibrisdakik.com\/#\/schema\/person\/9cd9d437bbb44f72b73ba127e06d8e79","name":"admin","image":{"@type":"ImageObject","inLanguage":"tr","@id":"https:\/\/secure.gravatar.com\/avatar\/ccc17943b9d660506c869530f897617f7cb1c21a4bf30023f252596d83e1f007?s=96&d=mm&r=g","url":"https:\/\/secure.gravatar.com\/avatar\/ccc17943b9d660506c869530f897617f7cb1c21a4bf30023f252596d83e1f007?s=96&d=mm&r=g","contentUrl":"https:\/\/secure.gravatar.com\/avatar\/ccc17943b9d660506c869530f897617f7cb1c21a4bf30023f252596d83e1f007?s=96&d=mm&r=g","caption":"admin"},"sameAs":["https:\/\/kibrisdakik.com"],"url":"https:\/\/kibrisdakik.com\/?author=1"}]}},"_links":{"self":[{"href":"https:\/\/kibrisdakik.com\/index.php?rest_route=\/wp\/v2\/posts\/8990","targetHints":{"allow":["GET"]}}],"collection":[{"href":"https:\/\/kibrisdakik.com\/index.php?rest_route=\/wp\/v2\/posts"}],"about":[{"href":"https:\/\/kibrisdakik.com\/index.php?rest_route=\/wp\/v2\/types\/post"}],"author":[{"embeddable":true,"href":"https:\/\/kibrisdakik.com\/index.php?rest_route=\/wp\/v2\/users\/1"}],"replies":[{"embeddable":true,"href":"https:\/\/kibrisdakik.com\/index.php?rest_route=%2Fwp%2Fv2%2Fcomments&post=8990"}],"version-history":[{"count":0,"href":"https:\/\/kibrisdakik.com\/index.php?rest_route=\/wp\/v2\/posts\/8990\/revisions"}],"wp:featuredmedia":[{"embeddable":true,"href":"https:\/\/kibrisdakik.com\/index.php?rest_route=\/wp\/v2\/media\/8991"}],"wp:attachment":[{"href":"https:\/\/kibrisdakik.com\/index.php?rest_route=%2Fwp%2Fv2%2Fmedia&parent=8990"}],"wp:term":[{"taxonomy":"category","embeddable":true,"href":"https:\/\/kibrisdakik.com\/index.php?rest_route=%2Fwp%2Fv2%2Fcategories&post=8990"},{"taxonomy":"post_tag","embeddable":true,"href":"https:\/\/kibrisdakik.com\/index.php?rest_route=%2Fwp%2Fv2%2Ftags&post=8990"}],"curies":[{"name":"wp","href":"https:\/\/api.w.org\/{rel}","templated":true}]}}