{"id":89958,"date":"2025-08-22T17:30:05","date_gmt":"2025-08-22T14:30:05","guid":{"rendered":"https:\/\/kibrisdakik.com\/index.php\/2025\/08\/22\/tc-cumhurbaskani-yardimcisi-yilmaz-kktcde\/"},"modified":"2025-08-22T17:30:05","modified_gmt":"2025-08-22T14:30:05","slug":"tc-cumhurbaskani-yardimcisi-yilmaz-kktcde","status":"publish","type":"post","link":"https:\/\/kibrisdakik.com\/?p=89958","title":{"rendered":"TC CUMHURBA\u015eKANI YARDIMCISI YILMAZ KKTC\u2019DE"},"content":{"rendered":"<p> <br \/>\n<br \/><\/p>\n<p>T\u00fcrkiye Cumhuriyeti (TC) Cumhurba\u015fkan\u0131 Yard\u0131mc\u0131s\u0131 Cevdet Y\u0131lmaz, temaslarda bulunmak \u00fczere KKTC\u2019ye geldi.<\/p>\n<p>\u00d6zel u\u00e7ak DAP-TC ile 16.45 s\u0131ralar\u0131nda Ercan Havaalan\u0131\u2019na gelen Y\u0131lmaz\u2019\u0131, Ba\u015fbakan \u00dcnal \u00dcstel, TC Lefko\u015fa B\u00fcy\u00fckel\u00e7isi Ali Murat Ba\u015f\u00e7eri, KTBK Komutan\u0131 T\u00fcmgeneral Sebahattin K\u0131l\u0131n\u00e7 , G\u00fcvenlik Kuvvetleri Komutan\u0131 T\u00fcmgeneral \u0130lker G\u00f6rg\u00fcl\u00fc, bakanlar, milletvekilleri ve di\u011fer yetkililer kar\u015f\u0131lad\u0131.<\/p>\n<p>Cevdet Y\u0131lmaz, Ercan Havaliman\u0131\u2019nda Ba\u015fbakan \u00dcnal \u00dcstel ile birlikte bas\u0131n a\u00e7\u0131klamas\u0131 yap\u0131yor.<\/p>\n<p>Bas\u0131n a\u00e7\u0131klamas\u0131n\u0131n ard\u0131ndan Cumhurba\u015fkan\u0131 Ersin Tatar, T\u00fcrkiye Cumhurba\u015fkan\u0131 Yard\u0131mc\u0131s\u0131 Y\u0131lmaz ve Ba\u015fbakan \u00dcstel, h\u00fck\u00fbmet ortaklar\u0131n\u0131n da kat\u0131l\u0131m\u0131yla Karpaz b\u00f6lgesindeki k\u00f6yleri ziyaret edip, vatanda\u015fla bulu\u015facak.<\/p>\n<p>TC Cumhurba\u015fkan\u0131 Yard\u0131mc\u0131s\u0131 Y\u0131lmaz yar\u0131n Cumhurba\u015fkanl\u0131\u011f\u0131 Yerle\u015fkesi\u2019nde d\u00fczenlenecek E-Devlet Mobil Uygulama Lansman\u0131&#8217;na kat\u0131lacak.<\/p>\n<p>Y\u0131lmaz\u2019\u0131n, ziyaret kapsam\u0131nda bir dizi temas ve toplant\u0131 yapmas\u0131 \u00f6ng\u00f6r\u00fcl\u00fcyor.<\/p>\n<p><br \/>\n<br \/><a href=\"[kibrisdakik.com]\n<\/p>\n","protected":false},"excerpt":{"rendered":"<p>T\u00fcrkiye Cumhuriyeti (TC) Cumhurba\u015fkan\u0131 Yard\u0131mc\u0131s\u0131 Cevdet Y\u0131lmaz, temaslarda bulunmak \u00fczere KKTC\u2019ye geldi. \u00d6zel u\u00e7ak DAP-TC ile 16.45 s\u0131ralar\u0131nda Ercan Havaalan\u0131\u2019na gelen Y\u0131lmaz\u2019\u0131, Ba\u015fbakan \u00dcnal \u00dcstel, TC Lefko\u015fa B\u00fcy\u00fckel\u00e7isi Ali Murat Ba\u015f\u00e7eri, KTBK Komutan\u0131 T\u00fcmgeneral Sebahattin K\u0131l\u0131n\u00e7 , G\u00fcvenlik Kuvvetleri Komutan\u0131 T\u00fcmgeneral \u0130lker G\u00f6rg\u00fcl\u00fc, bakanlar, milletvekilleri ve di\u011fer yetkililer kar\u015f\u0131lad\u0131. Cevdet Y\u0131lmaz, Ercan Havaliman\u0131\u2019nda Ba\u015fbakan \u00dcnal<\/p>\n","protected":false},"author":1,"featured_media":89959,"comment_status":"open","ping_status":"open","sticky":false,"template":"","format":"standard","meta":{"footnotes":""},"categories":[81,101],"tags":[],"class_list":["post-89958","post","type-post","status-publish","format-standard","has-post-thumbnail","hentry","category-kibris","category-manset"],"yoast_head":"<!-- This site is optimized with the Yoast SEO plugin v27.5 - https:\/\/yoast.com\/product\/yoast-seo-wordpress\/ -->\n<title>TC CUMHURBA\u015eKANI YARDIMCISI YILMAZ KKTC\u2019DE -<\/title>\n<meta name=\"robots\" content=\"index, follow, max-snippet:-1, max-image-preview:large, max-video-preview:-1\" \/>\n<link rel=\"canonical\" href=\"https:\/\/kibrisdakik.com\/?p=89958\" \/>\n<meta property=\"og:locale\" content=\"tr_TR\" \/>\n<meta property=\"og:type\" content=\"article\" \/>\n<meta property=\"og:title\" content=\"TC CUMHURBA\u015eKANI YARDIMCISI YILMAZ KKTC\u2019DE -\" \/>\n<meta property=\"og:description\" content=\"T\u00fcrkiye Cumhuriyeti (TC) Cumhurba\u015fkan\u0131 Yard\u0131mc\u0131s\u0131 Cevdet Y\u0131lmaz, temaslarda bulunmak \u00fczere KKTC\u2019ye geldi. \u00d6zel u\u00e7ak DAP-TC ile 16.45 s\u0131ralar\u0131nda Ercan Havaalan\u0131\u2019na gelen Y\u0131lmaz\u2019\u0131, Ba\u015fbakan \u00dcnal \u00dcstel, TC Lefko\u015fa B\u00fcy\u00fckel\u00e7isi Ali Murat Ba\u015f\u00e7eri, KTBK Komutan\u0131 T\u00fcmgeneral Sebahattin K\u0131l\u0131n\u00e7 , G\u00fcvenlik Kuvvetleri Komutan\u0131 T\u00fcmgeneral \u0130lker G\u00f6rg\u00fcl\u00fc, bakanlar, milletvekilleri ve di\u011fer yetkililer kar\u015f\u0131lad\u0131. Cevdet Y\u0131lmaz, Ercan Havaliman\u0131\u2019nda Ba\u015fbakan \u00dcnal\" \/>\n<meta property=\"og:url\" content=\"https:\/\/kibrisdakik.com\/?p=89958\" \/>\n<meta property=\"article:published_time\" content=\"2025-08-22T14:30:05+00:00\" \/>\n<meta property=\"og:image\" content=\"https:\/\/kibrisdakik.com\/wp-content\/uploads\/2025\/08\/mha-397-740x420.png\" \/>\n\t<meta property=\"og:image:width\" content=\"1280\" \/>\n\t<meta property=\"og:image:height\" content=\"720\" \/>\n\t<meta property=\"og:image:type\" content=\"image\/png\" \/>\n<meta name=\"author\" content=\"admin\" \/>\n<meta name=\"twitter:card\" content=\"summary_large_image\" \/>\n<meta name=\"twitter:label1\" content=\"Yazan:\" \/>\n\t<meta name=\"twitter:data1\" content=\"admin\" \/>\n\t<meta name=\"twitter:label2\" content=\"Tahmini okuma s\u00fcresi\" \/>\n\t<meta name=\"twitter:data2\" content=\"1 dakika\" \/>\n<script type=\"application\/ld+json\" class=\"yoast-schema-graph\">{\"@context\":\"https:\\\/\\\/schema.org\",\"@graph\":[{\"@type\":\"Article\",\"@id\":\"https:\\\/\\\/kibrisdakik.com\\\/?p=89958#article\",\"isPartOf\":{\"@id\":\"https:\\\/\\\/kibrisdakik.com\\\/?p=89958\"},\"author\":{\"name\":\"admin\",\"@id\":\"https:\\\/\\\/kibrisdakik.com\\\/#\\\/schema\\\/person\\\/9cd9d437bbb44f72b73ba127e06d8e79\"},\"headline\":\"TC CUMHURBA\u015eKANI YARDIMCISI YILMAZ KKTC\u2019DE\",\"datePublished\":\"2025-08-22T14:30:05+00:00\",\"mainEntityOfPage\":{\"@id\":\"https:\\\/\\\/kibrisdakik.com\\\/?p=89958\"},\"wordCount\":187,\"commentCount\":0,\"image\":{\"@id\":\"https:\\\/\\\/kibrisdakik.com\\\/?p=89958#primaryimage\"},\"thumbnailUrl\":\"https:\\\/\\\/kibrisdakik.com\\\/wp-content\\\/uploads\\\/2025\\\/08\\\/mha-397-740x420.png\",\"articleSection\":[\"K\u0131br\u0131s\",\"Man\u015fet\"],\"inLanguage\":\"tr\",\"potentialAction\":[{\"@type\":\"CommentAction\",\"name\":\"Comment\",\"target\":[\"https:\\\/\\\/kibrisdakik.com\\\/?p=89958#respond\"]}]},{\"@type\":\"WebPage\",\"@id\":\"https:\\\/\\\/kibrisdakik.com\\\/?p=89958\",\"url\":\"https:\\\/\\\/kibrisdakik.com\\\/?p=89958\",\"name\":\"TC CUMHURBA\u015eKANI YARDIMCISI YILMAZ KKTC\u2019DE -\",\"isPartOf\":{\"@id\":\"https:\\\/\\\/kibrisdakik.com\\\/#website\"},\"primaryImageOfPage\":{\"@id\":\"https:\\\/\\\/kibrisdakik.com\\\/?p=89958#primaryimage\"},\"image\":{\"@id\":\"https:\\\/\\\/kibrisdakik.com\\\/?p=89958#primaryimage\"},\"thumbnailUrl\":\"https:\\\/\\\/kibrisdakik.com\\\/wp-content\\\/uploads\\\/2025\\\/08\\\/mha-397-740x420.png\",\"datePublished\":\"2025-08-22T14:30:05+00:00\",\"author\":{\"@id\":\"https:\\\/\\\/kibrisdakik.com\\\/#\\\/schema\\\/person\\\/9cd9d437bbb44f72b73ba127e06d8e79\"},\"breadcrumb\":{\"@id\":\"https:\\\/\\\/kibrisdakik.com\\\/?p=89958#breadcrumb\"},\"inLanguage\":\"tr\",\"potentialAction\":[{\"@type\":\"ReadAction\",\"target\":[\"https:\\\/\\\/kibrisdakik.com\\\/?p=89958\"]}]},{\"@type\":\"ImageObject\",\"inLanguage\":\"tr\",\"@id\":\"https:\\\/\\\/kibrisdakik.com\\\/?p=89958#primaryimage\",\"url\":\"https:\\\/\\\/kibrisdakik.com\\\/wp-content\\\/uploads\\\/2025\\\/08\\\/mha-397-740x420.png\",\"contentUrl\":\"https:\\\/\\\/kibrisdakik.com\\\/wp-content\\\/uploads\\\/2025\\\/08\\\/mha-397-740x420.png\",\"width\":1280,\"height\":720},{\"@type\":\"BreadcrumbList\",\"@id\":\"https:\\\/\\\/kibrisdakik.com\\\/?p=89958#breadcrumb\",\"itemListElement\":[{\"@type\":\"ListItem\",\"position\":1,\"name\":\"Home\",\"item\":\"https:\\\/\\\/kibrisdakik.com\\\/\"},{\"@type\":\"ListItem\",\"position\":2,\"name\":\"TC CUMHURBA\u015eKANI YARDIMCISI YILMAZ KKTC\u2019DE\"}]},{\"@type\":\"WebSite\",\"@id\":\"https:\\\/\\\/kibrisdakik.com\\\/#website\",\"url\":\"https:\\\/\\\/kibrisdakik.com\\\/\",\"name\":\"\",\"description\":\"Tam vaktinde haber\",\"potentialAction\":[{\"@type\":\"SearchAction\",\"target\":{\"@type\":\"EntryPoint\",\"urlTemplate\":\"https:\\\/\\\/kibrisdakik.com\\\/?s={search_term_string}\"},\"query-input\":{\"@type\":\"PropertyValueSpecification\",\"valueRequired\":true,\"valueName\":\"search_term_string\"}}],\"inLanguage\":\"tr\"},{\"@type\":\"Person\",\"@id\":\"https:\\\/\\\/kibrisdakik.com\\\/#\\\/schema\\\/person\\\/9cd9d437bbb44f72b73ba127e06d8e79\",\"name\":\"admin\",\"image\":{\"@type\":\"ImageObject\",\"inLanguage\":\"tr\",\"@id\":\"https:\\\/\\\/secure.gravatar.com\\\/avatar\\\/ccc17943b9d660506c869530f897617f7cb1c21a4bf30023f252596d83e1f007?s=96&d=mm&r=g\",\"url\":\"https:\\\/\\\/secure.gravatar.com\\\/avatar\\\/ccc17943b9d660506c869530f897617f7cb1c21a4bf30023f252596d83e1f007?s=96&d=mm&r=g\",\"contentUrl\":\"https:\\\/\\\/secure.gravatar.com\\\/avatar\\\/ccc17943b9d660506c869530f897617f7cb1c21a4bf30023f252596d83e1f007?s=96&d=mm&r=g\",\"caption\":\"admin\"},\"sameAs\":[\"https:\\\/\\\/kibrisdakik.com\"],\"url\":\"https:\\\/\\\/kibrisdakik.com\\\/?author=1\"}]}<\/script>\n<!-- \/ Yoast SEO plugin. -->","yoast_head_json":{"title":"TC CUMHURBA\u015eKANI YARDIMCISI YILMAZ KKTC\u2019DE -","robots":{"index":"index","follow":"follow","max-snippet":"max-snippet:-1","max-image-preview":"max-image-preview:large","max-video-preview":"max-video-preview:-1"},"canonical":"https:\/\/kibrisdakik.com\/?p=89958","og_locale":"tr_TR","og_type":"article","og_title":"TC CUMHURBA\u015eKANI YARDIMCISI YILMAZ KKTC\u2019DE -","og_description":"T\u00fcrkiye Cumhuriyeti (TC) Cumhurba\u015fkan\u0131 Yard\u0131mc\u0131s\u0131 Cevdet Y\u0131lmaz, temaslarda bulunmak \u00fczere KKTC\u2019ye geldi. \u00d6zel u\u00e7ak DAP-TC ile 16.45 s\u0131ralar\u0131nda Ercan Havaalan\u0131\u2019na gelen Y\u0131lmaz\u2019\u0131, Ba\u015fbakan \u00dcnal \u00dcstel, TC Lefko\u015fa B\u00fcy\u00fckel\u00e7isi Ali Murat Ba\u015f\u00e7eri, KTBK Komutan\u0131 T\u00fcmgeneral Sebahattin K\u0131l\u0131n\u00e7 , G\u00fcvenlik Kuvvetleri Komutan\u0131 T\u00fcmgeneral \u0130lker G\u00f6rg\u00fcl\u00fc, bakanlar, milletvekilleri ve di\u011fer yetkililer kar\u015f\u0131lad\u0131. Cevdet Y\u0131lmaz, Ercan Havaliman\u0131\u2019nda Ba\u015fbakan \u00dcnal","og_url":"https:\/\/kibrisdakik.com\/?p=89958","article_published_time":"2025-08-22T14:30:05+00:00","og_image":[{"width":1280,"height":720,"url":"https:\/\/kibrisdakik.com\/wp-content\/uploads\/2025\/08\/mha-397-740x420.png","type":"image\/png"}],"author":"admin","twitter_card":"summary_large_image","twitter_misc":{"Yazan:":"admin","Tahmini okuma s\u00fcresi":"1 dakika"},"schema":{"@context":"https:\/\/schema.org","@graph":[{"@type":"Article","@id":"https:\/\/kibrisdakik.com\/?p=89958#article","isPartOf":{"@id":"https:\/\/kibrisdakik.com\/?p=89958"},"author":{"name":"admin","@id":"https:\/\/kibrisdakik.com\/#\/schema\/person\/9cd9d437bbb44f72b73ba127e06d8e79"},"headline":"TC CUMHURBA\u015eKANI YARDIMCISI YILMAZ KKTC\u2019DE","datePublished":"2025-08-22T14:30:05+00:00","mainEntityOfPage":{"@id":"https:\/\/kibrisdakik.com\/?p=89958"},"wordCount":187,"commentCount":0,"image":{"@id":"https:\/\/kibrisdakik.com\/?p=89958#primaryimage"},"thumbnailUrl":"https:\/\/kibrisdakik.com\/wp-content\/uploads\/2025\/08\/mha-397-740x420.png","articleSection":["K\u0131br\u0131s","Man\u015fet"],"inLanguage":"tr","potentialAction":[{"@type":"CommentAction","name":"Comment","target":["https:\/\/kibrisdakik.com\/?p=89958#respond"]}]},{"@type":"WebPage","@id":"https:\/\/kibrisdakik.com\/?p=89958","url":"https:\/\/kibrisdakik.com\/?p=89958","name":"TC CUMHURBA\u015eKANI YARDIMCISI YILMAZ KKTC\u2019DE -","isPartOf":{"@id":"https:\/\/kibrisdakik.com\/#website"},"primaryImageOfPage":{"@id":"https:\/\/kibrisdakik.com\/?p=89958#primaryimage"},"image":{"@id":"https:\/\/kibrisdakik.com\/?p=89958#primaryimage"},"thumbnailUrl":"https:\/\/kibrisdakik.com\/wp-content\/uploads\/2025\/08\/mha-397-740x420.png","datePublished":"2025-08-22T14:30:05+00:00","author":{"@id":"https:\/\/kibrisdakik.com\/#\/schema\/person\/9cd9d437bbb44f72b73ba127e06d8e79"},"breadcrumb":{"@id":"https:\/\/kibrisdakik.com\/?p=89958#breadcrumb"},"inLanguage":"tr","potentialAction":[{"@type":"ReadAction","target":["https:\/\/kibrisdakik.com\/?p=89958"]}]},{"@type":"ImageObject","inLanguage":"tr","@id":"https:\/\/kibrisdakik.com\/?p=89958#primaryimage","url":"https:\/\/kibrisdakik.com\/wp-content\/uploads\/2025\/08\/mha-397-740x420.png","contentUrl":"https:\/\/kibrisdakik.com\/wp-content\/uploads\/2025\/08\/mha-397-740x420.png","width":1280,"height":720},{"@type":"BreadcrumbList","@id":"https:\/\/kibrisdakik.com\/?p=89958#breadcrumb","itemListElement":[{"@type":"ListItem","position":1,"name":"Home","item":"https:\/\/kibrisdakik.com\/"},{"@type":"ListItem","position":2,"name":"TC CUMHURBA\u015eKANI YARDIMCISI YILMAZ KKTC\u2019DE"}]},{"@type":"WebSite","@id":"https:\/\/kibrisdakik.com\/#website","url":"https:\/\/kibrisdakik.com\/","name":"","description":"Tam vaktinde haber","potentialAction":[{"@type":"SearchAction","target":{"@type":"EntryPoint","urlTemplate":"https:\/\/kibrisdakik.com\/?s={search_term_string}"},"query-input":{"@type":"PropertyValueSpecification","valueRequired":true,"valueName":"search_term_string"}}],"inLanguage":"tr"},{"@type":"Person","@id":"https:\/\/kibrisdakik.com\/#\/schema\/person\/9cd9d437bbb44f72b73ba127e06d8e79","name":"admin","image":{"@type":"ImageObject","inLanguage":"tr","@id":"https:\/\/secure.gravatar.com\/avatar\/ccc17943b9d660506c869530f897617f7cb1c21a4bf30023f252596d83e1f007?s=96&d=mm&r=g","url":"https:\/\/secure.gravatar.com\/avatar\/ccc17943b9d660506c869530f897617f7cb1c21a4bf30023f252596d83e1f007?s=96&d=mm&r=g","contentUrl":"https:\/\/secure.gravatar.com\/avatar\/ccc17943b9d660506c869530f897617f7cb1c21a4bf30023f252596d83e1f007?s=96&d=mm&r=g","caption":"admin"},"sameAs":["https:\/\/kibrisdakik.com"],"url":"https:\/\/kibrisdakik.com\/?author=1"}]}},"_links":{"self":[{"href":"https:\/\/kibrisdakik.com\/index.php?rest_route=\/wp\/v2\/posts\/89958","targetHints":{"allow":["GET"]}}],"collection":[{"href":"https:\/\/kibrisdakik.com\/index.php?rest_route=\/wp\/v2\/posts"}],"about":[{"href":"https:\/\/kibrisdakik.com\/index.php?rest_route=\/wp\/v2\/types\/post"}],"author":[{"embeddable":true,"href":"https:\/\/kibrisdakik.com\/index.php?rest_route=\/wp\/v2\/users\/1"}],"replies":[{"embeddable":true,"href":"https:\/\/kibrisdakik.com\/index.php?rest_route=%2Fwp%2Fv2%2Fcomments&post=89958"}],"version-history":[{"count":0,"href":"https:\/\/kibrisdakik.com\/index.php?rest_route=\/wp\/v2\/posts\/89958\/revisions"}],"wp:featuredmedia":[{"embeddable":true,"href":"https:\/\/kibrisdakik.com\/index.php?rest_route=\/wp\/v2\/media\/89959"}],"wp:attachment":[{"href":"https:\/\/kibrisdakik.com\/index.php?rest_route=%2Fwp%2Fv2%2Fmedia&parent=89958"}],"wp:term":[{"taxonomy":"category","embeddable":true,"href":"https:\/\/kibrisdakik.com\/index.php?rest_route=%2Fwp%2Fv2%2Fcategories&post=89958"},{"taxonomy":"post_tag","embeddable":true,"href":"https:\/\/kibrisdakik.com\/index.php?rest_route=%2Fwp%2Fv2%2Ftags&post=89958"}],"curies":[{"name":"wp","href":"https:\/\/api.w.org\/{rel}","templated":true}]}}