{"id":8997,"date":"2023-06-18T13:05:05","date_gmt":"2023-06-18T13:05:05","guid":{"rendered":"https:\/\/kibrisdakik.com\/index.php\/2023\/06\/18\/amcaoglu-turkiyeden-kablo-ile-elektrik-getirilmesi-calismalari-hizlandi\/"},"modified":"2023-06-18T13:05:05","modified_gmt":"2023-06-18T13:05:05","slug":"amcaoglu-turkiyeden-kablo-ile-elektrik-getirilmesi-calismalari-hizlandi","status":"publish","type":"post","link":"https:\/\/kibrisdakik.com\/?p=8997","title":{"rendered":"Amcao\u011flu: T\u00fcrkiye\u2019den kablo ile elektrik getirilmesi \u00e7al\u0131\u015fmalar\u0131 h\u0131zland\u0131"},"content":{"rendered":"<p><\/p>\n<div>\n<div class=\"mariselle-image-container center\">\n                <img width=\"1024\" height=\"867\" class=\"lazy-image\" alt=\"\" decoding=\"async\" loading=\"lazy\" sizes=\"auto, (max-width: 1024px) 100vw, 1024px\" src=\"https:\/\/brtk.net\/wp-content\/uploads\/2023\/06\/18\/olgun-amcaoglu-egitim-bakani-1024x867.jpg?ver=9575d80660455ffbf9cb222c9e6c0a4c\" srcset=\"https:\/\/brtk.net\/wp-content\/uploads\/2023\/06\/18\/olgun-amcaoglu-egitim-bakani-1024x867.jpg?ver=ae04fccfc00d3fff36b08dba30cd6d93 1024w, https:\/\/brtk.net\/wp-content\/uploads\/2023\/06\/18\/olgun-amcaoglu-egitim-bakani-300x254.jpg?ver=712d29bab18207e2d9b28967dcfa90c6 300w, https:\/\/brtk.net\/wp-content\/uploads\/2023\/06\/18\/olgun-amcaoglu-egitim-bakani-768x650.jpg?ver=ae04fccfc00d3fff36b08dba30cd6d93 768w, https:\/\/brtk.net\/wp-content\/uploads\/2023\/06\/18\/olgun-amcaoglu-egitim-bakani-1536x1300.jpg?ver=7c36b19595c3ed30faf50c70bc26a459 1536w, https:\/\/brtk.net\/wp-content\/uploads\/2023\/06\/18\/olgun-amcaoglu-egitim-bakani.jpg?ver=9575d80660455ffbf9cb222c9e6c0a4c 1889w\"\/>                            <\/div>\n<p>Ekonomi ve Enerji Bakan\u0131 Olgun Amcao\u011flu, T\u00fcrkiye Cumhurba\u015fkan\u0131 Recep Tayyip Erdo\u011fan\u2019\u0131n <a href=\"https:\/\/brtk.net\/\"\/><a href=\"https:\/\/brtk.net\/\"\/><a href=\"https:\/\/brtk.net\/\"\/><a href=\"https:\/\/brtk.net\/\"\/><a href=\"https:\/\/brtk.net\/\"\/><a href=\"https:\/\/brtk.net\/\"\/><a href=\"https:\/\/brtk.net\/\">KKTC<\/a>\u2019yi ziyareti sonras\u0131, T\u00fcrkiye\u2019den denizalt\u0131 elektrik ba\u011flant\u0131s\u0131 arac\u0131l\u0131\u011f\u0131yla <a href=\"https:\/\/brtk.net\/\"\/><a href=\"https:\/\/brtk.net\/\"\/><a href=\"https:\/\/brtk.net\/\"\/><a href=\"https:\/\/brtk.net\/\"\/><a href=\"https:\/\/brtk.net\/\"\/><a href=\"https:\/\/brtk.net\/\"\/><a href=\"https:\/\/brtk.net\/\">KKTC<\/a>\u2018ye enerji sa\u011flamay\u0131 ama\u00e7layan projenin h\u0131z kazand\u0131\u011f\u0131n\u0131 a\u00e7\u0131klad\u0131.<\/p>\n<p>Bakan Amcao\u011flu, bakanl\u0131k bas\u0131n b\u00fcrosu arac\u0131l\u0131\u011f\u0131yla yapt\u0131\u011f\u0131 a\u00e7\u0131klamada, yakla\u015f\u0131k 6 y\u0131ldan beri s\u00fcrd\u00fcr\u00fclen \u00e7al\u0131\u015fmalar \u0131\u015f\u0131\u011f\u0131nda, T\u00fcrkiye ve <a href=\"https:\/\/brtk.net\/\"\/><a href=\"https:\/\/brtk.net\/\"\/><a href=\"https:\/\/brtk.net\/\"\/><a href=\"https:\/\/brtk.net\/\"\/><a href=\"https:\/\/brtk.net\/\"\/><a href=\"https:\/\/brtk.net\/\"\/><a href=\"https:\/\/brtk.net\/\">KKTC<\/a> i\u015f birli\u011fiyle kurulan Ortak Enerji \u00c7al\u0131\u015fma Grubu\u2019nun neredeyse t\u00fcm \u00e7al\u0131\u015fmalar\u0131 tamamlad\u0131\u011f\u0131n\u0131 kaydetti.<\/p>\n<p>-\u201cT\u00fcm d\u00fcnyada en yayg\u0131n olarak kullan\u0131lan bir sistem olacak\u201d<\/p>\n<p>Bakan Amcao\u011flu, iki \u00fclkenin ilgili kurumlar\u0131 ve \u00c7al\u0131\u015fma Grubu\u2019nun i\u00e7inde bulundu\u011fumuz a\u015famada teknik detaylar\u0131 haz\u0131r hale getirdi\u011fini ifade ederek, T\u00fcrkiye ile <a href=\"https:\/\/brtk.net\/\"\/><a href=\"https:\/\/brtk.net\/\"\/><a href=\"https:\/\/brtk.net\/\"\/><a href=\"https:\/\/brtk.net\/\"\/><a href=\"https:\/\/brtk.net\/\"\/><a href=\"https:\/\/brtk.net\/\"\/><a href=\"https:\/\/brtk.net\/\">KKTC<\/a> aras\u0131ndaki ba\u011flant\u0131 t\u00fcr\u00fcn\u00fcn, t\u00fcm d\u00fcnyada en yayg\u0131n kullan\u0131lan sistem olaca\u011f\u0131n\u0131 anlatt\u0131.<\/p>\n<p>-\u201cSisteme eklenecek yenilenebilir enerji miktar\u0131n\u0131 art\u0131racak\u201d<\/p>\n<p>Bakan Amcao\u011flu, \u015funlar\u0131 s\u00f6yledi:<\/p>\n<p>\u201cT\u00fcrkiye ile denizalt\u0131 elektrik ba\u011flant\u0131s\u0131, <a href=\"https:\/\/brtk.net\/\"\/><a href=\"https:\/\/brtk.net\/\"\/><a href=\"https:\/\/brtk.net\/\"\/><a href=\"https:\/\/brtk.net\/\"\/><a href=\"https:\/\/brtk.net\/\"\/><a href=\"https:\/\/brtk.net\/\"\/><a href=\"https:\/\/brtk.net\/\">KKTC<\/a>\u2019deki \u015febekede elektrik kalitesini \u00e7ok ciddi anlamda yukar\u0131ya \u00e7ekecektir. Frekans sa\u011fl\u0131\u011f\u0131, arz g\u00fcvenli\u011fi ve di\u011fer bir\u00e7ok teknik a\u00e7\u0131dan sisteme faydas\u0131 olacakt\u0131r. Bu arada, sisteme eklenecek yenilenebilir enerji miktar\u0131n\u0131 da \u00fcst d\u00fczeye \u00e7\u0131karacakt\u0131r.\u201d<\/p>\n<p>-\u201cKesintiler tarihe kar\u0131\u015facak\u201d<\/p>\n<p>Bakan Amcao\u011flu, \u00e7ok sa\u011fl\u0131kl\u0131 bir \u015febeke olarak kabul edilmeyen \u00fclkemizdeki elektrik \u015febekesinin s\u0131k kesintilere neden oldu\u011funu, sorun ya\u015fand\u0131\u011f\u0131n\u0131n bilindi\u011fini ekledi ve kablo ile ba\u011flant\u0131 sonras\u0131 <a href=\"https:\/\/brtk.net\/\"\/><a href=\"https:\/\/brtk.net\/\"\/><a href=\"https:\/\/brtk.net\/\"\/><a href=\"https:\/\/brtk.net\/\"\/><a href=\"https:\/\/brtk.net\/\"\/><a href=\"https:\/\/brtk.net\/\"\/><a href=\"https:\/\/brtk.net\/\">KKTC<\/a>\u2019ye b\u00fcy\u00fck katk\u0131 sa\u011flanaca\u011f\u0131n\u0131n bilinmesini istedi. Bakan Amcao\u011flu, \u201cHalk\u0131m\u0131z\u0131 b\u0131kt\u0131ran, sanayiye, \u00fcretime, ekonomiye zarar veren istenmeyen kesintiler tarihe kar\u0131\u015facak\u201d dedi.<\/p>\n<p>-\u201cAsr\u0131n \u0130kinci Projesi olacak\u201d<\/p>\n<p>Bakan Amcao\u011flu, T\u00fcrkiye\u2019den <a href=\"https:\/\/brtk.net\/\"\/><a href=\"https:\/\/brtk.net\/\"\/><a href=\"https:\/\/brtk.net\/\"\/><a href=\"https:\/\/brtk.net\/\"\/><a href=\"https:\/\/brtk.net\/\"\/><a href=\"https:\/\/brtk.net\/\"\/><a href=\"https:\/\/brtk.net\/\">KKTC<\/a>\u2019ye borularla su ta\u015f\u0131nmas\u0131 projesinin, \u201cAsr\u0131n Projesi\u201d oldu\u011funu hat\u0131rlatt\u0131. Kablo ile elektrik getirilmesinin \u201cAsr\u0131n \u0130kinci Projesi\u201d olarak de\u011ferlendirilmesinin \u00e7ok do\u011fru ve ayr\u0131ca gurur verici oldu\u011funu kaydederken, \u201cElbette her iki projenin insani ve ekonomik anlamda de\u011feri \u00f6l\u00e7\u00fclemez ama bu iki dev projenin siyasi avantaj sa\u011flad\u0131\u011f\u0131 da g\u00f6z ard\u0131 edilemezdir. T\u00fcrkiye\u2019nin \u00f6neminin ve bizlere verdi\u011fi de\u011ferin daha iyi anla\u015f\u0131lmas\u0131 a\u00e7\u0131s\u0131ndan da kablo ile elektrik getirilmesi, bizler i\u00e7in b\u00fcy\u00fck bir mutluluk olacakt\u0131r.\u201d diye konu\u015ftu.<\/p>\n<p>Bakan Amcao\u011flu, enterkonnekte sistemin maliyetinin en ge\u00e7 bir y\u0131l i\u00e7erisinde belirlenece\u011fi, bu s\u00fcre i\u00e7erisinde Anavatan T\u00fcrkiye ile <a href=\"https:\/\/brtk.net\/\"\/><a href=\"https:\/\/brtk.net\/\"\/><a href=\"https:\/\/brtk.net\/\"\/><a href=\"https:\/\/brtk.net\/\"\/><a href=\"https:\/\/brtk.net\/\"\/><a href=\"https:\/\/brtk.net\/\"\/><a href=\"https:\/\/brtk.net\/\">KKTC<\/a> aras\u0131nda yetkilendirme anla\u015fmalar\u0131 imzalanaca\u011f\u0131 ve ilgili projenin yakla\u015f\u0131k 85 kilometre uzunlu\u011fu bulunaca\u011f\u0131 bilgilerini de verdi.<\/p>\n<\/p><\/div>\n<p><script async\n                    defer\n                    crossorigin=\"anonymous\"\n                    src=\"https:\/\/connect.facebook.net\/tr_TR\/sdk.js#xfbml=1&#038;version=v3.3\"\n            ><\/script><\/p>\n","protected":false},"excerpt":{"rendered":"<p>Ekonomi ve Enerji Bakan\u0131 Olgun Amcao\u011flu, T\u00fcrkiye Cumhurba\u015fkan\u0131 Recep Tayyip Erdo\u011fan\u2019\u0131n KKTC\u2019yi ziyareti sonras\u0131, T\u00fcrkiye\u2019den denizalt\u0131 elektrik ba\u011flant\u0131s\u0131 arac\u0131l\u0131\u011f\u0131yla KKTC\u2018ye enerji sa\u011flamay\u0131 ama\u00e7layan projenin h\u0131z kazand\u0131\u011f\u0131n\u0131 a\u00e7\u0131klad\u0131. Bakan Amcao\u011flu, bakanl\u0131k bas\u0131n b\u00fcrosu arac\u0131l\u0131\u011f\u0131yla yapt\u0131\u011f\u0131 a\u00e7\u0131klamada, yakla\u015f\u0131k 6 y\u0131ldan beri s\u00fcrd\u00fcr\u00fclen \u00e7al\u0131\u015fmalar \u0131\u015f\u0131\u011f\u0131nda, T\u00fcrkiye ve KKTC i\u015f birli\u011fiyle kurulan Ortak Enerji \u00c7al\u0131\u015fma Grubu\u2019nun neredeyse t\u00fcm \u00e7al\u0131\u015fmalar\u0131<\/p>\n","protected":false},"author":1,"featured_media":8998,"comment_status":"open","ping_status":"open","sticky":false,"template":"","format":"standard","meta":{"footnotes":""},"categories":[1],"tags":[],"class_list":["post-8997","post","type-post","status-publish","format-standard","has-post-thumbnail","hentry","category-gundem"],"yoast_head":"<!-- This site is optimized with the Yoast SEO plugin v27.4 - https:\/\/yoast.com\/product\/yoast-seo-wordpress\/ -->\n<title>Amcao\u011flu: T\u00fcrkiye\u2019den kablo ile elektrik getirilmesi \u00e7al\u0131\u015fmalar\u0131 h\u0131zland\u0131 -<\/title>\n<meta name=\"robots\" content=\"index, follow, max-snippet:-1, max-image-preview:large, max-video-preview:-1\" \/>\n<link rel=\"canonical\" href=\"https:\/\/kibrisdakik.com\/?p=8997\" \/>\n<meta property=\"og:locale\" content=\"tr_TR\" \/>\n<meta property=\"og:type\" content=\"article\" \/>\n<meta property=\"og:title\" content=\"Amcao\u011flu: T\u00fcrkiye\u2019den kablo ile elektrik getirilmesi \u00e7al\u0131\u015fmalar\u0131 h\u0131zland\u0131 -\" \/>\n<meta property=\"og:description\" content=\"Ekonomi ve Enerji Bakan\u0131 Olgun Amcao\u011flu, T\u00fcrkiye Cumhurba\u015fkan\u0131 Recep Tayyip Erdo\u011fan\u2019\u0131n KKTC\u2019yi ziyareti sonras\u0131, T\u00fcrkiye\u2019den denizalt\u0131 elektrik ba\u011flant\u0131s\u0131 arac\u0131l\u0131\u011f\u0131yla KKTC\u2018ye enerji sa\u011flamay\u0131 ama\u00e7layan projenin h\u0131z kazand\u0131\u011f\u0131n\u0131 a\u00e7\u0131klad\u0131. Bakan Amcao\u011flu, bakanl\u0131k bas\u0131n b\u00fcrosu arac\u0131l\u0131\u011f\u0131yla yapt\u0131\u011f\u0131 a\u00e7\u0131klamada, yakla\u015f\u0131k 6 y\u0131ldan beri s\u00fcrd\u00fcr\u00fclen \u00e7al\u0131\u015fmalar \u0131\u015f\u0131\u011f\u0131nda, T\u00fcrkiye ve KKTC i\u015f birli\u011fiyle kurulan Ortak Enerji \u00c7al\u0131\u015fma Grubu\u2019nun neredeyse t\u00fcm \u00e7al\u0131\u015fmalar\u0131\" \/>\n<meta property=\"og:url\" content=\"https:\/\/kibrisdakik.com\/?p=8997\" \/>\n<meta property=\"article:published_time\" content=\"2023-06-18T13:05:05+00:00\" \/>\n<meta property=\"og:image\" content=\"https:\/\/kibrisdakik.com\/wp-content\/uploads\/2023\/06\/olgun-amcaoglu-egitim-bakani-740x420.jpg\" \/>\n\t<meta property=\"og:image:width\" content=\"1889\" \/>\n\t<meta property=\"og:image:height\" content=\"1599\" \/>\n\t<meta property=\"og:image:type\" content=\"image\/jpeg\" \/>\n<meta name=\"author\" content=\"admin\" \/>\n<meta name=\"twitter:card\" content=\"summary_large_image\" \/>\n<meta name=\"twitter:label1\" content=\"Yazan:\" \/>\n\t<meta name=\"twitter:data1\" content=\"admin\" \/>\n\t<meta name=\"twitter:label2\" content=\"Tahmini okuma s\u00fcresi\" \/>\n\t<meta name=\"twitter:data2\" content=\"2 dakika\" \/>\n<script type=\"application\/ld+json\" class=\"yoast-schema-graph\">{\"@context\":\"https:\\\/\\\/schema.org\",\"@graph\":[{\"@type\":\"Article\",\"@id\":\"https:\\\/\\\/kibrisdakik.com\\\/?p=8997#article\",\"isPartOf\":{\"@id\":\"https:\\\/\\\/kibrisdakik.com\\\/?p=8997\"},\"author\":{\"name\":\"admin\",\"@id\":\"https:\\\/\\\/kibrisdakik.com\\\/#\\\/schema\\\/person\\\/9cd9d437bbb44f72b73ba127e06d8e79\"},\"headline\":\"Amcao\u011flu: T\u00fcrkiye\u2019den kablo ile elektrik getirilmesi \u00e7al\u0131\u015fmalar\u0131 h\u0131zland\u0131\",\"datePublished\":\"2023-06-18T13:05:05+00:00\",\"mainEntityOfPage\":{\"@id\":\"https:\\\/\\\/kibrisdakik.com\\\/?p=8997\"},\"wordCount\":464,\"commentCount\":0,\"image\":{\"@id\":\"https:\\\/\\\/kibrisdakik.com\\\/?p=8997#primaryimage\"},\"thumbnailUrl\":\"https:\\\/\\\/kibrisdakik.com\\\/wp-content\\\/uploads\\\/2023\\\/06\\\/olgun-amcaoglu-egitim-bakani-740x420.jpg\",\"articleSection\":[\"G\u00fcndem\"],\"inLanguage\":\"tr\",\"potentialAction\":[{\"@type\":\"CommentAction\",\"name\":\"Comment\",\"target\":[\"https:\\\/\\\/kibrisdakik.com\\\/?p=8997#respond\"]}]},{\"@type\":\"WebPage\",\"@id\":\"https:\\\/\\\/kibrisdakik.com\\\/?p=8997\",\"url\":\"https:\\\/\\\/kibrisdakik.com\\\/?p=8997\",\"name\":\"Amcao\u011flu: T\u00fcrkiye\u2019den kablo ile elektrik getirilmesi \u00e7al\u0131\u015fmalar\u0131 h\u0131zland\u0131 -\",\"isPartOf\":{\"@id\":\"https:\\\/\\\/kibrisdakik.com\\\/#website\"},\"primaryImageOfPage\":{\"@id\":\"https:\\\/\\\/kibrisdakik.com\\\/?p=8997#primaryimage\"},\"image\":{\"@id\":\"https:\\\/\\\/kibrisdakik.com\\\/?p=8997#primaryimage\"},\"thumbnailUrl\":\"https:\\\/\\\/kibrisdakik.com\\\/wp-content\\\/uploads\\\/2023\\\/06\\\/olgun-amcaoglu-egitim-bakani-740x420.jpg\",\"datePublished\":\"2023-06-18T13:05:05+00:00\",\"author\":{\"@id\":\"https:\\\/\\\/kibrisdakik.com\\\/#\\\/schema\\\/person\\\/9cd9d437bbb44f72b73ba127e06d8e79\"},\"breadcrumb\":{\"@id\":\"https:\\\/\\\/kibrisdakik.com\\\/?p=8997#breadcrumb\"},\"inLanguage\":\"tr\",\"potentialAction\":[{\"@type\":\"ReadAction\",\"target\":[\"https:\\\/\\\/kibrisdakik.com\\\/?p=8997\"]}]},{\"@type\":\"ImageObject\",\"inLanguage\":\"tr\",\"@id\":\"https:\\\/\\\/kibrisdakik.com\\\/?p=8997#primaryimage\",\"url\":\"https:\\\/\\\/kibrisdakik.com\\\/wp-content\\\/uploads\\\/2023\\\/06\\\/olgun-amcaoglu-egitim-bakani-740x420.jpg\",\"contentUrl\":\"https:\\\/\\\/kibrisdakik.com\\\/wp-content\\\/uploads\\\/2023\\\/06\\\/olgun-amcaoglu-egitim-bakani-740x420.jpg\",\"width\":1889,\"height\":1599},{\"@type\":\"BreadcrumbList\",\"@id\":\"https:\\\/\\\/kibrisdakik.com\\\/?p=8997#breadcrumb\",\"itemListElement\":[{\"@type\":\"ListItem\",\"position\":1,\"name\":\"Home\",\"item\":\"https:\\\/\\\/kibrisdakik.com\\\/\"},{\"@type\":\"ListItem\",\"position\":2,\"name\":\"Amcao\u011flu: T\u00fcrkiye\u2019den kablo ile elektrik getirilmesi \u00e7al\u0131\u015fmalar\u0131 h\u0131zland\u0131\"}]},{\"@type\":\"WebSite\",\"@id\":\"https:\\\/\\\/kibrisdakik.com\\\/#website\",\"url\":\"https:\\\/\\\/kibrisdakik.com\\\/\",\"name\":\"\",\"description\":\"Tam vaktinde haber\",\"potentialAction\":[{\"@type\":\"SearchAction\",\"target\":{\"@type\":\"EntryPoint\",\"urlTemplate\":\"https:\\\/\\\/kibrisdakik.com\\\/?s={search_term_string}\"},\"query-input\":{\"@type\":\"PropertyValueSpecification\",\"valueRequired\":true,\"valueName\":\"search_term_string\"}}],\"inLanguage\":\"tr\"},{\"@type\":\"Person\",\"@id\":\"https:\\\/\\\/kibrisdakik.com\\\/#\\\/schema\\\/person\\\/9cd9d437bbb44f72b73ba127e06d8e79\",\"name\":\"admin\",\"image\":{\"@type\":\"ImageObject\",\"inLanguage\":\"tr\",\"@id\":\"https:\\\/\\\/secure.gravatar.com\\\/avatar\\\/ccc17943b9d660506c869530f897617f7cb1c21a4bf30023f252596d83e1f007?s=96&d=mm&r=g\",\"url\":\"https:\\\/\\\/secure.gravatar.com\\\/avatar\\\/ccc17943b9d660506c869530f897617f7cb1c21a4bf30023f252596d83e1f007?s=96&d=mm&r=g\",\"contentUrl\":\"https:\\\/\\\/secure.gravatar.com\\\/avatar\\\/ccc17943b9d660506c869530f897617f7cb1c21a4bf30023f252596d83e1f007?s=96&d=mm&r=g\",\"caption\":\"admin\"},\"sameAs\":[\"https:\\\/\\\/kibrisdakik.com\"],\"url\":\"https:\\\/\\\/kibrisdakik.com\\\/?author=1\"}]}<\/script>\n<!-- \/ Yoast SEO plugin. -->","yoast_head_json":{"title":"Amcao\u011flu: T\u00fcrkiye\u2019den kablo ile elektrik getirilmesi \u00e7al\u0131\u015fmalar\u0131 h\u0131zland\u0131 -","robots":{"index":"index","follow":"follow","max-snippet":"max-snippet:-1","max-image-preview":"max-image-preview:large","max-video-preview":"max-video-preview:-1"},"canonical":"https:\/\/kibrisdakik.com\/?p=8997","og_locale":"tr_TR","og_type":"article","og_title":"Amcao\u011flu: T\u00fcrkiye\u2019den kablo ile elektrik getirilmesi \u00e7al\u0131\u015fmalar\u0131 h\u0131zland\u0131 -","og_description":"Ekonomi ve Enerji Bakan\u0131 Olgun Amcao\u011flu, T\u00fcrkiye Cumhurba\u015fkan\u0131 Recep Tayyip Erdo\u011fan\u2019\u0131n KKTC\u2019yi ziyareti sonras\u0131, T\u00fcrkiye\u2019den denizalt\u0131 elektrik ba\u011flant\u0131s\u0131 arac\u0131l\u0131\u011f\u0131yla KKTC\u2018ye enerji sa\u011flamay\u0131 ama\u00e7layan projenin h\u0131z kazand\u0131\u011f\u0131n\u0131 a\u00e7\u0131klad\u0131. Bakan Amcao\u011flu, bakanl\u0131k bas\u0131n b\u00fcrosu arac\u0131l\u0131\u011f\u0131yla yapt\u0131\u011f\u0131 a\u00e7\u0131klamada, yakla\u015f\u0131k 6 y\u0131ldan beri s\u00fcrd\u00fcr\u00fclen \u00e7al\u0131\u015fmalar \u0131\u015f\u0131\u011f\u0131nda, T\u00fcrkiye ve KKTC i\u015f birli\u011fiyle kurulan Ortak Enerji \u00c7al\u0131\u015fma Grubu\u2019nun neredeyse t\u00fcm \u00e7al\u0131\u015fmalar\u0131","og_url":"https:\/\/kibrisdakik.com\/?p=8997","article_published_time":"2023-06-18T13:05:05+00:00","og_image":[{"width":1889,"height":1599,"url":"https:\/\/kibrisdakik.com\/wp-content\/uploads\/2023\/06\/olgun-amcaoglu-egitim-bakani-740x420.jpg","type":"image\/jpeg"}],"author":"admin","twitter_card":"summary_large_image","twitter_misc":{"Yazan:":"admin","Tahmini okuma s\u00fcresi":"2 dakika"},"schema":{"@context":"https:\/\/schema.org","@graph":[{"@type":"Article","@id":"https:\/\/kibrisdakik.com\/?p=8997#article","isPartOf":{"@id":"https:\/\/kibrisdakik.com\/?p=8997"},"author":{"name":"admin","@id":"https:\/\/kibrisdakik.com\/#\/schema\/person\/9cd9d437bbb44f72b73ba127e06d8e79"},"headline":"Amcao\u011flu: T\u00fcrkiye\u2019den kablo ile elektrik getirilmesi \u00e7al\u0131\u015fmalar\u0131 h\u0131zland\u0131","datePublished":"2023-06-18T13:05:05+00:00","mainEntityOfPage":{"@id":"https:\/\/kibrisdakik.com\/?p=8997"},"wordCount":464,"commentCount":0,"image":{"@id":"https:\/\/kibrisdakik.com\/?p=8997#primaryimage"},"thumbnailUrl":"https:\/\/kibrisdakik.com\/wp-content\/uploads\/2023\/06\/olgun-amcaoglu-egitim-bakani-740x420.jpg","articleSection":["G\u00fcndem"],"inLanguage":"tr","potentialAction":[{"@type":"CommentAction","name":"Comment","target":["https:\/\/kibrisdakik.com\/?p=8997#respond"]}]},{"@type":"WebPage","@id":"https:\/\/kibrisdakik.com\/?p=8997","url":"https:\/\/kibrisdakik.com\/?p=8997","name":"Amcao\u011flu: T\u00fcrkiye\u2019den kablo ile elektrik getirilmesi \u00e7al\u0131\u015fmalar\u0131 h\u0131zland\u0131 -","isPartOf":{"@id":"https:\/\/kibrisdakik.com\/#website"},"primaryImageOfPage":{"@id":"https:\/\/kibrisdakik.com\/?p=8997#primaryimage"},"image":{"@id":"https:\/\/kibrisdakik.com\/?p=8997#primaryimage"},"thumbnailUrl":"https:\/\/kibrisdakik.com\/wp-content\/uploads\/2023\/06\/olgun-amcaoglu-egitim-bakani-740x420.jpg","datePublished":"2023-06-18T13:05:05+00:00","author":{"@id":"https:\/\/kibrisdakik.com\/#\/schema\/person\/9cd9d437bbb44f72b73ba127e06d8e79"},"breadcrumb":{"@id":"https:\/\/kibrisdakik.com\/?p=8997#breadcrumb"},"inLanguage":"tr","potentialAction":[{"@type":"ReadAction","target":["https:\/\/kibrisdakik.com\/?p=8997"]}]},{"@type":"ImageObject","inLanguage":"tr","@id":"https:\/\/kibrisdakik.com\/?p=8997#primaryimage","url":"https:\/\/kibrisdakik.com\/wp-content\/uploads\/2023\/06\/olgun-amcaoglu-egitim-bakani-740x420.jpg","contentUrl":"https:\/\/kibrisdakik.com\/wp-content\/uploads\/2023\/06\/olgun-amcaoglu-egitim-bakani-740x420.jpg","width":1889,"height":1599},{"@type":"BreadcrumbList","@id":"https:\/\/kibrisdakik.com\/?p=8997#breadcrumb","itemListElement":[{"@type":"ListItem","position":1,"name":"Home","item":"https:\/\/kibrisdakik.com\/"},{"@type":"ListItem","position":2,"name":"Amcao\u011flu: T\u00fcrkiye\u2019den kablo ile elektrik getirilmesi \u00e7al\u0131\u015fmalar\u0131 h\u0131zland\u0131"}]},{"@type":"WebSite","@id":"https:\/\/kibrisdakik.com\/#website","url":"https:\/\/kibrisdakik.com\/","name":"","description":"Tam vaktinde haber","potentialAction":[{"@type":"SearchAction","target":{"@type":"EntryPoint","urlTemplate":"https:\/\/kibrisdakik.com\/?s={search_term_string}"},"query-input":{"@type":"PropertyValueSpecification","valueRequired":true,"valueName":"search_term_string"}}],"inLanguage":"tr"},{"@type":"Person","@id":"https:\/\/kibrisdakik.com\/#\/schema\/person\/9cd9d437bbb44f72b73ba127e06d8e79","name":"admin","image":{"@type":"ImageObject","inLanguage":"tr","@id":"https:\/\/secure.gravatar.com\/avatar\/ccc17943b9d660506c869530f897617f7cb1c21a4bf30023f252596d83e1f007?s=96&d=mm&r=g","url":"https:\/\/secure.gravatar.com\/avatar\/ccc17943b9d660506c869530f897617f7cb1c21a4bf30023f252596d83e1f007?s=96&d=mm&r=g","contentUrl":"https:\/\/secure.gravatar.com\/avatar\/ccc17943b9d660506c869530f897617f7cb1c21a4bf30023f252596d83e1f007?s=96&d=mm&r=g","caption":"admin"},"sameAs":["https:\/\/kibrisdakik.com"],"url":"https:\/\/kibrisdakik.com\/?author=1"}]}},"_links":{"self":[{"href":"https:\/\/kibrisdakik.com\/index.php?rest_route=\/wp\/v2\/posts\/8997","targetHints":{"allow":["GET"]}}],"collection":[{"href":"https:\/\/kibrisdakik.com\/index.php?rest_route=\/wp\/v2\/posts"}],"about":[{"href":"https:\/\/kibrisdakik.com\/index.php?rest_route=\/wp\/v2\/types\/post"}],"author":[{"embeddable":true,"href":"https:\/\/kibrisdakik.com\/index.php?rest_route=\/wp\/v2\/users\/1"}],"replies":[{"embeddable":true,"href":"https:\/\/kibrisdakik.com\/index.php?rest_route=%2Fwp%2Fv2%2Fcomments&post=8997"}],"version-history":[{"count":0,"href":"https:\/\/kibrisdakik.com\/index.php?rest_route=\/wp\/v2\/posts\/8997\/revisions"}],"wp:featuredmedia":[{"embeddable":true,"href":"https:\/\/kibrisdakik.com\/index.php?rest_route=\/wp\/v2\/media\/8998"}],"wp:attachment":[{"href":"https:\/\/kibrisdakik.com\/index.php?rest_route=%2Fwp%2Fv2%2Fmedia&parent=8997"}],"wp:term":[{"taxonomy":"category","embeddable":true,"href":"https:\/\/kibrisdakik.com\/index.php?rest_route=%2Fwp%2Fv2%2Fcategories&post=8997"},{"taxonomy":"post_tag","embeddable":true,"href":"https:\/\/kibrisdakik.com\/index.php?rest_route=%2Fwp%2Fv2%2Ftags&post=8997"}],"curies":[{"name":"wp","href":"https:\/\/api.w.org\/{rel}","templated":true}]}}