{"id":90096,"date":"2025-08-23T11:35:33","date_gmt":"2025-08-23T08:35:33","guid":{"rendered":"https:\/\/kibrisdakik.com\/index.php\/2025\/08\/23\/kuraklik-yasayan-goller-icin-kritik-mudahale\/"},"modified":"2025-08-23T11:35:33","modified_gmt":"2025-08-23T08:35:33","slug":"kuraklik-yasayan-goller-icin-kritik-mudahale","status":"publish","type":"post","link":"https:\/\/kibrisdakik.com\/?p=90096","title":{"rendered":"Kurakl\u0131k ya\u015fayan g\u00f6ller i\u00e7in kritik m\u00fcdahale"},"content":{"rendered":"<p><\/p>\n<div>\n<p>&#13;<br \/>\n\tMersin \u00dcniversitesi Su \u00dcr\u00fcnleri Fak\u00fcltesi \u00d6\u011fretim \u00dcyesi Prof. Dr. Deniz Ayas, Bey\u015fehir G\u00f6l\u00fc ba\u015fta olmak \u00fczere kurakl\u0131k tehdidi alt\u0131ndaki g\u00f6ller i\u00e7in acil eylem plan\u0131 haz\u0131rland\u0131\u011f\u0131n\u0131 an\u0131msatarak, &#8220;G\u00f6ller a\u00e7\u0131s\u0131ndan en b\u00fcy\u00fck tehdit hala kontrols\u00fcz su kullan\u0131m\u0131, plan bu nedenle kritik bir m\u00fcdahale.&#8221; dedi.<\/p>\n<p>&#13;<br \/>\n\tTar\u0131m ve Orman Bakanl\u0131\u011f\u0131 kurakl\u0131k riski ta\u015f\u0131yan g\u00f6llerde su seviyesi d\u00fc\u015f\u00fc\u015fleri, su kalitesinde bozulma, sazl\u0131k alan kay\u0131plar\u0131 ve canl\u0131 t\u00fcrlerinde azalman\u0131n \u00f6n\u00fcne ge\u00e7mek i\u00e7in \u00e7al\u0131\u015fmalar\u0131na h\u0131z verdi.<\/p>\n<p>&#13;<br \/>\n\tBu kapsamda, Ulusal Su Kurulu toplant\u0131s\u0131nda, kurakl\u0131k riski alt\u0131nda olan g\u00f6llere ili\u015fkin eylem planlar\u0131n\u0131n haz\u0131rlanmas\u0131 karar\u0131 al\u0131nd\u0131.<\/p>\n<p>&#13;<br \/>\n\tKurakl\u0131k riski de\u011ferlendirmeleri sonucunda \u00f6ncelikli olarak belirlenen g\u00f6ller aras\u0131nda Bey\u015fehir, Ak\u015fehir, Eber, Bafa, Burdur, \u0130znik, Seyfe ve Sapanca yer al\u0131yor.<\/p>\n<p>&#13;<br \/>\n\tBakanl\u0131k taraf\u0131ndan Bey\u015fehir G\u00f6l\u00fc ba\u015fta olmak \u00fczere kurakl\u0131k tehdidi alt\u0131ndaki g\u00f6ller i\u00e7in acil eylem plan\u0131 haz\u0131rland\u0131.<\/p>\n<p>&#13;<br \/>\n\tPlanda, sulama sistemlerinin modernizasyonu, yeralt\u0131 suyu kullan\u0131m\u0131n\u0131n kontrol\u00fc, havzalar aras\u0131 su transferleri, i\u00e7me-kullanma suyu \u015febekelerinde kay\u0131plar\u0131n azalt\u0131lmas\u0131, kullan\u0131lm\u0131\u015f sular\u0131n yeniden kullan\u0131m\u0131 ve su verimlili\u011fi projelerinin hayata ge\u00e7irilmesi konular\u0131 \u00f6ne \u00e7\u0131kan tedbirler aras\u0131nda yer al\u0131yor.<\/p>\n<h2>&#13;<br \/>\n\t&#8220;Bey\u015fehir G\u00f6l\u00fc ekolojik ve sosyoekonomik a\u00e7\u0131dan ya\u015famsal \u00f6neme sahip&#8221;<\/h2>\n<p>&#13;<br \/>\n\tProf. Dr. Deniz Ayas, risk alt\u0131ndaki g\u00f6ller i\u00e7in haz\u0131rlanan acil eylem plan\u0131n\u0131 de\u011ferlendirdi.<\/p>\n<p>&#13;<br \/>\n\tBey\u015fehir G\u00f6l\u00fc&#8217;n\u00fcn, Orta Anadolu&#8217;nun en b\u00fcy\u00fck tatl\u0131 su kayna\u011f\u0131 oldu\u011funa dikkati \u00e7eken Ayas, &#8220;Bey\u015fehir G\u00f6l\u00fc ekolojik ve sosyoekonomik a\u00e7\u0131dan ya\u015famsal \u00f6neme sahip. G\u00f6l\u00fcn tamamen kurumas\u0131 bal\u0131klar\u0131n, ku\u015flar\u0131n ve sazl\u0131klar\u0131n yok olmas\u0131, genetik \u00e7e\u015fitlili\u011fin kayb\u0131 demek olur. Ayr\u0131ca g\u00f6l \u00e7evresindeki batakl\u0131k ve sazl\u0131k alanlar\u0131n kayb\u0131, ekosistemin besin zincirini ve g\u00f6\u00e7 yollar\u0131n\u0131 da ciddi \u015fekilde etkiler. Bu alanlardaki kirlilik y\u00fck\u00fc, \u00f6zellikle tar\u0131msal drenajlardan gelen fosfor ve azot miktarlar\u0131, su kalitesini d\u00fc\u015f\u00fcrmekte ve sucul t\u00fcrlerin ya\u015fam alanlar\u0131n\u0131 tehdit etmektedir. Bu nedenle at\u0131lan ad\u0131mlarda \u00e7ok dikkatli olunmal\u0131d\u0131r.&#8221; ifadelerini kulland\u0131.<\/p>\n<p>&#13;<br \/>\n\tAyas, plan\u0131n en \u00f6nemli ba\u015fl\u0131klar\u0131ndan birisinin de yeralt\u0131 sular\u0131n\u0131n kontrol alt\u0131na al\u0131nmas\u0131 oldu\u011funu vurgulayarak, a\u015f\u0131r\u0131 \u00e7ekimin \u00f6nlenmesinin g\u00f6l\u00fc besleyen rezervleri koruyaca\u011f\u0131n\u0131 bildirdi.<\/p>\n<p>&#13;<br \/>\n\tSulama sistemlerinin modernizasyonu konusuna da de\u011finen Ayas, tar\u0131msal kullan\u0131mda b\u00fcy\u00fck tasarruf sa\u011flayacak bu ad\u0131m\u0131n s\u00fcrd\u00fcr\u00fclebilirlik a\u00e7\u0131s\u0131ndan art\u0131k bir tercih de\u011fil, zorunluluk oldu\u011funu anlatt\u0131.<\/p>\n<p>&#13;<br \/>\n\tProf. Dr. Ayas, kullan\u0131lm\u0131\u015f sular\u0131n yeniden de\u011ferlendirilmesi, i\u00e7me ve kullanma suyu \u015febekelerindeki kay\u0131plar\u0131n azalt\u0131lmas\u0131 ve su verimlili\u011fi projelerinin hayata ge\u00e7irilmesinin de \u00f6nemine vurgu yaparak, &#8220;Bu \u00f6nlemler \u00fclkenin gelece\u011fi i\u00e7in gerekli. Su verimlili\u011fi projeleri hem altyap\u0131 yat\u0131r\u0131m\u0131 hem de toplumsal fark\u0131ndal\u0131k a\u00e7\u0131s\u0131ndan uzun vadeli kazan\u0131mlar sa\u011flayacak. At\u0131k suyun kullan\u0131m\u0131, \u00f6zellikle tar\u0131msal alanlarda su kayb\u0131n\u0131 azalt\u0131rken, g\u00f6l\u00fcn kirleticilerle y\u00fcklenmesini engeller. Burada toplumun bilin\u00e7lenmesi, karar al\u0131c\u0131lar\u0131n birlikte hareket etmesi gerekir.&#8221; de\u011ferlendirmesinde bulundu.<\/p>\n<p>&#13;<br \/>\n\tPlanda yer alan havzalar aras\u0131 su transferi \u00e7al\u0131\u015fmalar\u0131n\u0131n riskler bar\u0131nd\u0131rd\u0131\u011f\u0131na de\u011finen Ayas, &#8220;Bu y\u00f6ntem ekolojik dengesizliklere yol a\u00e7abilir. Su transferi, teknik olarak uygulanabilir ama riskleri b\u00fcy\u00fck. Su ile farkl\u0131 t\u00fcrler de ta\u015f\u0131nabilir, bu da biyolojik \u00e7e\u015fitlili\u011fi tehdit eder. Ayr\u0131ca, suyu al\u0131nan havzada da ekolojik bozulmalar ya\u015fanabilir, yeralt\u0131 suyu beslenmesi zay\u0131flayabilir ve habitatlar olumsuz etkilenebilir. Bu nedenle \u00e7ok boyutlu de\u011ferlendirilmesi gereken bir konu. Transferin yap\u0131lacak ve yap\u0131ld\u0131\u011f\u0131 alanlardaki su kirlili\u011fi de belirleyici tehdit unsuru.&#8221; diye konu\u015ftu.<\/p>\n<h2>&#13;<br \/>\n\t&#8220;Eylem plan\u0131 do\u011fru bir ba\u015flang\u0131\u00e7&#8221;<\/h2>\n<p>&#13;<br \/>\n\tAyas, su kayb\u0131n\u0131n g\u00f6l\u00fcn eski sa\u011fl\u0131\u011f\u0131na geri d\u00f6n\u00fc\u015f\u00fcn\u00fc zorla\u015ft\u0131rabilece\u011fini belirterek, \u015funlar\u0131 kaydetti:<\/p>\n<p>&#13;<br \/>\n\t&#8220;Havzadan su vermek tek ba\u015f\u0131na yetmez, ekosistemin eski haline d\u00f6nmesi y\u0131llar al\u0131r. Ancak bu eylem plan\u0131 do\u011fru bir ba\u015flang\u0131\u00e7. Ekolojik restorasyonlar, g\u00f6l\u00fcn su seviyeleri kritik e\u015fiklerin alt\u0131na d\u00fc\u015fm\u00fc\u015fse bile uzun y\u0131llar s\u00fcren bir iyile\u015fme s\u00fcreci gerektirir. Restorasyonun ba\u015far\u0131ya ula\u015fmas\u0131 finansmana, yerel y\u00f6netimlerin kararl\u0131l\u0131\u011f\u0131na ve toplumun sahiplenmesine ba\u011fl\u0131.&#8221;<\/p>\n<p>&#13;<br \/>\n\t\u0130klim de\u011fi\u015fikli\u011finin g\u00f6lleri kuruttu\u011funu hat\u0131rlatan Ayas, as\u0131l riskin kontrols\u00fcz su kullan\u0131m\u0131 oldu\u011funu s\u00f6yledi.<\/p>\n<p>&#13;<br \/>\n\tAyas, artan s\u0131cakl\u0131klarla buharla\u015fman\u0131n y\u00fckseldi\u011fini, t\u00fcketilen su kadar buharla\u015fma ya\u015fand\u0131\u011f\u0131n\u0131, ya\u011f\u0131\u015flar\u0131n d\u00fczensizle\u015fti\u011fini an\u0131msatarak, \u015fu ifadeleri kulland\u0131:<\/p>\n<p>&#13;<br \/>\n\t&#8220;G\u00f6ller a\u00e7\u0131s\u0131ndan en b\u00fcy\u00fck sorun hala kontrols\u00fcz su kullan\u0131m\u0131. Plan, bu y\u00fczden kritik bir m\u00fcdahale ve yaln\u0131zca Bey\u015fehir de\u011fil, kurakl\u0131k tehdidi ya\u015fayan b\u00fct\u00fcn g\u00f6ller i\u00e7in hayata ge\u00e7irilmeli. Ayn\u0131 zamanda g\u00f6llerdeki kirlilik y\u00fck\u00fcn\u00fcn azalt\u0131lmas\u0131, tar\u0131msal drenajlar\u0131n kontrol\u00fc ve ekosistem dostu y\u00f6netim stratejileriyle desteklenmeli. Plan, T\u00fcrkiye&#8217;nin su gelece\u011fi i\u00e7in uygulanmas\u0131 gereken bir zorunluluk.&#8221;<\/p>\n<\/p><\/div>\n","protected":false},"excerpt":{"rendered":"<p>&#13; Mersin \u00dcniversitesi Su \u00dcr\u00fcnleri Fak\u00fcltesi \u00d6\u011fretim \u00dcyesi Prof. Dr. Deniz Ayas, Bey\u015fehir G\u00f6l\u00fc ba\u015fta olmak \u00fczere kurakl\u0131k tehdidi alt\u0131ndaki g\u00f6ller i\u00e7in acil eylem plan\u0131 haz\u0131rland\u0131\u011f\u0131n\u0131 an\u0131msatarak, &#8220;G\u00f6ller a\u00e7\u0131s\u0131ndan en b\u00fcy\u00fck tehdit hala kontrols\u00fcz su kullan\u0131m\u0131, plan bu nedenle kritik bir m\u00fcdahale.&#8221; dedi. &#13; Tar\u0131m ve Orman Bakanl\u0131\u011f\u0131 kurakl\u0131k riski ta\u015f\u0131yan g\u00f6llerde su seviyesi d\u00fc\u015f\u00fc\u015fleri,<\/p>\n","protected":false},"author":1,"featured_media":90097,"comment_status":"open","ping_status":"open","sticky":false,"template":"","format":"standard","meta":{"footnotes":""},"categories":[101,86],"tags":[],"class_list":["post-90096","post","type-post","status-publish","format-standard","has-post-thumbnail","hentry","category-manset","category-turkiye"],"yoast_head":"<!-- This site is optimized with the Yoast SEO plugin v27.5 - https:\/\/yoast.com\/product\/yoast-seo-wordpress\/ -->\n<title>Kurakl\u0131k ya\u015fayan g\u00f6ller i\u00e7in kritik m\u00fcdahale -<\/title>\n<meta name=\"robots\" content=\"index, follow, max-snippet:-1, max-image-preview:large, max-video-preview:-1\" \/>\n<link rel=\"canonical\" href=\"https:\/\/kibrisdakik.com\/?p=90096\" \/>\n<meta property=\"og:locale\" content=\"tr_TR\" \/>\n<meta property=\"og:type\" content=\"article\" \/>\n<meta property=\"og:title\" content=\"Kurakl\u0131k ya\u015fayan g\u00f6ller i\u00e7in kritik m\u00fcdahale -\" \/>\n<meta property=\"og:description\" content=\"&#013; Mersin \u00dcniversitesi Su \u00dcr\u00fcnleri Fak\u00fcltesi \u00d6\u011fretim \u00dcyesi Prof. Dr. Deniz Ayas, Bey\u015fehir G\u00f6l\u00fc ba\u015fta olmak \u00fczere kurakl\u0131k tehdidi alt\u0131ndaki g\u00f6ller i\u00e7in acil eylem plan\u0131 haz\u0131rland\u0131\u011f\u0131n\u0131 an\u0131msatarak, &#8220;G\u00f6ller a\u00e7\u0131s\u0131ndan en b\u00fcy\u00fck tehdit hala kontrols\u00fcz su kullan\u0131m\u0131, plan bu nedenle kritik bir m\u00fcdahale.&#8221; dedi. &#013; Tar\u0131m ve Orman Bakanl\u0131\u011f\u0131 kurakl\u0131k riski ta\u015f\u0131yan g\u00f6llerde su seviyesi d\u00fc\u015f\u00fc\u015fleri,\" \/>\n<meta property=\"og:url\" content=\"https:\/\/kibrisdakik.com\/?p=90096\" \/>\n<meta property=\"article:published_time\" content=\"2025-08-23T08:35:33+00:00\" \/>\n<meta property=\"og:image\" content=\"https:\/\/kibrisdakik.com\/wp-content\/uploads\/2025\/08\/kuraklik-2391026-740x420.jpg\" \/>\n\t<meta property=\"og:image:width\" content=\"1280\" \/>\n\t<meta property=\"og:image:height\" content=\"720\" \/>\n\t<meta property=\"og:image:type\" content=\"image\/jpeg\" \/>\n<meta name=\"author\" content=\"admin\" \/>\n<meta name=\"twitter:card\" content=\"summary_large_image\" \/>\n<meta name=\"twitter:label1\" content=\"Yazan:\" \/>\n\t<meta name=\"twitter:data1\" content=\"admin\" \/>\n\t<meta name=\"twitter:label2\" content=\"Tahmini okuma s\u00fcresi\" \/>\n\t<meta name=\"twitter:data2\" content=\"4 dakika\" \/>\n<script type=\"application\/ld+json\" class=\"yoast-schema-graph\">{\"@context\":\"https:\\\/\\\/schema.org\",\"@graph\":[{\"@type\":\"Article\",\"@id\":\"https:\\\/\\\/kibrisdakik.com\\\/?p=90096#article\",\"isPartOf\":{\"@id\":\"https:\\\/\\\/kibrisdakik.com\\\/?p=90096\"},\"author\":{\"name\":\"admin\",\"@id\":\"https:\\\/\\\/kibrisdakik.com\\\/#\\\/schema\\\/person\\\/9cd9d437bbb44f72b73ba127e06d8e79\"},\"headline\":\"Kurakl\u0131k ya\u015fayan g\u00f6ller i\u00e7in kritik m\u00fcdahale\",\"datePublished\":\"2025-08-23T08:35:33+00:00\",\"mainEntityOfPage\":{\"@id\":\"https:\\\/\\\/kibrisdakik.com\\\/?p=90096\"},\"wordCount\":908,\"commentCount\":0,\"image\":{\"@id\":\"https:\\\/\\\/kibrisdakik.com\\\/?p=90096#primaryimage\"},\"thumbnailUrl\":\"https:\\\/\\\/kibrisdakik.com\\\/wp-content\\\/uploads\\\/2025\\\/08\\\/kuraklik-2391026-740x420.jpg\",\"articleSection\":[\"Man\u015fet\",\"T\u00fcrkiye\"],\"inLanguage\":\"tr\",\"potentialAction\":[{\"@type\":\"CommentAction\",\"name\":\"Comment\",\"target\":[\"https:\\\/\\\/kibrisdakik.com\\\/?p=90096#respond\"]}]},{\"@type\":\"WebPage\",\"@id\":\"https:\\\/\\\/kibrisdakik.com\\\/?p=90096\",\"url\":\"https:\\\/\\\/kibrisdakik.com\\\/?p=90096\",\"name\":\"Kurakl\u0131k ya\u015fayan g\u00f6ller i\u00e7in kritik m\u00fcdahale -\",\"isPartOf\":{\"@id\":\"https:\\\/\\\/kibrisdakik.com\\\/#website\"},\"primaryImageOfPage\":{\"@id\":\"https:\\\/\\\/kibrisdakik.com\\\/?p=90096#primaryimage\"},\"image\":{\"@id\":\"https:\\\/\\\/kibrisdakik.com\\\/?p=90096#primaryimage\"},\"thumbnailUrl\":\"https:\\\/\\\/kibrisdakik.com\\\/wp-content\\\/uploads\\\/2025\\\/08\\\/kuraklik-2391026-740x420.jpg\",\"datePublished\":\"2025-08-23T08:35:33+00:00\",\"author\":{\"@id\":\"https:\\\/\\\/kibrisdakik.com\\\/#\\\/schema\\\/person\\\/9cd9d437bbb44f72b73ba127e06d8e79\"},\"breadcrumb\":{\"@id\":\"https:\\\/\\\/kibrisdakik.com\\\/?p=90096#breadcrumb\"},\"inLanguage\":\"tr\",\"potentialAction\":[{\"@type\":\"ReadAction\",\"target\":[\"https:\\\/\\\/kibrisdakik.com\\\/?p=90096\"]}]},{\"@type\":\"ImageObject\",\"inLanguage\":\"tr\",\"@id\":\"https:\\\/\\\/kibrisdakik.com\\\/?p=90096#primaryimage\",\"url\":\"https:\\\/\\\/kibrisdakik.com\\\/wp-content\\\/uploads\\\/2025\\\/08\\\/kuraklik-2391026-740x420.jpg\",\"contentUrl\":\"https:\\\/\\\/kibrisdakik.com\\\/wp-content\\\/uploads\\\/2025\\\/08\\\/kuraklik-2391026-740x420.jpg\",\"width\":1280,\"height\":720},{\"@type\":\"BreadcrumbList\",\"@id\":\"https:\\\/\\\/kibrisdakik.com\\\/?p=90096#breadcrumb\",\"itemListElement\":[{\"@type\":\"ListItem\",\"position\":1,\"name\":\"Home\",\"item\":\"https:\\\/\\\/kibrisdakik.com\\\/\"},{\"@type\":\"ListItem\",\"position\":2,\"name\":\"Kurakl\u0131k ya\u015fayan g\u00f6ller i\u00e7in kritik m\u00fcdahale\"}]},{\"@type\":\"WebSite\",\"@id\":\"https:\\\/\\\/kibrisdakik.com\\\/#website\",\"url\":\"https:\\\/\\\/kibrisdakik.com\\\/\",\"name\":\"\",\"description\":\"Tam vaktinde haber\",\"potentialAction\":[{\"@type\":\"SearchAction\",\"target\":{\"@type\":\"EntryPoint\",\"urlTemplate\":\"https:\\\/\\\/kibrisdakik.com\\\/?s={search_term_string}\"},\"query-input\":{\"@type\":\"PropertyValueSpecification\",\"valueRequired\":true,\"valueName\":\"search_term_string\"}}],\"inLanguage\":\"tr\"},{\"@type\":\"Person\",\"@id\":\"https:\\\/\\\/kibrisdakik.com\\\/#\\\/schema\\\/person\\\/9cd9d437bbb44f72b73ba127e06d8e79\",\"name\":\"admin\",\"image\":{\"@type\":\"ImageObject\",\"inLanguage\":\"tr\",\"@id\":\"https:\\\/\\\/secure.gravatar.com\\\/avatar\\\/ccc17943b9d660506c869530f897617f7cb1c21a4bf30023f252596d83e1f007?s=96&d=mm&r=g\",\"url\":\"https:\\\/\\\/secure.gravatar.com\\\/avatar\\\/ccc17943b9d660506c869530f897617f7cb1c21a4bf30023f252596d83e1f007?s=96&d=mm&r=g\",\"contentUrl\":\"https:\\\/\\\/secure.gravatar.com\\\/avatar\\\/ccc17943b9d660506c869530f897617f7cb1c21a4bf30023f252596d83e1f007?s=96&d=mm&r=g\",\"caption\":\"admin\"},\"sameAs\":[\"https:\\\/\\\/kibrisdakik.com\"],\"url\":\"https:\\\/\\\/kibrisdakik.com\\\/?author=1\"}]}<\/script>\n<!-- \/ Yoast SEO plugin. -->","yoast_head_json":{"title":"Kurakl\u0131k ya\u015fayan g\u00f6ller i\u00e7in kritik m\u00fcdahale -","robots":{"index":"index","follow":"follow","max-snippet":"max-snippet:-1","max-image-preview":"max-image-preview:large","max-video-preview":"max-video-preview:-1"},"canonical":"https:\/\/kibrisdakik.com\/?p=90096","og_locale":"tr_TR","og_type":"article","og_title":"Kurakl\u0131k ya\u015fayan g\u00f6ller i\u00e7in kritik m\u00fcdahale -","og_description":"&#13; Mersin \u00dcniversitesi Su \u00dcr\u00fcnleri Fak\u00fcltesi \u00d6\u011fretim \u00dcyesi Prof. Dr. Deniz Ayas, Bey\u015fehir G\u00f6l\u00fc ba\u015fta olmak \u00fczere kurakl\u0131k tehdidi alt\u0131ndaki g\u00f6ller i\u00e7in acil eylem plan\u0131 haz\u0131rland\u0131\u011f\u0131n\u0131 an\u0131msatarak, &#8220;G\u00f6ller a\u00e7\u0131s\u0131ndan en b\u00fcy\u00fck tehdit hala kontrols\u00fcz su kullan\u0131m\u0131, plan bu nedenle kritik bir m\u00fcdahale.&#8221; dedi. &#13; Tar\u0131m ve Orman Bakanl\u0131\u011f\u0131 kurakl\u0131k riski ta\u015f\u0131yan g\u00f6llerde su seviyesi d\u00fc\u015f\u00fc\u015fleri,","og_url":"https:\/\/kibrisdakik.com\/?p=90096","article_published_time":"2025-08-23T08:35:33+00:00","og_image":[{"width":1280,"height":720,"url":"https:\/\/kibrisdakik.com\/wp-content\/uploads\/2025\/08\/kuraklik-2391026-740x420.jpg","type":"image\/jpeg"}],"author":"admin","twitter_card":"summary_large_image","twitter_misc":{"Yazan:":"admin","Tahmini okuma s\u00fcresi":"4 dakika"},"schema":{"@context":"https:\/\/schema.org","@graph":[{"@type":"Article","@id":"https:\/\/kibrisdakik.com\/?p=90096#article","isPartOf":{"@id":"https:\/\/kibrisdakik.com\/?p=90096"},"author":{"name":"admin","@id":"https:\/\/kibrisdakik.com\/#\/schema\/person\/9cd9d437bbb44f72b73ba127e06d8e79"},"headline":"Kurakl\u0131k ya\u015fayan g\u00f6ller i\u00e7in kritik m\u00fcdahale","datePublished":"2025-08-23T08:35:33+00:00","mainEntityOfPage":{"@id":"https:\/\/kibrisdakik.com\/?p=90096"},"wordCount":908,"commentCount":0,"image":{"@id":"https:\/\/kibrisdakik.com\/?p=90096#primaryimage"},"thumbnailUrl":"https:\/\/kibrisdakik.com\/wp-content\/uploads\/2025\/08\/kuraklik-2391026-740x420.jpg","articleSection":["Man\u015fet","T\u00fcrkiye"],"inLanguage":"tr","potentialAction":[{"@type":"CommentAction","name":"Comment","target":["https:\/\/kibrisdakik.com\/?p=90096#respond"]}]},{"@type":"WebPage","@id":"https:\/\/kibrisdakik.com\/?p=90096","url":"https:\/\/kibrisdakik.com\/?p=90096","name":"Kurakl\u0131k ya\u015fayan g\u00f6ller i\u00e7in kritik m\u00fcdahale -","isPartOf":{"@id":"https:\/\/kibrisdakik.com\/#website"},"primaryImageOfPage":{"@id":"https:\/\/kibrisdakik.com\/?p=90096#primaryimage"},"image":{"@id":"https:\/\/kibrisdakik.com\/?p=90096#primaryimage"},"thumbnailUrl":"https:\/\/kibrisdakik.com\/wp-content\/uploads\/2025\/08\/kuraklik-2391026-740x420.jpg","datePublished":"2025-08-23T08:35:33+00:00","author":{"@id":"https:\/\/kibrisdakik.com\/#\/schema\/person\/9cd9d437bbb44f72b73ba127e06d8e79"},"breadcrumb":{"@id":"https:\/\/kibrisdakik.com\/?p=90096#breadcrumb"},"inLanguage":"tr","potentialAction":[{"@type":"ReadAction","target":["https:\/\/kibrisdakik.com\/?p=90096"]}]},{"@type":"ImageObject","inLanguage":"tr","@id":"https:\/\/kibrisdakik.com\/?p=90096#primaryimage","url":"https:\/\/kibrisdakik.com\/wp-content\/uploads\/2025\/08\/kuraklik-2391026-740x420.jpg","contentUrl":"https:\/\/kibrisdakik.com\/wp-content\/uploads\/2025\/08\/kuraklik-2391026-740x420.jpg","width":1280,"height":720},{"@type":"BreadcrumbList","@id":"https:\/\/kibrisdakik.com\/?p=90096#breadcrumb","itemListElement":[{"@type":"ListItem","position":1,"name":"Home","item":"https:\/\/kibrisdakik.com\/"},{"@type":"ListItem","position":2,"name":"Kurakl\u0131k ya\u015fayan g\u00f6ller i\u00e7in kritik m\u00fcdahale"}]},{"@type":"WebSite","@id":"https:\/\/kibrisdakik.com\/#website","url":"https:\/\/kibrisdakik.com\/","name":"","description":"Tam vaktinde haber","potentialAction":[{"@type":"SearchAction","target":{"@type":"EntryPoint","urlTemplate":"https:\/\/kibrisdakik.com\/?s={search_term_string}"},"query-input":{"@type":"PropertyValueSpecification","valueRequired":true,"valueName":"search_term_string"}}],"inLanguage":"tr"},{"@type":"Person","@id":"https:\/\/kibrisdakik.com\/#\/schema\/person\/9cd9d437bbb44f72b73ba127e06d8e79","name":"admin","image":{"@type":"ImageObject","inLanguage":"tr","@id":"https:\/\/secure.gravatar.com\/avatar\/ccc17943b9d660506c869530f897617f7cb1c21a4bf30023f252596d83e1f007?s=96&d=mm&r=g","url":"https:\/\/secure.gravatar.com\/avatar\/ccc17943b9d660506c869530f897617f7cb1c21a4bf30023f252596d83e1f007?s=96&d=mm&r=g","contentUrl":"https:\/\/secure.gravatar.com\/avatar\/ccc17943b9d660506c869530f897617f7cb1c21a4bf30023f252596d83e1f007?s=96&d=mm&r=g","caption":"admin"},"sameAs":["https:\/\/kibrisdakik.com"],"url":"https:\/\/kibrisdakik.com\/?author=1"}]}},"_links":{"self":[{"href":"https:\/\/kibrisdakik.com\/index.php?rest_route=\/wp\/v2\/posts\/90096","targetHints":{"allow":["GET"]}}],"collection":[{"href":"https:\/\/kibrisdakik.com\/index.php?rest_route=\/wp\/v2\/posts"}],"about":[{"href":"https:\/\/kibrisdakik.com\/index.php?rest_route=\/wp\/v2\/types\/post"}],"author":[{"embeddable":true,"href":"https:\/\/kibrisdakik.com\/index.php?rest_route=\/wp\/v2\/users\/1"}],"replies":[{"embeddable":true,"href":"https:\/\/kibrisdakik.com\/index.php?rest_route=%2Fwp%2Fv2%2Fcomments&post=90096"}],"version-history":[{"count":0,"href":"https:\/\/kibrisdakik.com\/index.php?rest_route=\/wp\/v2\/posts\/90096\/revisions"}],"wp:featuredmedia":[{"embeddable":true,"href":"https:\/\/kibrisdakik.com\/index.php?rest_route=\/wp\/v2\/media\/90097"}],"wp:attachment":[{"href":"https:\/\/kibrisdakik.com\/index.php?rest_route=%2Fwp%2Fv2%2Fmedia&parent=90096"}],"wp:term":[{"taxonomy":"category","embeddable":true,"href":"https:\/\/kibrisdakik.com\/index.php?rest_route=%2Fwp%2Fv2%2Fcategories&post=90096"},{"taxonomy":"post_tag","embeddable":true,"href":"https:\/\/kibrisdakik.com\/index.php?rest_route=%2Fwp%2Fv2%2Ftags&post=90096"}],"curies":[{"name":"wp","href":"https:\/\/api.w.org\/{rel}","templated":true}]}}