{"id":90098,"date":"2025-08-23T11:47:03","date_gmt":"2025-08-23T08:47:03","guid":{"rendered":"https:\/\/kibrisdakik.com\/index.php\/2025\/08\/23\/turkiyeden-romanyaya-tum-zamanlarin-en-yuksek-ocak-temmuz-ihracati\/"},"modified":"2025-08-23T11:47:03","modified_gmt":"2025-08-23T08:47:03","slug":"turkiyeden-romanyaya-tum-zamanlarin-en-yuksek-ocak-temmuz-ihracati","status":"publish","type":"post","link":"https:\/\/kibrisdakik.com\/?p=90098","title":{"rendered":"T\u00fcrkiye&#8217;den Romanya&#8217;ya t\u00fcm zamanlar\u0131n en y\u00fcksek ocak-temmuz ihracat\u0131"},"content":{"rendered":"<p><\/p>\n<div>\n<p>&#13;<br \/>\n\tT\u00fcrkiye ile Romanya kar\u015f\u0131l\u0131kl\u0131 ticaret hacmini 2026 y\u0131l\u0131 sonuna kadar 15 milyar dolara \u00e7\u0131karma hedefi yolunda ilerlerken, T\u00fcrkiye\u2019nin bu \u00fclkeye yapt\u0131\u011f\u0131 ihracat, bu anlamda \u00f6nemli rol oynuyor.<\/p>\n<p>&#13;<br \/>\n\t\u0130ki \u00fclkenin i\u015f d\u00fcnyas\u0131 aras\u0131nda kurulan ortakl\u0131klar ve kar\u015f\u0131l\u0131kl\u0131 yat\u0131r\u0131mlar da kar\u015f\u0131l\u0131kl\u0131 ekonomik ili\u015fkilerin devaml\u0131l\u0131\u011f\u0131n\u0131n g\u00fcvencesini olu\u015fturuyor.<\/p>\n<p>&#13;<br \/>\n\t\u0130ki \u00fclke aras\u0131nda \u00f6zellikle enerji ve in\u015faat alan\u0131nda yap\u0131lan i\u015fbirlikleri de Romanya&#8217;n\u0131n T\u00fcrkiye&#8217;nin ihracat\u0131ndaki yerini ortaya koyuyor.<\/p>\n<p>&#13;<br \/>\n\tAA muhabirinin T\u00fcrkiye \u0130hracat\u00e7\u0131lar Meclisi (T\u0130M) verilerinden derledi\u011fi bilgilere g\u00f6re T\u00fcrkiye, Romanya&#8217;ya 4,7 milyar dolarla t\u00fcm zamanlar\u0131n en y\u00fcksek ocak-temmuz ihracat\u0131n\u0131 ger\u00e7ekle\u015ftirdi.<\/p>\n<p>&#13;<br \/>\n\tS\u00f6z konusu d\u00f6nemde T\u00fcrkiye&#8217;nin Romanya&#8217;ya ihracat\u0131 ge\u00e7en y\u0131l\u0131n ayn\u0131 d\u00f6nemine g\u00f6re y\u00fczde 5,4 artt\u0131.<\/p>\n<p>&#13;<br \/>\n\tRomanya, ocak-temmuz d\u00f6neminde T\u00fcrkiye&#8217;nin en fazla ihracat yapt\u0131\u011f\u0131 8. \u00fclke olarak kay\u0131tlara ge\u00e7ti. T\u00fcrkiye&#8217;nin bu d\u00f6nemde en fazla ihracat yapt\u0131\u011f\u0131 \u00fclkeler, 11,5 milyar dolarla Almanya, 8 milyar dolarla Birle\u015fik Krall\u0131k, 7,5 milyar dolarla ABD, 7,3 milyar dolarla \u0130talya, 6 milyar dolarla \u0130spanya, 5,9 milyar dolarla Fransa, 5,7 milyar dolarla Irak olarak s\u0131raland\u0131.<\/p>\n<h2>&#13;<br \/>\n\tKimya sekt\u00f6r\u00fc \u00f6ne \u00e7\u0131kt\u0131<\/h2>\n<p>&#13;<br \/>\n\tRomanya&#8217;ya 7 ayl\u0131k d\u00f6nemde en fazla ihracat\u0131 1,2 milyar dolarla kimyevi maddeler ve mamulleri sekt\u00f6r\u00fc ger\u00e7ekle\u015ftirdi. Bu sekt\u00f6r\u00fc, 879 milyon dolarla otomotiv end\u00fcstrisi, 831,8 milyon dolarla \u00e7elik, 296,2 milyon dolarla demir ve demir d\u0131\u015f\u0131 metaller, 197,8 milyon dolarla elektrik ve elektronik sekt\u00f6r\u00fc takip etti.<\/p>\n<p>&#13;<br \/>\n\t\u00dclkeye ihracat\u0131n\u0131 de\u011fer baz\u0131nda en fazla art\u0131ran sekt\u00f6r ise 265,7 milyon dolarla otomotiv end\u00fcstrisi oldu. Bu sekt\u00f6r\u00fc 46,3 milyon dolarla demir ve demir d\u0131\u015f\u0131 metaller, 35,4 milyon dolarla \u00e7elik, 28,7 milyon dolarla ya\u015f meyve ve sebze, 13 milyon dolarla iklimlendirme sanayi takip etti. \u00dclkeye ya\u015f meyve ve sebze sekt\u00f6r\u00fc 196,2 milyon dolarl\u0131k, iklimlendirme sanayi 156,2 milyon dolarl\u0131k ihracat ger\u00e7ekle\u015ftirdi.<\/p>\n<h2>&#13;<br \/>\n\t\u0130ki \u00fclke aras\u0131ndaki ticaret hacmi 10 y\u0131lda 2 kattan fazla artt\u0131<\/h2>\n<p>&#13;<br \/>\n\tT\u00fcrk \u0130\u015fadamlar\u0131 Derne\u011fi (T\u0130AD) Y\u00f6netim Kurulu Ba\u015fkan\u0131 Ufuk Tando\u011fan, yapt\u0131\u011f\u0131 de\u011ferlendirmede, T\u00fcrkiye ve Romanya aras\u0131ndaki ekonomik ve ticari ili\u015fkilerin son y\u0131llarda ola\u011fan\u00fcst\u00fc bir h\u0131zla geli\u015fti\u011fini belirtti.<\/p>\n<p>&#13;<br \/>\n\tTando\u011fan, \u201cTemmuz 2024-Temmuz 2025 d\u00f6nemi itibar\u0131yla iki \u00fclke aras\u0131ndaki ticaret hacmi, ge\u00e7en y\u0131l\u0131n ayn\u0131 d\u00f6nemine g\u00f6re y\u00fczde 15 artarak 12,5 milyar dolara ula\u015ft\u0131. Bu rakam, on y\u0131l \u00f6nce 5,6 milyar dolar d\u00fczeyinde olan ikili ticaret hacminin, iki kattan fazla artmas\u0131 anlam\u0131na geliyor.\u201d ifadelerini kulland\u0131.<\/p>\n<p>&#13;<br \/>\n\tRomanya\u2019da b\u00fcy\u00fck \u00f6l\u00e7ekli T\u00fcrk yat\u0131r\u0131mlar\u0131n\u0131n mevcut oldu\u011funu ve bu trendin h\u0131zl\u0131 bir \u015fekilde devam etti\u011fini dile getiren Tando\u011fan, T\u0130AD\u2019\u0131n 180 \u00fcyesiyle Romanya\u2019da 9 milyar avro civar\u0131nda olan ve artarak devam eden T\u00fcrk yat\u0131r\u0131mlar\u0131n\u0131n y\u00fczde 95\u2019lik k\u0131sm\u0131n\u0131 temsil etti\u011fini aktard\u0131.<\/p>\n<p>&#13;<br \/>\n\tTando\u011fan, T\u00fcrkiye\u2019nin Romanya\u2019ya ihracat\u0131n\u0131n, Temmuz 2025 itibar\u0131yla, son bir y\u0131ll\u0131k d\u00f6nemde 8,2 milyar dolar seviyesine y\u00fckseldi\u011fini s\u00f6yledi.<\/p>\n<p>&#13;<br \/>\n\tBu rakam\u0131n Romanya\u2019y\u0131 T\u00fcrkiye i\u00e7in en \u00f6nemli ihracat pazarlar\u0131ndan biri haline getirdi\u011fini ifade eden Tando\u011fan, \u201c\u0130thalat taraf\u0131nda ise T\u00fcrkiye, Romanya\u2019dan 4,3 milyar dolarl\u0131k \u00fcr\u00fcn sat\u0131n alarak d\u0131\u015f ticarette avantajl\u0131 bir ili\u015fki s\u00fcrd\u00fcr\u00fcyor.\u201d diye konu\u015ftu.<\/p>\n<p>&#13;<br \/>\n\tTando\u011fan, T\u00fcrkiye\u2019den Romanya\u2019ya en fazla ihra\u00e7 edilen \u00fcr\u00fcnler aras\u0131nda otomotiv end\u00fcstrisi \u00fcr\u00fcnleri, demir-\u00e7elik a\u011f\u0131rl\u0131kl\u0131 in\u015faat demiri, plastik \u00fcr\u00fcnler, elektrikli makineler ve \u00e7e\u015fitli in\u015faat malzemeleri \u00f6ne \u00e7\u0131kt\u0131\u011f\u0131n\u0131 belirterek, \u00f6zellikle otomotiv sekt\u00f6r\u00fcnde son y\u0131llarda ciddi bir ivme kaydedildi\u011fini vurgulad\u0131.<\/p>\n<h2>&#13;<br \/>\n\tT\u00fcrk m\u00fcteahhitlerin ald\u0131\u011f\u0131 projelerin toplam de\u011feri 15 milyar avroya ula\u015ft\u0131<\/h2>\n<p>&#13;<br \/>\n\tT\u00fcrk altyap\u0131 m\u00fcteahhitlerinin son 4-5 y\u0131lda Romanya\u2019da \u00fcstlendi\u011fi b\u00fcy\u00fck \u00f6l\u00e7ekli projelerin de ticaret hacmine do\u011frudan katk\u0131 sa\u011flad\u0131\u011f\u0131n\u0131 aktaran Tando\u011fan, \u015funlar\u0131 kaydetti.<\/p>\n<p>&#13;<br \/>\n\t\u201cT\u00fcrk m\u00fcteahhitlerin ald\u0131\u011f\u0131 projelerin toplam de\u011feri 15 milyar avroya ula\u015ft\u0131. Bu durum, in\u015faat demiri ve di\u011fer malzemelerin T\u00fcrkiye\u2019den Romanya\u2019ya ihracat\u0131n\u0131 h\u0131zland\u0131rd\u0131 ve sekt\u00f6rde T\u00fcrkiye\u2019nin g\u00fcvenilir bir i\u015f orta\u011f\u0131 olarak konumunu peki\u015ftirdi. Romanya\u2019daki T\u00fcrk \u00fcr\u00fcnlerinin bilinirli\u011fi ve tan\u0131n\u0131rl\u0131\u011f\u0131 her ge\u00e7en g\u00fcn art\u0131yor. Bu durum, ihracat\u0131n s\u00fcrd\u00fcr\u00fclebilir \u015fekilde artmas\u0131n\u0131 sa\u011flayan \u00f6nemli fakt\u00f6rlerden biri olarak \u00f6ne \u00e7\u0131k\u0131yor. T\u0130AD, ticaret m\u00fc\u015favirli\u011fimiz ve di\u011fer kurumlar\u0131m\u0131z ile birlikte, b\u00fcy\u00fckel\u00e7imizin liderli\u011finde ve koordinasyonunda, T\u00fcrkiye ve Romanya aras\u0131ndaki d\u0131\u015f ticaretin daha da artmas\u0131 i\u00e7in seferber olmu\u015f durumday\u0131z. T\u00fcrkiye ve Romanya aras\u0131ndaki ticaret yaln\u0131zca artan rakamlarla de\u011fil, ayn\u0131 zamanda iki \u00fclke aras\u0131nda kar\u015f\u0131l\u0131kl\u0131 g\u00fcven ve ekonomik i\u015f birli\u011finin g\u00fc\u00e7lenmesiyle de karakterize ediliyor. 2025 Temmuz rakamlar\u0131, bu g\u00fc\u00e7l\u00fc trendin devam etti\u011fini ve \u00f6n\u00fcm\u00fczdeki d\u00f6nemde daha da \u00f6nemli projeler ve yat\u0131r\u0131mlar\u0131n hayata ge\u00e7ece\u011fini g\u00f6steriyor. T\u00fcrkiye-Romanya d\u0131\u015f ticareti, ihracat fazlas\u0131yla ve sa\u011flam temellerle b\u00fcy\u00fcyerek devam edecek.\u201d<\/p>\n<p>&#13;<br \/>\n\tAyr\u0131ca turizmde de \u00e7ok pozitif geli\u015fmelerin ya\u015fand\u0131\u011f\u0131na, Romanya\u2019dan T\u00fcrkiye\u2019ye giden turist say\u0131s\u0131n\u0131n her y\u0131l ciddi bir \u015fekilde artt\u0131\u011f\u0131na dikkati \u00e7eken Tando\u011fan, \u201c2024\u2019te 1,2 milyon Rumen T\u00fcrkiye\u2019ye turistik seyahat yapt\u0131. D\u0131\u015f ticaret, altyap\u0131 m\u00fcteahhitlik i\u015fleri, turizm alanlar\u0131ndaki artan i\u015f birli\u011fi do\u011fal olarak iki \u00fclke aras\u0131ndaki ula\u015f\u0131m\u0131 ve dostluk ili\u015fkilerini de \u00fcst seviyeye ta\u015f\u0131yor.\u201d dedi<\/p>\n<\/p><\/div>\n","protected":false},"excerpt":{"rendered":"<p>&#13; T\u00fcrkiye ile Romanya kar\u015f\u0131l\u0131kl\u0131 ticaret hacmini 2026 y\u0131l\u0131 sonuna kadar 15 milyar dolara \u00e7\u0131karma hedefi yolunda ilerlerken, T\u00fcrkiye\u2019nin bu \u00fclkeye yapt\u0131\u011f\u0131 ihracat, bu anlamda \u00f6nemli rol oynuyor. &#13; \u0130ki \u00fclkenin i\u015f d\u00fcnyas\u0131 aras\u0131nda kurulan ortakl\u0131klar ve kar\u015f\u0131l\u0131kl\u0131 yat\u0131r\u0131mlar da kar\u015f\u0131l\u0131kl\u0131 ekonomik ili\u015fkilerin devaml\u0131l\u0131\u011f\u0131n\u0131n g\u00fcvencesini olu\u015fturuyor. &#13; \u0130ki \u00fclke aras\u0131nda \u00f6zellikle enerji ve in\u015faat alan\u0131nda<\/p>\n","protected":false},"author":1,"featured_media":90099,"comment_status":"open","ping_status":"open","sticky":false,"template":"","format":"standard","meta":{"footnotes":""},"categories":[101,86],"tags":[],"class_list":["post-90098","post","type-post","status-publish","format-standard","has-post-thumbnail","hentry","category-manset","category-turkiye"],"yoast_head":"<!-- This site is optimized with the Yoast SEO plugin v27.4 - https:\/\/yoast.com\/product\/yoast-seo-wordpress\/ -->\n<title>T\u00fcrkiye&#039;den Romanya&#039;ya t\u00fcm zamanlar\u0131n en y\u00fcksek ocak-temmuz ihracat\u0131 -<\/title>\n<meta name=\"robots\" content=\"index, follow, max-snippet:-1, max-image-preview:large, max-video-preview:-1\" \/>\n<link rel=\"canonical\" href=\"https:\/\/kibrisdakik.com\/?p=90098\" \/>\n<meta property=\"og:locale\" content=\"tr_TR\" \/>\n<meta property=\"og:type\" content=\"article\" \/>\n<meta property=\"og:title\" content=\"T\u00fcrkiye&#039;den Romanya&#039;ya t\u00fcm zamanlar\u0131n en y\u00fcksek ocak-temmuz ihracat\u0131 -\" \/>\n<meta property=\"og:description\" content=\"&#013; T\u00fcrkiye ile Romanya kar\u015f\u0131l\u0131kl\u0131 ticaret hacmini 2026 y\u0131l\u0131 sonuna kadar 15 milyar dolara \u00e7\u0131karma hedefi yolunda ilerlerken, T\u00fcrkiye\u2019nin bu \u00fclkeye yapt\u0131\u011f\u0131 ihracat, bu anlamda \u00f6nemli rol oynuyor. &#013; \u0130ki \u00fclkenin i\u015f d\u00fcnyas\u0131 aras\u0131nda kurulan ortakl\u0131klar ve kar\u015f\u0131l\u0131kl\u0131 yat\u0131r\u0131mlar da kar\u015f\u0131l\u0131kl\u0131 ekonomik ili\u015fkilerin devaml\u0131l\u0131\u011f\u0131n\u0131n g\u00fcvencesini olu\u015fturuyor. &#013; \u0130ki \u00fclke aras\u0131nda \u00f6zellikle enerji ve in\u015faat alan\u0131nda\" \/>\n<meta property=\"og:url\" content=\"https:\/\/kibrisdakik.com\/?p=90098\" \/>\n<meta property=\"article:published_time\" content=\"2025-08-23T08:47:03+00:00\" \/>\n<meta property=\"og:image\" content=\"https:\/\/kibrisdakik.com\/wp-content\/uploads\/2025\/08\/ihracat-duzce-iha-2300611-740x420.jpg\" \/>\n\t<meta property=\"og:image:width\" content=\"1280\" \/>\n\t<meta property=\"og:image:height\" content=\"720\" \/>\n\t<meta property=\"og:image:type\" content=\"image\/jpeg\" \/>\n<meta name=\"author\" content=\"admin\" \/>\n<meta name=\"twitter:card\" content=\"summary_large_image\" \/>\n<meta name=\"twitter:label1\" content=\"Yazan:\" \/>\n\t<meta name=\"twitter:data1\" content=\"admin\" \/>\n\t<meta name=\"twitter:label2\" content=\"Tahmini okuma s\u00fcresi\" \/>\n\t<meta name=\"twitter:data2\" content=\"5 dakika\" \/>\n<script type=\"application\/ld+json\" class=\"yoast-schema-graph\">{\"@context\":\"https:\\\/\\\/schema.org\",\"@graph\":[{\"@type\":\"Article\",\"@id\":\"https:\\\/\\\/kibrisdakik.com\\\/?p=90098#article\",\"isPartOf\":{\"@id\":\"https:\\\/\\\/kibrisdakik.com\\\/?p=90098\"},\"author\":{\"name\":\"admin\",\"@id\":\"https:\\\/\\\/kibrisdakik.com\\\/#\\\/schema\\\/person\\\/9cd9d437bbb44f72b73ba127e06d8e79\"},\"headline\":\"T\u00fcrkiye&#8217;den Romanya&#8217;ya t\u00fcm zamanlar\u0131n en y\u00fcksek ocak-temmuz ihracat\u0131\",\"datePublished\":\"2025-08-23T08:47:03+00:00\",\"mainEntityOfPage\":{\"@id\":\"https:\\\/\\\/kibrisdakik.com\\\/?p=90098\"},\"wordCount\":957,\"commentCount\":0,\"image\":{\"@id\":\"https:\\\/\\\/kibrisdakik.com\\\/?p=90098#primaryimage\"},\"thumbnailUrl\":\"https:\\\/\\\/kibrisdakik.com\\\/wp-content\\\/uploads\\\/2025\\\/08\\\/ihracat-duzce-iha-2300611-740x420.jpg\",\"articleSection\":[\"Man\u015fet\",\"T\u00fcrkiye\"],\"inLanguage\":\"tr\",\"potentialAction\":[{\"@type\":\"CommentAction\",\"name\":\"Comment\",\"target\":[\"https:\\\/\\\/kibrisdakik.com\\\/?p=90098#respond\"]}]},{\"@type\":\"WebPage\",\"@id\":\"https:\\\/\\\/kibrisdakik.com\\\/?p=90098\",\"url\":\"https:\\\/\\\/kibrisdakik.com\\\/?p=90098\",\"name\":\"T\u00fcrkiye'den Romanya'ya t\u00fcm zamanlar\u0131n en y\u00fcksek ocak-temmuz ihracat\u0131 -\",\"isPartOf\":{\"@id\":\"https:\\\/\\\/kibrisdakik.com\\\/#website\"},\"primaryImageOfPage\":{\"@id\":\"https:\\\/\\\/kibrisdakik.com\\\/?p=90098#primaryimage\"},\"image\":{\"@id\":\"https:\\\/\\\/kibrisdakik.com\\\/?p=90098#primaryimage\"},\"thumbnailUrl\":\"https:\\\/\\\/kibrisdakik.com\\\/wp-content\\\/uploads\\\/2025\\\/08\\\/ihracat-duzce-iha-2300611-740x420.jpg\",\"datePublished\":\"2025-08-23T08:47:03+00:00\",\"author\":{\"@id\":\"https:\\\/\\\/kibrisdakik.com\\\/#\\\/schema\\\/person\\\/9cd9d437bbb44f72b73ba127e06d8e79\"},\"breadcrumb\":{\"@id\":\"https:\\\/\\\/kibrisdakik.com\\\/?p=90098#breadcrumb\"},\"inLanguage\":\"tr\",\"potentialAction\":[{\"@type\":\"ReadAction\",\"target\":[\"https:\\\/\\\/kibrisdakik.com\\\/?p=90098\"]}]},{\"@type\":\"ImageObject\",\"inLanguage\":\"tr\",\"@id\":\"https:\\\/\\\/kibrisdakik.com\\\/?p=90098#primaryimage\",\"url\":\"https:\\\/\\\/kibrisdakik.com\\\/wp-content\\\/uploads\\\/2025\\\/08\\\/ihracat-duzce-iha-2300611-740x420.jpg\",\"contentUrl\":\"https:\\\/\\\/kibrisdakik.com\\\/wp-content\\\/uploads\\\/2025\\\/08\\\/ihracat-duzce-iha-2300611-740x420.jpg\",\"width\":1280,\"height\":720},{\"@type\":\"BreadcrumbList\",\"@id\":\"https:\\\/\\\/kibrisdakik.com\\\/?p=90098#breadcrumb\",\"itemListElement\":[{\"@type\":\"ListItem\",\"position\":1,\"name\":\"Home\",\"item\":\"https:\\\/\\\/kibrisdakik.com\\\/\"},{\"@type\":\"ListItem\",\"position\":2,\"name\":\"T\u00fcrkiye&#8217;den Romanya&#8217;ya t\u00fcm zamanlar\u0131n en y\u00fcksek ocak-temmuz ihracat\u0131\"}]},{\"@type\":\"WebSite\",\"@id\":\"https:\\\/\\\/kibrisdakik.com\\\/#website\",\"url\":\"https:\\\/\\\/kibrisdakik.com\\\/\",\"name\":\"\",\"description\":\"Tam vaktinde haber\",\"potentialAction\":[{\"@type\":\"SearchAction\",\"target\":{\"@type\":\"EntryPoint\",\"urlTemplate\":\"https:\\\/\\\/kibrisdakik.com\\\/?s={search_term_string}\"},\"query-input\":{\"@type\":\"PropertyValueSpecification\",\"valueRequired\":true,\"valueName\":\"search_term_string\"}}],\"inLanguage\":\"tr\"},{\"@type\":\"Person\",\"@id\":\"https:\\\/\\\/kibrisdakik.com\\\/#\\\/schema\\\/person\\\/9cd9d437bbb44f72b73ba127e06d8e79\",\"name\":\"admin\",\"image\":{\"@type\":\"ImageObject\",\"inLanguage\":\"tr\",\"@id\":\"https:\\\/\\\/secure.gravatar.com\\\/avatar\\\/ccc17943b9d660506c869530f897617f7cb1c21a4bf30023f252596d83e1f007?s=96&d=mm&r=g\",\"url\":\"https:\\\/\\\/secure.gravatar.com\\\/avatar\\\/ccc17943b9d660506c869530f897617f7cb1c21a4bf30023f252596d83e1f007?s=96&d=mm&r=g\",\"contentUrl\":\"https:\\\/\\\/secure.gravatar.com\\\/avatar\\\/ccc17943b9d660506c869530f897617f7cb1c21a4bf30023f252596d83e1f007?s=96&d=mm&r=g\",\"caption\":\"admin\"},\"sameAs\":[\"https:\\\/\\\/kibrisdakik.com\"],\"url\":\"https:\\\/\\\/kibrisdakik.com\\\/?author=1\"}]}<\/script>\n<!-- \/ Yoast SEO plugin. -->","yoast_head_json":{"title":"T\u00fcrkiye'den Romanya'ya t\u00fcm zamanlar\u0131n en y\u00fcksek ocak-temmuz ihracat\u0131 -","robots":{"index":"index","follow":"follow","max-snippet":"max-snippet:-1","max-image-preview":"max-image-preview:large","max-video-preview":"max-video-preview:-1"},"canonical":"https:\/\/kibrisdakik.com\/?p=90098","og_locale":"tr_TR","og_type":"article","og_title":"T\u00fcrkiye'den Romanya'ya t\u00fcm zamanlar\u0131n en y\u00fcksek ocak-temmuz ihracat\u0131 -","og_description":"&#13; T\u00fcrkiye ile Romanya kar\u015f\u0131l\u0131kl\u0131 ticaret hacmini 2026 y\u0131l\u0131 sonuna kadar 15 milyar dolara \u00e7\u0131karma hedefi yolunda ilerlerken, T\u00fcrkiye\u2019nin bu \u00fclkeye yapt\u0131\u011f\u0131 ihracat, bu anlamda \u00f6nemli rol oynuyor. &#13; \u0130ki \u00fclkenin i\u015f d\u00fcnyas\u0131 aras\u0131nda kurulan ortakl\u0131klar ve kar\u015f\u0131l\u0131kl\u0131 yat\u0131r\u0131mlar da kar\u015f\u0131l\u0131kl\u0131 ekonomik ili\u015fkilerin devaml\u0131l\u0131\u011f\u0131n\u0131n g\u00fcvencesini olu\u015fturuyor. &#13; \u0130ki \u00fclke aras\u0131nda \u00f6zellikle enerji ve in\u015faat alan\u0131nda","og_url":"https:\/\/kibrisdakik.com\/?p=90098","article_published_time":"2025-08-23T08:47:03+00:00","og_image":[{"width":1280,"height":720,"url":"https:\/\/kibrisdakik.com\/wp-content\/uploads\/2025\/08\/ihracat-duzce-iha-2300611-740x420.jpg","type":"image\/jpeg"}],"author":"admin","twitter_card":"summary_large_image","twitter_misc":{"Yazan:":"admin","Tahmini okuma s\u00fcresi":"5 dakika"},"schema":{"@context":"https:\/\/schema.org","@graph":[{"@type":"Article","@id":"https:\/\/kibrisdakik.com\/?p=90098#article","isPartOf":{"@id":"https:\/\/kibrisdakik.com\/?p=90098"},"author":{"name":"admin","@id":"https:\/\/kibrisdakik.com\/#\/schema\/person\/9cd9d437bbb44f72b73ba127e06d8e79"},"headline":"T\u00fcrkiye&#8217;den Romanya&#8217;ya t\u00fcm zamanlar\u0131n en y\u00fcksek ocak-temmuz ihracat\u0131","datePublished":"2025-08-23T08:47:03+00:00","mainEntityOfPage":{"@id":"https:\/\/kibrisdakik.com\/?p=90098"},"wordCount":957,"commentCount":0,"image":{"@id":"https:\/\/kibrisdakik.com\/?p=90098#primaryimage"},"thumbnailUrl":"https:\/\/kibrisdakik.com\/wp-content\/uploads\/2025\/08\/ihracat-duzce-iha-2300611-740x420.jpg","articleSection":["Man\u015fet","T\u00fcrkiye"],"inLanguage":"tr","potentialAction":[{"@type":"CommentAction","name":"Comment","target":["https:\/\/kibrisdakik.com\/?p=90098#respond"]}]},{"@type":"WebPage","@id":"https:\/\/kibrisdakik.com\/?p=90098","url":"https:\/\/kibrisdakik.com\/?p=90098","name":"T\u00fcrkiye'den Romanya'ya t\u00fcm zamanlar\u0131n en y\u00fcksek ocak-temmuz ihracat\u0131 -","isPartOf":{"@id":"https:\/\/kibrisdakik.com\/#website"},"primaryImageOfPage":{"@id":"https:\/\/kibrisdakik.com\/?p=90098#primaryimage"},"image":{"@id":"https:\/\/kibrisdakik.com\/?p=90098#primaryimage"},"thumbnailUrl":"https:\/\/kibrisdakik.com\/wp-content\/uploads\/2025\/08\/ihracat-duzce-iha-2300611-740x420.jpg","datePublished":"2025-08-23T08:47:03+00:00","author":{"@id":"https:\/\/kibrisdakik.com\/#\/schema\/person\/9cd9d437bbb44f72b73ba127e06d8e79"},"breadcrumb":{"@id":"https:\/\/kibrisdakik.com\/?p=90098#breadcrumb"},"inLanguage":"tr","potentialAction":[{"@type":"ReadAction","target":["https:\/\/kibrisdakik.com\/?p=90098"]}]},{"@type":"ImageObject","inLanguage":"tr","@id":"https:\/\/kibrisdakik.com\/?p=90098#primaryimage","url":"https:\/\/kibrisdakik.com\/wp-content\/uploads\/2025\/08\/ihracat-duzce-iha-2300611-740x420.jpg","contentUrl":"https:\/\/kibrisdakik.com\/wp-content\/uploads\/2025\/08\/ihracat-duzce-iha-2300611-740x420.jpg","width":1280,"height":720},{"@type":"BreadcrumbList","@id":"https:\/\/kibrisdakik.com\/?p=90098#breadcrumb","itemListElement":[{"@type":"ListItem","position":1,"name":"Home","item":"https:\/\/kibrisdakik.com\/"},{"@type":"ListItem","position":2,"name":"T\u00fcrkiye&#8217;den Romanya&#8217;ya t\u00fcm zamanlar\u0131n en y\u00fcksek ocak-temmuz ihracat\u0131"}]},{"@type":"WebSite","@id":"https:\/\/kibrisdakik.com\/#website","url":"https:\/\/kibrisdakik.com\/","name":"","description":"Tam vaktinde haber","potentialAction":[{"@type":"SearchAction","target":{"@type":"EntryPoint","urlTemplate":"https:\/\/kibrisdakik.com\/?s={search_term_string}"},"query-input":{"@type":"PropertyValueSpecification","valueRequired":true,"valueName":"search_term_string"}}],"inLanguage":"tr"},{"@type":"Person","@id":"https:\/\/kibrisdakik.com\/#\/schema\/person\/9cd9d437bbb44f72b73ba127e06d8e79","name":"admin","image":{"@type":"ImageObject","inLanguage":"tr","@id":"https:\/\/secure.gravatar.com\/avatar\/ccc17943b9d660506c869530f897617f7cb1c21a4bf30023f252596d83e1f007?s=96&d=mm&r=g","url":"https:\/\/secure.gravatar.com\/avatar\/ccc17943b9d660506c869530f897617f7cb1c21a4bf30023f252596d83e1f007?s=96&d=mm&r=g","contentUrl":"https:\/\/secure.gravatar.com\/avatar\/ccc17943b9d660506c869530f897617f7cb1c21a4bf30023f252596d83e1f007?s=96&d=mm&r=g","caption":"admin"},"sameAs":["https:\/\/kibrisdakik.com"],"url":"https:\/\/kibrisdakik.com\/?author=1"}]}},"_links":{"self":[{"href":"https:\/\/kibrisdakik.com\/index.php?rest_route=\/wp\/v2\/posts\/90098","targetHints":{"allow":["GET"]}}],"collection":[{"href":"https:\/\/kibrisdakik.com\/index.php?rest_route=\/wp\/v2\/posts"}],"about":[{"href":"https:\/\/kibrisdakik.com\/index.php?rest_route=\/wp\/v2\/types\/post"}],"author":[{"embeddable":true,"href":"https:\/\/kibrisdakik.com\/index.php?rest_route=\/wp\/v2\/users\/1"}],"replies":[{"embeddable":true,"href":"https:\/\/kibrisdakik.com\/index.php?rest_route=%2Fwp%2Fv2%2Fcomments&post=90098"}],"version-history":[{"count":0,"href":"https:\/\/kibrisdakik.com\/index.php?rest_route=\/wp\/v2\/posts\/90098\/revisions"}],"wp:featuredmedia":[{"embeddable":true,"href":"https:\/\/kibrisdakik.com\/index.php?rest_route=\/wp\/v2\/media\/90099"}],"wp:attachment":[{"href":"https:\/\/kibrisdakik.com\/index.php?rest_route=%2Fwp%2Fv2%2Fmedia&parent=90098"}],"wp:term":[{"taxonomy":"category","embeddable":true,"href":"https:\/\/kibrisdakik.com\/index.php?rest_route=%2Fwp%2Fv2%2Fcategories&post=90098"},{"taxonomy":"post_tag","embeddable":true,"href":"https:\/\/kibrisdakik.com\/index.php?rest_route=%2Fwp%2Fv2%2Ftags&post=90098"}],"curies":[{"name":"wp","href":"https:\/\/api.w.org\/{rel}","templated":true}]}}