{"id":90178,"date":"2025-08-23T18:12:33","date_gmt":"2025-08-23T15:12:33","guid":{"rendered":"https:\/\/kibrisdakik.com\/index.php\/2025\/08\/23\/gazze-icin-harekete-gecme-vakti-coktan-geldi\/"},"modified":"2025-08-23T18:12:33","modified_gmt":"2025-08-23T15:12:33","slug":"gazze-icin-harekete-gecme-vakti-coktan-geldi","status":"publish","type":"post","link":"https:\/\/kibrisdakik.com\/?p=90178","title":{"rendered":"Gazze i\u00e7in harekete ge\u00e7me vakti \u00e7oktan geldi"},"content":{"rendered":"<p><\/p>\n<div>\n<p>&#13;<br \/>\n\tG\u00f6kta\u015f, NSosyal hesab\u0131ndan Emine Erdo\u011fan&#8217;\u0131n Melania Trump&#8217;a g\u00f6nderdi\u011fi mektuba ili\u015fkin payla\u015f\u0131m yapt\u0131.<\/p>\n<p>&#13;<br \/>\n\tEmine Erdo\u011fan&#8217;\u0131n Melania Trump&#8217;a g\u00f6nderdi\u011fi mektubun, insanl\u0131\u011f\u0131n ortak vicdan\u0131na yap\u0131lm\u0131\u015f bir \u00e7a\u011fr\u0131 oldu\u011funu vurgulayan G\u00f6kta\u015f, \u015funlar\u0131 kaydetti:<\/p>\n<h2>&#13;<br \/>\n\t&#8220;Gazze i\u00e7in sesimizi y\u00fckseltmeye devam edece\u011fiz&#8221;<\/h2>\n<p>&#13;<br \/>\n\t&#8220;Bu mektup ayn\u0131 zamanda, soyk\u0131r\u0131mc\u0131 \u0130srail taraf\u0131ndan kahkahalar\u0131 susturulan \u00e7ocuklar i\u00e7in k\u00fcresel bir iradenin harekete ge\u00e7memesi kar\u015f\u0131s\u0131nda duyulan derin hayal k\u0131r\u0131kl\u0131\u011f\u0131n\u0131n bir ifadesidir. On binlerce \u00e7ocu\u011fun hayattan kopar\u0131ld\u0131\u011f\u0131, binlercesinin me\u00e7hul bebek olarak kefenlendi\u011fi Gazze i\u00e7in sadece hayatlar\u0131 de\u011fil insanl\u0131\u011f\u0131n onurunu da kurtarmak ad\u0131na harekete ge\u00e7me vakti \u00e7oktan geldi. D\u00fcnyan\u0131n her k\u00f6\u015fesindeki \u00e7ocuklar\u0131n e\u015fit derecede de\u011fer g\u00f6rmesi ve ayn\u0131 onurlu gelece\u011fe sahip olmas\u0131 i\u00e7in sesimizi y\u00fckseltmeye devam edece\u011fiz.&#8221;<\/p>\n<\/p><\/div>\n","protected":false},"excerpt":{"rendered":"<p>&#13; G\u00f6kta\u015f, NSosyal hesab\u0131ndan Emine Erdo\u011fan&#8217;\u0131n Melania Trump&#8217;a g\u00f6nderdi\u011fi mektuba ili\u015fkin payla\u015f\u0131m yapt\u0131. &#13; Emine Erdo\u011fan&#8217;\u0131n Melania Trump&#8217;a g\u00f6nderdi\u011fi mektubun, insanl\u0131\u011f\u0131n ortak vicdan\u0131na yap\u0131lm\u0131\u015f bir \u00e7a\u011fr\u0131 oldu\u011funu vurgulayan G\u00f6kta\u015f, \u015funlar\u0131 kaydetti: &#13; &#8220;Gazze i\u00e7in sesimizi y\u00fckseltmeye devam edece\u011fiz&#8221; &#13; &#8220;Bu mektup ayn\u0131 zamanda, soyk\u0131r\u0131mc\u0131 \u0130srail taraf\u0131ndan kahkahalar\u0131 susturulan \u00e7ocuklar i\u00e7in k\u00fcresel bir iradenin harekete ge\u00e7memesi<\/p>\n","protected":false},"author":1,"featured_media":90179,"comment_status":"open","ping_status":"open","sticky":false,"template":"","format":"standard","meta":{"footnotes":""},"categories":[101,86],"tags":[],"class_list":["post-90178","post","type-post","status-publish","format-standard","has-post-thumbnail","hentry","category-manset","category-turkiye"],"yoast_head":"<!-- This site is optimized with the Yoast SEO plugin v27.5 - https:\/\/yoast.com\/product\/yoast-seo-wordpress\/ -->\n<title>Gazze i\u00e7in harekete ge\u00e7me vakti \u00e7oktan geldi -<\/title>\n<meta name=\"robots\" content=\"index, follow, max-snippet:-1, max-image-preview:large, max-video-preview:-1\" \/>\n<link rel=\"canonical\" href=\"https:\/\/kibrisdakik.com\/?p=90178\" \/>\n<meta property=\"og:locale\" content=\"tr_TR\" \/>\n<meta property=\"og:type\" content=\"article\" \/>\n<meta property=\"og:title\" content=\"Gazze i\u00e7in harekete ge\u00e7me vakti \u00e7oktan geldi -\" \/>\n<meta property=\"og:description\" content=\"&#013; G\u00f6kta\u015f, NSosyal hesab\u0131ndan Emine Erdo\u011fan&#8217;\u0131n Melania Trump&#8217;a g\u00f6nderdi\u011fi mektuba ili\u015fkin payla\u015f\u0131m yapt\u0131. &#013; Emine Erdo\u011fan&#8217;\u0131n Melania Trump&#8217;a g\u00f6nderdi\u011fi mektubun, insanl\u0131\u011f\u0131n ortak vicdan\u0131na yap\u0131lm\u0131\u015f bir \u00e7a\u011fr\u0131 oldu\u011funu vurgulayan G\u00f6kta\u015f, \u015funlar\u0131 kaydetti: &#013; &#8220;Gazze i\u00e7in sesimizi y\u00fckseltmeye devam edece\u011fiz&#8221; &#013; &#8220;Bu mektup ayn\u0131 zamanda, soyk\u0131r\u0131mc\u0131 \u0130srail taraf\u0131ndan kahkahalar\u0131 susturulan \u00e7ocuklar i\u00e7in k\u00fcresel bir iradenin harekete ge\u00e7memesi\" \/>\n<meta property=\"og:url\" content=\"https:\/\/kibrisdakik.com\/?p=90178\" \/>\n<meta property=\"article:published_time\" content=\"2025-08-23T15:12:33+00:00\" \/>\n<meta property=\"og:image\" content=\"https:\/\/kibrisdakik.com\/wp-content\/uploads\/2025\/08\/1755961959_mahinur-goktas-2307104-740x420.jpg\" \/>\n\t<meta property=\"og:image:width\" content=\"1280\" \/>\n\t<meta property=\"og:image:height\" content=\"720\" \/>\n\t<meta property=\"og:image:type\" content=\"image\/jpeg\" \/>\n<meta name=\"author\" content=\"admin\" \/>\n<meta name=\"twitter:card\" content=\"summary_large_image\" \/>\n<meta name=\"twitter:label1\" content=\"Yazan:\" \/>\n\t<meta name=\"twitter:data1\" content=\"admin\" \/>\n\t<meta name=\"twitter:label2\" content=\"Tahmini okuma s\u00fcresi\" \/>\n\t<meta name=\"twitter:data2\" content=\"1 dakika\" \/>\n<script type=\"application\/ld+json\" class=\"yoast-schema-graph\">{\"@context\":\"https:\\\/\\\/schema.org\",\"@graph\":[{\"@type\":\"Article\",\"@id\":\"https:\\\/\\\/kibrisdakik.com\\\/?p=90178#article\",\"isPartOf\":{\"@id\":\"https:\\\/\\\/kibrisdakik.com\\\/?p=90178\"},\"author\":{\"name\":\"admin\",\"@id\":\"https:\\\/\\\/kibrisdakik.com\\\/#\\\/schema\\\/person\\\/9cd9d437bbb44f72b73ba127e06d8e79\"},\"headline\":\"Gazze i\u00e7in harekete ge\u00e7me vakti \u00e7oktan geldi\",\"datePublished\":\"2025-08-23T15:12:33+00:00\",\"mainEntityOfPage\":{\"@id\":\"https:\\\/\\\/kibrisdakik.com\\\/?p=90178\"},\"wordCount\":164,\"commentCount\":0,\"image\":{\"@id\":\"https:\\\/\\\/kibrisdakik.com\\\/?p=90178#primaryimage\"},\"thumbnailUrl\":\"https:\\\/\\\/kibrisdakik.com\\\/wp-content\\\/uploads\\\/2025\\\/08\\\/1755961959_mahinur-goktas-2307104-740x420.jpg\",\"articleSection\":[\"Man\u015fet\",\"T\u00fcrkiye\"],\"inLanguage\":\"tr\",\"potentialAction\":[{\"@type\":\"CommentAction\",\"name\":\"Comment\",\"target\":[\"https:\\\/\\\/kibrisdakik.com\\\/?p=90178#respond\"]}]},{\"@type\":\"WebPage\",\"@id\":\"https:\\\/\\\/kibrisdakik.com\\\/?p=90178\",\"url\":\"https:\\\/\\\/kibrisdakik.com\\\/?p=90178\",\"name\":\"Gazze i\u00e7in harekete ge\u00e7me vakti \u00e7oktan geldi -\",\"isPartOf\":{\"@id\":\"https:\\\/\\\/kibrisdakik.com\\\/#website\"},\"primaryImageOfPage\":{\"@id\":\"https:\\\/\\\/kibrisdakik.com\\\/?p=90178#primaryimage\"},\"image\":{\"@id\":\"https:\\\/\\\/kibrisdakik.com\\\/?p=90178#primaryimage\"},\"thumbnailUrl\":\"https:\\\/\\\/kibrisdakik.com\\\/wp-content\\\/uploads\\\/2025\\\/08\\\/1755961959_mahinur-goktas-2307104-740x420.jpg\",\"datePublished\":\"2025-08-23T15:12:33+00:00\",\"author\":{\"@id\":\"https:\\\/\\\/kibrisdakik.com\\\/#\\\/schema\\\/person\\\/9cd9d437bbb44f72b73ba127e06d8e79\"},\"breadcrumb\":{\"@id\":\"https:\\\/\\\/kibrisdakik.com\\\/?p=90178#breadcrumb\"},\"inLanguage\":\"tr\",\"potentialAction\":[{\"@type\":\"ReadAction\",\"target\":[\"https:\\\/\\\/kibrisdakik.com\\\/?p=90178\"]}]},{\"@type\":\"ImageObject\",\"inLanguage\":\"tr\",\"@id\":\"https:\\\/\\\/kibrisdakik.com\\\/?p=90178#primaryimage\",\"url\":\"https:\\\/\\\/kibrisdakik.com\\\/wp-content\\\/uploads\\\/2025\\\/08\\\/1755961959_mahinur-goktas-2307104-740x420.jpg\",\"contentUrl\":\"https:\\\/\\\/kibrisdakik.com\\\/wp-content\\\/uploads\\\/2025\\\/08\\\/1755961959_mahinur-goktas-2307104-740x420.jpg\",\"width\":1280,\"height\":720},{\"@type\":\"BreadcrumbList\",\"@id\":\"https:\\\/\\\/kibrisdakik.com\\\/?p=90178#breadcrumb\",\"itemListElement\":[{\"@type\":\"ListItem\",\"position\":1,\"name\":\"Home\",\"item\":\"https:\\\/\\\/kibrisdakik.com\\\/\"},{\"@type\":\"ListItem\",\"position\":2,\"name\":\"Gazze i\u00e7in harekete ge\u00e7me vakti \u00e7oktan geldi\"}]},{\"@type\":\"WebSite\",\"@id\":\"https:\\\/\\\/kibrisdakik.com\\\/#website\",\"url\":\"https:\\\/\\\/kibrisdakik.com\\\/\",\"name\":\"\",\"description\":\"Tam vaktinde haber\",\"potentialAction\":[{\"@type\":\"SearchAction\",\"target\":{\"@type\":\"EntryPoint\",\"urlTemplate\":\"https:\\\/\\\/kibrisdakik.com\\\/?s={search_term_string}\"},\"query-input\":{\"@type\":\"PropertyValueSpecification\",\"valueRequired\":true,\"valueName\":\"search_term_string\"}}],\"inLanguage\":\"tr\"},{\"@type\":\"Person\",\"@id\":\"https:\\\/\\\/kibrisdakik.com\\\/#\\\/schema\\\/person\\\/9cd9d437bbb44f72b73ba127e06d8e79\",\"name\":\"admin\",\"image\":{\"@type\":\"ImageObject\",\"inLanguage\":\"tr\",\"@id\":\"https:\\\/\\\/secure.gravatar.com\\\/avatar\\\/ccc17943b9d660506c869530f897617f7cb1c21a4bf30023f252596d83e1f007?s=96&d=mm&r=g\",\"url\":\"https:\\\/\\\/secure.gravatar.com\\\/avatar\\\/ccc17943b9d660506c869530f897617f7cb1c21a4bf30023f252596d83e1f007?s=96&d=mm&r=g\",\"contentUrl\":\"https:\\\/\\\/secure.gravatar.com\\\/avatar\\\/ccc17943b9d660506c869530f897617f7cb1c21a4bf30023f252596d83e1f007?s=96&d=mm&r=g\",\"caption\":\"admin\"},\"sameAs\":[\"https:\\\/\\\/kibrisdakik.com\"],\"url\":\"https:\\\/\\\/kibrisdakik.com\\\/?author=1\"}]}<\/script>\n<!-- \/ Yoast SEO plugin. -->","yoast_head_json":{"title":"Gazze i\u00e7in harekete ge\u00e7me vakti \u00e7oktan geldi -","robots":{"index":"index","follow":"follow","max-snippet":"max-snippet:-1","max-image-preview":"max-image-preview:large","max-video-preview":"max-video-preview:-1"},"canonical":"https:\/\/kibrisdakik.com\/?p=90178","og_locale":"tr_TR","og_type":"article","og_title":"Gazze i\u00e7in harekete ge\u00e7me vakti \u00e7oktan geldi -","og_description":"&#13; G\u00f6kta\u015f, NSosyal hesab\u0131ndan Emine Erdo\u011fan&#8217;\u0131n Melania Trump&#8217;a g\u00f6nderdi\u011fi mektuba ili\u015fkin payla\u015f\u0131m yapt\u0131. &#13; Emine Erdo\u011fan&#8217;\u0131n Melania Trump&#8217;a g\u00f6nderdi\u011fi mektubun, insanl\u0131\u011f\u0131n ortak vicdan\u0131na yap\u0131lm\u0131\u015f bir \u00e7a\u011fr\u0131 oldu\u011funu vurgulayan G\u00f6kta\u015f, \u015funlar\u0131 kaydetti: &#13; &#8220;Gazze i\u00e7in sesimizi y\u00fckseltmeye devam edece\u011fiz&#8221; &#13; &#8220;Bu mektup ayn\u0131 zamanda, soyk\u0131r\u0131mc\u0131 \u0130srail taraf\u0131ndan kahkahalar\u0131 susturulan \u00e7ocuklar i\u00e7in k\u00fcresel bir iradenin harekete ge\u00e7memesi","og_url":"https:\/\/kibrisdakik.com\/?p=90178","article_published_time":"2025-08-23T15:12:33+00:00","og_image":[{"width":1280,"height":720,"url":"https:\/\/kibrisdakik.com\/wp-content\/uploads\/2025\/08\/1755961959_mahinur-goktas-2307104-740x420.jpg","type":"image\/jpeg"}],"author":"admin","twitter_card":"summary_large_image","twitter_misc":{"Yazan:":"admin","Tahmini okuma s\u00fcresi":"1 dakika"},"schema":{"@context":"https:\/\/schema.org","@graph":[{"@type":"Article","@id":"https:\/\/kibrisdakik.com\/?p=90178#article","isPartOf":{"@id":"https:\/\/kibrisdakik.com\/?p=90178"},"author":{"name":"admin","@id":"https:\/\/kibrisdakik.com\/#\/schema\/person\/9cd9d437bbb44f72b73ba127e06d8e79"},"headline":"Gazze i\u00e7in harekete ge\u00e7me vakti \u00e7oktan geldi","datePublished":"2025-08-23T15:12:33+00:00","mainEntityOfPage":{"@id":"https:\/\/kibrisdakik.com\/?p=90178"},"wordCount":164,"commentCount":0,"image":{"@id":"https:\/\/kibrisdakik.com\/?p=90178#primaryimage"},"thumbnailUrl":"https:\/\/kibrisdakik.com\/wp-content\/uploads\/2025\/08\/1755961959_mahinur-goktas-2307104-740x420.jpg","articleSection":["Man\u015fet","T\u00fcrkiye"],"inLanguage":"tr","potentialAction":[{"@type":"CommentAction","name":"Comment","target":["https:\/\/kibrisdakik.com\/?p=90178#respond"]}]},{"@type":"WebPage","@id":"https:\/\/kibrisdakik.com\/?p=90178","url":"https:\/\/kibrisdakik.com\/?p=90178","name":"Gazze i\u00e7in harekete ge\u00e7me vakti \u00e7oktan geldi -","isPartOf":{"@id":"https:\/\/kibrisdakik.com\/#website"},"primaryImageOfPage":{"@id":"https:\/\/kibrisdakik.com\/?p=90178#primaryimage"},"image":{"@id":"https:\/\/kibrisdakik.com\/?p=90178#primaryimage"},"thumbnailUrl":"https:\/\/kibrisdakik.com\/wp-content\/uploads\/2025\/08\/1755961959_mahinur-goktas-2307104-740x420.jpg","datePublished":"2025-08-23T15:12:33+00:00","author":{"@id":"https:\/\/kibrisdakik.com\/#\/schema\/person\/9cd9d437bbb44f72b73ba127e06d8e79"},"breadcrumb":{"@id":"https:\/\/kibrisdakik.com\/?p=90178#breadcrumb"},"inLanguage":"tr","potentialAction":[{"@type":"ReadAction","target":["https:\/\/kibrisdakik.com\/?p=90178"]}]},{"@type":"ImageObject","inLanguage":"tr","@id":"https:\/\/kibrisdakik.com\/?p=90178#primaryimage","url":"https:\/\/kibrisdakik.com\/wp-content\/uploads\/2025\/08\/1755961959_mahinur-goktas-2307104-740x420.jpg","contentUrl":"https:\/\/kibrisdakik.com\/wp-content\/uploads\/2025\/08\/1755961959_mahinur-goktas-2307104-740x420.jpg","width":1280,"height":720},{"@type":"BreadcrumbList","@id":"https:\/\/kibrisdakik.com\/?p=90178#breadcrumb","itemListElement":[{"@type":"ListItem","position":1,"name":"Home","item":"https:\/\/kibrisdakik.com\/"},{"@type":"ListItem","position":2,"name":"Gazze i\u00e7in harekete ge\u00e7me vakti \u00e7oktan geldi"}]},{"@type":"WebSite","@id":"https:\/\/kibrisdakik.com\/#website","url":"https:\/\/kibrisdakik.com\/","name":"","description":"Tam vaktinde haber","potentialAction":[{"@type":"SearchAction","target":{"@type":"EntryPoint","urlTemplate":"https:\/\/kibrisdakik.com\/?s={search_term_string}"},"query-input":{"@type":"PropertyValueSpecification","valueRequired":true,"valueName":"search_term_string"}}],"inLanguage":"tr"},{"@type":"Person","@id":"https:\/\/kibrisdakik.com\/#\/schema\/person\/9cd9d437bbb44f72b73ba127e06d8e79","name":"admin","image":{"@type":"ImageObject","inLanguage":"tr","@id":"https:\/\/secure.gravatar.com\/avatar\/ccc17943b9d660506c869530f897617f7cb1c21a4bf30023f252596d83e1f007?s=96&d=mm&r=g","url":"https:\/\/secure.gravatar.com\/avatar\/ccc17943b9d660506c869530f897617f7cb1c21a4bf30023f252596d83e1f007?s=96&d=mm&r=g","contentUrl":"https:\/\/secure.gravatar.com\/avatar\/ccc17943b9d660506c869530f897617f7cb1c21a4bf30023f252596d83e1f007?s=96&d=mm&r=g","caption":"admin"},"sameAs":["https:\/\/kibrisdakik.com"],"url":"https:\/\/kibrisdakik.com\/?author=1"}]}},"_links":{"self":[{"href":"https:\/\/kibrisdakik.com\/index.php?rest_route=\/wp\/v2\/posts\/90178","targetHints":{"allow":["GET"]}}],"collection":[{"href":"https:\/\/kibrisdakik.com\/index.php?rest_route=\/wp\/v2\/posts"}],"about":[{"href":"https:\/\/kibrisdakik.com\/index.php?rest_route=\/wp\/v2\/types\/post"}],"author":[{"embeddable":true,"href":"https:\/\/kibrisdakik.com\/index.php?rest_route=\/wp\/v2\/users\/1"}],"replies":[{"embeddable":true,"href":"https:\/\/kibrisdakik.com\/index.php?rest_route=%2Fwp%2Fv2%2Fcomments&post=90178"}],"version-history":[{"count":0,"href":"https:\/\/kibrisdakik.com\/index.php?rest_route=\/wp\/v2\/posts\/90178\/revisions"}],"wp:featuredmedia":[{"embeddable":true,"href":"https:\/\/kibrisdakik.com\/index.php?rest_route=\/wp\/v2\/media\/90179"}],"wp:attachment":[{"href":"https:\/\/kibrisdakik.com\/index.php?rest_route=%2Fwp%2Fv2%2Fmedia&parent=90178"}],"wp:term":[{"taxonomy":"category","embeddable":true,"href":"https:\/\/kibrisdakik.com\/index.php?rest_route=%2Fwp%2Fv2%2Fcategories&post=90178"},{"taxonomy":"post_tag","embeddable":true,"href":"https:\/\/kibrisdakik.com\/index.php?rest_route=%2Fwp%2Fv2%2Ftags&post=90178"}],"curies":[{"name":"wp","href":"https:\/\/api.w.org\/{rel}","templated":true}]}}