{"id":90218,"date":"2025-08-24T01:11:07","date_gmt":"2025-08-23T22:11:07","guid":{"rendered":"https:\/\/kibrisdakik.com\/index.php\/2025\/08\/24\/istanbul-bogazi-milli-gururla-dalgalanacak-3\/"},"modified":"2025-08-24T01:11:07","modified_gmt":"2025-08-23T22:11:07","slug":"istanbul-bogazi-milli-gururla-dalgalanacak-3","status":"publish","type":"post","link":"https:\/\/kibrisdakik.com\/?p=90218","title":{"rendered":"\u0130stanbul Bo\u011faz\u0131 milli gururla dalgalanacak"},"content":{"rendered":"<p><\/p>\n<div>\n<p>&#13;<br \/>\n\t&#8220;T\u00fcrk bayra\u011f\u0131n\u0131 al, gel&#8221; \u00e7a\u011fr\u0131s\u0131yla t\u00fcm halk\u0131m\u0131z\u0131n davetli oldu\u011fu TEKNOFEST Mavi Vatan Bo\u011faz Ge\u00e7i\u015fi co\u015fkusuna ortak olmak i\u00e7in binlerce ki\u015fi Bo\u011faz k\u0131y\u0131lar\u0131nda toplanacak.<\/p>\n<p>&#13;<br \/>\n\tEllerindeki bayraklarla donanmam\u0131z\u0131 selamlayacak vatanda\u015flar\u0131m\u0131z, g\u00f6ky\u00fcz\u00fc ve denizin k\u0131rm\u0131z\u0131 beyaza boyanaca\u011f\u0131 unutulmaz anlara tan\u0131kl\u0131k edecek.<\/p>\n<p>&#13;<br \/>\n\tTCG Anadolu, TCG Savarona ve TCG HIZIRRE\u0130S denizalt\u0131s\u0131n\u0131n da aralar\u0131nda bulundu\u011fu T\u00fcrk Donanmas\u0131n\u0131n se\u00e7kin platformlar\u0131, 15:30 &#8211; 18.30 saatleri aras\u0131nda Bo\u011faz\u2019da olacak. Yavuz Sultan Selim K\u00f6pr\u00fcs\u00fc\u2019nden ba\u015flayacak olan ge\u00e7i\u015f, Sar\u0131yer, Tarabya, Emirgan, Kanl\u0131ca, Rumeli Hisar\u0131, Kandilli, Bebek, Ortak\u00f6y, 15 Temmuz \u015eehitler K\u00f6pr\u00fcs\u00fc rotas\u0131yla devam edecek. Dolmabah\u00e7e\u2019de Cumhurba\u015fkan\u0131 Say\u0131n Recep Tayyip Erdo\u011fan\u2019\u0131n selamlanmas\u0131n\u0131n ard\u0131ndan Moda, Caddebostan ve Maltepe sahilinde son bulacak ve \u0130stanbul Bo\u011faz\u0131 muhte\u015fem g\u00f6r\u00fcnt\u00fclere sahne olacak.<\/p>\n<p>&#13;<br \/>\n\tBu tarihi seyir s\u0131ras\u0131nda TCG ANADOLU ve TCG Savarona, TEKNOFEST yar\u0131\u015fmac\u0131s\u0131 gen\u00e7leri, \u015fehit \u00e7ocuklar\u0131n\u0131 ve sevgi evlerindeki \u00e7ocuklar\u0131 da a\u011f\u0131rlayarak onlara unutulmaz bir g\u00fcn ya\u015fatacak.<\/p>\n<p><\/p>\n<h2>&#13;<br \/>\n\tMilli Teknoloji Hamlesi Mavi Vatan ile Bulu\u015fuyor: 30-31 A\u011fustos<\/h2>\n<p>&#13;<br \/>\n\tBo\u011faz&#8217;daki bu g\u00f6rsel \u015f\u00f6lenin ard\u0131ndan heyecan, 30-31 A\u011fustos 2025 tarihlerinde \u0130stanbul Tersanesi Komutanl\u0131\u011f\u0131&#8217;nda devam edecek. Milli Teknoloji Hamlesi&#8217;nin denizlerdeki yans\u0131mas\u0131 olan etkinlikte, gelece\u011fin deniz teknolojileri i\u00e7in k\u0131yas\u0131ya bir m\u00fccadele ya\u015fanacak. TEKNOFEST yar\u0131\u015fmac\u0131s\u0131 gen\u00e7ler, \u0130nsans\u0131z Su Alt\u0131 Sistemleri, Su Alt\u0131 Roket ve \u0130nsans\u0131z Deniz Arac\u0131 yar\u0131\u015fmalar\u0131nda yeteneklerini sergileyecek.<\/p>\n<p>&#13;<br \/>\n\tEtkinlik alan\u0131nda Deniz Kuvvetleri gemi maketleri sergisi, sanal ger\u00e7eklik deneyim alanlar\u0131, SAT ve SAS Komutanl\u0131\u011f\u0131 g\u00f6sterileri, Dragon K\u00fcrek Yar\u0131\u015f\u0131 ve Gemi Tasar\u0131m\u0131 At\u00f6lyesi gibi bir\u00e7ok aktivite teknoloji tutkunlar\u0131n\u0131 bekliyor olacak.<\/p>\n<h2>&#13;<br \/>\n\tGen\u00e7 yeteneklere \u00f6zel bir ayr\u0131cal\u0131k<\/h2>\n<p>&#13;<br \/>\n\tEtkinlik kapsam\u0131nda d\u00fczenlenen Resim ve Makale Yar\u0131\u015fmalar\u0131nda dereceye girenler, TCG ANADOLU, TCG Savarona, TCG Sakarya ve TCG HIZIRRE\u0130S gibi \u00f6zel platformlar\u0131 ziyaret ederek T\u00fcrk denizcilik tarihine yak\u0131ndan tan\u0131kl\u0131k etme f\u0131rsat\u0131 bulacak.<\/p>\n<h2>&#13;<br \/>\n\tTEKNOFEST Mavi Vatan bo\u011faz ge\u00e7i\u015fi program\u0131<\/h2>\n<p>&#13;<br \/>\n\tVatanda\u015flar\u0131n 24 A\u011fustos Pazar g\u00fcn\u00fc rahat foto\u011fraf ve g\u00f6r\u00fcnt\u00fc alabilmesi i\u00e7in seyir g\u00fczerg\u00e2h\u0131 ve tahmini ge\u00e7i\u015f saatleri \u015fu \u015fekilde planland\u0131:<\/p>\n<p>&#13;<br \/>\n\t\u25cf 15:30 &#8211; Yavuz Sultan Selim K\u00f6pr\u00fcs\u00fc ge\u00e7i\u015fi<\/p>\n<p>&#13;<br \/>\n\t\u25cf 16:00 &#8211; Sar\u0131yer Merkez Sahili ve Tarabya ge\u00e7i\u015fi<\/p>\n<p>&#13;<br \/>\n\t\u25cf 16:10 &#8211; Emirgan b\u00f6lgesi<\/p>\n<p>&#13;<br \/>\n\t\u25cf 16:15 &#8211; Kanl\u0131ca<\/p>\n<p>&#13;<br \/>\n\t\u25cf 16:30 &#8211; Rumeli Hisar\u0131<\/p>\n<p>&#13;<br \/>\n\t\u25cf 16:40 &#8211; Kandilli &#8211; Bebek hatt\u0131<\/p>\n<p>&#13;<br \/>\n\t\u25cf 16:50 &#8211; Ortak\u00f6y ve 15 Temmuz \u015eehitler K\u00f6pr\u00fcs\u00fc ge\u00e7i\u015fi<\/p>\n<p>&#13;<br \/>\n\t\u25cf 17:00 &#8211; Dolmabah\u00e7e<\/p>\n<p>&#13;<br \/>\n\t\u25cf 17:30 &#8211; Moda Sahili<\/p>\n<p>&#13;<br \/>\n\t\u25cf 18:00 &#8211; Caddebostan Sahili<\/p>\n<p>&#13;<br \/>\n\t\u25cf 18:30 &#8211; Maltepe Sahili<\/p>\n<\/p><\/div>\n","protected":false},"excerpt":{"rendered":"<p>&#13; &#8220;T\u00fcrk bayra\u011f\u0131n\u0131 al, gel&#8221; \u00e7a\u011fr\u0131s\u0131yla t\u00fcm halk\u0131m\u0131z\u0131n davetli oldu\u011fu TEKNOFEST Mavi Vatan Bo\u011faz Ge\u00e7i\u015fi co\u015fkusuna ortak olmak i\u00e7in binlerce ki\u015fi Bo\u011faz k\u0131y\u0131lar\u0131nda toplanacak. &#13; Ellerindeki bayraklarla donanmam\u0131z\u0131 selamlayacak vatanda\u015flar\u0131m\u0131z, g\u00f6ky\u00fcz\u00fc ve denizin k\u0131rm\u0131z\u0131 beyaza boyanaca\u011f\u0131 unutulmaz anlara tan\u0131kl\u0131k edecek. &#13; TCG Anadolu, TCG Savarona ve TCG HIZIRRE\u0130S denizalt\u0131s\u0131n\u0131n da aralar\u0131nda bulundu\u011fu T\u00fcrk Donanmas\u0131n\u0131n se\u00e7kin<\/p>\n","protected":false},"author":1,"featured_media":90219,"comment_status":"open","ping_status":"open","sticky":false,"template":"","format":"standard","meta":{"footnotes":""},"categories":[101,86],"tags":[],"class_list":["post-90218","post","type-post","status-publish","format-standard","has-post-thumbnail","hentry","category-manset","category-turkiye"],"yoast_head":"<!-- This site is optimized with the Yoast SEO plugin v27.5 - https:\/\/yoast.com\/product\/yoast-seo-wordpress\/ -->\n<title>\u0130stanbul Bo\u011faz\u0131 milli gururla dalgalanacak -<\/title>\n<meta name=\"robots\" content=\"index, follow, max-snippet:-1, max-image-preview:large, max-video-preview:-1\" \/>\n<link rel=\"canonical\" href=\"https:\/\/kibrisdakik.com\/?p=90218\" \/>\n<meta property=\"og:locale\" content=\"tr_TR\" \/>\n<meta property=\"og:type\" content=\"article\" \/>\n<meta property=\"og:title\" content=\"\u0130stanbul Bo\u011faz\u0131 milli gururla dalgalanacak -\" \/>\n<meta property=\"og:description\" content=\"&#013; &#8220;T\u00fcrk bayra\u011f\u0131n\u0131 al, gel&#8221; \u00e7a\u011fr\u0131s\u0131yla t\u00fcm halk\u0131m\u0131z\u0131n davetli oldu\u011fu TEKNOFEST Mavi Vatan Bo\u011faz Ge\u00e7i\u015fi co\u015fkusuna ortak olmak i\u00e7in binlerce ki\u015fi Bo\u011faz k\u0131y\u0131lar\u0131nda toplanacak. &#013; Ellerindeki bayraklarla donanmam\u0131z\u0131 selamlayacak vatanda\u015flar\u0131m\u0131z, g\u00f6ky\u00fcz\u00fc ve denizin k\u0131rm\u0131z\u0131 beyaza boyanaca\u011f\u0131 unutulmaz anlara tan\u0131kl\u0131k edecek. &#013; TCG Anadolu, TCG Savarona ve TCG HIZIRRE\u0130S denizalt\u0131s\u0131n\u0131n da aralar\u0131nda bulundu\u011fu T\u00fcrk Donanmas\u0131n\u0131n se\u00e7kin\" \/>\n<meta property=\"og:url\" content=\"https:\/\/kibrisdakik.com\/?p=90218\" \/>\n<meta property=\"article:published_time\" content=\"2025-08-23T22:11:07+00:00\" \/>\n<meta property=\"og:image\" content=\"https:\/\/kibrisdakik.com\/wp-content\/uploads\/2025\/08\/1755987078_tcg-anadolu-istanbulaa-2391023-740x420.jpg\" \/>\n\t<meta property=\"og:image:width\" content=\"1280\" \/>\n\t<meta property=\"og:image:height\" content=\"720\" \/>\n\t<meta property=\"og:image:type\" content=\"image\/jpeg\" \/>\n<meta name=\"author\" content=\"admin\" \/>\n<meta name=\"twitter:card\" content=\"summary_large_image\" \/>\n<meta name=\"twitter:label1\" content=\"Yazan:\" \/>\n\t<meta name=\"twitter:data1\" content=\"admin\" \/>\n\t<meta name=\"twitter:label2\" content=\"Tahmini okuma s\u00fcresi\" \/>\n\t<meta name=\"twitter:data2\" content=\"2 dakika\" \/>\n<script type=\"application\/ld+json\" class=\"yoast-schema-graph\">{\"@context\":\"https:\\\/\\\/schema.org\",\"@graph\":[{\"@type\":\"Article\",\"@id\":\"https:\\\/\\\/kibrisdakik.com\\\/?p=90218#article\",\"isPartOf\":{\"@id\":\"https:\\\/\\\/kibrisdakik.com\\\/?p=90218\"},\"author\":{\"name\":\"admin\",\"@id\":\"https:\\\/\\\/kibrisdakik.com\\\/#\\\/schema\\\/person\\\/9cd9d437bbb44f72b73ba127e06d8e79\"},\"headline\":\"\u0130stanbul Bo\u011faz\u0131 milli gururla dalgalanacak\",\"datePublished\":\"2025-08-23T22:11:07+00:00\",\"mainEntityOfPage\":{\"@id\":\"https:\\\/\\\/kibrisdakik.com\\\/?p=90218\"},\"wordCount\":470,\"commentCount\":0,\"image\":{\"@id\":\"https:\\\/\\\/kibrisdakik.com\\\/?p=90218#primaryimage\"},\"thumbnailUrl\":\"https:\\\/\\\/kibrisdakik.com\\\/wp-content\\\/uploads\\\/2025\\\/08\\\/1755987078_tcg-anadolu-istanbulaa-2391023-740x420.jpg\",\"articleSection\":[\"Man\u015fet\",\"T\u00fcrkiye\"],\"inLanguage\":\"tr\",\"potentialAction\":[{\"@type\":\"CommentAction\",\"name\":\"Comment\",\"target\":[\"https:\\\/\\\/kibrisdakik.com\\\/?p=90218#respond\"]}]},{\"@type\":\"WebPage\",\"@id\":\"https:\\\/\\\/kibrisdakik.com\\\/?p=90218\",\"url\":\"https:\\\/\\\/kibrisdakik.com\\\/?p=90218\",\"name\":\"\u0130stanbul Bo\u011faz\u0131 milli gururla dalgalanacak -\",\"isPartOf\":{\"@id\":\"https:\\\/\\\/kibrisdakik.com\\\/#website\"},\"primaryImageOfPage\":{\"@id\":\"https:\\\/\\\/kibrisdakik.com\\\/?p=90218#primaryimage\"},\"image\":{\"@id\":\"https:\\\/\\\/kibrisdakik.com\\\/?p=90218#primaryimage\"},\"thumbnailUrl\":\"https:\\\/\\\/kibrisdakik.com\\\/wp-content\\\/uploads\\\/2025\\\/08\\\/1755987078_tcg-anadolu-istanbulaa-2391023-740x420.jpg\",\"datePublished\":\"2025-08-23T22:11:07+00:00\",\"author\":{\"@id\":\"https:\\\/\\\/kibrisdakik.com\\\/#\\\/schema\\\/person\\\/9cd9d437bbb44f72b73ba127e06d8e79\"},\"breadcrumb\":{\"@id\":\"https:\\\/\\\/kibrisdakik.com\\\/?p=90218#breadcrumb\"},\"inLanguage\":\"tr\",\"potentialAction\":[{\"@type\":\"ReadAction\",\"target\":[\"https:\\\/\\\/kibrisdakik.com\\\/?p=90218\"]}]},{\"@type\":\"ImageObject\",\"inLanguage\":\"tr\",\"@id\":\"https:\\\/\\\/kibrisdakik.com\\\/?p=90218#primaryimage\",\"url\":\"https:\\\/\\\/kibrisdakik.com\\\/wp-content\\\/uploads\\\/2025\\\/08\\\/1755987078_tcg-anadolu-istanbulaa-2391023-740x420.jpg\",\"contentUrl\":\"https:\\\/\\\/kibrisdakik.com\\\/wp-content\\\/uploads\\\/2025\\\/08\\\/1755987078_tcg-anadolu-istanbulaa-2391023-740x420.jpg\",\"width\":1280,\"height\":720},{\"@type\":\"BreadcrumbList\",\"@id\":\"https:\\\/\\\/kibrisdakik.com\\\/?p=90218#breadcrumb\",\"itemListElement\":[{\"@type\":\"ListItem\",\"position\":1,\"name\":\"Home\",\"item\":\"https:\\\/\\\/kibrisdakik.com\\\/\"},{\"@type\":\"ListItem\",\"position\":2,\"name\":\"\u0130stanbul Bo\u011faz\u0131 milli gururla dalgalanacak\"}]},{\"@type\":\"WebSite\",\"@id\":\"https:\\\/\\\/kibrisdakik.com\\\/#website\",\"url\":\"https:\\\/\\\/kibrisdakik.com\\\/\",\"name\":\"\",\"description\":\"Tam vaktinde haber\",\"potentialAction\":[{\"@type\":\"SearchAction\",\"target\":{\"@type\":\"EntryPoint\",\"urlTemplate\":\"https:\\\/\\\/kibrisdakik.com\\\/?s={search_term_string}\"},\"query-input\":{\"@type\":\"PropertyValueSpecification\",\"valueRequired\":true,\"valueName\":\"search_term_string\"}}],\"inLanguage\":\"tr\"},{\"@type\":\"Person\",\"@id\":\"https:\\\/\\\/kibrisdakik.com\\\/#\\\/schema\\\/person\\\/9cd9d437bbb44f72b73ba127e06d8e79\",\"name\":\"admin\",\"image\":{\"@type\":\"ImageObject\",\"inLanguage\":\"tr\",\"@id\":\"https:\\\/\\\/secure.gravatar.com\\\/avatar\\\/ccc17943b9d660506c869530f897617f7cb1c21a4bf30023f252596d83e1f007?s=96&d=mm&r=g\",\"url\":\"https:\\\/\\\/secure.gravatar.com\\\/avatar\\\/ccc17943b9d660506c869530f897617f7cb1c21a4bf30023f252596d83e1f007?s=96&d=mm&r=g\",\"contentUrl\":\"https:\\\/\\\/secure.gravatar.com\\\/avatar\\\/ccc17943b9d660506c869530f897617f7cb1c21a4bf30023f252596d83e1f007?s=96&d=mm&r=g\",\"caption\":\"admin\"},\"sameAs\":[\"https:\\\/\\\/kibrisdakik.com\"],\"url\":\"https:\\\/\\\/kibrisdakik.com\\\/?author=1\"}]}<\/script>\n<!-- \/ Yoast SEO plugin. -->","yoast_head_json":{"title":"\u0130stanbul Bo\u011faz\u0131 milli gururla dalgalanacak -","robots":{"index":"index","follow":"follow","max-snippet":"max-snippet:-1","max-image-preview":"max-image-preview:large","max-video-preview":"max-video-preview:-1"},"canonical":"https:\/\/kibrisdakik.com\/?p=90218","og_locale":"tr_TR","og_type":"article","og_title":"\u0130stanbul Bo\u011faz\u0131 milli gururla dalgalanacak -","og_description":"&#13; &#8220;T\u00fcrk bayra\u011f\u0131n\u0131 al, gel&#8221; \u00e7a\u011fr\u0131s\u0131yla t\u00fcm halk\u0131m\u0131z\u0131n davetli oldu\u011fu TEKNOFEST Mavi Vatan Bo\u011faz Ge\u00e7i\u015fi co\u015fkusuna ortak olmak i\u00e7in binlerce ki\u015fi Bo\u011faz k\u0131y\u0131lar\u0131nda toplanacak. &#13; Ellerindeki bayraklarla donanmam\u0131z\u0131 selamlayacak vatanda\u015flar\u0131m\u0131z, g\u00f6ky\u00fcz\u00fc ve denizin k\u0131rm\u0131z\u0131 beyaza boyanaca\u011f\u0131 unutulmaz anlara tan\u0131kl\u0131k edecek. &#13; TCG Anadolu, TCG Savarona ve TCG HIZIRRE\u0130S denizalt\u0131s\u0131n\u0131n da aralar\u0131nda bulundu\u011fu T\u00fcrk Donanmas\u0131n\u0131n se\u00e7kin","og_url":"https:\/\/kibrisdakik.com\/?p=90218","article_published_time":"2025-08-23T22:11:07+00:00","og_image":[{"width":1280,"height":720,"url":"https:\/\/kibrisdakik.com\/wp-content\/uploads\/2025\/08\/1755987078_tcg-anadolu-istanbulaa-2391023-740x420.jpg","type":"image\/jpeg"}],"author":"admin","twitter_card":"summary_large_image","twitter_misc":{"Yazan:":"admin","Tahmini okuma s\u00fcresi":"2 dakika"},"schema":{"@context":"https:\/\/schema.org","@graph":[{"@type":"Article","@id":"https:\/\/kibrisdakik.com\/?p=90218#article","isPartOf":{"@id":"https:\/\/kibrisdakik.com\/?p=90218"},"author":{"name":"admin","@id":"https:\/\/kibrisdakik.com\/#\/schema\/person\/9cd9d437bbb44f72b73ba127e06d8e79"},"headline":"\u0130stanbul Bo\u011faz\u0131 milli gururla dalgalanacak","datePublished":"2025-08-23T22:11:07+00:00","mainEntityOfPage":{"@id":"https:\/\/kibrisdakik.com\/?p=90218"},"wordCount":470,"commentCount":0,"image":{"@id":"https:\/\/kibrisdakik.com\/?p=90218#primaryimage"},"thumbnailUrl":"https:\/\/kibrisdakik.com\/wp-content\/uploads\/2025\/08\/1755987078_tcg-anadolu-istanbulaa-2391023-740x420.jpg","articleSection":["Man\u015fet","T\u00fcrkiye"],"inLanguage":"tr","potentialAction":[{"@type":"CommentAction","name":"Comment","target":["https:\/\/kibrisdakik.com\/?p=90218#respond"]}]},{"@type":"WebPage","@id":"https:\/\/kibrisdakik.com\/?p=90218","url":"https:\/\/kibrisdakik.com\/?p=90218","name":"\u0130stanbul Bo\u011faz\u0131 milli gururla dalgalanacak -","isPartOf":{"@id":"https:\/\/kibrisdakik.com\/#website"},"primaryImageOfPage":{"@id":"https:\/\/kibrisdakik.com\/?p=90218#primaryimage"},"image":{"@id":"https:\/\/kibrisdakik.com\/?p=90218#primaryimage"},"thumbnailUrl":"https:\/\/kibrisdakik.com\/wp-content\/uploads\/2025\/08\/1755987078_tcg-anadolu-istanbulaa-2391023-740x420.jpg","datePublished":"2025-08-23T22:11:07+00:00","author":{"@id":"https:\/\/kibrisdakik.com\/#\/schema\/person\/9cd9d437bbb44f72b73ba127e06d8e79"},"breadcrumb":{"@id":"https:\/\/kibrisdakik.com\/?p=90218#breadcrumb"},"inLanguage":"tr","potentialAction":[{"@type":"ReadAction","target":["https:\/\/kibrisdakik.com\/?p=90218"]}]},{"@type":"ImageObject","inLanguage":"tr","@id":"https:\/\/kibrisdakik.com\/?p=90218#primaryimage","url":"https:\/\/kibrisdakik.com\/wp-content\/uploads\/2025\/08\/1755987078_tcg-anadolu-istanbulaa-2391023-740x420.jpg","contentUrl":"https:\/\/kibrisdakik.com\/wp-content\/uploads\/2025\/08\/1755987078_tcg-anadolu-istanbulaa-2391023-740x420.jpg","width":1280,"height":720},{"@type":"BreadcrumbList","@id":"https:\/\/kibrisdakik.com\/?p=90218#breadcrumb","itemListElement":[{"@type":"ListItem","position":1,"name":"Home","item":"https:\/\/kibrisdakik.com\/"},{"@type":"ListItem","position":2,"name":"\u0130stanbul Bo\u011faz\u0131 milli gururla dalgalanacak"}]},{"@type":"WebSite","@id":"https:\/\/kibrisdakik.com\/#website","url":"https:\/\/kibrisdakik.com\/","name":"","description":"Tam vaktinde haber","potentialAction":[{"@type":"SearchAction","target":{"@type":"EntryPoint","urlTemplate":"https:\/\/kibrisdakik.com\/?s={search_term_string}"},"query-input":{"@type":"PropertyValueSpecification","valueRequired":true,"valueName":"search_term_string"}}],"inLanguage":"tr"},{"@type":"Person","@id":"https:\/\/kibrisdakik.com\/#\/schema\/person\/9cd9d437bbb44f72b73ba127e06d8e79","name":"admin","image":{"@type":"ImageObject","inLanguage":"tr","@id":"https:\/\/secure.gravatar.com\/avatar\/ccc17943b9d660506c869530f897617f7cb1c21a4bf30023f252596d83e1f007?s=96&d=mm&r=g","url":"https:\/\/secure.gravatar.com\/avatar\/ccc17943b9d660506c869530f897617f7cb1c21a4bf30023f252596d83e1f007?s=96&d=mm&r=g","contentUrl":"https:\/\/secure.gravatar.com\/avatar\/ccc17943b9d660506c869530f897617f7cb1c21a4bf30023f252596d83e1f007?s=96&d=mm&r=g","caption":"admin"},"sameAs":["https:\/\/kibrisdakik.com"],"url":"https:\/\/kibrisdakik.com\/?author=1"}]}},"_links":{"self":[{"href":"https:\/\/kibrisdakik.com\/index.php?rest_route=\/wp\/v2\/posts\/90218","targetHints":{"allow":["GET"]}}],"collection":[{"href":"https:\/\/kibrisdakik.com\/index.php?rest_route=\/wp\/v2\/posts"}],"about":[{"href":"https:\/\/kibrisdakik.com\/index.php?rest_route=\/wp\/v2\/types\/post"}],"author":[{"embeddable":true,"href":"https:\/\/kibrisdakik.com\/index.php?rest_route=\/wp\/v2\/users\/1"}],"replies":[{"embeddable":true,"href":"https:\/\/kibrisdakik.com\/index.php?rest_route=%2Fwp%2Fv2%2Fcomments&post=90218"}],"version-history":[{"count":0,"href":"https:\/\/kibrisdakik.com\/index.php?rest_route=\/wp\/v2\/posts\/90218\/revisions"}],"wp:featuredmedia":[{"embeddable":true,"href":"https:\/\/kibrisdakik.com\/index.php?rest_route=\/wp\/v2\/media\/90219"}],"wp:attachment":[{"href":"https:\/\/kibrisdakik.com\/index.php?rest_route=%2Fwp%2Fv2%2Fmedia&parent=90218"}],"wp:term":[{"taxonomy":"category","embeddable":true,"href":"https:\/\/kibrisdakik.com\/index.php?rest_route=%2Fwp%2Fv2%2Fcategories&post=90218"},{"taxonomy":"post_tag","embeddable":true,"href":"https:\/\/kibrisdakik.com\/index.php?rest_route=%2Fwp%2Fv2%2Ftags&post=90218"}],"curies":[{"name":"wp","href":"https:\/\/api.w.org\/{rel}","templated":true}]}}