{"id":9032,"date":"2023-06-19T07:27:06","date_gmt":"2023-06-19T07:27:06","guid":{"rendered":"https:\/\/kibrisdakik.com\/index.php\/2023\/06\/19\/bedelli-askerlik-yoklamasi-3-temmuzda-yapilacak\/"},"modified":"2023-06-19T07:27:06","modified_gmt":"2023-06-19T07:27:06","slug":"bedelli-askerlik-yoklamasi-3-temmuzda-yapilacak","status":"publish","type":"post","link":"https:\/\/kibrisdakik.com\/?p=9032","title":{"rendered":"Bedelli askerlik yoklamas\u0131 3 Temmuz\u2019da yap\u0131lacak"},"content":{"rendered":"<p><\/p>\n<div>\n<div class=\"mariselle-image-container center\">\n                <img width=\"706\" height=\"431\" class=\"lazy-image\" alt=\"\" decoding=\"async\" loading=\"lazy\" sizes=\"auto, (max-width: 706px) 100vw, 706px\" src=\"https:\/\/brtk.net\/wp-content\/uploads\/2023\/02\/06\/gkk5.jpg?ver=a0dc35a2b16ad314b0f3780212a844ba\" srcset=\"https:\/\/brtk.net\/wp-content\/uploads\/2023\/02\/06\/gkk5.jpg?ver=a0dc35a2b16ad314b0f3780212a844ba 706w, https:\/\/brtk.net\/wp-content\/uploads\/2023\/02\/06\/gkk5-300x183.jpg?ver=a0dc35a2b16ad314b0f3780212a844ba 300w\"\/>                            <\/div>\n<p>\u00a0<\/p>\n<p style=\"font-weight: 300;\">\u00a0G\u00fcvenlik Kuvvetleri Komutanl\u0131\u011f\u0131, bedelli askerlik yoklamas\u0131n\u0131n 3 Temmuz 2023 tarihinde 08.00\u201312.30 saatleri aras\u0131nda, G\u00fcvenlik Kuvvetleri Komutanl\u0131\u011f\u0131 ASAL ve Seferberlik \u015eube M\u00fcd\u00fcrl\u00fc\u011f\u00fcnde (Lefko\u015fa) yap\u0131laca\u011f\u0131n\u0131 duyurdu.<\/p>\n<p style=\"font-weight: 300;\">G\u00fcvenlik Kuvvetleri Komutanl\u0131\u011f\u0131ndan yap\u0131lan a\u00e7\u0131klamaya g\u00f6re, 66\u2019nc\u0131 d\u00f6nem bedelli askerlik yoklamas\u0131 3 Temmuz 2023 tarihinde yap\u0131lacak.<\/p>\n<p style=\"font-weight: 300;\">Bedelli askerlik yapmak maksad\u0131yla G\u00fcvenlik Kuvvetleri Komutanl\u0131\u011f\u0131 ASAL ve Seferberlik \u015eube M\u00fcd\u00fcrl\u00fc\u011f\u00fcne ba\u015fvuru yapanlar ve kendilerine bu yoklamaya kat\u0131lmalar\u0131 i\u00e7in \u00e7a\u011fr\u0131 pusulas\u0131 tebli\u011f edilen\/g\u00f6nderilen y\u00fck\u00fcml\u00fcler, yoklamaya gelirken \u015fu belgeleri beraberinde getirmeli:<\/p>\n<p style=\"font-weight: 300;\">\u201c<a href=\"https:\/\/brtk.net\/\"\/><a href=\"https:\/\/brtk.net\/\">KKTC<\/a> kimlik kart\u0131,<\/p>\n<p style=\"font-weight: 300;\"><a href=\"https:\/\/brtk.net\/\"\/><a href=\"https:\/\/brtk.net\/\">KKTC<\/a> do\u011fum kay\u0131t belgesi,<\/p>\n<p style=\"font-weight: 300;\">\u00c7ift uyruklular i\u00e7in T.C. kimlik kart\u0131 ve T.C. vukuatl\u0131 n\u00fcfus kay\u0131t \u00f6rne\u011fi,<\/p>\n<p style=\"font-weight: 300;\">Pasaport,<\/p>\n<p style=\"font-weight: 300;\">Polis Genel M\u00fcd\u00fcrl\u00fc\u011f\u00fc B\u00f6lge M\u00fcd\u00fcrl\u00fcklerinden alacaklar\u0131 <a href=\"https:\/\/brtk.net\/\"\/><a href=\"https:\/\/brtk.net\/\">KKTC<\/a>\u2019ne giri\u015f-\u00e7\u0131k\u0131\u015f belgesi (deniz \u2013 hava, kara ve barkotlu ge\u00e7i\u015f d\u00f6k\u00fcmleri),<\/p>\n<p style=\"font-weight: 300;\">Bedelli askerlik \u00fccretini yat\u0131rd\u0131\u011f\u0131na dair dekont, (\u00d6deme yaparken, bedelli askerlik son yoklamas\u0131na ba\u015fvuru tarihi ile bedelli askerlik yoklama tarihi aras\u0131ndaki d\u00f6nemde \u00f6demenin yap\u0131ld\u0131\u011f\u0131 tarihte y\u00fcr\u00fcrl\u00fckte olan br\u00fct asgari \u00fccretin katlar\u0131 dikkate al\u0131nacakt\u0131r.)<\/p>\n<p style=\"font-weight: 300;\">Sa\u011fl\u0131k problemi olanlar\u0131n, rahats\u0131zl\u0131klar\u0131n\u0131 g\u00f6steren sa\u011fl\u0131k raporunun asl\u0131 ve fotokopisi varsa epikriz raporu ile m\u00fcracaat etmeleri gerekmekte..<\/p>\n<p style=\"font-weight: 300;\">Radyo, televizyon ve bas\u0131n yolu ile yap\u0131lan\u00a0 duyurular, Askerlik Yasas\u0131\u2019n\u0131n 25\u2019inci maddesi gere\u011fince y\u00fck\u00fcml\u00fclere yaz\u0131l\u0131 tebligat yap\u0131lm\u0131\u015f gibi kabul edilecek ve duyurulara ra\u011fmen Askerlik Yasas\u0131nda belirtilen me\u015fru bir mazereti olmaks\u0131z\u0131n duyuru yap\u0131lan tarih ve yerde haz\u0131r bulunmayanlar, yoklama ka\u00e7a\u011f\u0131 su\u00e7unu i\u015fleyecekleri i\u00e7in haklar\u0131nda yasal i\u015flem yap\u0131lacak ve bedelli\/\u00f6zel stat\u00fcde askerlik hakk\u0131n\u0131 kaybedeceklerdir.\u201d<\/p>\n<p style=\"font-weight: 300;\">A\u00e7\u0131klamada, konuyla ilgili daha fazla bilgiye www.mucahit.gov.ct.tr internet adresinin ana sayfas\u0131ndan ula\u015f\u0131labilece\u011fi de kaydedildi.<\/p>\n<\/p><\/div>\n<p><script async\n                    defer\n                    crossorigin=\"anonymous\"\n                    src=\"https:\/\/connect.facebook.net\/tr_TR\/sdk.js#xfbml=1&#038;version=v3.3\"\n            ><\/script><\/p>\n","protected":false},"excerpt":{"rendered":"<p>\u00a0 \u00a0G\u00fcvenlik Kuvvetleri Komutanl\u0131\u011f\u0131, bedelli askerlik yoklamas\u0131n\u0131n 3 Temmuz 2023 tarihinde 08.00\u201312.30 saatleri aras\u0131nda, G\u00fcvenlik Kuvvetleri Komutanl\u0131\u011f\u0131 ASAL ve Seferberlik \u015eube M\u00fcd\u00fcrl\u00fc\u011f\u00fcnde (Lefko\u015fa) yap\u0131laca\u011f\u0131n\u0131 duyurdu. G\u00fcvenlik Kuvvetleri Komutanl\u0131\u011f\u0131ndan yap\u0131lan a\u00e7\u0131klamaya g\u00f6re, 66\u2019nc\u0131 d\u00f6nem bedelli askerlik yoklamas\u0131 3 Temmuz 2023 tarihinde yap\u0131lacak. Bedelli askerlik yapmak maksad\u0131yla G\u00fcvenlik Kuvvetleri Komutanl\u0131\u011f\u0131 ASAL ve Seferberlik \u015eube M\u00fcd\u00fcrl\u00fc\u011f\u00fcne ba\u015fvuru yapanlar<\/p>\n","protected":false},"author":1,"featured_media":9033,"comment_status":"open","ping_status":"open","sticky":false,"template":"","format":"standard","meta":{"footnotes":""},"categories":[1],"tags":[],"class_list":["post-9032","post","type-post","status-publish","format-standard","has-post-thumbnail","hentry","category-gundem"],"yoast_head":"<!-- This site is optimized with the Yoast SEO plugin v27.4 - https:\/\/yoast.com\/product\/yoast-seo-wordpress\/ -->\n<title>Bedelli askerlik yoklamas\u0131 3 Temmuz\u2019da yap\u0131lacak -<\/title>\n<meta name=\"robots\" content=\"index, follow, max-snippet:-1, max-image-preview:large, max-video-preview:-1\" \/>\n<link rel=\"canonical\" href=\"https:\/\/kibrisdakik.com\/?p=9032\" \/>\n<meta property=\"og:locale\" content=\"tr_TR\" \/>\n<meta property=\"og:type\" content=\"article\" \/>\n<meta property=\"og:title\" content=\"Bedelli askerlik yoklamas\u0131 3 Temmuz\u2019da yap\u0131lacak -\" \/>\n<meta property=\"og:description\" content=\"\u00a0 \u00a0G\u00fcvenlik Kuvvetleri Komutanl\u0131\u011f\u0131, bedelli askerlik yoklamas\u0131n\u0131n 3 Temmuz 2023 tarihinde 08.00\u201312.30 saatleri aras\u0131nda, G\u00fcvenlik Kuvvetleri Komutanl\u0131\u011f\u0131 ASAL ve Seferberlik \u015eube M\u00fcd\u00fcrl\u00fc\u011f\u00fcnde (Lefko\u015fa) yap\u0131laca\u011f\u0131n\u0131 duyurdu. G\u00fcvenlik Kuvvetleri Komutanl\u0131\u011f\u0131ndan yap\u0131lan a\u00e7\u0131klamaya g\u00f6re, 66\u2019nc\u0131 d\u00f6nem bedelli askerlik yoklamas\u0131 3 Temmuz 2023 tarihinde yap\u0131lacak. Bedelli askerlik yapmak maksad\u0131yla G\u00fcvenlik Kuvvetleri Komutanl\u0131\u011f\u0131 ASAL ve Seferberlik \u015eube M\u00fcd\u00fcrl\u00fc\u011f\u00fcne ba\u015fvuru yapanlar\" \/>\n<meta property=\"og:url\" content=\"https:\/\/kibrisdakik.com\/?p=9032\" \/>\n<meta property=\"article:published_time\" content=\"2023-06-19T07:27:06+00:00\" \/>\n<meta property=\"og:image\" content=\"https:\/\/kibrisdakik.com\/wp-content\/uploads\/2023\/06\/gkk8-740x420.jpg\" \/>\n\t<meta property=\"og:image:width\" content=\"768\" \/>\n\t<meta property=\"og:image:height\" content=\"527\" \/>\n\t<meta property=\"og:image:type\" content=\"image\/jpeg\" \/>\n<meta name=\"author\" content=\"admin\" \/>\n<meta name=\"twitter:card\" content=\"summary_large_image\" \/>\n<meta name=\"twitter:label1\" content=\"Yazan:\" \/>\n\t<meta name=\"twitter:data1\" content=\"admin\" \/>\n\t<meta name=\"twitter:label2\" content=\"Tahmini okuma s\u00fcresi\" \/>\n\t<meta name=\"twitter:data2\" content=\"2 dakika\" \/>\n<script type=\"application\/ld+json\" class=\"yoast-schema-graph\">{\"@context\":\"https:\\\/\\\/schema.org\",\"@graph\":[{\"@type\":\"Article\",\"@id\":\"https:\\\/\\\/kibrisdakik.com\\\/?p=9032#article\",\"isPartOf\":{\"@id\":\"https:\\\/\\\/kibrisdakik.com\\\/?p=9032\"},\"author\":{\"name\":\"admin\",\"@id\":\"https:\\\/\\\/kibrisdakik.com\\\/#\\\/schema\\\/person\\\/9cd9d437bbb44f72b73ba127e06d8e79\"},\"headline\":\"Bedelli askerlik yoklamas\u0131 3 Temmuz\u2019da yap\u0131lacak\",\"datePublished\":\"2023-06-19T07:27:06+00:00\",\"mainEntityOfPage\":{\"@id\":\"https:\\\/\\\/kibrisdakik.com\\\/?p=9032\"},\"wordCount\":334,\"commentCount\":0,\"image\":{\"@id\":\"https:\\\/\\\/kibrisdakik.com\\\/?p=9032#primaryimage\"},\"thumbnailUrl\":\"https:\\\/\\\/kibrisdakik.com\\\/wp-content\\\/uploads\\\/2023\\\/06\\\/gkk8-740x420.jpg\",\"articleSection\":[\"G\u00fcndem\"],\"inLanguage\":\"tr\",\"potentialAction\":[{\"@type\":\"CommentAction\",\"name\":\"Comment\",\"target\":[\"https:\\\/\\\/kibrisdakik.com\\\/?p=9032#respond\"]}]},{\"@type\":\"WebPage\",\"@id\":\"https:\\\/\\\/kibrisdakik.com\\\/?p=9032\",\"url\":\"https:\\\/\\\/kibrisdakik.com\\\/?p=9032\",\"name\":\"Bedelli askerlik yoklamas\u0131 3 Temmuz\u2019da yap\u0131lacak -\",\"isPartOf\":{\"@id\":\"https:\\\/\\\/kibrisdakik.com\\\/#website\"},\"primaryImageOfPage\":{\"@id\":\"https:\\\/\\\/kibrisdakik.com\\\/?p=9032#primaryimage\"},\"image\":{\"@id\":\"https:\\\/\\\/kibrisdakik.com\\\/?p=9032#primaryimage\"},\"thumbnailUrl\":\"https:\\\/\\\/kibrisdakik.com\\\/wp-content\\\/uploads\\\/2023\\\/06\\\/gkk8-740x420.jpg\",\"datePublished\":\"2023-06-19T07:27:06+00:00\",\"author\":{\"@id\":\"https:\\\/\\\/kibrisdakik.com\\\/#\\\/schema\\\/person\\\/9cd9d437bbb44f72b73ba127e06d8e79\"},\"breadcrumb\":{\"@id\":\"https:\\\/\\\/kibrisdakik.com\\\/?p=9032#breadcrumb\"},\"inLanguage\":\"tr\",\"potentialAction\":[{\"@type\":\"ReadAction\",\"target\":[\"https:\\\/\\\/kibrisdakik.com\\\/?p=9032\"]}]},{\"@type\":\"ImageObject\",\"inLanguage\":\"tr\",\"@id\":\"https:\\\/\\\/kibrisdakik.com\\\/?p=9032#primaryimage\",\"url\":\"https:\\\/\\\/kibrisdakik.com\\\/wp-content\\\/uploads\\\/2023\\\/06\\\/gkk8-740x420.jpg\",\"contentUrl\":\"https:\\\/\\\/kibrisdakik.com\\\/wp-content\\\/uploads\\\/2023\\\/06\\\/gkk8-740x420.jpg\",\"width\":768,\"height\":527},{\"@type\":\"BreadcrumbList\",\"@id\":\"https:\\\/\\\/kibrisdakik.com\\\/?p=9032#breadcrumb\",\"itemListElement\":[{\"@type\":\"ListItem\",\"position\":1,\"name\":\"Home\",\"item\":\"https:\\\/\\\/kibrisdakik.com\\\/\"},{\"@type\":\"ListItem\",\"position\":2,\"name\":\"Bedelli askerlik yoklamas\u0131 3 Temmuz\u2019da yap\u0131lacak\"}]},{\"@type\":\"WebSite\",\"@id\":\"https:\\\/\\\/kibrisdakik.com\\\/#website\",\"url\":\"https:\\\/\\\/kibrisdakik.com\\\/\",\"name\":\"\",\"description\":\"Tam vaktinde haber\",\"potentialAction\":[{\"@type\":\"SearchAction\",\"target\":{\"@type\":\"EntryPoint\",\"urlTemplate\":\"https:\\\/\\\/kibrisdakik.com\\\/?s={search_term_string}\"},\"query-input\":{\"@type\":\"PropertyValueSpecification\",\"valueRequired\":true,\"valueName\":\"search_term_string\"}}],\"inLanguage\":\"tr\"},{\"@type\":\"Person\",\"@id\":\"https:\\\/\\\/kibrisdakik.com\\\/#\\\/schema\\\/person\\\/9cd9d437bbb44f72b73ba127e06d8e79\",\"name\":\"admin\",\"image\":{\"@type\":\"ImageObject\",\"inLanguage\":\"tr\",\"@id\":\"https:\\\/\\\/secure.gravatar.com\\\/avatar\\\/ccc17943b9d660506c869530f897617f7cb1c21a4bf30023f252596d83e1f007?s=96&d=mm&r=g\",\"url\":\"https:\\\/\\\/secure.gravatar.com\\\/avatar\\\/ccc17943b9d660506c869530f897617f7cb1c21a4bf30023f252596d83e1f007?s=96&d=mm&r=g\",\"contentUrl\":\"https:\\\/\\\/secure.gravatar.com\\\/avatar\\\/ccc17943b9d660506c869530f897617f7cb1c21a4bf30023f252596d83e1f007?s=96&d=mm&r=g\",\"caption\":\"admin\"},\"sameAs\":[\"https:\\\/\\\/kibrisdakik.com\"],\"url\":\"https:\\\/\\\/kibrisdakik.com\\\/?author=1\"}]}<\/script>\n<!-- \/ Yoast SEO plugin. -->","yoast_head_json":{"title":"Bedelli askerlik yoklamas\u0131 3 Temmuz\u2019da yap\u0131lacak -","robots":{"index":"index","follow":"follow","max-snippet":"max-snippet:-1","max-image-preview":"max-image-preview:large","max-video-preview":"max-video-preview:-1"},"canonical":"https:\/\/kibrisdakik.com\/?p=9032","og_locale":"tr_TR","og_type":"article","og_title":"Bedelli askerlik yoklamas\u0131 3 Temmuz\u2019da yap\u0131lacak -","og_description":"\u00a0 \u00a0G\u00fcvenlik Kuvvetleri Komutanl\u0131\u011f\u0131, bedelli askerlik yoklamas\u0131n\u0131n 3 Temmuz 2023 tarihinde 08.00\u201312.30 saatleri aras\u0131nda, G\u00fcvenlik Kuvvetleri Komutanl\u0131\u011f\u0131 ASAL ve Seferberlik \u015eube M\u00fcd\u00fcrl\u00fc\u011f\u00fcnde (Lefko\u015fa) yap\u0131laca\u011f\u0131n\u0131 duyurdu. G\u00fcvenlik Kuvvetleri Komutanl\u0131\u011f\u0131ndan yap\u0131lan a\u00e7\u0131klamaya g\u00f6re, 66\u2019nc\u0131 d\u00f6nem bedelli askerlik yoklamas\u0131 3 Temmuz 2023 tarihinde yap\u0131lacak. Bedelli askerlik yapmak maksad\u0131yla G\u00fcvenlik Kuvvetleri Komutanl\u0131\u011f\u0131 ASAL ve Seferberlik \u015eube M\u00fcd\u00fcrl\u00fc\u011f\u00fcne ba\u015fvuru yapanlar","og_url":"https:\/\/kibrisdakik.com\/?p=9032","article_published_time":"2023-06-19T07:27:06+00:00","og_image":[{"width":768,"height":527,"url":"https:\/\/kibrisdakik.com\/wp-content\/uploads\/2023\/06\/gkk8-740x420.jpg","type":"image\/jpeg"}],"author":"admin","twitter_card":"summary_large_image","twitter_misc":{"Yazan:":"admin","Tahmini okuma s\u00fcresi":"2 dakika"},"schema":{"@context":"https:\/\/schema.org","@graph":[{"@type":"Article","@id":"https:\/\/kibrisdakik.com\/?p=9032#article","isPartOf":{"@id":"https:\/\/kibrisdakik.com\/?p=9032"},"author":{"name":"admin","@id":"https:\/\/kibrisdakik.com\/#\/schema\/person\/9cd9d437bbb44f72b73ba127e06d8e79"},"headline":"Bedelli askerlik yoklamas\u0131 3 Temmuz\u2019da yap\u0131lacak","datePublished":"2023-06-19T07:27:06+00:00","mainEntityOfPage":{"@id":"https:\/\/kibrisdakik.com\/?p=9032"},"wordCount":334,"commentCount":0,"image":{"@id":"https:\/\/kibrisdakik.com\/?p=9032#primaryimage"},"thumbnailUrl":"https:\/\/kibrisdakik.com\/wp-content\/uploads\/2023\/06\/gkk8-740x420.jpg","articleSection":["G\u00fcndem"],"inLanguage":"tr","potentialAction":[{"@type":"CommentAction","name":"Comment","target":["https:\/\/kibrisdakik.com\/?p=9032#respond"]}]},{"@type":"WebPage","@id":"https:\/\/kibrisdakik.com\/?p=9032","url":"https:\/\/kibrisdakik.com\/?p=9032","name":"Bedelli askerlik yoklamas\u0131 3 Temmuz\u2019da yap\u0131lacak -","isPartOf":{"@id":"https:\/\/kibrisdakik.com\/#website"},"primaryImageOfPage":{"@id":"https:\/\/kibrisdakik.com\/?p=9032#primaryimage"},"image":{"@id":"https:\/\/kibrisdakik.com\/?p=9032#primaryimage"},"thumbnailUrl":"https:\/\/kibrisdakik.com\/wp-content\/uploads\/2023\/06\/gkk8-740x420.jpg","datePublished":"2023-06-19T07:27:06+00:00","author":{"@id":"https:\/\/kibrisdakik.com\/#\/schema\/person\/9cd9d437bbb44f72b73ba127e06d8e79"},"breadcrumb":{"@id":"https:\/\/kibrisdakik.com\/?p=9032#breadcrumb"},"inLanguage":"tr","potentialAction":[{"@type":"ReadAction","target":["https:\/\/kibrisdakik.com\/?p=9032"]}]},{"@type":"ImageObject","inLanguage":"tr","@id":"https:\/\/kibrisdakik.com\/?p=9032#primaryimage","url":"https:\/\/kibrisdakik.com\/wp-content\/uploads\/2023\/06\/gkk8-740x420.jpg","contentUrl":"https:\/\/kibrisdakik.com\/wp-content\/uploads\/2023\/06\/gkk8-740x420.jpg","width":768,"height":527},{"@type":"BreadcrumbList","@id":"https:\/\/kibrisdakik.com\/?p=9032#breadcrumb","itemListElement":[{"@type":"ListItem","position":1,"name":"Home","item":"https:\/\/kibrisdakik.com\/"},{"@type":"ListItem","position":2,"name":"Bedelli askerlik yoklamas\u0131 3 Temmuz\u2019da yap\u0131lacak"}]},{"@type":"WebSite","@id":"https:\/\/kibrisdakik.com\/#website","url":"https:\/\/kibrisdakik.com\/","name":"","description":"Tam vaktinde haber","potentialAction":[{"@type":"SearchAction","target":{"@type":"EntryPoint","urlTemplate":"https:\/\/kibrisdakik.com\/?s={search_term_string}"},"query-input":{"@type":"PropertyValueSpecification","valueRequired":true,"valueName":"search_term_string"}}],"inLanguage":"tr"},{"@type":"Person","@id":"https:\/\/kibrisdakik.com\/#\/schema\/person\/9cd9d437bbb44f72b73ba127e06d8e79","name":"admin","image":{"@type":"ImageObject","inLanguage":"tr","@id":"https:\/\/secure.gravatar.com\/avatar\/ccc17943b9d660506c869530f897617f7cb1c21a4bf30023f252596d83e1f007?s=96&d=mm&r=g","url":"https:\/\/secure.gravatar.com\/avatar\/ccc17943b9d660506c869530f897617f7cb1c21a4bf30023f252596d83e1f007?s=96&d=mm&r=g","contentUrl":"https:\/\/secure.gravatar.com\/avatar\/ccc17943b9d660506c869530f897617f7cb1c21a4bf30023f252596d83e1f007?s=96&d=mm&r=g","caption":"admin"},"sameAs":["https:\/\/kibrisdakik.com"],"url":"https:\/\/kibrisdakik.com\/?author=1"}]}},"_links":{"self":[{"href":"https:\/\/kibrisdakik.com\/index.php?rest_route=\/wp\/v2\/posts\/9032","targetHints":{"allow":["GET"]}}],"collection":[{"href":"https:\/\/kibrisdakik.com\/index.php?rest_route=\/wp\/v2\/posts"}],"about":[{"href":"https:\/\/kibrisdakik.com\/index.php?rest_route=\/wp\/v2\/types\/post"}],"author":[{"embeddable":true,"href":"https:\/\/kibrisdakik.com\/index.php?rest_route=\/wp\/v2\/users\/1"}],"replies":[{"embeddable":true,"href":"https:\/\/kibrisdakik.com\/index.php?rest_route=%2Fwp%2Fv2%2Fcomments&post=9032"}],"version-history":[{"count":0,"href":"https:\/\/kibrisdakik.com\/index.php?rest_route=\/wp\/v2\/posts\/9032\/revisions"}],"wp:featuredmedia":[{"embeddable":true,"href":"https:\/\/kibrisdakik.com\/index.php?rest_route=\/wp\/v2\/media\/9033"}],"wp:attachment":[{"href":"https:\/\/kibrisdakik.com\/index.php?rest_route=%2Fwp%2Fv2%2Fmedia&parent=9032"}],"wp:term":[{"taxonomy":"category","embeddable":true,"href":"https:\/\/kibrisdakik.com\/index.php?rest_route=%2Fwp%2Fv2%2Fcategories&post=9032"},{"taxonomy":"post_tag","embeddable":true,"href":"https:\/\/kibrisdakik.com\/index.php?rest_route=%2Fwp%2Fv2%2Ftags&post=9032"}],"curies":[{"name":"wp","href":"https:\/\/api.w.org\/{rel}","templated":true}]}}