{"id":90334,"date":"2025-08-24T23:15:18","date_gmt":"2025-08-24T20:15:18","guid":{"rendered":"https:\/\/kibrisdakik.com\/index.php\/2025\/08\/24\/bayraktar-bayraktar-next-sosyal-tum-kesimleri-kusatacak-sekilde-olusturuldu\/"},"modified":"2025-08-24T23:15:18","modified_gmt":"2025-08-24T20:15:18","slug":"bayraktar-bayraktar-next-sosyal-tum-kesimleri-kusatacak-sekilde-olusturuldu","status":"publish","type":"post","link":"https:\/\/kibrisdakik.com\/?p=90334","title":{"rendered":"Bayraktar: Bayraktar: NeXT Sosyal, t\u00fcm kesimleri ku\u015fatacak \u015fekilde olu\u015fturuldu"},"content":{"rendered":"<p><\/p>\n<div>\n<p>&#13;<br \/>\n\tT3 Vakf\u0131 M\u00fctevelli Heyeti Ba\u015fkan\u0131 ve Baykar Y\u00f6netim Kurulu Ba\u015fkan\u0131 Sel\u00e7uk Bayraktar, CNN T\u00fcrk&#8217;te kat\u0131ld\u0131\u011f\u0131 yay\u0131nda milli sosyal medya platformu NeXT Sosyal&#8217;e ili\u015fkin a\u00e7\u0131klamalarda bulundu.<\/p>\n<p>&#13;<br \/>\n\tSel\u00e7uk Bayraktar, NeXT Sosyal&#8217;in a\u00e7\u0131k kaynakl\u0131 kod temelli geli\u015ftirildi\u011fini belirterek, &#8220;A\u00e7\u0131k kaynakl\u0131 oldu\u011funda sosyal medyan\u0131n nas\u0131l y\u00f6netildi\u011fiyle alakal\u0131 kurallar da \u015feffaf oluyor. Bug\u00fcn bildi\u011fim kadar\u0131yla kodlar\u0131 da yay\u0131nland\u0131. Yani herkes art\u0131k d\u00fcnyan\u0131n neresinde olursa olsun 2N Medya&#8217;n\u0131n geli\u015ftirdi\u011fi, T3 Vakf\u0131n\u0131n bir anlamda payda\u015fl\u0131\u011f\u0131n\u0131 y\u00fcr\u00fctt\u00fc\u011f\u00fc NeXT Sosyal uygulamas\u0131n\u0131 kullanabiliyor.&#8221; diye konu\u015ftu.<\/p>\n<p>&#13;<br \/>\n\tProjeyi duyururken zaten a\u00e7\u0131k kaynakl\u0131 Mastodon temelli oldu\u011funu belirttiklerini dile getiren Bayraktar, &#8220;\u00d6zellikle a\u00e7\u0131k kaynak Mastodon temelli oldu\u011funu ifade ettik ki bu, teknoloji geli\u015ftirenlere mal olsun.&#8221; dedi.<\/p>\n<p>&#13;<br \/>\n\tBayraktar, Mastodon&#8217;un bir proje oldu\u011funa ve sosyal medya tekellerine itiraz maksad\u0131yla kuruldu\u011funa i\u015faret ederek \u015funlar\u0131 s\u00f6yledi:<\/p>\n<p>&#13;<br \/>\n\t&#8220;Bilgisayar programc\u0131lar\u0131 bir araya geliyor ve diyorlar ki biz a\u00e7\u0131k kaynakl\u0131 b\u00f6yle bir sosyal medya geli\u015ftirece\u011fiz. B\u00f6ylelikle herkes bunu kendi ufak cemiyetinde, \u00fcniversitesinde veya toplumda kullanabilsin. Ama siz geli\u015ftirdik\u00e7e geli\u015ftirmeleri de yay\u0131nlaman\u0131z gerekiyor. Tam da bu maksatla proje zaten a\u00e7\u0131k kaynakl\u0131 ba\u015flat\u0131l\u0131yor.&#8221;<\/p>\n<h2>&#13;<br \/>\n\t&#8220;Hesaplar kapat\u0131l\u0131yor, ben de maruz kald\u0131m&#8221;<\/h2>\n<p>&#13;<br \/>\n\tA\u00e7\u0131k kaynakl\u0131 yaz\u0131l\u0131mlar\u0131n avantajlar\u0131na de\u011finen Bayraktar, \u015fu anda hakim sosyal medya mecralar\u0131nda manip\u00fclasyonlar yap\u0131ld\u0131\u011f\u0131n\u0131 ve baz\u0131 payla\u015f\u0131mlar \u00f6n plana \u00e7\u0131kart\u0131l\u0131rken baz\u0131lar\u0131n\u0131n arka planda b\u0131rak\u0131ld\u0131\u011f\u0131n\u0131 dile getirdi. Bayraktar, \u015f\u00f6yle konu\u015ftu:<\/p>\n<p>&#13;<br \/>\n\t&#8220;Toplumu birbirine d\u00fc\u015f\u00fcrmek i\u00e7in kurgulanan mecralar var. Bakt\u0131\u011f\u0131n\u0131zda \u00e7ok karanl\u0131k hikayeler g\u00f6r\u00fcyoruz. Hatta zaman zaman devlet ba\u015fkanlar\u0131n\u0131n sosyal medyadan at\u0131ld\u0131\u011f\u0131n\u0131 g\u00f6r\u00fcyoruz. Hesab\u0131n\u0131z\u0131n kapat\u0131ld\u0131\u011f\u0131n\u0131 g\u00f6r\u00fcyorsunuz. Hatta ben de buna maruz kald\u0131m. Hesab\u0131m\u0131n t\u00fcm\u00fcyle kapat\u0131ld\u0131\u011f\u0131na \u015fahit olduk. A\u00e7\u0131k kaynak oldu\u011fu zaman sosyal medya, herkes bir anlamda e\u015fitlenmi\u015f oluyor.&#8221;<\/p>\n<h2>&#13;<br \/>\n\t\u0130ngilizce ismin gerek\u00e7esi<\/h2>\n<p>&#13;<br \/>\n\tNeXT Sosyal isminin, uygulamay\u0131 geli\u015ftiren teknik \u00e7al\u0131\u015fanlar ile T3 Vakf\u0131ndaki ortak ak\u0131lla ortaya \u00e7\u0131kt\u0131\u011f\u0131n\u0131 belirten Bayraktar, &#8220;Bu isim, uygulama k\u00fcresel boyutta b\u00fcy\u00fcyece\u011fi i\u00e7in b\u00f6yle d\u00fc\u015f\u00fcn\u00fcld\u00fc. \u0130ngilizce olmas\u0131n\u0131n sebebi bu. Biz bunun b\u00fct\u00fcn dost ve karde\u015f co\u011frafyalarda yay\u0131lmas\u0131n\u0131 istiyoruz. Bu dijital tahakk\u00fcm\u00fcn y\u0131k\u0131lmas\u0131n\u0131 istiyoruz. T\u00fcm\u00fcyle cemiyete a\u00e7\u0131k bir \u015fekilde isteyen als\u0131n, dilerse ba\u015fka t\u00fcrl\u00fc kullans\u0131n. \u00dcniversiteler kullans\u0131n \u00e7\u00fcnk\u00fc basit bir servera kurulabiliyor.&#8221; dedi.<\/p>\n<p>&#13;<br \/>\n\tSel\u00e7uk Bayraktar, uygulaman\u0131n ciddi siber sald\u0131r\u0131lara maruz kald\u0131\u011f\u0131n\u0131 ifade ederek, bu nedenle uygulaman\u0131n 20 dakika kapal\u0131 kald\u0131\u011f\u0131n\u0131 s\u00f6yledi.<\/p>\n<h2>&#13;<br \/>\n\t&#8220;\u0130sim \u00f6nerilerine a\u00e7\u0131\u011f\u0131z&#8221;<\/h2>\n<p>&#13;<br \/>\n\tUygulaman\u0131n halen deneme s\u00fcr\u00fcm\u00fcnde oldu\u011funu belirten Bayraktar, isim \u00f6nerilerine a\u00e7\u0131k olduklar\u0131n\u0131 s\u00f6yledi. Sel\u00e7uk Bayraktar, &#8220;K\u00fcresel anlamda b\u00fct\u00fcn dost ve karde\u015f co\u011frafyalarda anlam\u0131 olan bir isim bu. KIZILELMA&#8217;ya \u00f6nce Muharip \u0130nsans\u0131z U\u00e7ak Sistemi deniyordu ama sonra Erhan hocam\u0131z KIZILELMA ismini \u00f6nerdi. Bir anda kafam\u0131zda \u015fim\u015fekler \u00e7akt\u0131 ve isim \u00f6yle kald\u0131. Burada da halihaz\u0131rda k\u00fcresel anlamdaki sosyal medya taraf\u0131 i\u00e7in NeXT denir. T\u00fcrkiye i\u00e7in belki ba\u015fka bir isim d\u00fc\u015f\u00fcn\u00fcl\u00fcr.&#8221; ifadesini kulland\u0131.<\/p>\n<p>&#13;<br \/>\n\tYabanc\u0131 men\u015feli mecralar\u0131n kullan\u0131c\u0131lar\u0131n hesaplar\u0131n\u0131 kapatabildi\u011fini ancak T\u00fcrkiye&#8217;nin bu mecralar\u0131 kapatt\u0131\u011f\u0131nda tepkiler oldu\u011funu dile getiren Bayraktar, \u015f\u00f6yle konu\u015ftu:<\/p>\n<p>&#13;<br \/>\n\t&#8220;Kimisi &#8216;benim ticaretim duruyor&#8217; diyor kimisi &#8216;ben bug\u00fcn e-posta atamad\u0131m&#8217; diyor. O zaman alternatifini in\u015fa edeceksiniz. Bunun dost do\u011fru i\u015fleyenini yapacaks\u0131n\u0131z. Ancak d\u00fcnyay\u0131 yeniden in\u015fa ederek buradan \u00e7\u0131kabilece\u011fimizi g\u00f6r\u00fcyorum. Dolay\u0131s\u0131yla siz d\u00fcnyay\u0131 in\u015fa etmeyince ele\u015ftirseniz de bir i\u015fe yaram\u0131yor. \u00c7\u00fcnk\u00fc minderi kuran ve oyun kurucu kendisi oldu\u011fundan ahlaken \u00fcst\u00fcn bile olsan\u0131z bunu ifade edecek bir zemin b\u0131rakm\u0131yor size. Hakikati hayk\u0131rmaya kalkt\u0131\u011f\u0131n\u0131zda diyor ki &#8216;o hakikat biz de ge\u00e7miyor.&#8217; Hakikat kendine bir mecra bulam\u0131yor. Dolay\u0131s\u0131yla d\u00fcnyay\u0131 bir anlamda bu y\u0131k\u0131ld\u0131\u011f\u0131 yerden yeniden in\u015fa etmek gerekiyor. Ben inan\u0131yorum ki bunu medeniyetimizin adalet, iyilik ve merhamet de\u011ferlerinden ilham alan medeniyetimizin g\u00fcne\u015f y\u00fczl\u00fc \u00e7ocuklar\u0131 yapacak.&#8221;<\/p>\n<p>&#13;<br \/>\n\tBayraktar, uygulamay\u0131 duyurduklar\u0131nda tepkileri d\u0131\u015far\u0131dan beklediklerini ancak i\u00e7eriden tepkiler geldi\u011fini belirterek, &#8220;Mastodon temelli oldu\u011funu zaten duyurmu\u015fsunuz. Sen niye rahats\u0131z oluyorsun. Bu \u00e7ocuklar bu \u00fclkenin evlatlar\u0131 g\u00fc\u00e7l\u00fc ve ba\u011f\u0131ms\u0131z olal\u0131m diye milyarlarca dolarl\u0131k bir ekonominin d\u00f6nd\u00fc\u011f\u00fc bir sistemi in\u015fa ettiklerinde senin rahats\u0131zl\u0131\u011f\u0131n ne? S\u0130HA \u00fcretildi\u011finde rahats\u0131zl\u0131\u011f\u0131n neydi? Bunlar\u0131n cevab\u0131n\u0131n da ayr\u0131ca verilmesi gerekiyor diye d\u00fc\u015f\u00fcn\u00fcyorum.&#8221; ifadelerini kulland\u0131.<\/p>\n<h2>&#13;<br \/>\n\tGiri\u015fimci \u00f6\u011frenci Mert, Mastodon&#8217;da g\u00fcvenlik a\u00e7\u0131\u011f\u0131 buldu<\/h2>\n<p>&#13;<br \/>\n\tSt\u00fcdyoda konuk olan giri\u015fimci \u00f6\u011frenci 19 ya\u015f\u0131ndaki Mert Delibalta&#8217;n\u0131n kendine ait bir yapay zeka giri\u015fimi oldu\u011funun alt\u0131n\u0131 \u00e7izen Bayraktar, Delibalta&#8217;n\u0131n NeXT Sosyal&#8217;deki ahlakl\u0131 yapay zekay\u0131 geli\u015ftirdi\u011fini s\u00f6yledi.<\/p>\n<p>&#13;<br \/>\n\tDelibalta ise a\u00e7\u0131k kaynak olduklar\u0131 i\u00e7in insanlar\u0131n kodlarda ne oldu\u011funu \u00e7ok rahat bir \u015fekilde g\u00f6rebildiklerini vurgulayarak, &#8220;Bu sayede de bir \u015fey fark edildi\u011fi zaman bunun bize bildirilmesi kolayla\u015f\u0131yor. NeXT Sosyal&#8217;in g\u00f6n\u00fcll\u00fc ekibinde g\u00fcvenlik ara\u015ft\u0131rmac\u0131s\u0131 arkada\u015flar\u0131m\u0131z var. Her g\u00fcncellemeden sonra aktif bir \u015fekilde onlar da tar\u0131yor. Benim \u015fahsi olarak buldu\u011fum Mastodon&#8217;da bir g\u00fcvenlik a\u00e7\u0131\u011f\u0131 oldu. Onu mesela bildirmeye haz\u0131rlan\u0131yoruz.&#8221; diye konu\u015ftu.<\/p>\n<h2>&#13;<br \/>\n\t&#8220;Buras\u0131 ilerdi in\u015fallah S\u00fcper App olur&#8221;<\/h2>\n<p>&#13;<br \/>\n\tNeXT Sosyal&#8217;in ileride bir &#8220;S\u00fcper App&#8221; olaca\u011f\u0131n\u0131 umdu\u011funu belirten Bayraktar, s\u00f6zlerini \u015f\u00f6yle s\u00fcrd\u00fcrd\u00fc:<\/p>\n<p>&#13;<br \/>\n\t&#8220;Dost ve karde\u015f co\u011frafyalarla mesela e-ticaret de yapabildi\u011finiz bir sistem. Belki 2 milyar insandan bahsediyorum. Balkanlardan tutun da T\u00fcrki Cumhuriyetlere oradan Afrika&#8217;s\u0131ndan Orta Do\u011fu&#8217;ya kadar bir co\u011frafya. Kendi i\u00e7inde navigasyon sistemi olan bir sistem olsun. Sosyal medyan\u0131n g\u00fczel y\u00f6nleri de \u00e7ok. D\u00fcnyan\u0131n bir ucundaki insanla rahatl\u0131kla irtibat kurman\u0131z\u0131 sa\u011fl\u0131yor. B\u00fct\u00fcn bu \u00f6zellikleri kazanan bir mecra olsun. Milyarlarca dolar bu \u00fclkelerden d\u0131\u015far\u0131ya gidece\u011fine bu mecra, kendi kendini d\u00f6nd\u00fcrecek hale gelsin. B\u00fct\u00fcn T\u00fcrkiye&#8217;yi, b\u00fct\u00fcn bu dost ve karde\u015f co\u011frafyalar\u0131 kalk\u0131nd\u0131rs\u0131n. Bunu elbette isteriz. Bu belki uzun y\u0131llar alacakt\u0131r. Biz buray\u0131 sadece para kazans\u0131n diye de kurgulamad\u0131k.&#8221;<\/p>\n<h2>&#13;<br \/>\n\t&#8220;NeXT Sosyal ekibi manip\u00fclasyonlara ve dezenformasyonlara kar\u015f\u0131 \u00f6zel \u00e7al\u0131\u015fmalar yap\u0131yor&#8221;<\/h2>\n<p>&#13;<br \/>\n\tBayraktar, 37 \u00fclkede S\u0130HA&#8217;lar\u0131n\u0131n u\u00e7tu\u011funu ve her girdi\u011fi alanda \u00fclkelerin tarihini de\u011fi\u015ftirdi\u011fini kaydederek, &#8220;\u0130nan\u0131yorum ki NeXT Sosyal de her girdi\u011fi yerde \u00fclkelerin kaderini de\u011fi\u015ftirecek. Kendi sosyal medyalar\u0131n\u0131, ileti\u015fim a\u011flar\u0131n\u0131 kuracaklar. Kimsenin propagandas\u0131na maruz kalmayacaklar.&#8221; dedi.<\/p>\n<p>&#13;<br \/>\n\tAlternatif bir yolun insanl\u0131\u011fa sunulmad\u0131\u011f\u0131 s\u00fcrece ne kadar \u015fikayet edilirse edilsin bir \u00e7\u00f6z\u00fcm olmayaca\u011f\u0131n\u0131 vurgulayan Bayraktar, &#8220;Bu durum yabanc\u0131 \u0130HA&#8217;y\u0131 kullanmak gibi, istedi\u011fi zaman fi\u015fi \u00e7ekiyorlar siz ortada kal\u0131yorsunuz.&#8221; ifadesini kulland\u0131.<\/p>\n<p>&#13;<br \/>\n\tBayraktar, NeXT Sosyal ekibinin manip\u00fclasyonlara ve dezenformasyonlara kar\u015f\u0131 \u00f6zel \u00e7al\u0131\u015fmalar yapt\u0131\u011f\u0131n\u0131 aktararak, bununla ilgili yapay zeka destekli tedbirlerin getirilmesinin d\u00fc\u015f\u00fcn\u00fcld\u00fc\u011f\u00fcn\u00fc s\u00f6yledi.<\/p>\n<p>&#13;<br \/>\n\tE\u015fi S\u00fcmeyye Erdo\u011fan Bayraktar&#8217;\u0131n NeXT Sosyal hesab\u0131 a\u00e7arak ilk kez sosyal medyaya girdi\u011fini anlatan Bayraktar, &#8220;Benim i\u00e7in de \u00e7ok \u00f6nemli \u00e7\u00fcnk\u00fc e\u015fim ilk defa sosyal medya hesab\u0131 a\u00e7t\u0131, NeXT Sosyal&#8217;e ve moderasyonunu yapacak ekibe g\u00fcvendi.&#8221; \u015feklinde konu\u015ftu.<\/p>\n<h2>&#13;<br \/>\n\t&#8220;NeXT Sosyal, t\u00fcm kesimleri ku\u015fatacak \u015fekilde olu\u015fturuldu&#8221;<\/h2>\n<p>&#13;<br \/>\n\tBayraktar, NeXT Sosyal&#8217;in &#8220;bir kesime ait olsun&#8221; diye de\u011fil t\u00fcm kesimleri ku\u015fatacak \u015fekilde olu\u015fturuldu\u011funu belirterek, fikir ve ifade \u00f6zg\u00fcrl\u00fc\u011f\u00fc olmadan ilerleme olamayaca\u011f\u0131n\u0131 ifade etti.<\/p>\n<p>&#13;<br \/>\n\tCHP Genel Ba\u015fkan\u0131 \u00d6zg\u00fcr \u00d6zel&#8217;e NeXT Sosyal&#8217;e davet mektubu yollad\u0131klar\u0131n\u0131 anlatan Bayraktar, &#8220;NeXT Sosyal herkese a\u00e7\u0131k. \u00dclkemizdeki b\u00fct\u00fcn siyasi partilere, STK&#8217;lara ve cemiyetlere davet yollad\u0131k.&#8221; dedi.<\/p>\n<\/p><\/div>\n","protected":false},"excerpt":{"rendered":"<p>&#13; T3 Vakf\u0131 M\u00fctevelli Heyeti Ba\u015fkan\u0131 ve Baykar Y\u00f6netim Kurulu Ba\u015fkan\u0131 Sel\u00e7uk Bayraktar, CNN T\u00fcrk&#8217;te kat\u0131ld\u0131\u011f\u0131 yay\u0131nda milli sosyal medya platformu NeXT Sosyal&#8217;e ili\u015fkin a\u00e7\u0131klamalarda bulundu. &#13; Sel\u00e7uk Bayraktar, NeXT Sosyal&#8217;in a\u00e7\u0131k kaynakl\u0131 kod temelli geli\u015ftirildi\u011fini belirterek, &#8220;A\u00e7\u0131k kaynakl\u0131 oldu\u011funda sosyal medyan\u0131n nas\u0131l y\u00f6netildi\u011fiyle alakal\u0131 kurallar da \u015feffaf oluyor. Bug\u00fcn bildi\u011fim kadar\u0131yla kodlar\u0131 da yay\u0131nland\u0131.<\/p>\n","protected":false},"author":1,"featured_media":90335,"comment_status":"open","ping_status":"open","sticky":false,"template":"","format":"standard","meta":{"footnotes":""},"categories":[101,86],"tags":[],"class_list":["post-90334","post","type-post","status-publish","format-standard","has-post-thumbnail","hentry","category-manset","category-turkiye"],"yoast_head":"<!-- This site is optimized with the Yoast SEO plugin v27.4 - https:\/\/yoast.com\/product\/yoast-seo-wordpress\/ -->\n<title>Bayraktar: Bayraktar: NeXT Sosyal, t\u00fcm kesimleri ku\u015fatacak \u015fekilde olu\u015fturuldu -<\/title>\n<meta name=\"robots\" content=\"index, follow, max-snippet:-1, max-image-preview:large, max-video-preview:-1\" \/>\n<link rel=\"canonical\" href=\"https:\/\/kibrisdakik.com\/?p=90334\" \/>\n<meta property=\"og:locale\" content=\"tr_TR\" \/>\n<meta property=\"og:type\" content=\"article\" \/>\n<meta property=\"og:title\" content=\"Bayraktar: Bayraktar: NeXT Sosyal, t\u00fcm kesimleri ku\u015fatacak \u015fekilde olu\u015fturuldu -\" \/>\n<meta property=\"og:description\" content=\"&#013; T3 Vakf\u0131 M\u00fctevelli Heyeti Ba\u015fkan\u0131 ve Baykar Y\u00f6netim Kurulu Ba\u015fkan\u0131 Sel\u00e7uk Bayraktar, CNN T\u00fcrk&#8217;te kat\u0131ld\u0131\u011f\u0131 yay\u0131nda milli sosyal medya platformu NeXT Sosyal&#8217;e ili\u015fkin a\u00e7\u0131klamalarda bulundu. &#013; Sel\u00e7uk Bayraktar, NeXT Sosyal&#8217;in a\u00e7\u0131k kaynakl\u0131 kod temelli geli\u015ftirildi\u011fini belirterek, &#8220;A\u00e7\u0131k kaynakl\u0131 oldu\u011funda sosyal medyan\u0131n nas\u0131l y\u00f6netildi\u011fiyle alakal\u0131 kurallar da \u015feffaf oluyor. Bug\u00fcn bildi\u011fim kadar\u0131yla kodlar\u0131 da yay\u0131nland\u0131.\" \/>\n<meta property=\"og:url\" content=\"https:\/\/kibrisdakik.com\/?p=90334\" \/>\n<meta property=\"article:published_time\" content=\"2025-08-24T20:15:18+00:00\" \/>\n<meta property=\"og:image\" content=\"https:\/\/kibrisdakik.com\/wp-content\/uploads\/2025\/08\/1756066524_selcuk-bayraktaraa-2385429-740x420.jpg\" \/>\n\t<meta property=\"og:image:width\" content=\"1280\" \/>\n\t<meta property=\"og:image:height\" content=\"720\" \/>\n\t<meta property=\"og:image:type\" content=\"image\/jpeg\" \/>\n<meta name=\"author\" content=\"admin\" \/>\n<meta name=\"twitter:card\" content=\"summary_large_image\" \/>\n<meta name=\"twitter:label1\" content=\"Yazan:\" \/>\n\t<meta name=\"twitter:data1\" content=\"admin\" \/>\n\t<meta name=\"twitter:label2\" content=\"Tahmini okuma s\u00fcresi\" \/>\n\t<meta name=\"twitter:data2\" content=\"7 dakika\" \/>\n<script type=\"application\/ld+json\" class=\"yoast-schema-graph\">{\"@context\":\"https:\\\/\\\/schema.org\",\"@graph\":[{\"@type\":\"Article\",\"@id\":\"https:\\\/\\\/kibrisdakik.com\\\/?p=90334#article\",\"isPartOf\":{\"@id\":\"https:\\\/\\\/kibrisdakik.com\\\/?p=90334\"},\"author\":{\"name\":\"admin\",\"@id\":\"https:\\\/\\\/kibrisdakik.com\\\/#\\\/schema\\\/person\\\/9cd9d437bbb44f72b73ba127e06d8e79\"},\"headline\":\"Bayraktar: Bayraktar: NeXT Sosyal, t\u00fcm kesimleri ku\u015fatacak \u015fekilde olu\u015fturuldu\",\"datePublished\":\"2025-08-24T20:15:18+00:00\",\"mainEntityOfPage\":{\"@id\":\"https:\\\/\\\/kibrisdakik.com\\\/?p=90334\"},\"wordCount\":1386,\"commentCount\":0,\"image\":{\"@id\":\"https:\\\/\\\/kibrisdakik.com\\\/?p=90334#primaryimage\"},\"thumbnailUrl\":\"https:\\\/\\\/kibrisdakik.com\\\/wp-content\\\/uploads\\\/2025\\\/08\\\/1756066524_selcuk-bayraktaraa-2385429-740x420.jpg\",\"articleSection\":[\"Man\u015fet\",\"T\u00fcrkiye\"],\"inLanguage\":\"tr\",\"potentialAction\":[{\"@type\":\"CommentAction\",\"name\":\"Comment\",\"target\":[\"https:\\\/\\\/kibrisdakik.com\\\/?p=90334#respond\"]}]},{\"@type\":\"WebPage\",\"@id\":\"https:\\\/\\\/kibrisdakik.com\\\/?p=90334\",\"url\":\"https:\\\/\\\/kibrisdakik.com\\\/?p=90334\",\"name\":\"Bayraktar: Bayraktar: NeXT Sosyal, t\u00fcm kesimleri ku\u015fatacak \u015fekilde olu\u015fturuldu -\",\"isPartOf\":{\"@id\":\"https:\\\/\\\/kibrisdakik.com\\\/#website\"},\"primaryImageOfPage\":{\"@id\":\"https:\\\/\\\/kibrisdakik.com\\\/?p=90334#primaryimage\"},\"image\":{\"@id\":\"https:\\\/\\\/kibrisdakik.com\\\/?p=90334#primaryimage\"},\"thumbnailUrl\":\"https:\\\/\\\/kibrisdakik.com\\\/wp-content\\\/uploads\\\/2025\\\/08\\\/1756066524_selcuk-bayraktaraa-2385429-740x420.jpg\",\"datePublished\":\"2025-08-24T20:15:18+00:00\",\"author\":{\"@id\":\"https:\\\/\\\/kibrisdakik.com\\\/#\\\/schema\\\/person\\\/9cd9d437bbb44f72b73ba127e06d8e79\"},\"breadcrumb\":{\"@id\":\"https:\\\/\\\/kibrisdakik.com\\\/?p=90334#breadcrumb\"},\"inLanguage\":\"tr\",\"potentialAction\":[{\"@type\":\"ReadAction\",\"target\":[\"https:\\\/\\\/kibrisdakik.com\\\/?p=90334\"]}]},{\"@type\":\"ImageObject\",\"inLanguage\":\"tr\",\"@id\":\"https:\\\/\\\/kibrisdakik.com\\\/?p=90334#primaryimage\",\"url\":\"https:\\\/\\\/kibrisdakik.com\\\/wp-content\\\/uploads\\\/2025\\\/08\\\/1756066524_selcuk-bayraktaraa-2385429-740x420.jpg\",\"contentUrl\":\"https:\\\/\\\/kibrisdakik.com\\\/wp-content\\\/uploads\\\/2025\\\/08\\\/1756066524_selcuk-bayraktaraa-2385429-740x420.jpg\",\"width\":1280,\"height\":720},{\"@type\":\"BreadcrumbList\",\"@id\":\"https:\\\/\\\/kibrisdakik.com\\\/?p=90334#breadcrumb\",\"itemListElement\":[{\"@type\":\"ListItem\",\"position\":1,\"name\":\"Home\",\"item\":\"https:\\\/\\\/kibrisdakik.com\\\/\"},{\"@type\":\"ListItem\",\"position\":2,\"name\":\"Bayraktar: Bayraktar: NeXT Sosyal, t\u00fcm kesimleri ku\u015fatacak \u015fekilde olu\u015fturuldu\"}]},{\"@type\":\"WebSite\",\"@id\":\"https:\\\/\\\/kibrisdakik.com\\\/#website\",\"url\":\"https:\\\/\\\/kibrisdakik.com\\\/\",\"name\":\"\",\"description\":\"Tam vaktinde haber\",\"potentialAction\":[{\"@type\":\"SearchAction\",\"target\":{\"@type\":\"EntryPoint\",\"urlTemplate\":\"https:\\\/\\\/kibrisdakik.com\\\/?s={search_term_string}\"},\"query-input\":{\"@type\":\"PropertyValueSpecification\",\"valueRequired\":true,\"valueName\":\"search_term_string\"}}],\"inLanguage\":\"tr\"},{\"@type\":\"Person\",\"@id\":\"https:\\\/\\\/kibrisdakik.com\\\/#\\\/schema\\\/person\\\/9cd9d437bbb44f72b73ba127e06d8e79\",\"name\":\"admin\",\"image\":{\"@type\":\"ImageObject\",\"inLanguage\":\"tr\",\"@id\":\"https:\\\/\\\/secure.gravatar.com\\\/avatar\\\/ccc17943b9d660506c869530f897617f7cb1c21a4bf30023f252596d83e1f007?s=96&d=mm&r=g\",\"url\":\"https:\\\/\\\/secure.gravatar.com\\\/avatar\\\/ccc17943b9d660506c869530f897617f7cb1c21a4bf30023f252596d83e1f007?s=96&d=mm&r=g\",\"contentUrl\":\"https:\\\/\\\/secure.gravatar.com\\\/avatar\\\/ccc17943b9d660506c869530f897617f7cb1c21a4bf30023f252596d83e1f007?s=96&d=mm&r=g\",\"caption\":\"admin\"},\"sameAs\":[\"https:\\\/\\\/kibrisdakik.com\"],\"url\":\"https:\\\/\\\/kibrisdakik.com\\\/?author=1\"}]}<\/script>\n<!-- \/ Yoast SEO plugin. -->","yoast_head_json":{"title":"Bayraktar: Bayraktar: NeXT Sosyal, t\u00fcm kesimleri ku\u015fatacak \u015fekilde olu\u015fturuldu -","robots":{"index":"index","follow":"follow","max-snippet":"max-snippet:-1","max-image-preview":"max-image-preview:large","max-video-preview":"max-video-preview:-1"},"canonical":"https:\/\/kibrisdakik.com\/?p=90334","og_locale":"tr_TR","og_type":"article","og_title":"Bayraktar: Bayraktar: NeXT Sosyal, t\u00fcm kesimleri ku\u015fatacak \u015fekilde olu\u015fturuldu -","og_description":"&#13; T3 Vakf\u0131 M\u00fctevelli Heyeti Ba\u015fkan\u0131 ve Baykar Y\u00f6netim Kurulu Ba\u015fkan\u0131 Sel\u00e7uk Bayraktar, CNN T\u00fcrk&#8217;te kat\u0131ld\u0131\u011f\u0131 yay\u0131nda milli sosyal medya platformu NeXT Sosyal&#8217;e ili\u015fkin a\u00e7\u0131klamalarda bulundu. &#13; Sel\u00e7uk Bayraktar, NeXT Sosyal&#8217;in a\u00e7\u0131k kaynakl\u0131 kod temelli geli\u015ftirildi\u011fini belirterek, &#8220;A\u00e7\u0131k kaynakl\u0131 oldu\u011funda sosyal medyan\u0131n nas\u0131l y\u00f6netildi\u011fiyle alakal\u0131 kurallar da \u015feffaf oluyor. Bug\u00fcn bildi\u011fim kadar\u0131yla kodlar\u0131 da yay\u0131nland\u0131.","og_url":"https:\/\/kibrisdakik.com\/?p=90334","article_published_time":"2025-08-24T20:15:18+00:00","og_image":[{"width":1280,"height":720,"url":"https:\/\/kibrisdakik.com\/wp-content\/uploads\/2025\/08\/1756066524_selcuk-bayraktaraa-2385429-740x420.jpg","type":"image\/jpeg"}],"author":"admin","twitter_card":"summary_large_image","twitter_misc":{"Yazan:":"admin","Tahmini okuma s\u00fcresi":"7 dakika"},"schema":{"@context":"https:\/\/schema.org","@graph":[{"@type":"Article","@id":"https:\/\/kibrisdakik.com\/?p=90334#article","isPartOf":{"@id":"https:\/\/kibrisdakik.com\/?p=90334"},"author":{"name":"admin","@id":"https:\/\/kibrisdakik.com\/#\/schema\/person\/9cd9d437bbb44f72b73ba127e06d8e79"},"headline":"Bayraktar: Bayraktar: NeXT Sosyal, t\u00fcm kesimleri ku\u015fatacak \u015fekilde olu\u015fturuldu","datePublished":"2025-08-24T20:15:18+00:00","mainEntityOfPage":{"@id":"https:\/\/kibrisdakik.com\/?p=90334"},"wordCount":1386,"commentCount":0,"image":{"@id":"https:\/\/kibrisdakik.com\/?p=90334#primaryimage"},"thumbnailUrl":"https:\/\/kibrisdakik.com\/wp-content\/uploads\/2025\/08\/1756066524_selcuk-bayraktaraa-2385429-740x420.jpg","articleSection":["Man\u015fet","T\u00fcrkiye"],"inLanguage":"tr","potentialAction":[{"@type":"CommentAction","name":"Comment","target":["https:\/\/kibrisdakik.com\/?p=90334#respond"]}]},{"@type":"WebPage","@id":"https:\/\/kibrisdakik.com\/?p=90334","url":"https:\/\/kibrisdakik.com\/?p=90334","name":"Bayraktar: Bayraktar: NeXT Sosyal, t\u00fcm kesimleri ku\u015fatacak \u015fekilde olu\u015fturuldu -","isPartOf":{"@id":"https:\/\/kibrisdakik.com\/#website"},"primaryImageOfPage":{"@id":"https:\/\/kibrisdakik.com\/?p=90334#primaryimage"},"image":{"@id":"https:\/\/kibrisdakik.com\/?p=90334#primaryimage"},"thumbnailUrl":"https:\/\/kibrisdakik.com\/wp-content\/uploads\/2025\/08\/1756066524_selcuk-bayraktaraa-2385429-740x420.jpg","datePublished":"2025-08-24T20:15:18+00:00","author":{"@id":"https:\/\/kibrisdakik.com\/#\/schema\/person\/9cd9d437bbb44f72b73ba127e06d8e79"},"breadcrumb":{"@id":"https:\/\/kibrisdakik.com\/?p=90334#breadcrumb"},"inLanguage":"tr","potentialAction":[{"@type":"ReadAction","target":["https:\/\/kibrisdakik.com\/?p=90334"]}]},{"@type":"ImageObject","inLanguage":"tr","@id":"https:\/\/kibrisdakik.com\/?p=90334#primaryimage","url":"https:\/\/kibrisdakik.com\/wp-content\/uploads\/2025\/08\/1756066524_selcuk-bayraktaraa-2385429-740x420.jpg","contentUrl":"https:\/\/kibrisdakik.com\/wp-content\/uploads\/2025\/08\/1756066524_selcuk-bayraktaraa-2385429-740x420.jpg","width":1280,"height":720},{"@type":"BreadcrumbList","@id":"https:\/\/kibrisdakik.com\/?p=90334#breadcrumb","itemListElement":[{"@type":"ListItem","position":1,"name":"Home","item":"https:\/\/kibrisdakik.com\/"},{"@type":"ListItem","position":2,"name":"Bayraktar: Bayraktar: NeXT Sosyal, t\u00fcm kesimleri ku\u015fatacak \u015fekilde olu\u015fturuldu"}]},{"@type":"WebSite","@id":"https:\/\/kibrisdakik.com\/#website","url":"https:\/\/kibrisdakik.com\/","name":"","description":"Tam vaktinde haber","potentialAction":[{"@type":"SearchAction","target":{"@type":"EntryPoint","urlTemplate":"https:\/\/kibrisdakik.com\/?s={search_term_string}"},"query-input":{"@type":"PropertyValueSpecification","valueRequired":true,"valueName":"search_term_string"}}],"inLanguage":"tr"},{"@type":"Person","@id":"https:\/\/kibrisdakik.com\/#\/schema\/person\/9cd9d437bbb44f72b73ba127e06d8e79","name":"admin","image":{"@type":"ImageObject","inLanguage":"tr","@id":"https:\/\/secure.gravatar.com\/avatar\/ccc17943b9d660506c869530f897617f7cb1c21a4bf30023f252596d83e1f007?s=96&d=mm&r=g","url":"https:\/\/secure.gravatar.com\/avatar\/ccc17943b9d660506c869530f897617f7cb1c21a4bf30023f252596d83e1f007?s=96&d=mm&r=g","contentUrl":"https:\/\/secure.gravatar.com\/avatar\/ccc17943b9d660506c869530f897617f7cb1c21a4bf30023f252596d83e1f007?s=96&d=mm&r=g","caption":"admin"},"sameAs":["https:\/\/kibrisdakik.com"],"url":"https:\/\/kibrisdakik.com\/?author=1"}]}},"_links":{"self":[{"href":"https:\/\/kibrisdakik.com\/index.php?rest_route=\/wp\/v2\/posts\/90334","targetHints":{"allow":["GET"]}}],"collection":[{"href":"https:\/\/kibrisdakik.com\/index.php?rest_route=\/wp\/v2\/posts"}],"about":[{"href":"https:\/\/kibrisdakik.com\/index.php?rest_route=\/wp\/v2\/types\/post"}],"author":[{"embeddable":true,"href":"https:\/\/kibrisdakik.com\/index.php?rest_route=\/wp\/v2\/users\/1"}],"replies":[{"embeddable":true,"href":"https:\/\/kibrisdakik.com\/index.php?rest_route=%2Fwp%2Fv2%2Fcomments&post=90334"}],"version-history":[{"count":0,"href":"https:\/\/kibrisdakik.com\/index.php?rest_route=\/wp\/v2\/posts\/90334\/revisions"}],"wp:featuredmedia":[{"embeddable":true,"href":"https:\/\/kibrisdakik.com\/index.php?rest_route=\/wp\/v2\/media\/90335"}],"wp:attachment":[{"href":"https:\/\/kibrisdakik.com\/index.php?rest_route=%2Fwp%2Fv2%2Fmedia&parent=90334"}],"wp:term":[{"taxonomy":"category","embeddable":true,"href":"https:\/\/kibrisdakik.com\/index.php?rest_route=%2Fwp%2Fv2%2Fcategories&post=90334"},{"taxonomy":"post_tag","embeddable":true,"href":"https:\/\/kibrisdakik.com\/index.php?rest_route=%2Fwp%2Fv2%2Ftags&post=90334"}],"curies":[{"name":"wp","href":"https:\/\/api.w.org\/{rel}","templated":true}]}}