{"id":90350,"date":"2025-08-25T02:43:03","date_gmt":"2025-08-24T23:43:03","guid":{"rendered":"https:\/\/kibrisdakik.com\/index.php\/2025\/08\/25\/ispanya-tarihinin-en-sicak-gunleri-agustos-ayinda-yasandi\/"},"modified":"2025-08-25T02:43:03","modified_gmt":"2025-08-24T23:43:03","slug":"ispanya-tarihinin-en-sicak-gunleri-agustos-ayinda-yasandi","status":"publish","type":"post","link":"https:\/\/kibrisdakik.com\/?p=90350","title":{"rendered":"\u0130spanya tarihinin en s\u0131cak g\u00fcnleri a\u011fustos ay\u0131nda ya\u015fand\u0131"},"content":{"rendered":"<p><\/p>\n<div>\n<p>&#13;<br \/>\n\tMeteoroloji Enstit\u00fcs\u00fc (AEMET) \u0130spanya&#8217;da 3-18 A\u011fustos&#8217;ta ya\u015fanan s\u0131cak hava dalgas\u0131n\u0131n, bug\u00fcne kadar kaydedilen en \u015fiddetli s\u0131caklar oldu\u011funu duyurdu.<\/p>\n<p>&#13;<br \/>\n\tBu yaz\u0131n ikinci s\u0131cak hava dalgas\u0131n\u0131 a\u011fustos ay\u0131nda ya\u015fayan \u0130spanya&#8217;da termometrelerin rekor seviyelere \u00e7\u0131kt\u0131\u011f\u0131n\u0131 kaydeden AEMET, \u015fu ana kadar en y\u00fcksek derece s\u0131cak hava dalgas\u0131n\u0131n, normalin 4,5 derece \u00fczerine \u00e7\u0131kt\u0131\u011f\u0131 Temmuz 2022&#8217;de g\u00f6r\u00fcld\u00fc\u011f\u00fcn\u00fc ancak 3-18 A\u011fustos&#8217;ta derecelerin normalin 4,6 \u00fcst\u00fcnde tespit edildi\u011fini belirtti.<\/p>\n<p>&#13;<br \/>\n\tAEMET&#8217;in verilerine g\u00f6re, bu y\u0131l ve 2022&#8217;den \u00f6nce \u0130spanya&#8217;da normalin 4 dereceden fazla \u00fczerinde olan en y\u00fcksek s\u0131cak hava dalgalar\u0131 2023 ve 1987 a\u011fustoslar\u0131 ile 2019&#8217;un haziran\u0131nda hissedildi.<\/p>\n<h2>&#13;<br \/>\n\tS\u0131cak hava dalgas\u0131ndan etkilenen iller say\u0131s\u0131 36&#8217;dan 44&#8217;e \u00e7\u0131kt\u0131<\/h2>\n<p>&#13;<br \/>\n\tMeteoroloji Enstit\u00fcs\u00fc, &#8220;A\u011fustos 2025&#8217;teki s\u0131cak hava dalgas\u0131 on alt\u0131 g\u00fcn s\u00fcrd\u00fc. Ancak A\u011fustos 2025&#8217;in ilk yirmi g\u00fcn\u00fcndeki s\u0131cak hava dalgas\u0131na oranla daha \u00fcst seviyeye \u00e7\u0131kt\u0131. En az\u0131ndan \u0130spanya genelinde resmi istatistiklerin oldu\u011fu 1961&#8217;den bu yana en y\u00fckse\u011fe \u00e7\u0131kan s\u0131cak hava dalgas\u0131 oldu. A\u015f\u0131r\u0131 s\u0131caklar\u0131n devam etmesi, olumsuz etkilerini yo\u011funla\u015ft\u0131r\u0131yor. Savunmas\u0131z ki\u015filerin sa\u011fl\u0131\u011f\u0131n\u0131 etkiliyor ve yang\u0131n riskini art\u0131r\u0131yor.&#8221; a\u00e7\u0131klamas\u0131nda bulundu.<\/p>\n<p><\/p>\n<p>&#13;<br \/>\n\t\u0130klim de\u011fi\u015fikli\u011finden en fazla etkilenen \u00fclkelerden biri olan \u0130spanya&#8217;da AEMET&#8217;in istatistiklerine g\u00f6re 1975 ile 1999 y\u0131llar\u0131 aras\u0131nda toplamda 212 g\u00fcn olmak \u00fczere 44 s\u0131cak hava dalgas\u0131 kaydedilirken, 2000 ile 2024 y\u0131llar\u0131 aras\u0131nda toplamda 417 g\u00fcne denk gelen 90 s\u0131cak hava dalgas\u0131 tespit edildi.<\/p>\n<p>&#13;<br \/>\n\tGe\u00e7mi\u015f y\u0131llara nazaran son y\u0131llarda s\u0131cak hava dalgas\u0131ndan etkilenen illerin say\u0131s\u0131n\u0131n da 36&#8217;dan 44&#8217;e \u00e7\u0131kt\u0131\u011f\u0131 bilgisi payla\u015f\u0131ld\u0131.<\/p>\n<p>&#13;<br \/>\n\t\u0130spanya&#8217;da bu a\u011fustos ay\u0131nda g\u00fcneydeki Badajoz, Kurtuba gibi baz\u0131 kentlerde termometreler 44 derecenin \u00fczerini g\u00f6rd\u00fc.<\/p>\n<p>&#13;<br \/>\n\tDi\u011fer yandan \u0130spanya&#8217;da b\u00fcy\u00fck \u00e7o\u011funlu\u011fu a\u011fustos d\u00f6neminde olmak \u00fczere bu y\u0131l i\u00e7inde \u015fimdiye kadar 407 bin hektardan fazla ormanl\u0131k ve k\u0131rsal alan yand\u0131.<\/p>\n<p>&#13;<br \/>\n\t\u00dclkenin kuzeyindeki Gali\u00e7ya ile Kastilya ve Leon b\u00f6lgelerinde halen 17 noktada yang\u0131nlar devam ederken, Leon&#8217;da bug\u00fcn yeni \u00e7\u0131kan iki yang\u0131ndan dolay\u0131 iki k\u00f6yde 300&#8217;den fazla ki\u015fi evlerinden tahliye edildi.<\/p>\n<\/p><\/div>\n","protected":false},"excerpt":{"rendered":"<p>&#13; Meteoroloji Enstit\u00fcs\u00fc (AEMET) \u0130spanya&#8217;da 3-18 A\u011fustos&#8217;ta ya\u015fanan s\u0131cak hava dalgas\u0131n\u0131n, bug\u00fcne kadar kaydedilen en \u015fiddetli s\u0131caklar oldu\u011funu duyurdu. &#13; Bu yaz\u0131n ikinci s\u0131cak hava dalgas\u0131n\u0131 a\u011fustos ay\u0131nda ya\u015fayan \u0130spanya&#8217;da termometrelerin rekor seviyelere \u00e7\u0131kt\u0131\u011f\u0131n\u0131 kaydeden AEMET, \u015fu ana kadar en y\u00fcksek derece s\u0131cak hava dalgas\u0131n\u0131n, normalin 4,5 derece \u00fczerine \u00e7\u0131kt\u0131\u011f\u0131 Temmuz 2022&#8217;de g\u00f6r\u00fcld\u00fc\u011f\u00fcn\u00fc ancak 3-18<\/p>\n","protected":false},"author":1,"featured_media":90351,"comment_status":"open","ping_status":"open","sticky":false,"template":"","format":"standard","meta":{"footnotes":""},"categories":[101,86],"tags":[],"class_list":["post-90350","post","type-post","status-publish","format-standard","has-post-thumbnail","hentry","category-manset","category-turkiye"],"yoast_head":"<!-- This site is optimized with the Yoast SEO plugin v27.4 - https:\/\/yoast.com\/product\/yoast-seo-wordpress\/ -->\n<title>\u0130spanya tarihinin en s\u0131cak g\u00fcnleri a\u011fustos ay\u0131nda ya\u015fand\u0131 -<\/title>\n<meta name=\"robots\" content=\"index, follow, max-snippet:-1, max-image-preview:large, max-video-preview:-1\" \/>\n<link rel=\"canonical\" href=\"https:\/\/kibrisdakik.com\/?p=90350\" \/>\n<meta property=\"og:locale\" content=\"tr_TR\" \/>\n<meta property=\"og:type\" content=\"article\" \/>\n<meta property=\"og:title\" content=\"\u0130spanya tarihinin en s\u0131cak g\u00fcnleri a\u011fustos ay\u0131nda ya\u015fand\u0131 -\" \/>\n<meta property=\"og:description\" content=\"&#013; Meteoroloji Enstit\u00fcs\u00fc (AEMET) \u0130spanya&#8217;da 3-18 A\u011fustos&#8217;ta ya\u015fanan s\u0131cak hava dalgas\u0131n\u0131n, bug\u00fcne kadar kaydedilen en \u015fiddetli s\u0131caklar oldu\u011funu duyurdu. &#013; Bu yaz\u0131n ikinci s\u0131cak hava dalgas\u0131n\u0131 a\u011fustos ay\u0131nda ya\u015fayan \u0130spanya&#8217;da termometrelerin rekor seviyelere \u00e7\u0131kt\u0131\u011f\u0131n\u0131 kaydeden AEMET, \u015fu ana kadar en y\u00fcksek derece s\u0131cak hava dalgas\u0131n\u0131n, normalin 4,5 derece \u00fczerine \u00e7\u0131kt\u0131\u011f\u0131 Temmuz 2022&#8217;de g\u00f6r\u00fcld\u00fc\u011f\u00fcn\u00fc ancak 3-18\" \/>\n<meta property=\"og:url\" content=\"https:\/\/kibrisdakik.com\/?p=90350\" \/>\n<meta property=\"article:published_time\" content=\"2025-08-24T23:43:03+00:00\" \/>\n<meta property=\"og:image\" content=\"https:\/\/kibrisdakik.com\/wp-content\/uploads\/2025\/08\/ispanya-sicak-afp-2391238-740x420.jpg\" \/>\n\t<meta property=\"og:image:width\" content=\"1280\" \/>\n\t<meta property=\"og:image:height\" content=\"720\" \/>\n\t<meta property=\"og:image:type\" content=\"image\/jpeg\" \/>\n<meta name=\"author\" content=\"admin\" \/>\n<meta name=\"twitter:card\" content=\"summary_large_image\" \/>\n<meta name=\"twitter:label1\" content=\"Yazan:\" \/>\n\t<meta name=\"twitter:data1\" content=\"admin\" \/>\n\t<meta name=\"twitter:label2\" content=\"Tahmini okuma s\u00fcresi\" \/>\n\t<meta name=\"twitter:data2\" content=\"2 dakika\" \/>\n<script type=\"application\/ld+json\" class=\"yoast-schema-graph\">{\"@context\":\"https:\\\/\\\/schema.org\",\"@graph\":[{\"@type\":\"Article\",\"@id\":\"https:\\\/\\\/kibrisdakik.com\\\/?p=90350#article\",\"isPartOf\":{\"@id\":\"https:\\\/\\\/kibrisdakik.com\\\/?p=90350\"},\"author\":{\"name\":\"admin\",\"@id\":\"https:\\\/\\\/kibrisdakik.com\\\/#\\\/schema\\\/person\\\/9cd9d437bbb44f72b73ba127e06d8e79\"},\"headline\":\"\u0130spanya tarihinin en s\u0131cak g\u00fcnleri a\u011fustos ay\u0131nda ya\u015fand\u0131\",\"datePublished\":\"2025-08-24T23:43:03+00:00\",\"mainEntityOfPage\":{\"@id\":\"https:\\\/\\\/kibrisdakik.com\\\/?p=90350\"},\"wordCount\":390,\"commentCount\":0,\"image\":{\"@id\":\"https:\\\/\\\/kibrisdakik.com\\\/?p=90350#primaryimage\"},\"thumbnailUrl\":\"https:\\\/\\\/kibrisdakik.com\\\/wp-content\\\/uploads\\\/2025\\\/08\\\/ispanya-sicak-afp-2391238-740x420.jpg\",\"articleSection\":[\"Man\u015fet\",\"T\u00fcrkiye\"],\"inLanguage\":\"tr\",\"potentialAction\":[{\"@type\":\"CommentAction\",\"name\":\"Comment\",\"target\":[\"https:\\\/\\\/kibrisdakik.com\\\/?p=90350#respond\"]}]},{\"@type\":\"WebPage\",\"@id\":\"https:\\\/\\\/kibrisdakik.com\\\/?p=90350\",\"url\":\"https:\\\/\\\/kibrisdakik.com\\\/?p=90350\",\"name\":\"\u0130spanya tarihinin en s\u0131cak g\u00fcnleri a\u011fustos ay\u0131nda ya\u015fand\u0131 -\",\"isPartOf\":{\"@id\":\"https:\\\/\\\/kibrisdakik.com\\\/#website\"},\"primaryImageOfPage\":{\"@id\":\"https:\\\/\\\/kibrisdakik.com\\\/?p=90350#primaryimage\"},\"image\":{\"@id\":\"https:\\\/\\\/kibrisdakik.com\\\/?p=90350#primaryimage\"},\"thumbnailUrl\":\"https:\\\/\\\/kibrisdakik.com\\\/wp-content\\\/uploads\\\/2025\\\/08\\\/ispanya-sicak-afp-2391238-740x420.jpg\",\"datePublished\":\"2025-08-24T23:43:03+00:00\",\"author\":{\"@id\":\"https:\\\/\\\/kibrisdakik.com\\\/#\\\/schema\\\/person\\\/9cd9d437bbb44f72b73ba127e06d8e79\"},\"breadcrumb\":{\"@id\":\"https:\\\/\\\/kibrisdakik.com\\\/?p=90350#breadcrumb\"},\"inLanguage\":\"tr\",\"potentialAction\":[{\"@type\":\"ReadAction\",\"target\":[\"https:\\\/\\\/kibrisdakik.com\\\/?p=90350\"]}]},{\"@type\":\"ImageObject\",\"inLanguage\":\"tr\",\"@id\":\"https:\\\/\\\/kibrisdakik.com\\\/?p=90350#primaryimage\",\"url\":\"https:\\\/\\\/kibrisdakik.com\\\/wp-content\\\/uploads\\\/2025\\\/08\\\/ispanya-sicak-afp-2391238-740x420.jpg\",\"contentUrl\":\"https:\\\/\\\/kibrisdakik.com\\\/wp-content\\\/uploads\\\/2025\\\/08\\\/ispanya-sicak-afp-2391238-740x420.jpg\",\"width\":1280,\"height\":720},{\"@type\":\"BreadcrumbList\",\"@id\":\"https:\\\/\\\/kibrisdakik.com\\\/?p=90350#breadcrumb\",\"itemListElement\":[{\"@type\":\"ListItem\",\"position\":1,\"name\":\"Home\",\"item\":\"https:\\\/\\\/kibrisdakik.com\\\/\"},{\"@type\":\"ListItem\",\"position\":2,\"name\":\"\u0130spanya tarihinin en s\u0131cak g\u00fcnleri a\u011fustos ay\u0131nda ya\u015fand\u0131\"}]},{\"@type\":\"WebSite\",\"@id\":\"https:\\\/\\\/kibrisdakik.com\\\/#website\",\"url\":\"https:\\\/\\\/kibrisdakik.com\\\/\",\"name\":\"\",\"description\":\"Tam vaktinde haber\",\"potentialAction\":[{\"@type\":\"SearchAction\",\"target\":{\"@type\":\"EntryPoint\",\"urlTemplate\":\"https:\\\/\\\/kibrisdakik.com\\\/?s={search_term_string}\"},\"query-input\":{\"@type\":\"PropertyValueSpecification\",\"valueRequired\":true,\"valueName\":\"search_term_string\"}}],\"inLanguage\":\"tr\"},{\"@type\":\"Person\",\"@id\":\"https:\\\/\\\/kibrisdakik.com\\\/#\\\/schema\\\/person\\\/9cd9d437bbb44f72b73ba127e06d8e79\",\"name\":\"admin\",\"image\":{\"@type\":\"ImageObject\",\"inLanguage\":\"tr\",\"@id\":\"https:\\\/\\\/secure.gravatar.com\\\/avatar\\\/ccc17943b9d660506c869530f897617f7cb1c21a4bf30023f252596d83e1f007?s=96&d=mm&r=g\",\"url\":\"https:\\\/\\\/secure.gravatar.com\\\/avatar\\\/ccc17943b9d660506c869530f897617f7cb1c21a4bf30023f252596d83e1f007?s=96&d=mm&r=g\",\"contentUrl\":\"https:\\\/\\\/secure.gravatar.com\\\/avatar\\\/ccc17943b9d660506c869530f897617f7cb1c21a4bf30023f252596d83e1f007?s=96&d=mm&r=g\",\"caption\":\"admin\"},\"sameAs\":[\"https:\\\/\\\/kibrisdakik.com\"],\"url\":\"https:\\\/\\\/kibrisdakik.com\\\/?author=1\"}]}<\/script>\n<!-- \/ Yoast SEO plugin. -->","yoast_head_json":{"title":"\u0130spanya tarihinin en s\u0131cak g\u00fcnleri a\u011fustos ay\u0131nda ya\u015fand\u0131 -","robots":{"index":"index","follow":"follow","max-snippet":"max-snippet:-1","max-image-preview":"max-image-preview:large","max-video-preview":"max-video-preview:-1"},"canonical":"https:\/\/kibrisdakik.com\/?p=90350","og_locale":"tr_TR","og_type":"article","og_title":"\u0130spanya tarihinin en s\u0131cak g\u00fcnleri a\u011fustos ay\u0131nda ya\u015fand\u0131 -","og_description":"&#13; Meteoroloji Enstit\u00fcs\u00fc (AEMET) \u0130spanya&#8217;da 3-18 A\u011fustos&#8217;ta ya\u015fanan s\u0131cak hava dalgas\u0131n\u0131n, bug\u00fcne kadar kaydedilen en \u015fiddetli s\u0131caklar oldu\u011funu duyurdu. &#13; Bu yaz\u0131n ikinci s\u0131cak hava dalgas\u0131n\u0131 a\u011fustos ay\u0131nda ya\u015fayan \u0130spanya&#8217;da termometrelerin rekor seviyelere \u00e7\u0131kt\u0131\u011f\u0131n\u0131 kaydeden AEMET, \u015fu ana kadar en y\u00fcksek derece s\u0131cak hava dalgas\u0131n\u0131n, normalin 4,5 derece \u00fczerine \u00e7\u0131kt\u0131\u011f\u0131 Temmuz 2022&#8217;de g\u00f6r\u00fcld\u00fc\u011f\u00fcn\u00fc ancak 3-18","og_url":"https:\/\/kibrisdakik.com\/?p=90350","article_published_time":"2025-08-24T23:43:03+00:00","og_image":[{"width":1280,"height":720,"url":"https:\/\/kibrisdakik.com\/wp-content\/uploads\/2025\/08\/ispanya-sicak-afp-2391238-740x420.jpg","type":"image\/jpeg"}],"author":"admin","twitter_card":"summary_large_image","twitter_misc":{"Yazan:":"admin","Tahmini okuma s\u00fcresi":"2 dakika"},"schema":{"@context":"https:\/\/schema.org","@graph":[{"@type":"Article","@id":"https:\/\/kibrisdakik.com\/?p=90350#article","isPartOf":{"@id":"https:\/\/kibrisdakik.com\/?p=90350"},"author":{"name":"admin","@id":"https:\/\/kibrisdakik.com\/#\/schema\/person\/9cd9d437bbb44f72b73ba127e06d8e79"},"headline":"\u0130spanya tarihinin en s\u0131cak g\u00fcnleri a\u011fustos ay\u0131nda ya\u015fand\u0131","datePublished":"2025-08-24T23:43:03+00:00","mainEntityOfPage":{"@id":"https:\/\/kibrisdakik.com\/?p=90350"},"wordCount":390,"commentCount":0,"image":{"@id":"https:\/\/kibrisdakik.com\/?p=90350#primaryimage"},"thumbnailUrl":"https:\/\/kibrisdakik.com\/wp-content\/uploads\/2025\/08\/ispanya-sicak-afp-2391238-740x420.jpg","articleSection":["Man\u015fet","T\u00fcrkiye"],"inLanguage":"tr","potentialAction":[{"@type":"CommentAction","name":"Comment","target":["https:\/\/kibrisdakik.com\/?p=90350#respond"]}]},{"@type":"WebPage","@id":"https:\/\/kibrisdakik.com\/?p=90350","url":"https:\/\/kibrisdakik.com\/?p=90350","name":"\u0130spanya tarihinin en s\u0131cak g\u00fcnleri a\u011fustos ay\u0131nda ya\u015fand\u0131 -","isPartOf":{"@id":"https:\/\/kibrisdakik.com\/#website"},"primaryImageOfPage":{"@id":"https:\/\/kibrisdakik.com\/?p=90350#primaryimage"},"image":{"@id":"https:\/\/kibrisdakik.com\/?p=90350#primaryimage"},"thumbnailUrl":"https:\/\/kibrisdakik.com\/wp-content\/uploads\/2025\/08\/ispanya-sicak-afp-2391238-740x420.jpg","datePublished":"2025-08-24T23:43:03+00:00","author":{"@id":"https:\/\/kibrisdakik.com\/#\/schema\/person\/9cd9d437bbb44f72b73ba127e06d8e79"},"breadcrumb":{"@id":"https:\/\/kibrisdakik.com\/?p=90350#breadcrumb"},"inLanguage":"tr","potentialAction":[{"@type":"ReadAction","target":["https:\/\/kibrisdakik.com\/?p=90350"]}]},{"@type":"ImageObject","inLanguage":"tr","@id":"https:\/\/kibrisdakik.com\/?p=90350#primaryimage","url":"https:\/\/kibrisdakik.com\/wp-content\/uploads\/2025\/08\/ispanya-sicak-afp-2391238-740x420.jpg","contentUrl":"https:\/\/kibrisdakik.com\/wp-content\/uploads\/2025\/08\/ispanya-sicak-afp-2391238-740x420.jpg","width":1280,"height":720},{"@type":"BreadcrumbList","@id":"https:\/\/kibrisdakik.com\/?p=90350#breadcrumb","itemListElement":[{"@type":"ListItem","position":1,"name":"Home","item":"https:\/\/kibrisdakik.com\/"},{"@type":"ListItem","position":2,"name":"\u0130spanya tarihinin en s\u0131cak g\u00fcnleri a\u011fustos ay\u0131nda ya\u015fand\u0131"}]},{"@type":"WebSite","@id":"https:\/\/kibrisdakik.com\/#website","url":"https:\/\/kibrisdakik.com\/","name":"","description":"Tam vaktinde haber","potentialAction":[{"@type":"SearchAction","target":{"@type":"EntryPoint","urlTemplate":"https:\/\/kibrisdakik.com\/?s={search_term_string}"},"query-input":{"@type":"PropertyValueSpecification","valueRequired":true,"valueName":"search_term_string"}}],"inLanguage":"tr"},{"@type":"Person","@id":"https:\/\/kibrisdakik.com\/#\/schema\/person\/9cd9d437bbb44f72b73ba127e06d8e79","name":"admin","image":{"@type":"ImageObject","inLanguage":"tr","@id":"https:\/\/secure.gravatar.com\/avatar\/ccc17943b9d660506c869530f897617f7cb1c21a4bf30023f252596d83e1f007?s=96&d=mm&r=g","url":"https:\/\/secure.gravatar.com\/avatar\/ccc17943b9d660506c869530f897617f7cb1c21a4bf30023f252596d83e1f007?s=96&d=mm&r=g","contentUrl":"https:\/\/secure.gravatar.com\/avatar\/ccc17943b9d660506c869530f897617f7cb1c21a4bf30023f252596d83e1f007?s=96&d=mm&r=g","caption":"admin"},"sameAs":["https:\/\/kibrisdakik.com"],"url":"https:\/\/kibrisdakik.com\/?author=1"}]}},"_links":{"self":[{"href":"https:\/\/kibrisdakik.com\/index.php?rest_route=\/wp\/v2\/posts\/90350","targetHints":{"allow":["GET"]}}],"collection":[{"href":"https:\/\/kibrisdakik.com\/index.php?rest_route=\/wp\/v2\/posts"}],"about":[{"href":"https:\/\/kibrisdakik.com\/index.php?rest_route=\/wp\/v2\/types\/post"}],"author":[{"embeddable":true,"href":"https:\/\/kibrisdakik.com\/index.php?rest_route=\/wp\/v2\/users\/1"}],"replies":[{"embeddable":true,"href":"https:\/\/kibrisdakik.com\/index.php?rest_route=%2Fwp%2Fv2%2Fcomments&post=90350"}],"version-history":[{"count":0,"href":"https:\/\/kibrisdakik.com\/index.php?rest_route=\/wp\/v2\/posts\/90350\/revisions"}],"wp:featuredmedia":[{"embeddable":true,"href":"https:\/\/kibrisdakik.com\/index.php?rest_route=\/wp\/v2\/media\/90351"}],"wp:attachment":[{"href":"https:\/\/kibrisdakik.com\/index.php?rest_route=%2Fwp%2Fv2%2Fmedia&parent=90350"}],"wp:term":[{"taxonomy":"category","embeddable":true,"href":"https:\/\/kibrisdakik.com\/index.php?rest_route=%2Fwp%2Fv2%2Fcategories&post=90350"},{"taxonomy":"post_tag","embeddable":true,"href":"https:\/\/kibrisdakik.com\/index.php?rest_route=%2Fwp%2Fv2%2Ftags&post=90350"}],"curies":[{"name":"wp","href":"https:\/\/api.w.org\/{rel}","templated":true}]}}