{"id":90358,"date":"2025-08-25T06:45:01","date_gmt":"2025-08-25T03:45:01","guid":{"rendered":"https:\/\/kibrisdakik.com\/index.php\/2025\/08\/25\/filistin-topraklarini-gasbeden-israilliler-bati-seriada-filistinlilere-saldirdi\/"},"modified":"2025-08-25T06:45:01","modified_gmt":"2025-08-25T03:45:01","slug":"filistin-topraklarini-gasbeden-israilliler-bati-seriada-filistinlilere-saldirdi","status":"publish","type":"post","link":"https:\/\/kibrisdakik.com\/?p=90358","title":{"rendered":"Filistin topraklar\u0131n\u0131 gasbeden \u0130srailliler, Bat\u0131 \u015eeria&#8217;da Filistinlilere sald\u0131rd\u0131"},"content":{"rendered":"<p><\/p>\n<div>\n<p>&#13;<br \/>\n\tSivil toplum kurulu\u015fu olan Bedevi Haklar\u0131n\u0131 Savunma \u00d6rg\u00fct\u00fc&#8217;n\u00fcn (BEYDER) a\u00e7\u0131klamas\u0131na g\u00f6re topraklar\u0131 gasbeden \u0130srailliler, El Halil, Eriha, Ramallah ve Nablus&#8217;a sald\u0131r\u0131lar ger\u00e7ekle\u015ftirdi.<\/p>\n<p>&#13;<br \/>\n\tA\u00e7\u0131klamaya g\u00f6re, Eriha kentinin kuzeyindeki \u015eelal Avce bedevi toplulu\u011fu sakinleri, \u0130sraillilerin yeni sald\u0131r\u0131lar\u0131 ve provokasyonlar\u0131na maruz kald\u0131.<\/p>\n<p>&#13;<br \/>\n\tNablus&#8217;un g\u00fcneyindeki Duma beldesinde ise \u015eekara bedevi toplulu\u011funa d\u00fczenlenen bask\u0131nda \u0130srailliler, Filistinlilerin evleri aras\u0131nda dola\u015ft\u0131, onlar\u0131 provoke ederek foto\u011fraflar\u0131n\u0131 \u00e7ekti.<\/p>\n<p>&#13;<br \/>\n\tFilistin topraklar\u0131n\u0131 gasbeden \u0130srailliler ayr\u0131ca Kuzey A\u011fvar b\u00f6lgesinde Filistinlilerin tar\u0131m arazilerine ula\u015fmalar\u0131n\u0131 engelledi, bir Filistinli \u00e7al\u0131\u015fmakta oldu\u011fu arazisinden \u00e7\u0131kar\u0131ld\u0131.<\/p>\n<p>&#13;<br \/>\n\tB\u00f6lge sakinleri \u00fczerinde bask\u0131 olu\u015fturma ve Filistinlilerin topraklar\u0131n\u0131 ele ge\u00e7irme giri\u015fimlerinin bir par\u00e7as\u0131 olarak ger\u00e7ekle\u015ftirildi\u011fi ifade edilen a\u00e7\u0131klamada, \u0130srail g\u00fc\u00e7lerinin, ge\u00e7en y\u0131l da ayn\u0131 b\u00f6lgede pek \u00e7ok aileyi evlerinden zorla g\u00f6\u00e7 ettirdi\u011fi an\u0131msat\u0131ld\u0131.<\/p>\n<h2>&#13;<br \/>\n\t62 ya\u015f\u0131ndaki Filistinli darbedildi<\/h2>\n<p>&#13;<br \/>\n\tYerel kaynaklardan al\u0131nan bilgiye g\u00f6re ise El Halil kentinin kuzeyindeki Halhul beldesinde \u0130srailliler, tar\u0131m arazisinde \u00e7al\u0131\u015ft\u0131\u011f\u0131 s\u0131rada 62 ya\u015f\u0131ndaki Filistinli Mustafa Melhem&#8217;i darbetti.<\/p>\n<p>&#13;<br \/>\n\tDarbedilen Filistinli tedavi i\u00e7in hastaneye kald\u0131r\u0131ld\u0131.<\/p>\n<p>&#13;<br \/>\n\tFilistinli aktivist Usame Muhamera, \u0130sraillilerin, El Halil&#8217;in g\u00fcneyindeki Mesafir Yatta b\u00f6lgesindeki Hamra&#8217;da Filistin topraklar\u0131n\u0131 buldozerlerle yerle bir etti\u011fini belirtti.<\/p>\n<p>&#13;<br \/>\n\tFilistin Kurtulu\u015f \u00d6rg\u00fct\u00fc&#8217;ne (FK\u00d6) ba\u011fl\u0131 Ayr\u0131m Duvar\u0131 ve Yahudi Yerle\u015fim Birimleriyle M\u00fccadele Konseyi raporuna g\u00f6re, topraklar\u0131 gasbeden \u0130srailliler, temmuzda Bat\u0131 \u015eeria&#8217;da 466 sald\u0131r\u0131 d\u00fczenledi.<\/p>\n<p>&#13;<br \/>\n\tBu sald\u0131r\u0131lar sonucunda 4 Filistinli hayat\u0131n\u0131 kaybetti, 50 aileden olu\u015fan iki Bedevi toplulu\u011fu bulunduklar\u0131 yerden zorla g\u00f6\u00e7 ettirildi. Ayr\u0131ca 15 yeni ka\u00e7ak yerle\u015fim noktas\u0131n\u0131n kurulmaya \u00e7al\u0131\u015f\u0131ld\u0131\u011f\u0131 kaydedildi.<\/p>\n<p>&#13;<br \/>\n\tGazze&#8217;deki soyk\u0131r\u0131m sald\u0131r\u0131lar\u0131yla e\u015fzamanl\u0131 olarak, \u0130srail ordusu ve Filistin topraklar\u0131n\u0131 gasbeden \u0130srailliler, Kud\u00fcs dahil, Bat\u0131 \u015eeria\u2019da, en az 1015 Filistinliyi \u00f6ld\u00fcrd\u00fc, yakla\u015f\u0131k 7 bin ki\u015fiyi yaralad\u0131 ve 18 bin 500&#8217;den fazlas\u0131n\u0131 da g\u00f6zalt\u0131na ald\u0131.<\/p>\n<\/p><\/div>\n","protected":false},"excerpt":{"rendered":"<p>&#13; Sivil toplum kurulu\u015fu olan Bedevi Haklar\u0131n\u0131 Savunma \u00d6rg\u00fct\u00fc&#8217;n\u00fcn (BEYDER) a\u00e7\u0131klamas\u0131na g\u00f6re topraklar\u0131 gasbeden \u0130srailliler, El Halil, Eriha, Ramallah ve Nablus&#8217;a sald\u0131r\u0131lar ger\u00e7ekle\u015ftirdi. &#13; A\u00e7\u0131klamaya g\u00f6re, Eriha kentinin kuzeyindeki \u015eelal Avce bedevi toplulu\u011fu sakinleri, \u0130sraillilerin yeni sald\u0131r\u0131lar\u0131 ve provokasyonlar\u0131na maruz kald\u0131. &#13; Nablus&#8217;un g\u00fcneyindeki Duma beldesinde ise \u015eekara bedevi toplulu\u011funa d\u00fczenlenen bask\u0131nda \u0130srailliler, Filistinlilerin evleri<\/p>\n","protected":false},"author":1,"featured_media":90359,"comment_status":"open","ping_status":"open","sticky":false,"template":"","format":"standard","meta":{"footnotes":""},"categories":[101,86],"tags":[],"class_list":["post-90358","post","type-post","status-publish","format-standard","has-post-thumbnail","hentry","category-manset","category-turkiye"],"yoast_head":"<!-- This site is optimized with the Yoast SEO plugin v28.3 - https:\/\/yoast.com\/product\/yoast-seo-wordpress\/ -->\n<title>Filistin topraklar\u0131n\u0131 gasbeden \u0130srailliler, Bat\u0131 \u015eeria&#039;da Filistinlilere sald\u0131rd\u0131 -<\/title>\n<meta name=\"robots\" content=\"index, follow, max-snippet:-1, max-image-preview:large, max-video-preview:-1\" \/>\n<link rel=\"canonical\" href=\"https:\/\/kibrisdakik.com\/?p=90358\" \/>\n<meta property=\"og:locale\" content=\"tr_TR\" \/>\n<meta property=\"og:type\" content=\"article\" \/>\n<meta property=\"og:title\" content=\"Filistin topraklar\u0131n\u0131 gasbeden \u0130srailliler, Bat\u0131 \u015eeria&#039;da Filistinlilere sald\u0131rd\u0131 -\" \/>\n<meta property=\"og:description\" content=\"&#013; Sivil toplum kurulu\u015fu olan Bedevi Haklar\u0131n\u0131 Savunma \u00d6rg\u00fct\u00fc&#8217;n\u00fcn (BEYDER) a\u00e7\u0131klamas\u0131na g\u00f6re topraklar\u0131 gasbeden \u0130srailliler, El Halil, Eriha, Ramallah ve Nablus&#8217;a sald\u0131r\u0131lar ger\u00e7ekle\u015ftirdi. &#013; A\u00e7\u0131klamaya g\u00f6re, Eriha kentinin kuzeyindeki \u015eelal Avce bedevi toplulu\u011fu sakinleri, \u0130sraillilerin yeni sald\u0131r\u0131lar\u0131 ve provokasyonlar\u0131na maruz kald\u0131. &#013; Nablus&#8217;un g\u00fcneyindeki Duma beldesinde ise \u015eekara bedevi toplulu\u011funa d\u00fczenlenen bask\u0131nda \u0130srailliler, Filistinlilerin evleri\" \/>\n<meta property=\"og:url\" content=\"https:\/\/kibrisdakik.com\/?p=90358\" \/>\n<meta property=\"article:published_time\" content=\"2025-08-25T03:45:01+00:00\" \/>\n<meta property=\"og:image\" content=\"https:\/\/kibrisdakik.com\/wp-content\/uploads\/2025\/08\/gazze-israil-a-2359003-740x420.jpg\" \/>\n\t<meta property=\"og:image:width\" content=\"1280\" \/>\n\t<meta property=\"og:image:height\" content=\"720\" \/>\n\t<meta property=\"og:image:type\" content=\"image\/jpeg\" \/>\n<meta name=\"author\" content=\"admin\" \/>\n<meta name=\"twitter:card\" content=\"summary_large_image\" \/>\n<meta name=\"twitter:label1\" content=\"Yazan:\" \/>\n\t<meta name=\"twitter:data1\" content=\"admin\" \/>\n\t<meta name=\"twitter:label2\" content=\"Tahmini okuma s\u00fcresi\" \/>\n\t<meta name=\"twitter:data2\" content=\"2 dakika\" \/>\n<script type=\"application\/ld+json\" class=\"yoast-schema-graph\">{\"@context\":\"https:\\\/\\\/schema.org\",\"@graph\":[{\"@type\":\"Article\",\"@id\":\"https:\\\/\\\/kibrisdakik.com\\\/?p=90358#article\",\"isPartOf\":{\"@id\":\"https:\\\/\\\/kibrisdakik.com\\\/?p=90358\"},\"author\":{\"name\":\"admin\",\"@id\":\"https:\\\/\\\/kibrisdakik.com\\\/#\\\/schema\\\/person\\\/9cd9d437bbb44f72b73ba127e06d8e79\"},\"headline\":\"Filistin topraklar\u0131n\u0131 gasbeden \u0130srailliler, Bat\u0131 \u015eeria&#8217;da Filistinlilere sald\u0131rd\u0131\",\"datePublished\":\"2025-08-25T03:45:01+00:00\",\"mainEntityOfPage\":{\"@id\":\"https:\\\/\\\/kibrisdakik.com\\\/?p=90358\"},\"wordCount\":359,\"commentCount\":0,\"publisher\":{\"@id\":\"https:\\\/\\\/kibrisdakik.com\\\/#organization\"},\"image\":{\"@id\":\"https:\\\/\\\/kibrisdakik.com\\\/?p=90358#primaryimage\"},\"thumbnailUrl\":\"https:\\\/\\\/kibrisdakik.com\\\/wp-content\\\/uploads\\\/2025\\\/08\\\/gazze-israil-a-2359003-740x420.jpg\",\"articleSection\":[\"Man\u015fet\",\"T\u00fcrkiye\"],\"inLanguage\":\"tr\",\"potentialAction\":[{\"@type\":\"CommentAction\",\"name\":\"Comment\",\"target\":[\"https:\\\/\\\/kibrisdakik.com\\\/?p=90358#respond\"]}]},{\"@type\":\"WebPage\",\"@id\":\"https:\\\/\\\/kibrisdakik.com\\\/?p=90358\",\"url\":\"https:\\\/\\\/kibrisdakik.com\\\/?p=90358\",\"name\":\"Filistin topraklar\u0131n\u0131 gasbeden \u0130srailliler, Bat\u0131 \u015eeria'da Filistinlilere sald\u0131rd\u0131 -\",\"isPartOf\":{\"@id\":\"https:\\\/\\\/kibrisdakik.com\\\/#website\"},\"primaryImageOfPage\":{\"@id\":\"https:\\\/\\\/kibrisdakik.com\\\/?p=90358#primaryimage\"},\"image\":{\"@id\":\"https:\\\/\\\/kibrisdakik.com\\\/?p=90358#primaryimage\"},\"thumbnailUrl\":\"https:\\\/\\\/kibrisdakik.com\\\/wp-content\\\/uploads\\\/2025\\\/08\\\/gazze-israil-a-2359003-740x420.jpg\",\"datePublished\":\"2025-08-25T03:45:01+00:00\",\"breadcrumb\":{\"@id\":\"https:\\\/\\\/kibrisdakik.com\\\/?p=90358#breadcrumb\"},\"inLanguage\":\"tr\",\"potentialAction\":[{\"@type\":\"ReadAction\",\"target\":[\"https:\\\/\\\/kibrisdakik.com\\\/?p=90358\"]}]},{\"@type\":\"ImageObject\",\"inLanguage\":\"tr\",\"@id\":\"https:\\\/\\\/kibrisdakik.com\\\/?p=90358#primaryimage\",\"url\":\"https:\\\/\\\/kibrisdakik.com\\\/wp-content\\\/uploads\\\/2025\\\/08\\\/gazze-israil-a-2359003-740x420.jpg\",\"contentUrl\":\"https:\\\/\\\/kibrisdakik.com\\\/wp-content\\\/uploads\\\/2025\\\/08\\\/gazze-israil-a-2359003-740x420.jpg\",\"width\":1280,\"height\":720},{\"@type\":\"BreadcrumbList\",\"@id\":\"https:\\\/\\\/kibrisdakik.com\\\/?p=90358#breadcrumb\",\"itemListElement\":[{\"@type\":\"ListItem\",\"position\":1,\"name\":\"Home\",\"item\":\"https:\\\/\\\/kibrisdakik.com\\\/\"},{\"@type\":\"ListItem\",\"position\":2,\"name\":\"Filistin topraklar\u0131n\u0131 gasbeden \u0130srailliler, Bat\u0131 \u015eeria&#8217;da Filistinlilere sald\u0131rd\u0131\"}]},{\"@type\":\"WebSite\",\"@id\":\"https:\\\/\\\/kibrisdakik.com\\\/#website\",\"url\":\"https:\\\/\\\/kibrisdakik.com\\\/\",\"name\":\"K\u0131br\u0131s Dakik\",\"description\":\"Tam vaktinde haber\",\"publisher\":{\"@id\":\"https:\\\/\\\/kibrisdakik.com\\\/#organization\"},\"potentialAction\":[{\"@type\":\"SearchAction\",\"target\":{\"@type\":\"EntryPoint\",\"urlTemplate\":\"https:\\\/\\\/kibrisdakik.com\\\/?s={search_term_string}\"},\"query-input\":{\"@type\":\"PropertyValueSpecification\",\"valueRequired\":true,\"valueName\":\"search_term_string\"}}],\"inLanguage\":\"tr\"},{\"@type\":\"Organization\",\"@id\":\"https:\\\/\\\/kibrisdakik.com\\\/#organization\",\"name\":\"K\u0131br\u0131s Dakik\",\"url\":\"https:\\\/\\\/kibrisdakik.com\\\/\",\"logo\":{\"@type\":\"ImageObject\",\"inLanguage\":\"tr\",\"@id\":\"https:\\\/\\\/kibrisdakik.com\\\/#\\\/schema\\\/logo\\\/image\\\/\",\"url\":\"https:\\\/\\\/kibrisdakik.com\\\/wp-content\\\/uploads\\\/2025\\\/10\\\/cropped-WhatsApp-Image-2025-10-02-at-12.58.31.jpeg\",\"contentUrl\":\"https:\\\/\\\/kibrisdakik.com\\\/wp-content\\\/uploads\\\/2025\\\/10\\\/cropped-WhatsApp-Image-2025-10-02-at-12.58.31.jpeg\",\"width\":1237,\"height\":190,\"caption\":\"K\u0131br\u0131s Dakik\"},\"image\":{\"@id\":\"https:\\\/\\\/kibrisdakik.com\\\/#\\\/schema\\\/logo\\\/image\\\/\"}},{\"@type\":\"Person\",\"@id\":\"https:\\\/\\\/kibrisdakik.com\\\/#\\\/schema\\\/person\\\/9cd9d437bbb44f72b73ba127e06d8e79\",\"name\":\"admin\",\"image\":{\"@type\":\"ImageObject\",\"inLanguage\":\"tr\",\"@id\":\"https:\\\/\\\/secure.gravatar.com\\\/avatar\\\/ccc17943b9d660506c869530f897617f7cb1c21a4bf30023f252596d83e1f007?s=96&d=mm&r=g\",\"url\":\"https:\\\/\\\/secure.gravatar.com\\\/avatar\\\/ccc17943b9d660506c869530f897617f7cb1c21a4bf30023f252596d83e1f007?s=96&d=mm&r=g\",\"contentUrl\":\"https:\\\/\\\/secure.gravatar.com\\\/avatar\\\/ccc17943b9d660506c869530f897617f7cb1c21a4bf30023f252596d83e1f007?s=96&d=mm&r=g\",\"caption\":\"admin\"},\"sameAs\":[\"https:\\\/\\\/kibrisdakik.com\"],\"url\":\"https:\\\/\\\/kibrisdakik.com\\\/?author=1\"}]}<\/script>\n<!-- \/ Yoast SEO plugin. -->","yoast_head_json":{"title":"Filistin topraklar\u0131n\u0131 gasbeden \u0130srailliler, Bat\u0131 \u015eeria'da Filistinlilere sald\u0131rd\u0131 -","robots":{"index":"index","follow":"follow","max-snippet":"max-snippet:-1","max-image-preview":"max-image-preview:large","max-video-preview":"max-video-preview:-1"},"canonical":"https:\/\/kibrisdakik.com\/?p=90358","og_locale":"tr_TR","og_type":"article","og_title":"Filistin topraklar\u0131n\u0131 gasbeden \u0130srailliler, Bat\u0131 \u015eeria'da Filistinlilere sald\u0131rd\u0131 -","og_description":"&#13; Sivil toplum kurulu\u015fu olan Bedevi Haklar\u0131n\u0131 Savunma \u00d6rg\u00fct\u00fc&#8217;n\u00fcn (BEYDER) a\u00e7\u0131klamas\u0131na g\u00f6re topraklar\u0131 gasbeden \u0130srailliler, El Halil, Eriha, Ramallah ve Nablus&#8217;a sald\u0131r\u0131lar ger\u00e7ekle\u015ftirdi. &#13; A\u00e7\u0131klamaya g\u00f6re, Eriha kentinin kuzeyindeki \u015eelal Avce bedevi toplulu\u011fu sakinleri, \u0130sraillilerin yeni sald\u0131r\u0131lar\u0131 ve provokasyonlar\u0131na maruz kald\u0131. &#13; Nablus&#8217;un g\u00fcneyindeki Duma beldesinde ise \u015eekara bedevi toplulu\u011funa d\u00fczenlenen bask\u0131nda \u0130srailliler, Filistinlilerin evleri","og_url":"https:\/\/kibrisdakik.com\/?p=90358","article_published_time":"2025-08-25T03:45:01+00:00","og_image":[{"width":1280,"height":720,"url":"https:\/\/kibrisdakik.com\/wp-content\/uploads\/2025\/08\/gazze-israil-a-2359003-740x420.jpg","type":"image\/jpeg"}],"author":"admin","twitter_card":"summary_large_image","twitter_misc":{"Yazan:":"admin","Tahmini okuma s\u00fcresi":"2 dakika"},"schema":{"@context":"https:\/\/schema.org","@graph":[{"@type":"Article","@id":"https:\/\/kibrisdakik.com\/?p=90358#article","isPartOf":{"@id":"https:\/\/kibrisdakik.com\/?p=90358"},"author":{"name":"admin","@id":"https:\/\/kibrisdakik.com\/#\/schema\/person\/9cd9d437bbb44f72b73ba127e06d8e79"},"headline":"Filistin topraklar\u0131n\u0131 gasbeden \u0130srailliler, Bat\u0131 \u015eeria&#8217;da Filistinlilere sald\u0131rd\u0131","datePublished":"2025-08-25T03:45:01+00:00","mainEntityOfPage":{"@id":"https:\/\/kibrisdakik.com\/?p=90358"},"wordCount":359,"commentCount":0,"publisher":{"@id":"https:\/\/kibrisdakik.com\/#organization"},"image":{"@id":"https:\/\/kibrisdakik.com\/?p=90358#primaryimage"},"thumbnailUrl":"https:\/\/kibrisdakik.com\/wp-content\/uploads\/2025\/08\/gazze-israil-a-2359003-740x420.jpg","articleSection":["Man\u015fet","T\u00fcrkiye"],"inLanguage":"tr","potentialAction":[{"@type":"CommentAction","name":"Comment","target":["https:\/\/kibrisdakik.com\/?p=90358#respond"]}]},{"@type":"WebPage","@id":"https:\/\/kibrisdakik.com\/?p=90358","url":"https:\/\/kibrisdakik.com\/?p=90358","name":"Filistin topraklar\u0131n\u0131 gasbeden \u0130srailliler, Bat\u0131 \u015eeria'da Filistinlilere sald\u0131rd\u0131 -","isPartOf":{"@id":"https:\/\/kibrisdakik.com\/#website"},"primaryImageOfPage":{"@id":"https:\/\/kibrisdakik.com\/?p=90358#primaryimage"},"image":{"@id":"https:\/\/kibrisdakik.com\/?p=90358#primaryimage"},"thumbnailUrl":"https:\/\/kibrisdakik.com\/wp-content\/uploads\/2025\/08\/gazze-israil-a-2359003-740x420.jpg","datePublished":"2025-08-25T03:45:01+00:00","breadcrumb":{"@id":"https:\/\/kibrisdakik.com\/?p=90358#breadcrumb"},"inLanguage":"tr","potentialAction":[{"@type":"ReadAction","target":["https:\/\/kibrisdakik.com\/?p=90358"]}]},{"@type":"ImageObject","inLanguage":"tr","@id":"https:\/\/kibrisdakik.com\/?p=90358#primaryimage","url":"https:\/\/kibrisdakik.com\/wp-content\/uploads\/2025\/08\/gazze-israil-a-2359003-740x420.jpg","contentUrl":"https:\/\/kibrisdakik.com\/wp-content\/uploads\/2025\/08\/gazze-israil-a-2359003-740x420.jpg","width":1280,"height":720},{"@type":"BreadcrumbList","@id":"https:\/\/kibrisdakik.com\/?p=90358#breadcrumb","itemListElement":[{"@type":"ListItem","position":1,"name":"Home","item":"https:\/\/kibrisdakik.com\/"},{"@type":"ListItem","position":2,"name":"Filistin topraklar\u0131n\u0131 gasbeden \u0130srailliler, Bat\u0131 \u015eeria&#8217;da Filistinlilere sald\u0131rd\u0131"}]},{"@type":"WebSite","@id":"https:\/\/kibrisdakik.com\/#website","url":"https:\/\/kibrisdakik.com\/","name":"K\u0131br\u0131s Dakik","description":"Tam vaktinde haber","publisher":{"@id":"https:\/\/kibrisdakik.com\/#organization"},"potentialAction":[{"@type":"SearchAction","target":{"@type":"EntryPoint","urlTemplate":"https:\/\/kibrisdakik.com\/?s={search_term_string}"},"query-input":{"@type":"PropertyValueSpecification","valueRequired":true,"valueName":"search_term_string"}}],"inLanguage":"tr"},{"@type":"Organization","@id":"https:\/\/kibrisdakik.com\/#organization","name":"K\u0131br\u0131s Dakik","url":"https:\/\/kibrisdakik.com\/","logo":{"@type":"ImageObject","inLanguage":"tr","@id":"https:\/\/kibrisdakik.com\/#\/schema\/logo\/image\/","url":"https:\/\/kibrisdakik.com\/wp-content\/uploads\/2025\/10\/cropped-WhatsApp-Image-2025-10-02-at-12.58.31.jpeg","contentUrl":"https:\/\/kibrisdakik.com\/wp-content\/uploads\/2025\/10\/cropped-WhatsApp-Image-2025-10-02-at-12.58.31.jpeg","width":1237,"height":190,"caption":"K\u0131br\u0131s Dakik"},"image":{"@id":"https:\/\/kibrisdakik.com\/#\/schema\/logo\/image\/"}},{"@type":"Person","@id":"https:\/\/kibrisdakik.com\/#\/schema\/person\/9cd9d437bbb44f72b73ba127e06d8e79","name":"admin","image":{"@type":"ImageObject","inLanguage":"tr","@id":"https:\/\/secure.gravatar.com\/avatar\/ccc17943b9d660506c869530f897617f7cb1c21a4bf30023f252596d83e1f007?s=96&d=mm&r=g","url":"https:\/\/secure.gravatar.com\/avatar\/ccc17943b9d660506c869530f897617f7cb1c21a4bf30023f252596d83e1f007?s=96&d=mm&r=g","contentUrl":"https:\/\/secure.gravatar.com\/avatar\/ccc17943b9d660506c869530f897617f7cb1c21a4bf30023f252596d83e1f007?s=96&d=mm&r=g","caption":"admin"},"sameAs":["https:\/\/kibrisdakik.com"],"url":"https:\/\/kibrisdakik.com\/?author=1"}]}},"_links":{"self":[{"href":"https:\/\/kibrisdakik.com\/index.php?rest_route=\/wp\/v2\/posts\/90358","targetHints":{"allow":["GET"]}}],"collection":[{"href":"https:\/\/kibrisdakik.com\/index.php?rest_route=\/wp\/v2\/posts"}],"about":[{"href":"https:\/\/kibrisdakik.com\/index.php?rest_route=\/wp\/v2\/types\/post"}],"author":[{"embeddable":true,"href":"https:\/\/kibrisdakik.com\/index.php?rest_route=\/wp\/v2\/users\/1"}],"replies":[{"embeddable":true,"href":"https:\/\/kibrisdakik.com\/index.php?rest_route=%2Fwp%2Fv2%2Fcomments&post=90358"}],"version-history":[{"count":0,"href":"https:\/\/kibrisdakik.com\/index.php?rest_route=\/wp\/v2\/posts\/90358\/revisions"}],"wp:featuredmedia":[{"embeddable":true,"href":"https:\/\/kibrisdakik.com\/index.php?rest_route=\/wp\/v2\/media\/90359"}],"wp:attachment":[{"href":"https:\/\/kibrisdakik.com\/index.php?rest_route=%2Fwp%2Fv2%2Fmedia&parent=90358"}],"wp:term":[{"taxonomy":"category","embeddable":true,"href":"https:\/\/kibrisdakik.com\/index.php?rest_route=%2Fwp%2Fv2%2Fcategories&post=90358"},{"taxonomy":"post_tag","embeddable":true,"href":"https:\/\/kibrisdakik.com\/index.php?rest_route=%2Fwp%2Fv2%2Ftags&post=90358"}],"curies":[{"name":"wp","href":"https:\/\/api.w.org\/{rel}","templated":true}]}}