{"id":90564,"date":"2025-08-25T18:02:14","date_gmt":"2025-08-25T15:02:14","guid":{"rendered":"https:\/\/kibrisdakik.com\/index.php\/2025\/08\/25\/fidias-tarihi-ifadeleriyle-elestirilerin-odaginda\/"},"modified":"2025-08-25T18:02:14","modified_gmt":"2025-08-25T15:02:14","slug":"fidias-tarihi-ifadeleriyle-elestirilerin-odaginda","status":"publish","type":"post","link":"https:\/\/kibrisdakik.com\/?p=90564","title":{"rendered":"F\u0130D\u0130AS TAR\u0130H\u0130 \u0130FADELER\u0130YLE ELE\u015eT\u0130R\u0130LER\u0130N ODA\u011eINDA"},"content":{"rendered":"<p> <br \/>\n<br \/><\/p>\n<p>G\u00fcney K\u0131br\u0131s\u2019ta Avrupa Parlamentosu (AP) \u00fcyesi ve youtuber <strong>Fidias Panayotu<\/strong>, sosyal medya ve podcast a\u00e7\u0131klamalar\u0131 nedeniyle yeniden ele\u015ftiri konusu oldu. Alithia gazetesi, Panayotu\u2019nun, gazeteci ve AKEL \u00fcyesi <strong>Mihalis Mihail<\/strong>\u2019in a\u00e7\u0131klamalar\u0131na ili\u015fkin ifadelerinin tart\u0131\u015fmalara yol a\u00e7t\u0131\u011f\u0131n\u0131 aktard\u0131.<\/p>\n<p>Panayotu\u2019nun \u00fclke tarihiyle ilgisi olmayan payla\u015f\u0131mlar\u0131yla K\u0131br\u0131s\u2019a hakaret etti\u011fi gerek\u00e7esiyle Avrupa Parlamentosu \u00fcyeli\u011finden istifas\u0131n\u0131n talep edildi\u011fi belirtildi.<\/p>\n<p>Gelen tepkiler \u00fczerine <strong>Grigoris Avksentiu Ara\u015ft\u0131rma Merkezi<\/strong>, <strong>D\u0130KO<\/strong>, <strong>EDEK<\/strong>, <strong>D\u0130PA<\/strong> ve <strong>ELAM<\/strong> ayr\u0131 ayr\u0131 a\u00e7\u0131klamalar yaparak Panayotu\u2019yu ele\u015ftirdi. Avksentiu Ara\u015ft\u0131rma Merkezi, kahraman Avksentiu\u2019nun fedak\u00e2rl\u0131\u011f\u0131n\u0131n k\u00fc\u00e7\u00fcmsenmesine kar\u015f\u0131 \u00e7\u0131kt\u0131. D\u0130KO, Avksentiu\u2019nun ve di\u011fer EOKA\u2019c\u0131lar\u0131n ulusal onurlar\u0131n\u0131n \u00f6nemine vurgu yapt\u0131. ELAM, baz\u0131 payla\u015f\u0131mlar\u0131n K\u0131br\u0131s Helenizmi m\u00fccadelesini a\u015fa\u011f\u0131lamaya \u00e7al\u0131\u015ft\u0131\u011f\u0131n\u0131 ifade etti. D\u0130PA Ba\u015fkan\u0131 Marios Karoyan da tarihi fedak\u00e2rl\u0131\u011f\u0131n \u00e7arp\u0131t\u0131lmas\u0131na kesinlikle kar\u015f\u0131 olduklar\u0131n\u0131 belirtti.<\/p>\n<p>Rum Y\u00f6netimi Ba\u015fkan\u0131 <strong>Nikos Hristodulidis<\/strong> ise sosyal medya \u00fczerinden Avksentiu\u2019nun \u201cb\u0131\u00e7ak kemi\u011fe dayand\u0131\u011f\u0131nda bir Yunan gibi sava\u015faca\u011f\u0131m, ancak beni canl\u0131 yakalamayacaklar\u201d s\u00f6zlerini payla\u015ft\u0131.<\/p>\n<p>Bilindi\u011fi gibi <strong>Grigoris Avksentiu<\/strong>, \u0130ngiliz egemenli\u011fine kar\u015f\u0131 sava\u015fm\u0131\u015f ve K\u0131br\u0131s Rumlar\u0131 taraf\u0131ndan ulusal kahraman olarak kabul edilen EOKA hiyerar\u015fisinde ikinci s\u0131radaki \u00f6nemli bir fig\u00fcrd\u00fcr. Tarihi kay\u0131tlara g\u00f6re, \u0130ngiliz kuvvetleri Avksentiu\u2019nun bulundu\u011fu s\u0131\u011f\u0131na\u011f\u0131 ele ge\u00e7irememi\u015f ve s\u0131\u011f\u0131na\u011f\u0131 ate\u015fe vererek Avksentiu\u2019yu \u00f6ld\u00fcrm\u00fc\u015ft\u00fcr.<\/p>\n<p><br \/>\n<br \/><a href=\"[kibrisdakik.com]\n<\/p>\n","protected":false},"excerpt":{"rendered":"<p>G\u00fcney K\u0131br\u0131s\u2019ta Avrupa Parlamentosu (AP) \u00fcyesi ve youtuber Fidias Panayotu, sosyal medya ve podcast a\u00e7\u0131klamalar\u0131 nedeniyle yeniden ele\u015ftiri konusu oldu. Alithia gazetesi, Panayotu\u2019nun, gazeteci ve AKEL \u00fcyesi Mihalis Mihail\u2019in a\u00e7\u0131klamalar\u0131na ili\u015fkin ifadelerinin tart\u0131\u015fmalara yol a\u00e7t\u0131\u011f\u0131n\u0131 aktard\u0131. Panayotu\u2019nun \u00fclke tarihiyle ilgisi olmayan payla\u015f\u0131mlar\u0131yla K\u0131br\u0131s\u2019a hakaret etti\u011fi gerek\u00e7esiyle Avrupa Parlamentosu \u00fcyeli\u011finden istifas\u0131n\u0131n talep edildi\u011fi belirtildi. Gelen tepkiler<\/p>\n","protected":false},"author":1,"featured_media":90565,"comment_status":"open","ping_status":"open","sticky":false,"template":"","format":"standard","meta":{"footnotes":""},"categories":[81,101],"tags":[],"class_list":["post-90564","post","type-post","status-publish","format-standard","has-post-thumbnail","hentry","category-kibris","category-manset"],"yoast_head":"<!-- This site is optimized with the Yoast SEO plugin v27.5 - https:\/\/yoast.com\/product\/yoast-seo-wordpress\/ -->\n<title>F\u0130D\u0130AS TAR\u0130H\u0130 \u0130FADELER\u0130YLE ELE\u015eT\u0130R\u0130LER\u0130N ODA\u011eINDA -<\/title>\n<meta name=\"robots\" content=\"index, follow, max-snippet:-1, max-image-preview:large, max-video-preview:-1\" \/>\n<link rel=\"canonical\" href=\"https:\/\/kibrisdakik.com\/?p=90564\" \/>\n<meta property=\"og:locale\" content=\"tr_TR\" \/>\n<meta property=\"og:type\" content=\"article\" \/>\n<meta property=\"og:title\" content=\"F\u0130D\u0130AS TAR\u0130H\u0130 \u0130FADELER\u0130YLE ELE\u015eT\u0130R\u0130LER\u0130N ODA\u011eINDA -\" \/>\n<meta property=\"og:description\" content=\"G\u00fcney K\u0131br\u0131s\u2019ta Avrupa Parlamentosu (AP) \u00fcyesi ve youtuber Fidias Panayotu, sosyal medya ve podcast a\u00e7\u0131klamalar\u0131 nedeniyle yeniden ele\u015ftiri konusu oldu. Alithia gazetesi, Panayotu\u2019nun, gazeteci ve AKEL \u00fcyesi Mihalis Mihail\u2019in a\u00e7\u0131klamalar\u0131na ili\u015fkin ifadelerinin tart\u0131\u015fmalara yol a\u00e7t\u0131\u011f\u0131n\u0131 aktard\u0131. Panayotu\u2019nun \u00fclke tarihiyle ilgisi olmayan payla\u015f\u0131mlar\u0131yla K\u0131br\u0131s\u2019a hakaret etti\u011fi gerek\u00e7esiyle Avrupa Parlamentosu \u00fcyeli\u011finden istifas\u0131n\u0131n talep edildi\u011fi belirtildi. Gelen tepkiler\" \/>\n<meta property=\"og:url\" content=\"https:\/\/kibrisdakik.com\/?p=90564\" \/>\n<meta property=\"article:published_time\" content=\"2025-08-25T15:02:14+00:00\" \/>\n<meta property=\"og:image\" content=\"https:\/\/kibrisdakik.com\/wp-content\/uploads\/2025\/08\/mha-425-740x420.png\" \/>\n\t<meta property=\"og:image:width\" content=\"1280\" \/>\n\t<meta property=\"og:image:height\" content=\"720\" \/>\n\t<meta property=\"og:image:type\" content=\"image\/png\" \/>\n<meta name=\"author\" content=\"admin\" \/>\n<meta name=\"twitter:card\" content=\"summary_large_image\" \/>\n<meta name=\"twitter:label1\" content=\"Yazan:\" \/>\n\t<meta name=\"twitter:data1\" content=\"admin\" \/>\n\t<meta name=\"twitter:label2\" content=\"Tahmini okuma s\u00fcresi\" \/>\n\t<meta name=\"twitter:data2\" content=\"1 dakika\" \/>\n<script type=\"application\/ld+json\" class=\"yoast-schema-graph\">{\"@context\":\"https:\\\/\\\/schema.org\",\"@graph\":[{\"@type\":\"Article\",\"@id\":\"https:\\\/\\\/kibrisdakik.com\\\/?p=90564#article\",\"isPartOf\":{\"@id\":\"https:\\\/\\\/kibrisdakik.com\\\/?p=90564\"},\"author\":{\"name\":\"admin\",\"@id\":\"https:\\\/\\\/kibrisdakik.com\\\/#\\\/schema\\\/person\\\/9cd9d437bbb44f72b73ba127e06d8e79\"},\"headline\":\"F\u0130D\u0130AS TAR\u0130H\u0130 \u0130FADELER\u0130YLE ELE\u015eT\u0130R\u0130LER\u0130N ODA\u011eINDA\",\"datePublished\":\"2025-08-25T15:02:14+00:00\",\"mainEntityOfPage\":{\"@id\":\"https:\\\/\\\/kibrisdakik.com\\\/?p=90564\"},\"wordCount\":288,\"commentCount\":0,\"image\":{\"@id\":\"https:\\\/\\\/kibrisdakik.com\\\/?p=90564#primaryimage\"},\"thumbnailUrl\":\"https:\\\/\\\/kibrisdakik.com\\\/wp-content\\\/uploads\\\/2025\\\/08\\\/mha-425-740x420.png\",\"articleSection\":[\"K\u0131br\u0131s\",\"Man\u015fet\"],\"inLanguage\":\"tr\",\"potentialAction\":[{\"@type\":\"CommentAction\",\"name\":\"Comment\",\"target\":[\"https:\\\/\\\/kibrisdakik.com\\\/?p=90564#respond\"]}]},{\"@type\":\"WebPage\",\"@id\":\"https:\\\/\\\/kibrisdakik.com\\\/?p=90564\",\"url\":\"https:\\\/\\\/kibrisdakik.com\\\/?p=90564\",\"name\":\"F\u0130D\u0130AS TAR\u0130H\u0130 \u0130FADELER\u0130YLE ELE\u015eT\u0130R\u0130LER\u0130N ODA\u011eINDA -\",\"isPartOf\":{\"@id\":\"https:\\\/\\\/kibrisdakik.com\\\/#website\"},\"primaryImageOfPage\":{\"@id\":\"https:\\\/\\\/kibrisdakik.com\\\/?p=90564#primaryimage\"},\"image\":{\"@id\":\"https:\\\/\\\/kibrisdakik.com\\\/?p=90564#primaryimage\"},\"thumbnailUrl\":\"https:\\\/\\\/kibrisdakik.com\\\/wp-content\\\/uploads\\\/2025\\\/08\\\/mha-425-740x420.png\",\"datePublished\":\"2025-08-25T15:02:14+00:00\",\"author\":{\"@id\":\"https:\\\/\\\/kibrisdakik.com\\\/#\\\/schema\\\/person\\\/9cd9d437bbb44f72b73ba127e06d8e79\"},\"breadcrumb\":{\"@id\":\"https:\\\/\\\/kibrisdakik.com\\\/?p=90564#breadcrumb\"},\"inLanguage\":\"tr\",\"potentialAction\":[{\"@type\":\"ReadAction\",\"target\":[\"https:\\\/\\\/kibrisdakik.com\\\/?p=90564\"]}]},{\"@type\":\"ImageObject\",\"inLanguage\":\"tr\",\"@id\":\"https:\\\/\\\/kibrisdakik.com\\\/?p=90564#primaryimage\",\"url\":\"https:\\\/\\\/kibrisdakik.com\\\/wp-content\\\/uploads\\\/2025\\\/08\\\/mha-425-740x420.png\",\"contentUrl\":\"https:\\\/\\\/kibrisdakik.com\\\/wp-content\\\/uploads\\\/2025\\\/08\\\/mha-425-740x420.png\",\"width\":1280,\"height\":720},{\"@type\":\"BreadcrumbList\",\"@id\":\"https:\\\/\\\/kibrisdakik.com\\\/?p=90564#breadcrumb\",\"itemListElement\":[{\"@type\":\"ListItem\",\"position\":1,\"name\":\"Home\",\"item\":\"https:\\\/\\\/kibrisdakik.com\\\/\"},{\"@type\":\"ListItem\",\"position\":2,\"name\":\"F\u0130D\u0130AS TAR\u0130H\u0130 \u0130FADELER\u0130YLE ELE\u015eT\u0130R\u0130LER\u0130N ODA\u011eINDA\"}]},{\"@type\":\"WebSite\",\"@id\":\"https:\\\/\\\/kibrisdakik.com\\\/#website\",\"url\":\"https:\\\/\\\/kibrisdakik.com\\\/\",\"name\":\"\",\"description\":\"Tam vaktinde haber\",\"potentialAction\":[{\"@type\":\"SearchAction\",\"target\":{\"@type\":\"EntryPoint\",\"urlTemplate\":\"https:\\\/\\\/kibrisdakik.com\\\/?s={search_term_string}\"},\"query-input\":{\"@type\":\"PropertyValueSpecification\",\"valueRequired\":true,\"valueName\":\"search_term_string\"}}],\"inLanguage\":\"tr\"},{\"@type\":\"Person\",\"@id\":\"https:\\\/\\\/kibrisdakik.com\\\/#\\\/schema\\\/person\\\/9cd9d437bbb44f72b73ba127e06d8e79\",\"name\":\"admin\",\"image\":{\"@type\":\"ImageObject\",\"inLanguage\":\"tr\",\"@id\":\"https:\\\/\\\/secure.gravatar.com\\\/avatar\\\/ccc17943b9d660506c869530f897617f7cb1c21a4bf30023f252596d83e1f007?s=96&d=mm&r=g\",\"url\":\"https:\\\/\\\/secure.gravatar.com\\\/avatar\\\/ccc17943b9d660506c869530f897617f7cb1c21a4bf30023f252596d83e1f007?s=96&d=mm&r=g\",\"contentUrl\":\"https:\\\/\\\/secure.gravatar.com\\\/avatar\\\/ccc17943b9d660506c869530f897617f7cb1c21a4bf30023f252596d83e1f007?s=96&d=mm&r=g\",\"caption\":\"admin\"},\"sameAs\":[\"https:\\\/\\\/kibrisdakik.com\"],\"url\":\"https:\\\/\\\/kibrisdakik.com\\\/?author=1\"}]}<\/script>\n<!-- \/ Yoast SEO plugin. -->","yoast_head_json":{"title":"F\u0130D\u0130AS TAR\u0130H\u0130 \u0130FADELER\u0130YLE ELE\u015eT\u0130R\u0130LER\u0130N ODA\u011eINDA -","robots":{"index":"index","follow":"follow","max-snippet":"max-snippet:-1","max-image-preview":"max-image-preview:large","max-video-preview":"max-video-preview:-1"},"canonical":"https:\/\/kibrisdakik.com\/?p=90564","og_locale":"tr_TR","og_type":"article","og_title":"F\u0130D\u0130AS TAR\u0130H\u0130 \u0130FADELER\u0130YLE ELE\u015eT\u0130R\u0130LER\u0130N ODA\u011eINDA -","og_description":"G\u00fcney K\u0131br\u0131s\u2019ta Avrupa Parlamentosu (AP) \u00fcyesi ve youtuber Fidias Panayotu, sosyal medya ve podcast a\u00e7\u0131klamalar\u0131 nedeniyle yeniden ele\u015ftiri konusu oldu. Alithia gazetesi, Panayotu\u2019nun, gazeteci ve AKEL \u00fcyesi Mihalis Mihail\u2019in a\u00e7\u0131klamalar\u0131na ili\u015fkin ifadelerinin tart\u0131\u015fmalara yol a\u00e7t\u0131\u011f\u0131n\u0131 aktard\u0131. Panayotu\u2019nun \u00fclke tarihiyle ilgisi olmayan payla\u015f\u0131mlar\u0131yla K\u0131br\u0131s\u2019a hakaret etti\u011fi gerek\u00e7esiyle Avrupa Parlamentosu \u00fcyeli\u011finden istifas\u0131n\u0131n talep edildi\u011fi belirtildi. Gelen tepkiler","og_url":"https:\/\/kibrisdakik.com\/?p=90564","article_published_time":"2025-08-25T15:02:14+00:00","og_image":[{"width":1280,"height":720,"url":"https:\/\/kibrisdakik.com\/wp-content\/uploads\/2025\/08\/mha-425-740x420.png","type":"image\/png"}],"author":"admin","twitter_card":"summary_large_image","twitter_misc":{"Yazan:":"admin","Tahmini okuma s\u00fcresi":"1 dakika"},"schema":{"@context":"https:\/\/schema.org","@graph":[{"@type":"Article","@id":"https:\/\/kibrisdakik.com\/?p=90564#article","isPartOf":{"@id":"https:\/\/kibrisdakik.com\/?p=90564"},"author":{"name":"admin","@id":"https:\/\/kibrisdakik.com\/#\/schema\/person\/9cd9d437bbb44f72b73ba127e06d8e79"},"headline":"F\u0130D\u0130AS TAR\u0130H\u0130 \u0130FADELER\u0130YLE ELE\u015eT\u0130R\u0130LER\u0130N ODA\u011eINDA","datePublished":"2025-08-25T15:02:14+00:00","mainEntityOfPage":{"@id":"https:\/\/kibrisdakik.com\/?p=90564"},"wordCount":288,"commentCount":0,"image":{"@id":"https:\/\/kibrisdakik.com\/?p=90564#primaryimage"},"thumbnailUrl":"https:\/\/kibrisdakik.com\/wp-content\/uploads\/2025\/08\/mha-425-740x420.png","articleSection":["K\u0131br\u0131s","Man\u015fet"],"inLanguage":"tr","potentialAction":[{"@type":"CommentAction","name":"Comment","target":["https:\/\/kibrisdakik.com\/?p=90564#respond"]}]},{"@type":"WebPage","@id":"https:\/\/kibrisdakik.com\/?p=90564","url":"https:\/\/kibrisdakik.com\/?p=90564","name":"F\u0130D\u0130AS TAR\u0130H\u0130 \u0130FADELER\u0130YLE ELE\u015eT\u0130R\u0130LER\u0130N ODA\u011eINDA -","isPartOf":{"@id":"https:\/\/kibrisdakik.com\/#website"},"primaryImageOfPage":{"@id":"https:\/\/kibrisdakik.com\/?p=90564#primaryimage"},"image":{"@id":"https:\/\/kibrisdakik.com\/?p=90564#primaryimage"},"thumbnailUrl":"https:\/\/kibrisdakik.com\/wp-content\/uploads\/2025\/08\/mha-425-740x420.png","datePublished":"2025-08-25T15:02:14+00:00","author":{"@id":"https:\/\/kibrisdakik.com\/#\/schema\/person\/9cd9d437bbb44f72b73ba127e06d8e79"},"breadcrumb":{"@id":"https:\/\/kibrisdakik.com\/?p=90564#breadcrumb"},"inLanguage":"tr","potentialAction":[{"@type":"ReadAction","target":["https:\/\/kibrisdakik.com\/?p=90564"]}]},{"@type":"ImageObject","inLanguage":"tr","@id":"https:\/\/kibrisdakik.com\/?p=90564#primaryimage","url":"https:\/\/kibrisdakik.com\/wp-content\/uploads\/2025\/08\/mha-425-740x420.png","contentUrl":"https:\/\/kibrisdakik.com\/wp-content\/uploads\/2025\/08\/mha-425-740x420.png","width":1280,"height":720},{"@type":"BreadcrumbList","@id":"https:\/\/kibrisdakik.com\/?p=90564#breadcrumb","itemListElement":[{"@type":"ListItem","position":1,"name":"Home","item":"https:\/\/kibrisdakik.com\/"},{"@type":"ListItem","position":2,"name":"F\u0130D\u0130AS TAR\u0130H\u0130 \u0130FADELER\u0130YLE ELE\u015eT\u0130R\u0130LER\u0130N ODA\u011eINDA"}]},{"@type":"WebSite","@id":"https:\/\/kibrisdakik.com\/#website","url":"https:\/\/kibrisdakik.com\/","name":"","description":"Tam vaktinde haber","potentialAction":[{"@type":"SearchAction","target":{"@type":"EntryPoint","urlTemplate":"https:\/\/kibrisdakik.com\/?s={search_term_string}"},"query-input":{"@type":"PropertyValueSpecification","valueRequired":true,"valueName":"search_term_string"}}],"inLanguage":"tr"},{"@type":"Person","@id":"https:\/\/kibrisdakik.com\/#\/schema\/person\/9cd9d437bbb44f72b73ba127e06d8e79","name":"admin","image":{"@type":"ImageObject","inLanguage":"tr","@id":"https:\/\/secure.gravatar.com\/avatar\/ccc17943b9d660506c869530f897617f7cb1c21a4bf30023f252596d83e1f007?s=96&d=mm&r=g","url":"https:\/\/secure.gravatar.com\/avatar\/ccc17943b9d660506c869530f897617f7cb1c21a4bf30023f252596d83e1f007?s=96&d=mm&r=g","contentUrl":"https:\/\/secure.gravatar.com\/avatar\/ccc17943b9d660506c869530f897617f7cb1c21a4bf30023f252596d83e1f007?s=96&d=mm&r=g","caption":"admin"},"sameAs":["https:\/\/kibrisdakik.com"],"url":"https:\/\/kibrisdakik.com\/?author=1"}]}},"_links":{"self":[{"href":"https:\/\/kibrisdakik.com\/index.php?rest_route=\/wp\/v2\/posts\/90564","targetHints":{"allow":["GET"]}}],"collection":[{"href":"https:\/\/kibrisdakik.com\/index.php?rest_route=\/wp\/v2\/posts"}],"about":[{"href":"https:\/\/kibrisdakik.com\/index.php?rest_route=\/wp\/v2\/types\/post"}],"author":[{"embeddable":true,"href":"https:\/\/kibrisdakik.com\/index.php?rest_route=\/wp\/v2\/users\/1"}],"replies":[{"embeddable":true,"href":"https:\/\/kibrisdakik.com\/index.php?rest_route=%2Fwp%2Fv2%2Fcomments&post=90564"}],"version-history":[{"count":0,"href":"https:\/\/kibrisdakik.com\/index.php?rest_route=\/wp\/v2\/posts\/90564\/revisions"}],"wp:featuredmedia":[{"embeddable":true,"href":"https:\/\/kibrisdakik.com\/index.php?rest_route=\/wp\/v2\/media\/90565"}],"wp:attachment":[{"href":"https:\/\/kibrisdakik.com\/index.php?rest_route=%2Fwp%2Fv2%2Fmedia&parent=90564"}],"wp:term":[{"taxonomy":"category","embeddable":true,"href":"https:\/\/kibrisdakik.com\/index.php?rest_route=%2Fwp%2Fv2%2Fcategories&post=90564"},{"taxonomy":"post_tag","embeddable":true,"href":"https:\/\/kibrisdakik.com\/index.php?rest_route=%2Fwp%2Fv2%2Ftags&post=90564"}],"curies":[{"name":"wp","href":"https:\/\/api.w.org\/{rel}","templated":true}]}}