{"id":9059,"date":"2023-06-19T11:32:41","date_gmt":"2023-06-19T11:32:41","guid":{"rendered":"https:\/\/kibrisdakik.com\/index.php\/2023\/06\/19\/cumhurbaskani-tatar-trafik-kazasi-geciren-polis-memuru-namik-ozkani-ziyaret-etti\/"},"modified":"2023-06-19T11:32:41","modified_gmt":"2023-06-19T11:32:41","slug":"cumhurbaskani-tatar-trafik-kazasi-geciren-polis-memuru-namik-ozkani-ziyaret-etti","status":"publish","type":"post","link":"https:\/\/kibrisdakik.com\/?p=9059","title":{"rendered":"Cumhurba\u015fkan\u0131 Tatar, trafik kazas\u0131 ge\u00e7iren polis memuru Nam\u0131k \u00d6zkan\u2019\u0131 ziyaret etti"},"content":{"rendered":"<p><\/p>\n<div>\n<div class=\"mariselle-image-container center\">\n                <img width=\"805\" height=\"400\" class=\"lazy-image\" alt=\"\" decoding=\"async\" loading=\"lazy\" sizes=\"auto, (max-width: 805px) 100vw, 805px\" src=\"https:\/\/brtk.net\/wp-content\/uploads\/2023\/06\/19\/445005437.jpg?ver=af227c0676d238d79c974e4ae65b15ca\" srcset=\"https:\/\/brtk.net\/wp-content\/uploads\/2023\/06\/19\/445005437.jpg?ver=af227c0676d238d79c974e4ae65b15ca 805w, https:\/\/brtk.net\/wp-content\/uploads\/2023\/06\/19\/445005437-300x149.jpg?ver=8c4c70b54519975c7427ed08f10eb23f 300w, https:\/\/brtk.net\/wp-content\/uploads\/2023\/06\/19\/445005437-768x382.jpg?ver=8c4c70b54519975c7427ed08f10eb23f 768w\"\/>                            <\/div>\n<p>Cumhurba\u015fkan\u0131 <a href=\"https:\/\/brtk.net\/\" target=\"_blank\" rel=\"noopener\">Ersin Tatar<\/a>, T\u00fcrkiye Cumhuriyeti Cumhurba\u015fkan\u0131 Yard\u0131mc\u0131s\u0131 Cevdet Y\u0131lmaz\u2019\u0131n <a href=\"https:\/\/brtk.net\/\">KKTC<\/a>\u2019ye ger\u00e7ekle\u015ftirdi\u011fi ziyaret esnas\u0131nda heyete e\u015flik ederken trafik kazas\u0131 ge\u00e7iren polis memuru Nam\u0131k \u00d6zkan\u2019\u0131 hastanede ziyaret ederek;<\/p>\n<p>\u201cGe\u00e7irmi\u015f oldu\u011fu trafik kazas\u0131 neticesinde yaralanarak hastaneye kald\u0131r\u0131lan polis memuru Nam\u0131k \u00d6zkan hepimizi \u00fczm\u00fc\u015ft\u00fcr. Nam\u0131k karde\u015fimizin bilincinin a\u00e7\u0131k ve durumunun iyi olmas\u0131 ise tesellimiz olmu\u015ftur. Kendisine ge\u00e7mi\u015f olsun dileklerimi iletir, acil \u015fifalar dilerim\u201d dedi.<\/p>\n<\/p><\/div>\n<p><script async\n                    defer\n                    crossorigin=\"anonymous\"\n                    src=\"https:\/\/connect.facebook.net\/tr_TR\/sdk.js#xfbml=1&#038;version=v3.3\"\n            ><\/script><\/p>\n","protected":false},"excerpt":{"rendered":"<p>Cumhurba\u015fkan\u0131 Ersin Tatar, T\u00fcrkiye Cumhuriyeti Cumhurba\u015fkan\u0131 Yard\u0131mc\u0131s\u0131 Cevdet Y\u0131lmaz\u2019\u0131n KKTC\u2019ye ger\u00e7ekle\u015ftirdi\u011fi ziyaret esnas\u0131nda heyete e\u015flik ederken trafik kazas\u0131 ge\u00e7iren polis memuru Nam\u0131k \u00d6zkan\u2019\u0131 hastanede ziyaret ederek; \u201cGe\u00e7irmi\u015f oldu\u011fu trafik kazas\u0131 neticesinde yaralanarak hastaneye kald\u0131r\u0131lan polis memuru Nam\u0131k \u00d6zkan hepimizi \u00fczm\u00fc\u015ft\u00fcr. Nam\u0131k karde\u015fimizin bilincinin a\u00e7\u0131k ve durumunun iyi olmas\u0131 ise tesellimiz olmu\u015ftur. Kendisine ge\u00e7mi\u015f olsun dileklerimi<\/p>\n","protected":false},"author":1,"featured_media":9060,"comment_status":"open","ping_status":"open","sticky":false,"template":"","format":"standard","meta":{"footnotes":""},"categories":[1],"tags":[],"class_list":["post-9059","post","type-post","status-publish","format-standard","has-post-thumbnail","hentry","category-gundem"],"yoast_head":"<!-- This site is optimized with the Yoast SEO plugin v27.4 - https:\/\/yoast.com\/product\/yoast-seo-wordpress\/ -->\n<title>Cumhurba\u015fkan\u0131 Tatar, trafik kazas\u0131 ge\u00e7iren polis memuru Nam\u0131k \u00d6zkan\u2019\u0131 ziyaret etti -<\/title>\n<meta name=\"robots\" content=\"index, follow, max-snippet:-1, max-image-preview:large, max-video-preview:-1\" \/>\n<link rel=\"canonical\" href=\"https:\/\/kibrisdakik.com\/?p=9059\" \/>\n<meta property=\"og:locale\" content=\"tr_TR\" \/>\n<meta property=\"og:type\" content=\"article\" \/>\n<meta property=\"og:title\" content=\"Cumhurba\u015fkan\u0131 Tatar, trafik kazas\u0131 ge\u00e7iren polis memuru Nam\u0131k \u00d6zkan\u2019\u0131 ziyaret etti -\" \/>\n<meta property=\"og:description\" content=\"Cumhurba\u015fkan\u0131 Ersin Tatar, T\u00fcrkiye Cumhuriyeti Cumhurba\u015fkan\u0131 Yard\u0131mc\u0131s\u0131 Cevdet Y\u0131lmaz\u2019\u0131n KKTC\u2019ye ger\u00e7ekle\u015ftirdi\u011fi ziyaret esnas\u0131nda heyete e\u015flik ederken trafik kazas\u0131 ge\u00e7iren polis memuru Nam\u0131k \u00d6zkan\u2019\u0131 hastanede ziyaret ederek; \u201cGe\u00e7irmi\u015f oldu\u011fu trafik kazas\u0131 neticesinde yaralanarak hastaneye kald\u0131r\u0131lan polis memuru Nam\u0131k \u00d6zkan hepimizi \u00fczm\u00fc\u015ft\u00fcr. Nam\u0131k karde\u015fimizin bilincinin a\u00e7\u0131k ve durumunun iyi olmas\u0131 ise tesellimiz olmu\u015ftur. Kendisine ge\u00e7mi\u015f olsun dileklerimi\" \/>\n<meta property=\"og:url\" content=\"https:\/\/kibrisdakik.com\/?p=9059\" \/>\n<meta property=\"article:published_time\" content=\"2023-06-19T11:32:41+00:00\" \/>\n<meta property=\"og:image\" content=\"https:\/\/kibrisdakik.com\/wp-content\/uploads\/2023\/06\/445005437-740x400.jpg\" \/>\n\t<meta property=\"og:image:width\" content=\"805\" \/>\n\t<meta property=\"og:image:height\" content=\"400\" \/>\n\t<meta property=\"og:image:type\" content=\"image\/jpeg\" \/>\n<meta name=\"author\" content=\"admin\" \/>\n<meta name=\"twitter:card\" content=\"summary_large_image\" \/>\n<meta name=\"twitter:label1\" content=\"Yazan:\" \/>\n\t<meta name=\"twitter:data1\" content=\"admin\" \/>\n<script type=\"application\/ld+json\" class=\"yoast-schema-graph\">{\"@context\":\"https:\\\/\\\/schema.org\",\"@graph\":[{\"@type\":\"Article\",\"@id\":\"https:\\\/\\\/kibrisdakik.com\\\/?p=9059#article\",\"isPartOf\":{\"@id\":\"https:\\\/\\\/kibrisdakik.com\\\/?p=9059\"},\"author\":{\"name\":\"admin\",\"@id\":\"https:\\\/\\\/kibrisdakik.com\\\/#\\\/schema\\\/person\\\/9cd9d437bbb44f72b73ba127e06d8e79\"},\"headline\":\"Cumhurba\u015fkan\u0131 Tatar, trafik kazas\u0131 ge\u00e7iren polis memuru Nam\u0131k \u00d6zkan\u2019\u0131 ziyaret etti\",\"datePublished\":\"2023-06-19T11:32:41+00:00\",\"mainEntityOfPage\":{\"@id\":\"https:\\\/\\\/kibrisdakik.com\\\/?p=9059\"},\"wordCount\":101,\"commentCount\":0,\"image\":{\"@id\":\"https:\\\/\\\/kibrisdakik.com\\\/?p=9059#primaryimage\"},\"thumbnailUrl\":\"https:\\\/\\\/kibrisdakik.com\\\/wp-content\\\/uploads\\\/2023\\\/06\\\/445005437-740x400.jpg\",\"articleSection\":[\"G\u00fcndem\"],\"inLanguage\":\"tr\",\"potentialAction\":[{\"@type\":\"CommentAction\",\"name\":\"Comment\",\"target\":[\"https:\\\/\\\/kibrisdakik.com\\\/?p=9059#respond\"]}]},{\"@type\":\"WebPage\",\"@id\":\"https:\\\/\\\/kibrisdakik.com\\\/?p=9059\",\"url\":\"https:\\\/\\\/kibrisdakik.com\\\/?p=9059\",\"name\":\"Cumhurba\u015fkan\u0131 Tatar, trafik kazas\u0131 ge\u00e7iren polis memuru Nam\u0131k \u00d6zkan\u2019\u0131 ziyaret etti -\",\"isPartOf\":{\"@id\":\"https:\\\/\\\/kibrisdakik.com\\\/#website\"},\"primaryImageOfPage\":{\"@id\":\"https:\\\/\\\/kibrisdakik.com\\\/?p=9059#primaryimage\"},\"image\":{\"@id\":\"https:\\\/\\\/kibrisdakik.com\\\/?p=9059#primaryimage\"},\"thumbnailUrl\":\"https:\\\/\\\/kibrisdakik.com\\\/wp-content\\\/uploads\\\/2023\\\/06\\\/445005437-740x400.jpg\",\"datePublished\":\"2023-06-19T11:32:41+00:00\",\"author\":{\"@id\":\"https:\\\/\\\/kibrisdakik.com\\\/#\\\/schema\\\/person\\\/9cd9d437bbb44f72b73ba127e06d8e79\"},\"breadcrumb\":{\"@id\":\"https:\\\/\\\/kibrisdakik.com\\\/?p=9059#breadcrumb\"},\"inLanguage\":\"tr\",\"potentialAction\":[{\"@type\":\"ReadAction\",\"target\":[\"https:\\\/\\\/kibrisdakik.com\\\/?p=9059\"]}]},{\"@type\":\"ImageObject\",\"inLanguage\":\"tr\",\"@id\":\"https:\\\/\\\/kibrisdakik.com\\\/?p=9059#primaryimage\",\"url\":\"https:\\\/\\\/kibrisdakik.com\\\/wp-content\\\/uploads\\\/2023\\\/06\\\/445005437-740x400.jpg\",\"contentUrl\":\"https:\\\/\\\/kibrisdakik.com\\\/wp-content\\\/uploads\\\/2023\\\/06\\\/445005437-740x400.jpg\",\"width\":805,\"height\":400},{\"@type\":\"BreadcrumbList\",\"@id\":\"https:\\\/\\\/kibrisdakik.com\\\/?p=9059#breadcrumb\",\"itemListElement\":[{\"@type\":\"ListItem\",\"position\":1,\"name\":\"Home\",\"item\":\"https:\\\/\\\/kibrisdakik.com\\\/\"},{\"@type\":\"ListItem\",\"position\":2,\"name\":\"Cumhurba\u015fkan\u0131 Tatar, trafik kazas\u0131 ge\u00e7iren polis memuru Nam\u0131k \u00d6zkan\u2019\u0131 ziyaret etti\"}]},{\"@type\":\"WebSite\",\"@id\":\"https:\\\/\\\/kibrisdakik.com\\\/#website\",\"url\":\"https:\\\/\\\/kibrisdakik.com\\\/\",\"name\":\"\",\"description\":\"Tam vaktinde haber\",\"potentialAction\":[{\"@type\":\"SearchAction\",\"target\":{\"@type\":\"EntryPoint\",\"urlTemplate\":\"https:\\\/\\\/kibrisdakik.com\\\/?s={search_term_string}\"},\"query-input\":{\"@type\":\"PropertyValueSpecification\",\"valueRequired\":true,\"valueName\":\"search_term_string\"}}],\"inLanguage\":\"tr\"},{\"@type\":\"Person\",\"@id\":\"https:\\\/\\\/kibrisdakik.com\\\/#\\\/schema\\\/person\\\/9cd9d437bbb44f72b73ba127e06d8e79\",\"name\":\"admin\",\"image\":{\"@type\":\"ImageObject\",\"inLanguage\":\"tr\",\"@id\":\"https:\\\/\\\/secure.gravatar.com\\\/avatar\\\/ccc17943b9d660506c869530f897617f7cb1c21a4bf30023f252596d83e1f007?s=96&d=mm&r=g\",\"url\":\"https:\\\/\\\/secure.gravatar.com\\\/avatar\\\/ccc17943b9d660506c869530f897617f7cb1c21a4bf30023f252596d83e1f007?s=96&d=mm&r=g\",\"contentUrl\":\"https:\\\/\\\/secure.gravatar.com\\\/avatar\\\/ccc17943b9d660506c869530f897617f7cb1c21a4bf30023f252596d83e1f007?s=96&d=mm&r=g\",\"caption\":\"admin\"},\"sameAs\":[\"https:\\\/\\\/kibrisdakik.com\"],\"url\":\"https:\\\/\\\/kibrisdakik.com\\\/?author=1\"}]}<\/script>\n<!-- \/ Yoast SEO plugin. -->","yoast_head_json":{"title":"Cumhurba\u015fkan\u0131 Tatar, trafik kazas\u0131 ge\u00e7iren polis memuru Nam\u0131k \u00d6zkan\u2019\u0131 ziyaret etti -","robots":{"index":"index","follow":"follow","max-snippet":"max-snippet:-1","max-image-preview":"max-image-preview:large","max-video-preview":"max-video-preview:-1"},"canonical":"https:\/\/kibrisdakik.com\/?p=9059","og_locale":"tr_TR","og_type":"article","og_title":"Cumhurba\u015fkan\u0131 Tatar, trafik kazas\u0131 ge\u00e7iren polis memuru Nam\u0131k \u00d6zkan\u2019\u0131 ziyaret etti -","og_description":"Cumhurba\u015fkan\u0131 Ersin Tatar, T\u00fcrkiye Cumhuriyeti Cumhurba\u015fkan\u0131 Yard\u0131mc\u0131s\u0131 Cevdet Y\u0131lmaz\u2019\u0131n KKTC\u2019ye ger\u00e7ekle\u015ftirdi\u011fi ziyaret esnas\u0131nda heyete e\u015flik ederken trafik kazas\u0131 ge\u00e7iren polis memuru Nam\u0131k \u00d6zkan\u2019\u0131 hastanede ziyaret ederek; \u201cGe\u00e7irmi\u015f oldu\u011fu trafik kazas\u0131 neticesinde yaralanarak hastaneye kald\u0131r\u0131lan polis memuru Nam\u0131k \u00d6zkan hepimizi \u00fczm\u00fc\u015ft\u00fcr. Nam\u0131k karde\u015fimizin bilincinin a\u00e7\u0131k ve durumunun iyi olmas\u0131 ise tesellimiz olmu\u015ftur. Kendisine ge\u00e7mi\u015f olsun dileklerimi","og_url":"https:\/\/kibrisdakik.com\/?p=9059","article_published_time":"2023-06-19T11:32:41+00:00","og_image":[{"width":805,"height":400,"url":"https:\/\/kibrisdakik.com\/wp-content\/uploads\/2023\/06\/445005437-740x400.jpg","type":"image\/jpeg"}],"author":"admin","twitter_card":"summary_large_image","twitter_misc":{"Yazan:":"admin"},"schema":{"@context":"https:\/\/schema.org","@graph":[{"@type":"Article","@id":"https:\/\/kibrisdakik.com\/?p=9059#article","isPartOf":{"@id":"https:\/\/kibrisdakik.com\/?p=9059"},"author":{"name":"admin","@id":"https:\/\/kibrisdakik.com\/#\/schema\/person\/9cd9d437bbb44f72b73ba127e06d8e79"},"headline":"Cumhurba\u015fkan\u0131 Tatar, trafik kazas\u0131 ge\u00e7iren polis memuru Nam\u0131k \u00d6zkan\u2019\u0131 ziyaret etti","datePublished":"2023-06-19T11:32:41+00:00","mainEntityOfPage":{"@id":"https:\/\/kibrisdakik.com\/?p=9059"},"wordCount":101,"commentCount":0,"image":{"@id":"https:\/\/kibrisdakik.com\/?p=9059#primaryimage"},"thumbnailUrl":"https:\/\/kibrisdakik.com\/wp-content\/uploads\/2023\/06\/445005437-740x400.jpg","articleSection":["G\u00fcndem"],"inLanguage":"tr","potentialAction":[{"@type":"CommentAction","name":"Comment","target":["https:\/\/kibrisdakik.com\/?p=9059#respond"]}]},{"@type":"WebPage","@id":"https:\/\/kibrisdakik.com\/?p=9059","url":"https:\/\/kibrisdakik.com\/?p=9059","name":"Cumhurba\u015fkan\u0131 Tatar, trafik kazas\u0131 ge\u00e7iren polis memuru Nam\u0131k \u00d6zkan\u2019\u0131 ziyaret etti -","isPartOf":{"@id":"https:\/\/kibrisdakik.com\/#website"},"primaryImageOfPage":{"@id":"https:\/\/kibrisdakik.com\/?p=9059#primaryimage"},"image":{"@id":"https:\/\/kibrisdakik.com\/?p=9059#primaryimage"},"thumbnailUrl":"https:\/\/kibrisdakik.com\/wp-content\/uploads\/2023\/06\/445005437-740x400.jpg","datePublished":"2023-06-19T11:32:41+00:00","author":{"@id":"https:\/\/kibrisdakik.com\/#\/schema\/person\/9cd9d437bbb44f72b73ba127e06d8e79"},"breadcrumb":{"@id":"https:\/\/kibrisdakik.com\/?p=9059#breadcrumb"},"inLanguage":"tr","potentialAction":[{"@type":"ReadAction","target":["https:\/\/kibrisdakik.com\/?p=9059"]}]},{"@type":"ImageObject","inLanguage":"tr","@id":"https:\/\/kibrisdakik.com\/?p=9059#primaryimage","url":"https:\/\/kibrisdakik.com\/wp-content\/uploads\/2023\/06\/445005437-740x400.jpg","contentUrl":"https:\/\/kibrisdakik.com\/wp-content\/uploads\/2023\/06\/445005437-740x400.jpg","width":805,"height":400},{"@type":"BreadcrumbList","@id":"https:\/\/kibrisdakik.com\/?p=9059#breadcrumb","itemListElement":[{"@type":"ListItem","position":1,"name":"Home","item":"https:\/\/kibrisdakik.com\/"},{"@type":"ListItem","position":2,"name":"Cumhurba\u015fkan\u0131 Tatar, trafik kazas\u0131 ge\u00e7iren polis memuru Nam\u0131k \u00d6zkan\u2019\u0131 ziyaret etti"}]},{"@type":"WebSite","@id":"https:\/\/kibrisdakik.com\/#website","url":"https:\/\/kibrisdakik.com\/","name":"","description":"Tam vaktinde haber","potentialAction":[{"@type":"SearchAction","target":{"@type":"EntryPoint","urlTemplate":"https:\/\/kibrisdakik.com\/?s={search_term_string}"},"query-input":{"@type":"PropertyValueSpecification","valueRequired":true,"valueName":"search_term_string"}}],"inLanguage":"tr"},{"@type":"Person","@id":"https:\/\/kibrisdakik.com\/#\/schema\/person\/9cd9d437bbb44f72b73ba127e06d8e79","name":"admin","image":{"@type":"ImageObject","inLanguage":"tr","@id":"https:\/\/secure.gravatar.com\/avatar\/ccc17943b9d660506c869530f897617f7cb1c21a4bf30023f252596d83e1f007?s=96&d=mm&r=g","url":"https:\/\/secure.gravatar.com\/avatar\/ccc17943b9d660506c869530f897617f7cb1c21a4bf30023f252596d83e1f007?s=96&d=mm&r=g","contentUrl":"https:\/\/secure.gravatar.com\/avatar\/ccc17943b9d660506c869530f897617f7cb1c21a4bf30023f252596d83e1f007?s=96&d=mm&r=g","caption":"admin"},"sameAs":["https:\/\/kibrisdakik.com"],"url":"https:\/\/kibrisdakik.com\/?author=1"}]}},"_links":{"self":[{"href":"https:\/\/kibrisdakik.com\/index.php?rest_route=\/wp\/v2\/posts\/9059","targetHints":{"allow":["GET"]}}],"collection":[{"href":"https:\/\/kibrisdakik.com\/index.php?rest_route=\/wp\/v2\/posts"}],"about":[{"href":"https:\/\/kibrisdakik.com\/index.php?rest_route=\/wp\/v2\/types\/post"}],"author":[{"embeddable":true,"href":"https:\/\/kibrisdakik.com\/index.php?rest_route=\/wp\/v2\/users\/1"}],"replies":[{"embeddable":true,"href":"https:\/\/kibrisdakik.com\/index.php?rest_route=%2Fwp%2Fv2%2Fcomments&post=9059"}],"version-history":[{"count":0,"href":"https:\/\/kibrisdakik.com\/index.php?rest_route=\/wp\/v2\/posts\/9059\/revisions"}],"wp:featuredmedia":[{"embeddable":true,"href":"https:\/\/kibrisdakik.com\/index.php?rest_route=\/wp\/v2\/media\/9060"}],"wp:attachment":[{"href":"https:\/\/kibrisdakik.com\/index.php?rest_route=%2Fwp%2Fv2%2Fmedia&parent=9059"}],"wp:term":[{"taxonomy":"category","embeddable":true,"href":"https:\/\/kibrisdakik.com\/index.php?rest_route=%2Fwp%2Fv2%2Fcategories&post=9059"},{"taxonomy":"post_tag","embeddable":true,"href":"https:\/\/kibrisdakik.com\/index.php?rest_route=%2Fwp%2Fv2%2Ftags&post=9059"}],"curies":[{"name":"wp","href":"https:\/\/api.w.org\/{rel}","templated":true}]}}