{"id":90626,"date":"2025-08-26T01:50:04","date_gmt":"2025-08-25T22:50:04","guid":{"rendered":"https:\/\/kibrisdakik.com\/index.php\/2025\/08\/26\/abnin-gazzedeki-katliam-karsisindaki-hareketsizligi-yargiya-tasinmali\/"},"modified":"2025-08-26T01:50:04","modified_gmt":"2025-08-25T22:50:04","slug":"abnin-gazzedeki-katliam-karsisindaki-hareketsizligi-yargiya-tasinmali","status":"publish","type":"post","link":"https:\/\/kibrisdakik.com\/?p=90626","title":{"rendered":"AB&#8217;nin Gazze&#8217;deki katliam kar\u015f\u0131s\u0131ndaki hareketsizli\u011fi yarg\u0131ya ta\u015f\u0131nmal\u0131"},"content":{"rendered":"<p><\/p>\n<div>\n<p>&#13;<br \/>\n\tBorrell, \u0130spanya&#8217;n\u0131n kuzeyindeki Santander kentindeki Uluslararas\u0131 Menendez Pelayo \u00dcniversitesinin organize etti\u011fi yaz seminerlerine kat\u0131l\u0131m\u0131 s\u0131ras\u0131nda bas\u0131na a\u00e7\u0131klama yapt\u0131.<\/p>\n<p>&#13;<br \/>\n\t\u0130srail&#8217;in Gazze&#8217;deki soyk\u0131r\u0131m\u0131 kar\u015f\u0131s\u0131nda AB&#8217;nin s\u00f6zden \u00f6teye gidemeyen tavr\u0131n\u0131 ele\u015ftiren Borrell, &#8220;Avrupa kurumlar\u0131n\u0131n yapmas\u0131 gerekeni yapmas\u0131 i\u00e7in birinin yasal i\u015flem ba\u015flatmas\u0131 gerekecek. \u00c7\u00fcnk\u00fc Avrupa kurumlar\u0131 bunu yapmak istemiyor gibi g\u00f6r\u00fcn\u00fcyor. Ancak adalet mahkemeleri denen bir \u015fey var. Avrupa&#8217;n\u0131n bu eylemsizli\u011fi oraya ta\u015f\u0131nabilir.&#8221; dedi.<\/p>\n<p>&#13;<br \/>\n\tBorrell, AB kurumlar\u0131n\u0131 \u0130srail&#8217;e kar\u015f\u0131 &#8220;basit\u00e7e ve kelimenin tam anlam\u0131yla hi\u00e7bir \u015fey yapmamakla&#8221; ele\u015ftirerek, &#8220;\u0130srail&#8217;in yapt\u0131klar\u0131na kar\u015f\u0131 e\u011fer Avrupa hi\u00e7bir somut ad\u0131m atmazsa durum \u00f6yle bir noktaya ula\u015facak ki, Avrupa sadece zaten kaybetti\u011fi ruhuyla kalmay\u0131p, itibars\u0131zl\u0131\u011f\u0131 d\u00fcnyan\u0131n geri kalan\u0131na da s\u0131\u00e7rayacak. Bu da AB&#8217;nin insan haklar\u0131n\u0131 savunmak i\u00e7in herhangi bir politika izlemesini engelleyecek.&#8221; ifadelerini kulland\u0131.<\/p>\n<h2>&#13;<br \/>\n\t&#8220;D\u00fcnya i\u00e7in kesinlikle kabul edilemez bir trajedi&#8221;<\/h2>\n<p>&#13;<br \/>\n\tAB&#8217;nin \u0130srail&#8217;e kar\u015f\u0131 hep teredd\u00fct ile hareket etti\u011fini, &#8220;yapt\u0131r\u0131m \u00f6nerisi getiririz deyip sonra vazge\u00e7ti\u011fini&#8221; aktaran Borrell, &#8220;Bu y\u00fczden Avrupa&#8217;da bir devletin, bir kurumun veya me\u015fruiyeti olan birinin t\u00fcm kartlar\u0131 masan\u0131n \u00fczerine koyup, Avrupa kurumlar\u0131n\u0131 harekete ge\u00e7irmeye zorlamak i\u00e7in mahkemelere ba\u015fvurmal\u0131.&#8221; diye konu\u015ftu.<\/p>\n<p>&#13;<br \/>\n\tAB Y\u00fcksek Temsilcili\u011fi g\u00f6revini 2019-2024 y\u0131llar\u0131 aras\u0131nda yapan Borrell, &#8220;\u0130srail&#8217;in insan haklar\u0131n\u0131 ihlal etti\u011finin a\u00e7\u0131k oldu\u011funu, AB&#8217;nin harekete ge\u00e7memesi ve y\u00fck\u00fcml\u00fcl\u00fcklerini yerine getirmemesi halinde \u0130srail&#8217;in sadece ahlaki su\u00e7 orta\u011f\u0131 de\u011fil, siyasi hatta idari sorumluluk orta\u011f\u0131 da olaca\u011f\u0131n\u0131&#8221; s\u00f6yledi.<\/p>\n<p>&#13;<br \/>\n\tBorrell, \u0130srail&#8217;in Gazze&#8217;deki soyk\u0131r\u0131m\u0131n\u0131n &#8220;D\u00fcnya i\u00e7in kesinlikle kabul edilemez bir trajedi oldu\u011funu&#8221; vurgulayarak, &#8220;Bunun devam etmesini yaln\u0131zca geli\u015fmi\u015f \u00fclkelerin kamuoyu, yani \u0130srail&#8217;i silahland\u0131ran, besleyen ve destekleyenler engelleyebilir.&#8221; de\u011ferlendirmesinde bulundu.<\/p>\n<\/p><\/div>\n","protected":false},"excerpt":{"rendered":"<p>&#13; Borrell, \u0130spanya&#8217;n\u0131n kuzeyindeki Santander kentindeki Uluslararas\u0131 Menendez Pelayo \u00dcniversitesinin organize etti\u011fi yaz seminerlerine kat\u0131l\u0131m\u0131 s\u0131ras\u0131nda bas\u0131na a\u00e7\u0131klama yapt\u0131. &#13; \u0130srail&#8217;in Gazze&#8217;deki soyk\u0131r\u0131m\u0131 kar\u015f\u0131s\u0131nda AB&#8217;nin s\u00f6zden \u00f6teye gidemeyen tavr\u0131n\u0131 ele\u015ftiren Borrell, &#8220;Avrupa kurumlar\u0131n\u0131n yapmas\u0131 gerekeni yapmas\u0131 i\u00e7in birinin yasal i\u015flem ba\u015flatmas\u0131 gerekecek. \u00c7\u00fcnk\u00fc Avrupa kurumlar\u0131 bunu yapmak istemiyor gibi g\u00f6r\u00fcn\u00fcyor. Ancak adalet mahkemeleri denen bir<\/p>\n","protected":false},"author":1,"featured_media":90627,"comment_status":"open","ping_status":"open","sticky":false,"template":"","format":"standard","meta":{"footnotes":""},"categories":[101,86],"tags":[],"class_list":["post-90626","post","type-post","status-publish","format-standard","has-post-thumbnail","hentry","category-manset","category-turkiye"],"yoast_head":"<!-- This site is optimized with the Yoast SEO plugin v27.4 - https:\/\/yoast.com\/product\/yoast-seo-wordpress\/ -->\n<title>AB&#039;nin Gazze&#039;deki katliam kar\u015f\u0131s\u0131ndaki hareketsizli\u011fi yarg\u0131ya ta\u015f\u0131nmal\u0131 -<\/title>\n<meta name=\"robots\" content=\"index, follow, max-snippet:-1, max-image-preview:large, max-video-preview:-1\" \/>\n<link rel=\"canonical\" href=\"https:\/\/kibrisdakik.com\/?p=90626\" \/>\n<meta property=\"og:locale\" content=\"tr_TR\" \/>\n<meta property=\"og:type\" content=\"article\" \/>\n<meta property=\"og:title\" content=\"AB&#039;nin Gazze&#039;deki katliam kar\u015f\u0131s\u0131ndaki hareketsizli\u011fi yarg\u0131ya ta\u015f\u0131nmal\u0131 -\" \/>\n<meta property=\"og:description\" content=\"&#013; Borrell, \u0130spanya&#8217;n\u0131n kuzeyindeki Santander kentindeki Uluslararas\u0131 Menendez Pelayo \u00dcniversitesinin organize etti\u011fi yaz seminerlerine kat\u0131l\u0131m\u0131 s\u0131ras\u0131nda bas\u0131na a\u00e7\u0131klama yapt\u0131. &#013; \u0130srail&#8217;in Gazze&#8217;deki soyk\u0131r\u0131m\u0131 kar\u015f\u0131s\u0131nda AB&#8217;nin s\u00f6zden \u00f6teye gidemeyen tavr\u0131n\u0131 ele\u015ftiren Borrell, &#8220;Avrupa kurumlar\u0131n\u0131n yapmas\u0131 gerekeni yapmas\u0131 i\u00e7in birinin yasal i\u015flem ba\u015flatmas\u0131 gerekecek. \u00c7\u00fcnk\u00fc Avrupa kurumlar\u0131 bunu yapmak istemiyor gibi g\u00f6r\u00fcn\u00fcyor. Ancak adalet mahkemeleri denen bir\" \/>\n<meta property=\"og:url\" content=\"https:\/\/kibrisdakik.com\/?p=90626\" \/>\n<meta property=\"article:published_time\" content=\"2025-08-25T22:50:04+00:00\" \/>\n<meta property=\"og:image\" content=\"https:\/\/kibrisdakik.com\/wp-content\/uploads\/2025\/08\/borrell-reu-1932917-740x420.jpg\" \/>\n\t<meta property=\"og:image:width\" content=\"1280\" \/>\n\t<meta property=\"og:image:height\" content=\"720\" \/>\n\t<meta property=\"og:image:type\" content=\"image\/jpeg\" \/>\n<meta name=\"author\" content=\"admin\" \/>\n<meta name=\"twitter:card\" content=\"summary_large_image\" \/>\n<meta name=\"twitter:label1\" content=\"Yazan:\" \/>\n\t<meta name=\"twitter:data1\" content=\"admin\" \/>\n\t<meta name=\"twitter:label2\" content=\"Tahmini okuma s\u00fcresi\" \/>\n\t<meta name=\"twitter:data2\" content=\"2 dakika\" \/>\n<script type=\"application\/ld+json\" class=\"yoast-schema-graph\">{\"@context\":\"https:\\\/\\\/schema.org\",\"@graph\":[{\"@type\":\"Article\",\"@id\":\"https:\\\/\\\/kibrisdakik.com\\\/?p=90626#article\",\"isPartOf\":{\"@id\":\"https:\\\/\\\/kibrisdakik.com\\\/?p=90626\"},\"author\":{\"name\":\"admin\",\"@id\":\"https:\\\/\\\/kibrisdakik.com\\\/#\\\/schema\\\/person\\\/9cd9d437bbb44f72b73ba127e06d8e79\"},\"headline\":\"AB&#8217;nin Gazze&#8217;deki katliam kar\u015f\u0131s\u0131ndaki hareketsizli\u011fi yarg\u0131ya ta\u015f\u0131nmal\u0131\",\"datePublished\":\"2025-08-25T22:50:04+00:00\",\"mainEntityOfPage\":{\"@id\":\"https:\\\/\\\/kibrisdakik.com\\\/?p=90626\"},\"wordCount\":335,\"commentCount\":0,\"image\":{\"@id\":\"https:\\\/\\\/kibrisdakik.com\\\/?p=90626#primaryimage\"},\"thumbnailUrl\":\"https:\\\/\\\/kibrisdakik.com\\\/wp-content\\\/uploads\\\/2025\\\/08\\\/borrell-reu-1932917-740x420.jpg\",\"articleSection\":[\"Man\u015fet\",\"T\u00fcrkiye\"],\"inLanguage\":\"tr\",\"potentialAction\":[{\"@type\":\"CommentAction\",\"name\":\"Comment\",\"target\":[\"https:\\\/\\\/kibrisdakik.com\\\/?p=90626#respond\"]}]},{\"@type\":\"WebPage\",\"@id\":\"https:\\\/\\\/kibrisdakik.com\\\/?p=90626\",\"url\":\"https:\\\/\\\/kibrisdakik.com\\\/?p=90626\",\"name\":\"AB'nin Gazze'deki katliam kar\u015f\u0131s\u0131ndaki hareketsizli\u011fi yarg\u0131ya ta\u015f\u0131nmal\u0131 -\",\"isPartOf\":{\"@id\":\"https:\\\/\\\/kibrisdakik.com\\\/#website\"},\"primaryImageOfPage\":{\"@id\":\"https:\\\/\\\/kibrisdakik.com\\\/?p=90626#primaryimage\"},\"image\":{\"@id\":\"https:\\\/\\\/kibrisdakik.com\\\/?p=90626#primaryimage\"},\"thumbnailUrl\":\"https:\\\/\\\/kibrisdakik.com\\\/wp-content\\\/uploads\\\/2025\\\/08\\\/borrell-reu-1932917-740x420.jpg\",\"datePublished\":\"2025-08-25T22:50:04+00:00\",\"author\":{\"@id\":\"https:\\\/\\\/kibrisdakik.com\\\/#\\\/schema\\\/person\\\/9cd9d437bbb44f72b73ba127e06d8e79\"},\"breadcrumb\":{\"@id\":\"https:\\\/\\\/kibrisdakik.com\\\/?p=90626#breadcrumb\"},\"inLanguage\":\"tr\",\"potentialAction\":[{\"@type\":\"ReadAction\",\"target\":[\"https:\\\/\\\/kibrisdakik.com\\\/?p=90626\"]}]},{\"@type\":\"ImageObject\",\"inLanguage\":\"tr\",\"@id\":\"https:\\\/\\\/kibrisdakik.com\\\/?p=90626#primaryimage\",\"url\":\"https:\\\/\\\/kibrisdakik.com\\\/wp-content\\\/uploads\\\/2025\\\/08\\\/borrell-reu-1932917-740x420.jpg\",\"contentUrl\":\"https:\\\/\\\/kibrisdakik.com\\\/wp-content\\\/uploads\\\/2025\\\/08\\\/borrell-reu-1932917-740x420.jpg\",\"width\":1280,\"height\":720},{\"@type\":\"BreadcrumbList\",\"@id\":\"https:\\\/\\\/kibrisdakik.com\\\/?p=90626#breadcrumb\",\"itemListElement\":[{\"@type\":\"ListItem\",\"position\":1,\"name\":\"Home\",\"item\":\"https:\\\/\\\/kibrisdakik.com\\\/\"},{\"@type\":\"ListItem\",\"position\":2,\"name\":\"AB&#8217;nin Gazze&#8217;deki katliam kar\u015f\u0131s\u0131ndaki hareketsizli\u011fi yarg\u0131ya ta\u015f\u0131nmal\u0131\"}]},{\"@type\":\"WebSite\",\"@id\":\"https:\\\/\\\/kibrisdakik.com\\\/#website\",\"url\":\"https:\\\/\\\/kibrisdakik.com\\\/\",\"name\":\"\",\"description\":\"Tam vaktinde haber\",\"potentialAction\":[{\"@type\":\"SearchAction\",\"target\":{\"@type\":\"EntryPoint\",\"urlTemplate\":\"https:\\\/\\\/kibrisdakik.com\\\/?s={search_term_string}\"},\"query-input\":{\"@type\":\"PropertyValueSpecification\",\"valueRequired\":true,\"valueName\":\"search_term_string\"}}],\"inLanguage\":\"tr\"},{\"@type\":\"Person\",\"@id\":\"https:\\\/\\\/kibrisdakik.com\\\/#\\\/schema\\\/person\\\/9cd9d437bbb44f72b73ba127e06d8e79\",\"name\":\"admin\",\"image\":{\"@type\":\"ImageObject\",\"inLanguage\":\"tr\",\"@id\":\"https:\\\/\\\/secure.gravatar.com\\\/avatar\\\/ccc17943b9d660506c869530f897617f7cb1c21a4bf30023f252596d83e1f007?s=96&d=mm&r=g\",\"url\":\"https:\\\/\\\/secure.gravatar.com\\\/avatar\\\/ccc17943b9d660506c869530f897617f7cb1c21a4bf30023f252596d83e1f007?s=96&d=mm&r=g\",\"contentUrl\":\"https:\\\/\\\/secure.gravatar.com\\\/avatar\\\/ccc17943b9d660506c869530f897617f7cb1c21a4bf30023f252596d83e1f007?s=96&d=mm&r=g\",\"caption\":\"admin\"},\"sameAs\":[\"https:\\\/\\\/kibrisdakik.com\"],\"url\":\"https:\\\/\\\/kibrisdakik.com\\\/?author=1\"}]}<\/script>\n<!-- \/ Yoast SEO plugin. -->","yoast_head_json":{"title":"AB'nin Gazze'deki katliam kar\u015f\u0131s\u0131ndaki hareketsizli\u011fi yarg\u0131ya ta\u015f\u0131nmal\u0131 -","robots":{"index":"index","follow":"follow","max-snippet":"max-snippet:-1","max-image-preview":"max-image-preview:large","max-video-preview":"max-video-preview:-1"},"canonical":"https:\/\/kibrisdakik.com\/?p=90626","og_locale":"tr_TR","og_type":"article","og_title":"AB'nin Gazze'deki katliam kar\u015f\u0131s\u0131ndaki hareketsizli\u011fi yarg\u0131ya ta\u015f\u0131nmal\u0131 -","og_description":"&#13; Borrell, \u0130spanya&#8217;n\u0131n kuzeyindeki Santander kentindeki Uluslararas\u0131 Menendez Pelayo \u00dcniversitesinin organize etti\u011fi yaz seminerlerine kat\u0131l\u0131m\u0131 s\u0131ras\u0131nda bas\u0131na a\u00e7\u0131klama yapt\u0131. &#13; \u0130srail&#8217;in Gazze&#8217;deki soyk\u0131r\u0131m\u0131 kar\u015f\u0131s\u0131nda AB&#8217;nin s\u00f6zden \u00f6teye gidemeyen tavr\u0131n\u0131 ele\u015ftiren Borrell, &#8220;Avrupa kurumlar\u0131n\u0131n yapmas\u0131 gerekeni yapmas\u0131 i\u00e7in birinin yasal i\u015flem ba\u015flatmas\u0131 gerekecek. \u00c7\u00fcnk\u00fc Avrupa kurumlar\u0131 bunu yapmak istemiyor gibi g\u00f6r\u00fcn\u00fcyor. Ancak adalet mahkemeleri denen bir","og_url":"https:\/\/kibrisdakik.com\/?p=90626","article_published_time":"2025-08-25T22:50:04+00:00","og_image":[{"width":1280,"height":720,"url":"https:\/\/kibrisdakik.com\/wp-content\/uploads\/2025\/08\/borrell-reu-1932917-740x420.jpg","type":"image\/jpeg"}],"author":"admin","twitter_card":"summary_large_image","twitter_misc":{"Yazan:":"admin","Tahmini okuma s\u00fcresi":"2 dakika"},"schema":{"@context":"https:\/\/schema.org","@graph":[{"@type":"Article","@id":"https:\/\/kibrisdakik.com\/?p=90626#article","isPartOf":{"@id":"https:\/\/kibrisdakik.com\/?p=90626"},"author":{"name":"admin","@id":"https:\/\/kibrisdakik.com\/#\/schema\/person\/9cd9d437bbb44f72b73ba127e06d8e79"},"headline":"AB&#8217;nin Gazze&#8217;deki katliam kar\u015f\u0131s\u0131ndaki hareketsizli\u011fi yarg\u0131ya ta\u015f\u0131nmal\u0131","datePublished":"2025-08-25T22:50:04+00:00","mainEntityOfPage":{"@id":"https:\/\/kibrisdakik.com\/?p=90626"},"wordCount":335,"commentCount":0,"image":{"@id":"https:\/\/kibrisdakik.com\/?p=90626#primaryimage"},"thumbnailUrl":"https:\/\/kibrisdakik.com\/wp-content\/uploads\/2025\/08\/borrell-reu-1932917-740x420.jpg","articleSection":["Man\u015fet","T\u00fcrkiye"],"inLanguage":"tr","potentialAction":[{"@type":"CommentAction","name":"Comment","target":["https:\/\/kibrisdakik.com\/?p=90626#respond"]}]},{"@type":"WebPage","@id":"https:\/\/kibrisdakik.com\/?p=90626","url":"https:\/\/kibrisdakik.com\/?p=90626","name":"AB'nin Gazze'deki katliam kar\u015f\u0131s\u0131ndaki hareketsizli\u011fi yarg\u0131ya ta\u015f\u0131nmal\u0131 -","isPartOf":{"@id":"https:\/\/kibrisdakik.com\/#website"},"primaryImageOfPage":{"@id":"https:\/\/kibrisdakik.com\/?p=90626#primaryimage"},"image":{"@id":"https:\/\/kibrisdakik.com\/?p=90626#primaryimage"},"thumbnailUrl":"https:\/\/kibrisdakik.com\/wp-content\/uploads\/2025\/08\/borrell-reu-1932917-740x420.jpg","datePublished":"2025-08-25T22:50:04+00:00","author":{"@id":"https:\/\/kibrisdakik.com\/#\/schema\/person\/9cd9d437bbb44f72b73ba127e06d8e79"},"breadcrumb":{"@id":"https:\/\/kibrisdakik.com\/?p=90626#breadcrumb"},"inLanguage":"tr","potentialAction":[{"@type":"ReadAction","target":["https:\/\/kibrisdakik.com\/?p=90626"]}]},{"@type":"ImageObject","inLanguage":"tr","@id":"https:\/\/kibrisdakik.com\/?p=90626#primaryimage","url":"https:\/\/kibrisdakik.com\/wp-content\/uploads\/2025\/08\/borrell-reu-1932917-740x420.jpg","contentUrl":"https:\/\/kibrisdakik.com\/wp-content\/uploads\/2025\/08\/borrell-reu-1932917-740x420.jpg","width":1280,"height":720},{"@type":"BreadcrumbList","@id":"https:\/\/kibrisdakik.com\/?p=90626#breadcrumb","itemListElement":[{"@type":"ListItem","position":1,"name":"Home","item":"https:\/\/kibrisdakik.com\/"},{"@type":"ListItem","position":2,"name":"AB&#8217;nin Gazze&#8217;deki katliam kar\u015f\u0131s\u0131ndaki hareketsizli\u011fi yarg\u0131ya ta\u015f\u0131nmal\u0131"}]},{"@type":"WebSite","@id":"https:\/\/kibrisdakik.com\/#website","url":"https:\/\/kibrisdakik.com\/","name":"","description":"Tam vaktinde haber","potentialAction":[{"@type":"SearchAction","target":{"@type":"EntryPoint","urlTemplate":"https:\/\/kibrisdakik.com\/?s={search_term_string}"},"query-input":{"@type":"PropertyValueSpecification","valueRequired":true,"valueName":"search_term_string"}}],"inLanguage":"tr"},{"@type":"Person","@id":"https:\/\/kibrisdakik.com\/#\/schema\/person\/9cd9d437bbb44f72b73ba127e06d8e79","name":"admin","image":{"@type":"ImageObject","inLanguage":"tr","@id":"https:\/\/secure.gravatar.com\/avatar\/ccc17943b9d660506c869530f897617f7cb1c21a4bf30023f252596d83e1f007?s=96&d=mm&r=g","url":"https:\/\/secure.gravatar.com\/avatar\/ccc17943b9d660506c869530f897617f7cb1c21a4bf30023f252596d83e1f007?s=96&d=mm&r=g","contentUrl":"https:\/\/secure.gravatar.com\/avatar\/ccc17943b9d660506c869530f897617f7cb1c21a4bf30023f252596d83e1f007?s=96&d=mm&r=g","caption":"admin"},"sameAs":["https:\/\/kibrisdakik.com"],"url":"https:\/\/kibrisdakik.com\/?author=1"}]}},"_links":{"self":[{"href":"https:\/\/kibrisdakik.com\/index.php?rest_route=\/wp\/v2\/posts\/90626","targetHints":{"allow":["GET"]}}],"collection":[{"href":"https:\/\/kibrisdakik.com\/index.php?rest_route=\/wp\/v2\/posts"}],"about":[{"href":"https:\/\/kibrisdakik.com\/index.php?rest_route=\/wp\/v2\/types\/post"}],"author":[{"embeddable":true,"href":"https:\/\/kibrisdakik.com\/index.php?rest_route=\/wp\/v2\/users\/1"}],"replies":[{"embeddable":true,"href":"https:\/\/kibrisdakik.com\/index.php?rest_route=%2Fwp%2Fv2%2Fcomments&post=90626"}],"version-history":[{"count":0,"href":"https:\/\/kibrisdakik.com\/index.php?rest_route=\/wp\/v2\/posts\/90626\/revisions"}],"wp:featuredmedia":[{"embeddable":true,"href":"https:\/\/kibrisdakik.com\/index.php?rest_route=\/wp\/v2\/media\/90627"}],"wp:attachment":[{"href":"https:\/\/kibrisdakik.com\/index.php?rest_route=%2Fwp%2Fv2%2Fmedia&parent=90626"}],"wp:term":[{"taxonomy":"category","embeddable":true,"href":"https:\/\/kibrisdakik.com\/index.php?rest_route=%2Fwp%2Fv2%2Fcategories&post=90626"},{"taxonomy":"post_tag","embeddable":true,"href":"https:\/\/kibrisdakik.com\/index.php?rest_route=%2Fwp%2Fv2%2Ftags&post=90626"}],"curies":[{"name":"wp","href":"https:\/\/api.w.org\/{rel}","templated":true}]}}