{"id":90644,"date":"2025-08-26T05:53:06","date_gmt":"2025-08-26T02:53:06","guid":{"rendered":"https:\/\/kibrisdakik.com\/index.php\/2025\/08\/26\/venezuela-kolombiya-sinirina-15-bin-guvenlik-gucu-yerlestirecek\/"},"modified":"2025-08-26T05:53:06","modified_gmt":"2025-08-26T02:53:06","slug":"venezuela-kolombiya-sinirina-15-bin-guvenlik-gucu-yerlestirecek","status":"publish","type":"post","link":"https:\/\/kibrisdakik.com\/?p=90644","title":{"rendered":"Venezuela, Kolombiya s\u0131n\u0131r\u0131na 15 bin g\u00fcvenlik g\u00fcc\u00fc yerle\u015ftirecek"},"content":{"rendered":"<p><\/p>\n<div>\n<p>&#13;<br \/>\n\tDevlet televizyonuna a\u00e7\u0131klamalarda bulunan Cabello, Kolombiya s\u0131n\u0131r\u0131ndaki Zulia ve Tachira eyaletlerine g\u00fcvenlik g\u00fc\u00e7lerinin yerle\u015ftirilece\u011fini bildirdi.<\/p>\n<p>&#13;<br \/>\n\tCabello, kad\u0131n ve erkeklerden olu\u015fan 15 bin ki\u015filik asker ve polis konu\u015flanmas\u0131na derhal ba\u015flayacaklar\u0131n\u0131 belirterek, &#8220;Konu\u015flanma Tachira s\u0131n\u0131r\u0131na kadar uzanacak. Kolombiya h\u00fck\u00fcmetinden ayn\u0131 \u015fekilde t\u00fcm s\u0131n\u0131r hatt\u0131nda bar\u0131\u015f\u0131 g\u00fcvence alt\u0131na almas\u0131n\u0131 istiyoruz.&#8221; ifadelerini kulland\u0131.<\/p>\n<p>&#13;<br \/>\n\tCabello, s\u0131n\u0131rda hi\u00e7bir yasa d\u0131\u015f\u0131 faaliyete izin vermeyeceklerini vurgulayarak, &#8220;\u00dclkenin her yerinde birliklerimiz var; g\u00f6rev neyse onu yap\u0131yorlar. Verilecek yan\u0131t, Venezuelal\u0131lar\u0131n bar\u0131\u015f\u0131n\u0131 ve g\u00fcvenli\u011fini garanti alt\u0131na almakt\u0131r. Bu, herhangi bir olas\u0131l\u0131\u011fa h\u0131zl\u0131 \u015fekilde kar\u015f\u0131l\u0131k vermek i\u00e7in etkili bir muharip birliktir.&#8221; dedi.<\/p>\n<p>&#13;<br \/>\n\tSon d\u00f6nemde yap\u0131lan operasyonlara da de\u011finen Cabello, &#8220;Operasyonlarda 480\u2019den fazla uzun ve k\u0131sa namlulu silah ele ge\u00e7irdik. Biz burada uyu\u015fturucuyla k\u00f6kten m\u00fccadele ediyoruz, ge\u00e7ici \u015fekilde de\u011fil. 2025\u2019te 52 tondan fazla uyu\u015fturucu madde ele ge\u00e7irdik.&#8221; a\u00e7\u0131klamas\u0131nda bulundu.<\/p>\n<\/p><\/div>\n","protected":false},"excerpt":{"rendered":"<p>&#13; Devlet televizyonuna a\u00e7\u0131klamalarda bulunan Cabello, Kolombiya s\u0131n\u0131r\u0131ndaki Zulia ve Tachira eyaletlerine g\u00fcvenlik g\u00fc\u00e7lerinin yerle\u015ftirilece\u011fini bildirdi. &#13; Cabello, kad\u0131n ve erkeklerden olu\u015fan 15 bin ki\u015filik asker ve polis konu\u015flanmas\u0131na derhal ba\u015flayacaklar\u0131n\u0131 belirterek, &#8220;Konu\u015flanma Tachira s\u0131n\u0131r\u0131na kadar uzanacak. Kolombiya h\u00fck\u00fcmetinden ayn\u0131 \u015fekilde t\u00fcm s\u0131n\u0131r hatt\u0131nda bar\u0131\u015f\u0131 g\u00fcvence alt\u0131na almas\u0131n\u0131 istiyoruz.&#8221; ifadelerini kulland\u0131. &#13; Cabello, s\u0131n\u0131rda hi\u00e7bir<\/p>\n","protected":false},"author":1,"featured_media":90645,"comment_status":"open","ping_status":"open","sticky":false,"template":"","format":"standard","meta":{"footnotes":""},"categories":[101,86],"tags":[],"class_list":["post-90644","post","type-post","status-publish","format-standard","has-post-thumbnail","hentry","category-manset","category-turkiye"],"yoast_head":"<!-- This site is optimized with the Yoast SEO plugin v27.5 - https:\/\/yoast.com\/product\/yoast-seo-wordpress\/ -->\n<title>Venezuela, Kolombiya s\u0131n\u0131r\u0131na 15 bin g\u00fcvenlik g\u00fcc\u00fc yerle\u015ftirecek -<\/title>\n<meta name=\"robots\" content=\"index, follow, max-snippet:-1, max-image-preview:large, max-video-preview:-1\" \/>\n<link rel=\"canonical\" href=\"https:\/\/kibrisdakik.com\/?p=90644\" \/>\n<meta property=\"og:locale\" content=\"tr_TR\" \/>\n<meta property=\"og:type\" content=\"article\" \/>\n<meta property=\"og:title\" content=\"Venezuela, Kolombiya s\u0131n\u0131r\u0131na 15 bin g\u00fcvenlik g\u00fcc\u00fc yerle\u015ftirecek -\" \/>\n<meta property=\"og:description\" content=\"&#013; Devlet televizyonuna a\u00e7\u0131klamalarda bulunan Cabello, Kolombiya s\u0131n\u0131r\u0131ndaki Zulia ve Tachira eyaletlerine g\u00fcvenlik g\u00fc\u00e7lerinin yerle\u015ftirilece\u011fini bildirdi. &#013; Cabello, kad\u0131n ve erkeklerden olu\u015fan 15 bin ki\u015filik asker ve polis konu\u015flanmas\u0131na derhal ba\u015flayacaklar\u0131n\u0131 belirterek, &#8220;Konu\u015flanma Tachira s\u0131n\u0131r\u0131na kadar uzanacak. Kolombiya h\u00fck\u00fcmetinden ayn\u0131 \u015fekilde t\u00fcm s\u0131n\u0131r hatt\u0131nda bar\u0131\u015f\u0131 g\u00fcvence alt\u0131na almas\u0131n\u0131 istiyoruz.&#8221; ifadelerini kulland\u0131. &#013; Cabello, s\u0131n\u0131rda hi\u00e7bir\" \/>\n<meta property=\"og:url\" content=\"https:\/\/kibrisdakik.com\/?p=90644\" \/>\n<meta property=\"article:published_time\" content=\"2025-08-26T02:53:06+00:00\" \/>\n<meta property=\"og:image\" content=\"https:\/\/kibrisdakik.com\/wp-content\/uploads\/2025\/08\/venezuela-reu-1948931-740x420.jpg\" \/>\n\t<meta property=\"og:image:width\" content=\"1280\" \/>\n\t<meta property=\"og:image:height\" content=\"720\" \/>\n\t<meta property=\"og:image:type\" content=\"image\/jpeg\" \/>\n<meta name=\"author\" content=\"admin\" \/>\n<meta name=\"twitter:card\" content=\"summary_large_image\" \/>\n<meta name=\"twitter:label1\" content=\"Yazan:\" \/>\n\t<meta name=\"twitter:data1\" content=\"admin\" \/>\n\t<meta name=\"twitter:label2\" content=\"Tahmini okuma s\u00fcresi\" \/>\n\t<meta name=\"twitter:data2\" content=\"1 dakika\" \/>\n<script type=\"application\/ld+json\" class=\"yoast-schema-graph\">{\"@context\":\"https:\\\/\\\/schema.org\",\"@graph\":[{\"@type\":\"Article\",\"@id\":\"https:\\\/\\\/kibrisdakik.com\\\/?p=90644#article\",\"isPartOf\":{\"@id\":\"https:\\\/\\\/kibrisdakik.com\\\/?p=90644\"},\"author\":{\"name\":\"admin\",\"@id\":\"https:\\\/\\\/kibrisdakik.com\\\/#\\\/schema\\\/person\\\/9cd9d437bbb44f72b73ba127e06d8e79\"},\"headline\":\"Venezuela, Kolombiya s\u0131n\u0131r\u0131na 15 bin g\u00fcvenlik g\u00fcc\u00fc yerle\u015ftirecek\",\"datePublished\":\"2025-08-26T02:53:06+00:00\",\"mainEntityOfPage\":{\"@id\":\"https:\\\/\\\/kibrisdakik.com\\\/?p=90644\"},\"wordCount\":198,\"commentCount\":0,\"image\":{\"@id\":\"https:\\\/\\\/kibrisdakik.com\\\/?p=90644#primaryimage\"},\"thumbnailUrl\":\"https:\\\/\\\/kibrisdakik.com\\\/wp-content\\\/uploads\\\/2025\\\/08\\\/venezuela-reu-1948931-740x420.jpg\",\"articleSection\":[\"Man\u015fet\",\"T\u00fcrkiye\"],\"inLanguage\":\"tr\",\"potentialAction\":[{\"@type\":\"CommentAction\",\"name\":\"Comment\",\"target\":[\"https:\\\/\\\/kibrisdakik.com\\\/?p=90644#respond\"]}]},{\"@type\":\"WebPage\",\"@id\":\"https:\\\/\\\/kibrisdakik.com\\\/?p=90644\",\"url\":\"https:\\\/\\\/kibrisdakik.com\\\/?p=90644\",\"name\":\"Venezuela, Kolombiya s\u0131n\u0131r\u0131na 15 bin g\u00fcvenlik g\u00fcc\u00fc yerle\u015ftirecek -\",\"isPartOf\":{\"@id\":\"https:\\\/\\\/kibrisdakik.com\\\/#website\"},\"primaryImageOfPage\":{\"@id\":\"https:\\\/\\\/kibrisdakik.com\\\/?p=90644#primaryimage\"},\"image\":{\"@id\":\"https:\\\/\\\/kibrisdakik.com\\\/?p=90644#primaryimage\"},\"thumbnailUrl\":\"https:\\\/\\\/kibrisdakik.com\\\/wp-content\\\/uploads\\\/2025\\\/08\\\/venezuela-reu-1948931-740x420.jpg\",\"datePublished\":\"2025-08-26T02:53:06+00:00\",\"author\":{\"@id\":\"https:\\\/\\\/kibrisdakik.com\\\/#\\\/schema\\\/person\\\/9cd9d437bbb44f72b73ba127e06d8e79\"},\"breadcrumb\":{\"@id\":\"https:\\\/\\\/kibrisdakik.com\\\/?p=90644#breadcrumb\"},\"inLanguage\":\"tr\",\"potentialAction\":[{\"@type\":\"ReadAction\",\"target\":[\"https:\\\/\\\/kibrisdakik.com\\\/?p=90644\"]}]},{\"@type\":\"ImageObject\",\"inLanguage\":\"tr\",\"@id\":\"https:\\\/\\\/kibrisdakik.com\\\/?p=90644#primaryimage\",\"url\":\"https:\\\/\\\/kibrisdakik.com\\\/wp-content\\\/uploads\\\/2025\\\/08\\\/venezuela-reu-1948931-740x420.jpg\",\"contentUrl\":\"https:\\\/\\\/kibrisdakik.com\\\/wp-content\\\/uploads\\\/2025\\\/08\\\/venezuela-reu-1948931-740x420.jpg\",\"width\":1280,\"height\":720},{\"@type\":\"BreadcrumbList\",\"@id\":\"https:\\\/\\\/kibrisdakik.com\\\/?p=90644#breadcrumb\",\"itemListElement\":[{\"@type\":\"ListItem\",\"position\":1,\"name\":\"Home\",\"item\":\"https:\\\/\\\/kibrisdakik.com\\\/\"},{\"@type\":\"ListItem\",\"position\":2,\"name\":\"Venezuela, Kolombiya s\u0131n\u0131r\u0131na 15 bin g\u00fcvenlik g\u00fcc\u00fc yerle\u015ftirecek\"}]},{\"@type\":\"WebSite\",\"@id\":\"https:\\\/\\\/kibrisdakik.com\\\/#website\",\"url\":\"https:\\\/\\\/kibrisdakik.com\\\/\",\"name\":\"\",\"description\":\"Tam vaktinde haber\",\"potentialAction\":[{\"@type\":\"SearchAction\",\"target\":{\"@type\":\"EntryPoint\",\"urlTemplate\":\"https:\\\/\\\/kibrisdakik.com\\\/?s={search_term_string}\"},\"query-input\":{\"@type\":\"PropertyValueSpecification\",\"valueRequired\":true,\"valueName\":\"search_term_string\"}}],\"inLanguage\":\"tr\"},{\"@type\":\"Person\",\"@id\":\"https:\\\/\\\/kibrisdakik.com\\\/#\\\/schema\\\/person\\\/9cd9d437bbb44f72b73ba127e06d8e79\",\"name\":\"admin\",\"image\":{\"@type\":\"ImageObject\",\"inLanguage\":\"tr\",\"@id\":\"https:\\\/\\\/secure.gravatar.com\\\/avatar\\\/ccc17943b9d660506c869530f897617f7cb1c21a4bf30023f252596d83e1f007?s=96&d=mm&r=g\",\"url\":\"https:\\\/\\\/secure.gravatar.com\\\/avatar\\\/ccc17943b9d660506c869530f897617f7cb1c21a4bf30023f252596d83e1f007?s=96&d=mm&r=g\",\"contentUrl\":\"https:\\\/\\\/secure.gravatar.com\\\/avatar\\\/ccc17943b9d660506c869530f897617f7cb1c21a4bf30023f252596d83e1f007?s=96&d=mm&r=g\",\"caption\":\"admin\"},\"sameAs\":[\"https:\\\/\\\/kibrisdakik.com\"],\"url\":\"https:\\\/\\\/kibrisdakik.com\\\/?author=1\"}]}<\/script>\n<!-- \/ Yoast SEO plugin. -->","yoast_head_json":{"title":"Venezuela, Kolombiya s\u0131n\u0131r\u0131na 15 bin g\u00fcvenlik g\u00fcc\u00fc yerle\u015ftirecek -","robots":{"index":"index","follow":"follow","max-snippet":"max-snippet:-1","max-image-preview":"max-image-preview:large","max-video-preview":"max-video-preview:-1"},"canonical":"https:\/\/kibrisdakik.com\/?p=90644","og_locale":"tr_TR","og_type":"article","og_title":"Venezuela, Kolombiya s\u0131n\u0131r\u0131na 15 bin g\u00fcvenlik g\u00fcc\u00fc yerle\u015ftirecek -","og_description":"&#13; Devlet televizyonuna a\u00e7\u0131klamalarda bulunan Cabello, Kolombiya s\u0131n\u0131r\u0131ndaki Zulia ve Tachira eyaletlerine g\u00fcvenlik g\u00fc\u00e7lerinin yerle\u015ftirilece\u011fini bildirdi. &#13; Cabello, kad\u0131n ve erkeklerden olu\u015fan 15 bin ki\u015filik asker ve polis konu\u015flanmas\u0131na derhal ba\u015flayacaklar\u0131n\u0131 belirterek, &#8220;Konu\u015flanma Tachira s\u0131n\u0131r\u0131na kadar uzanacak. Kolombiya h\u00fck\u00fcmetinden ayn\u0131 \u015fekilde t\u00fcm s\u0131n\u0131r hatt\u0131nda bar\u0131\u015f\u0131 g\u00fcvence alt\u0131na almas\u0131n\u0131 istiyoruz.&#8221; ifadelerini kulland\u0131. &#13; Cabello, s\u0131n\u0131rda hi\u00e7bir","og_url":"https:\/\/kibrisdakik.com\/?p=90644","article_published_time":"2025-08-26T02:53:06+00:00","og_image":[{"width":1280,"height":720,"url":"https:\/\/kibrisdakik.com\/wp-content\/uploads\/2025\/08\/venezuela-reu-1948931-740x420.jpg","type":"image\/jpeg"}],"author":"admin","twitter_card":"summary_large_image","twitter_misc":{"Yazan:":"admin","Tahmini okuma s\u00fcresi":"1 dakika"},"schema":{"@context":"https:\/\/schema.org","@graph":[{"@type":"Article","@id":"https:\/\/kibrisdakik.com\/?p=90644#article","isPartOf":{"@id":"https:\/\/kibrisdakik.com\/?p=90644"},"author":{"name":"admin","@id":"https:\/\/kibrisdakik.com\/#\/schema\/person\/9cd9d437bbb44f72b73ba127e06d8e79"},"headline":"Venezuela, Kolombiya s\u0131n\u0131r\u0131na 15 bin g\u00fcvenlik g\u00fcc\u00fc yerle\u015ftirecek","datePublished":"2025-08-26T02:53:06+00:00","mainEntityOfPage":{"@id":"https:\/\/kibrisdakik.com\/?p=90644"},"wordCount":198,"commentCount":0,"image":{"@id":"https:\/\/kibrisdakik.com\/?p=90644#primaryimage"},"thumbnailUrl":"https:\/\/kibrisdakik.com\/wp-content\/uploads\/2025\/08\/venezuela-reu-1948931-740x420.jpg","articleSection":["Man\u015fet","T\u00fcrkiye"],"inLanguage":"tr","potentialAction":[{"@type":"CommentAction","name":"Comment","target":["https:\/\/kibrisdakik.com\/?p=90644#respond"]}]},{"@type":"WebPage","@id":"https:\/\/kibrisdakik.com\/?p=90644","url":"https:\/\/kibrisdakik.com\/?p=90644","name":"Venezuela, Kolombiya s\u0131n\u0131r\u0131na 15 bin g\u00fcvenlik g\u00fcc\u00fc yerle\u015ftirecek -","isPartOf":{"@id":"https:\/\/kibrisdakik.com\/#website"},"primaryImageOfPage":{"@id":"https:\/\/kibrisdakik.com\/?p=90644#primaryimage"},"image":{"@id":"https:\/\/kibrisdakik.com\/?p=90644#primaryimage"},"thumbnailUrl":"https:\/\/kibrisdakik.com\/wp-content\/uploads\/2025\/08\/venezuela-reu-1948931-740x420.jpg","datePublished":"2025-08-26T02:53:06+00:00","author":{"@id":"https:\/\/kibrisdakik.com\/#\/schema\/person\/9cd9d437bbb44f72b73ba127e06d8e79"},"breadcrumb":{"@id":"https:\/\/kibrisdakik.com\/?p=90644#breadcrumb"},"inLanguage":"tr","potentialAction":[{"@type":"ReadAction","target":["https:\/\/kibrisdakik.com\/?p=90644"]}]},{"@type":"ImageObject","inLanguage":"tr","@id":"https:\/\/kibrisdakik.com\/?p=90644#primaryimage","url":"https:\/\/kibrisdakik.com\/wp-content\/uploads\/2025\/08\/venezuela-reu-1948931-740x420.jpg","contentUrl":"https:\/\/kibrisdakik.com\/wp-content\/uploads\/2025\/08\/venezuela-reu-1948931-740x420.jpg","width":1280,"height":720},{"@type":"BreadcrumbList","@id":"https:\/\/kibrisdakik.com\/?p=90644#breadcrumb","itemListElement":[{"@type":"ListItem","position":1,"name":"Home","item":"https:\/\/kibrisdakik.com\/"},{"@type":"ListItem","position":2,"name":"Venezuela, Kolombiya s\u0131n\u0131r\u0131na 15 bin g\u00fcvenlik g\u00fcc\u00fc yerle\u015ftirecek"}]},{"@type":"WebSite","@id":"https:\/\/kibrisdakik.com\/#website","url":"https:\/\/kibrisdakik.com\/","name":"","description":"Tam vaktinde haber","potentialAction":[{"@type":"SearchAction","target":{"@type":"EntryPoint","urlTemplate":"https:\/\/kibrisdakik.com\/?s={search_term_string}"},"query-input":{"@type":"PropertyValueSpecification","valueRequired":true,"valueName":"search_term_string"}}],"inLanguage":"tr"},{"@type":"Person","@id":"https:\/\/kibrisdakik.com\/#\/schema\/person\/9cd9d437bbb44f72b73ba127e06d8e79","name":"admin","image":{"@type":"ImageObject","inLanguage":"tr","@id":"https:\/\/secure.gravatar.com\/avatar\/ccc17943b9d660506c869530f897617f7cb1c21a4bf30023f252596d83e1f007?s=96&d=mm&r=g","url":"https:\/\/secure.gravatar.com\/avatar\/ccc17943b9d660506c869530f897617f7cb1c21a4bf30023f252596d83e1f007?s=96&d=mm&r=g","contentUrl":"https:\/\/secure.gravatar.com\/avatar\/ccc17943b9d660506c869530f897617f7cb1c21a4bf30023f252596d83e1f007?s=96&d=mm&r=g","caption":"admin"},"sameAs":["https:\/\/kibrisdakik.com"],"url":"https:\/\/kibrisdakik.com\/?author=1"}]}},"_links":{"self":[{"href":"https:\/\/kibrisdakik.com\/index.php?rest_route=\/wp\/v2\/posts\/90644","targetHints":{"allow":["GET"]}}],"collection":[{"href":"https:\/\/kibrisdakik.com\/index.php?rest_route=\/wp\/v2\/posts"}],"about":[{"href":"https:\/\/kibrisdakik.com\/index.php?rest_route=\/wp\/v2\/types\/post"}],"author":[{"embeddable":true,"href":"https:\/\/kibrisdakik.com\/index.php?rest_route=\/wp\/v2\/users\/1"}],"replies":[{"embeddable":true,"href":"https:\/\/kibrisdakik.com\/index.php?rest_route=%2Fwp%2Fv2%2Fcomments&post=90644"}],"version-history":[{"count":0,"href":"https:\/\/kibrisdakik.com\/index.php?rest_route=\/wp\/v2\/posts\/90644\/revisions"}],"wp:featuredmedia":[{"embeddable":true,"href":"https:\/\/kibrisdakik.com\/index.php?rest_route=\/wp\/v2\/media\/90645"}],"wp:attachment":[{"href":"https:\/\/kibrisdakik.com\/index.php?rest_route=%2Fwp%2Fv2%2Fmedia&parent=90644"}],"wp:term":[{"taxonomy":"category","embeddable":true,"href":"https:\/\/kibrisdakik.com\/index.php?rest_route=%2Fwp%2Fv2%2Fcategories&post=90644"},{"taxonomy":"post_tag","embeddable":true,"href":"https:\/\/kibrisdakik.com\/index.php?rest_route=%2Fwp%2Fv2%2Ftags&post=90644"}],"curies":[{"name":"wp","href":"https:\/\/api.w.org\/{rel}","templated":true}]}}