{"id":9078,"date":"2023-06-19T15:09:04","date_gmt":"2023-06-19T15:09:04","guid":{"rendered":"https:\/\/kibrisdakik.com\/index.php\/2023\/06\/19\/yilmaz-kktc-cumhurbaskanligi-ve-meclis-yerleskesi-insaatinda-incelemelerde-bulundu\/"},"modified":"2023-06-19T15:09:04","modified_gmt":"2023-06-19T15:09:04","slug":"yilmaz-kktc-cumhurbaskanligi-ve-meclis-yerleskesi-insaatinda-incelemelerde-bulundu","status":"publish","type":"post","link":"https:\/\/kibrisdakik.com\/?p=9078","title":{"rendered":"Y\u0131lmaz, KKTC Cumhurba\u015fkanl\u0131\u011f\u0131 ve Meclis Yerle\u015fkesi in\u015faat\u0131nda incelemelerde bulundu"},"content":{"rendered":"<p><\/p>\n<div>\n<div class=\"mariselle-image-container none\">\n                <img width=\"1600\" height=\"1200\" class=\"lazy-image\" alt=\"\" decoding=\"async\" loading=\"lazy\" sizes=\"auto, (max-width: 1600px) 100vw, 1600px\" src=\"https:\/\/brtk.net\/wp-content\/uploads\/2023\/06\/19\/yerleske-ziyaret.jpeg?ver=b17dc35f91562e5facad2ef6a1058703\" srcset=\"https:\/\/brtk.net\/wp-content\/uploads\/2023\/06\/19\/yerleske-ziyaret.jpeg?ver=b17dc35f91562e5facad2ef6a1058703 1600w, https:\/\/brtk.net\/wp-content\/uploads\/2023\/06\/19\/yerleske-ziyaret-300x225.jpeg?ver=b17dc35f91562e5facad2ef6a1058703 300w, https:\/\/brtk.net\/wp-content\/uploads\/2023\/06\/19\/yerleske-ziyaret-1024x768.jpeg?ver=6e3bc7e48ab6ce196ce83ada68afc714 1024w, https:\/\/brtk.net\/wp-content\/uploads\/2023\/06\/19\/yerleske-ziyaret-768x576.jpeg?ver=6e3bc7e48ab6ce196ce83ada68afc714 768w, https:\/\/brtk.net\/wp-content\/uploads\/2023\/06\/19\/yerleske-ziyaret-1536x1152.jpeg?ver=6e3bc7e48ab6ce196ce83ada68afc714 1536w\"\/>                            <\/div>\n<p>T\u00fcrkiye Cumhuriyeti Cumhurba\u015fkan\u0131 Yard\u0131mc\u0131s\u0131 Cevdet Y\u0131lmaz, \u201c<a href=\"https:\/\/brtk.net\/\"\/><a href=\"https:\/\/brtk.net\/\">KKTC<\/a> Cumhurba\u015fkanl\u0131\u011f\u0131 ve <a href=\"https:\/\/brtk.net\/\"\/><a href=\"https:\/\/brtk.net\/\">KKTC<\/a> Cumhuriyet Meclisi ile Millet Bah\u00e7esi ve Millet Camii Projesi\u201d in\u015faat\u0131nda incelemelerde bulundu.<\/p>\n<p>Y\u0131lmaz\u2019a, inceleme ziyareti s\u0131ras\u0131nda Meclis Ba\u015fkan\u0131 Zorlu T\u00f6re, Ba\u015fbakan \u00dcnal \u00dcstel, T\u00fcrkiye Cumhuriyeti Lefko\u015fa B\u00fcy\u00fckel\u00e7isi Metin Feyzio\u011flu, bakanlar ile di\u011fer yetkililer de e\u015flik etti.<\/p>\n<p>\u0130ncelemeleri s\u0131ras\u0131nda Y\u0131lmaz\u2019a, projeyi y\u00fcr\u00fcten Siyahkalem M\u00fchendislik \u0130n\u015faat Sanayi ve Ticaret A.\u015e. <a href=\"https:\/\/brtk.net\/\"\/><a href=\"https:\/\/brtk.net\/\">KKTC<\/a> \u00dclke M\u00fcd\u00fcr\u00fc Murat Kenk\u00fcl bilgi verdi ve proje ile ilgili sunum yapt\u0131.<\/p>\n<p>Y\u0131lmaz incelemeleri sonras\u0131 \u00e7al\u0131\u015fanlarla birlikte an\u0131 foto\u011fraf\u0131 \u00e7ektirdi ve \u201c\u00c7ok \u00f6nemli bir miras yap\u0131yorsunuz, \u00e7ocuklar\u0131m\u0131za miras kalacak bir proje\u2026 Ba\u015far\u0131lar diliyorum, i\u015f sa\u011fl\u0131\u011f\u0131 g\u00fcvenli\u011fi kurallar\u0131na da her zaman uyal\u0131m, dikkat edelim\u201d dedi.<\/p>\n<p>\u00a0<\/p>\n<\/p><\/div>\n<p><script async\n                    defer\n                    crossorigin=\"anonymous\"\n                    src=\"https:\/\/connect.facebook.net\/tr_TR\/sdk.js#xfbml=1&#038;version=v3.3\"\n            ><\/script><\/p>\n","protected":false},"excerpt":{"rendered":"<p>T\u00fcrkiye Cumhuriyeti Cumhurba\u015fkan\u0131 Yard\u0131mc\u0131s\u0131 Cevdet Y\u0131lmaz, \u201cKKTC Cumhurba\u015fkanl\u0131\u011f\u0131 ve KKTC Cumhuriyet Meclisi ile Millet Bah\u00e7esi ve Millet Camii Projesi\u201d in\u015faat\u0131nda incelemelerde bulundu. Y\u0131lmaz\u2019a, inceleme ziyareti s\u0131ras\u0131nda Meclis Ba\u015fkan\u0131 Zorlu T\u00f6re, Ba\u015fbakan \u00dcnal \u00dcstel, T\u00fcrkiye Cumhuriyeti Lefko\u015fa B\u00fcy\u00fckel\u00e7isi Metin Feyzio\u011flu, bakanlar ile di\u011fer yetkililer de e\u015flik etti. \u0130ncelemeleri s\u0131ras\u0131nda Y\u0131lmaz\u2019a, projeyi y\u00fcr\u00fcten Siyahkalem M\u00fchendislik \u0130n\u015faat Sanayi<\/p>\n","protected":false},"author":1,"featured_media":9079,"comment_status":"open","ping_status":"open","sticky":false,"template":"","format":"standard","meta":{"footnotes":""},"categories":[86],"tags":[],"class_list":["post-9078","post","type-post","status-publish","format-standard","has-post-thumbnail","hentry","category-turkiye"],"yoast_head":"<!-- This site is optimized with the Yoast SEO plugin v27.4 - https:\/\/yoast.com\/product\/yoast-seo-wordpress\/ -->\n<title>Y\u0131lmaz, KKTC Cumhurba\u015fkanl\u0131\u011f\u0131 ve Meclis Yerle\u015fkesi in\u015faat\u0131nda incelemelerde bulundu -<\/title>\n<meta name=\"robots\" content=\"index, follow, max-snippet:-1, max-image-preview:large, max-video-preview:-1\" \/>\n<link rel=\"canonical\" href=\"https:\/\/kibrisdakik.com\/?p=9078\" \/>\n<meta property=\"og:locale\" content=\"tr_TR\" \/>\n<meta property=\"og:type\" content=\"article\" \/>\n<meta property=\"og:title\" content=\"Y\u0131lmaz, KKTC Cumhurba\u015fkanl\u0131\u011f\u0131 ve Meclis Yerle\u015fkesi in\u015faat\u0131nda incelemelerde bulundu -\" \/>\n<meta property=\"og:description\" content=\"T\u00fcrkiye Cumhuriyeti Cumhurba\u015fkan\u0131 Yard\u0131mc\u0131s\u0131 Cevdet Y\u0131lmaz, \u201cKKTC Cumhurba\u015fkanl\u0131\u011f\u0131 ve KKTC Cumhuriyet Meclisi ile Millet Bah\u00e7esi ve Millet Camii Projesi\u201d in\u015faat\u0131nda incelemelerde bulundu. Y\u0131lmaz\u2019a, inceleme ziyareti s\u0131ras\u0131nda Meclis Ba\u015fkan\u0131 Zorlu T\u00f6re, Ba\u015fbakan \u00dcnal \u00dcstel, T\u00fcrkiye Cumhuriyeti Lefko\u015fa B\u00fcy\u00fckel\u00e7isi Metin Feyzio\u011flu, bakanlar ile di\u011fer yetkililer de e\u015flik etti. \u0130ncelemeleri s\u0131ras\u0131nda Y\u0131lmaz\u2019a, projeyi y\u00fcr\u00fcten Siyahkalem M\u00fchendislik \u0130n\u015faat Sanayi\" \/>\n<meta property=\"og:url\" content=\"https:\/\/kibrisdakik.com\/?p=9078\" \/>\n<meta property=\"article:published_time\" content=\"2023-06-19T15:09:04+00:00\" \/>\n<meta property=\"og:image\" content=\"https:\/\/kibrisdakik.com\/wp-content\/uploads\/2023\/06\/yerleske-ziyaret-740x420.jpeg\" \/>\n\t<meta property=\"og:image:width\" content=\"1600\" \/>\n\t<meta property=\"og:image:height\" content=\"1200\" \/>\n\t<meta property=\"og:image:type\" content=\"image\/jpeg\" \/>\n<meta name=\"author\" content=\"admin\" \/>\n<meta name=\"twitter:card\" content=\"summary_large_image\" \/>\n<meta name=\"twitter:label1\" content=\"Yazan:\" \/>\n\t<meta name=\"twitter:data1\" content=\"admin\" \/>\n\t<meta name=\"twitter:label2\" content=\"Tahmini okuma s\u00fcresi\" \/>\n\t<meta name=\"twitter:data2\" content=\"1 dakika\" \/>\n<script type=\"application\/ld+json\" class=\"yoast-schema-graph\">{\"@context\":\"https:\\\/\\\/schema.org\",\"@graph\":[{\"@type\":\"Article\",\"@id\":\"https:\\\/\\\/kibrisdakik.com\\\/?p=9078#article\",\"isPartOf\":{\"@id\":\"https:\\\/\\\/kibrisdakik.com\\\/?p=9078\"},\"author\":{\"name\":\"admin\",\"@id\":\"https:\\\/\\\/kibrisdakik.com\\\/#\\\/schema\\\/person\\\/9cd9d437bbb44f72b73ba127e06d8e79\"},\"headline\":\"Y\u0131lmaz, KKTC Cumhurba\u015fkanl\u0131\u011f\u0131 ve Meclis Yerle\u015fkesi in\u015faat\u0131nda incelemelerde bulundu\",\"datePublished\":\"2023-06-19T15:09:04+00:00\",\"mainEntityOfPage\":{\"@id\":\"https:\\\/\\\/kibrisdakik.com\\\/?p=9078\"},\"wordCount\":165,\"commentCount\":0,\"image\":{\"@id\":\"https:\\\/\\\/kibrisdakik.com\\\/?p=9078#primaryimage\"},\"thumbnailUrl\":\"https:\\\/\\\/kibrisdakik.com\\\/wp-content\\\/uploads\\\/2023\\\/06\\\/yerleske-ziyaret-740x420.jpeg\",\"articleSection\":[\"T\u00fcrkiye\"],\"inLanguage\":\"tr\",\"potentialAction\":[{\"@type\":\"CommentAction\",\"name\":\"Comment\",\"target\":[\"https:\\\/\\\/kibrisdakik.com\\\/?p=9078#respond\"]}]},{\"@type\":\"WebPage\",\"@id\":\"https:\\\/\\\/kibrisdakik.com\\\/?p=9078\",\"url\":\"https:\\\/\\\/kibrisdakik.com\\\/?p=9078\",\"name\":\"Y\u0131lmaz, KKTC Cumhurba\u015fkanl\u0131\u011f\u0131 ve Meclis Yerle\u015fkesi in\u015faat\u0131nda incelemelerde bulundu -\",\"isPartOf\":{\"@id\":\"https:\\\/\\\/kibrisdakik.com\\\/#website\"},\"primaryImageOfPage\":{\"@id\":\"https:\\\/\\\/kibrisdakik.com\\\/?p=9078#primaryimage\"},\"image\":{\"@id\":\"https:\\\/\\\/kibrisdakik.com\\\/?p=9078#primaryimage\"},\"thumbnailUrl\":\"https:\\\/\\\/kibrisdakik.com\\\/wp-content\\\/uploads\\\/2023\\\/06\\\/yerleske-ziyaret-740x420.jpeg\",\"datePublished\":\"2023-06-19T15:09:04+00:00\",\"author\":{\"@id\":\"https:\\\/\\\/kibrisdakik.com\\\/#\\\/schema\\\/person\\\/9cd9d437bbb44f72b73ba127e06d8e79\"},\"breadcrumb\":{\"@id\":\"https:\\\/\\\/kibrisdakik.com\\\/?p=9078#breadcrumb\"},\"inLanguage\":\"tr\",\"potentialAction\":[{\"@type\":\"ReadAction\",\"target\":[\"https:\\\/\\\/kibrisdakik.com\\\/?p=9078\"]}]},{\"@type\":\"ImageObject\",\"inLanguage\":\"tr\",\"@id\":\"https:\\\/\\\/kibrisdakik.com\\\/?p=9078#primaryimage\",\"url\":\"https:\\\/\\\/kibrisdakik.com\\\/wp-content\\\/uploads\\\/2023\\\/06\\\/yerleske-ziyaret-740x420.jpeg\",\"contentUrl\":\"https:\\\/\\\/kibrisdakik.com\\\/wp-content\\\/uploads\\\/2023\\\/06\\\/yerleske-ziyaret-740x420.jpeg\",\"width\":1600,\"height\":1200},{\"@type\":\"BreadcrumbList\",\"@id\":\"https:\\\/\\\/kibrisdakik.com\\\/?p=9078#breadcrumb\",\"itemListElement\":[{\"@type\":\"ListItem\",\"position\":1,\"name\":\"Home\",\"item\":\"https:\\\/\\\/kibrisdakik.com\\\/\"},{\"@type\":\"ListItem\",\"position\":2,\"name\":\"Y\u0131lmaz, KKTC Cumhurba\u015fkanl\u0131\u011f\u0131 ve Meclis Yerle\u015fkesi in\u015faat\u0131nda incelemelerde bulundu\"}]},{\"@type\":\"WebSite\",\"@id\":\"https:\\\/\\\/kibrisdakik.com\\\/#website\",\"url\":\"https:\\\/\\\/kibrisdakik.com\\\/\",\"name\":\"\",\"description\":\"Tam vaktinde haber\",\"potentialAction\":[{\"@type\":\"SearchAction\",\"target\":{\"@type\":\"EntryPoint\",\"urlTemplate\":\"https:\\\/\\\/kibrisdakik.com\\\/?s={search_term_string}\"},\"query-input\":{\"@type\":\"PropertyValueSpecification\",\"valueRequired\":true,\"valueName\":\"search_term_string\"}}],\"inLanguage\":\"tr\"},{\"@type\":\"Person\",\"@id\":\"https:\\\/\\\/kibrisdakik.com\\\/#\\\/schema\\\/person\\\/9cd9d437bbb44f72b73ba127e06d8e79\",\"name\":\"admin\",\"image\":{\"@type\":\"ImageObject\",\"inLanguage\":\"tr\",\"@id\":\"https:\\\/\\\/secure.gravatar.com\\\/avatar\\\/ccc17943b9d660506c869530f897617f7cb1c21a4bf30023f252596d83e1f007?s=96&d=mm&r=g\",\"url\":\"https:\\\/\\\/secure.gravatar.com\\\/avatar\\\/ccc17943b9d660506c869530f897617f7cb1c21a4bf30023f252596d83e1f007?s=96&d=mm&r=g\",\"contentUrl\":\"https:\\\/\\\/secure.gravatar.com\\\/avatar\\\/ccc17943b9d660506c869530f897617f7cb1c21a4bf30023f252596d83e1f007?s=96&d=mm&r=g\",\"caption\":\"admin\"},\"sameAs\":[\"https:\\\/\\\/kibrisdakik.com\"],\"url\":\"https:\\\/\\\/kibrisdakik.com\\\/?author=1\"}]}<\/script>\n<!-- \/ Yoast SEO plugin. -->","yoast_head_json":{"title":"Y\u0131lmaz, KKTC Cumhurba\u015fkanl\u0131\u011f\u0131 ve Meclis Yerle\u015fkesi in\u015faat\u0131nda incelemelerde bulundu -","robots":{"index":"index","follow":"follow","max-snippet":"max-snippet:-1","max-image-preview":"max-image-preview:large","max-video-preview":"max-video-preview:-1"},"canonical":"https:\/\/kibrisdakik.com\/?p=9078","og_locale":"tr_TR","og_type":"article","og_title":"Y\u0131lmaz, KKTC Cumhurba\u015fkanl\u0131\u011f\u0131 ve Meclis Yerle\u015fkesi in\u015faat\u0131nda incelemelerde bulundu -","og_description":"T\u00fcrkiye Cumhuriyeti Cumhurba\u015fkan\u0131 Yard\u0131mc\u0131s\u0131 Cevdet Y\u0131lmaz, \u201cKKTC Cumhurba\u015fkanl\u0131\u011f\u0131 ve KKTC Cumhuriyet Meclisi ile Millet Bah\u00e7esi ve Millet Camii Projesi\u201d in\u015faat\u0131nda incelemelerde bulundu. Y\u0131lmaz\u2019a, inceleme ziyareti s\u0131ras\u0131nda Meclis Ba\u015fkan\u0131 Zorlu T\u00f6re, Ba\u015fbakan \u00dcnal \u00dcstel, T\u00fcrkiye Cumhuriyeti Lefko\u015fa B\u00fcy\u00fckel\u00e7isi Metin Feyzio\u011flu, bakanlar ile di\u011fer yetkililer de e\u015flik etti. \u0130ncelemeleri s\u0131ras\u0131nda Y\u0131lmaz\u2019a, projeyi y\u00fcr\u00fcten Siyahkalem M\u00fchendislik \u0130n\u015faat Sanayi","og_url":"https:\/\/kibrisdakik.com\/?p=9078","article_published_time":"2023-06-19T15:09:04+00:00","og_image":[{"width":1600,"height":1200,"url":"https:\/\/kibrisdakik.com\/wp-content\/uploads\/2023\/06\/yerleske-ziyaret-740x420.jpeg","type":"image\/jpeg"}],"author":"admin","twitter_card":"summary_large_image","twitter_misc":{"Yazan:":"admin","Tahmini okuma s\u00fcresi":"1 dakika"},"schema":{"@context":"https:\/\/schema.org","@graph":[{"@type":"Article","@id":"https:\/\/kibrisdakik.com\/?p=9078#article","isPartOf":{"@id":"https:\/\/kibrisdakik.com\/?p=9078"},"author":{"name":"admin","@id":"https:\/\/kibrisdakik.com\/#\/schema\/person\/9cd9d437bbb44f72b73ba127e06d8e79"},"headline":"Y\u0131lmaz, KKTC Cumhurba\u015fkanl\u0131\u011f\u0131 ve Meclis Yerle\u015fkesi in\u015faat\u0131nda incelemelerde bulundu","datePublished":"2023-06-19T15:09:04+00:00","mainEntityOfPage":{"@id":"https:\/\/kibrisdakik.com\/?p=9078"},"wordCount":165,"commentCount":0,"image":{"@id":"https:\/\/kibrisdakik.com\/?p=9078#primaryimage"},"thumbnailUrl":"https:\/\/kibrisdakik.com\/wp-content\/uploads\/2023\/06\/yerleske-ziyaret-740x420.jpeg","articleSection":["T\u00fcrkiye"],"inLanguage":"tr","potentialAction":[{"@type":"CommentAction","name":"Comment","target":["https:\/\/kibrisdakik.com\/?p=9078#respond"]}]},{"@type":"WebPage","@id":"https:\/\/kibrisdakik.com\/?p=9078","url":"https:\/\/kibrisdakik.com\/?p=9078","name":"Y\u0131lmaz, KKTC Cumhurba\u015fkanl\u0131\u011f\u0131 ve Meclis Yerle\u015fkesi in\u015faat\u0131nda incelemelerde bulundu -","isPartOf":{"@id":"https:\/\/kibrisdakik.com\/#website"},"primaryImageOfPage":{"@id":"https:\/\/kibrisdakik.com\/?p=9078#primaryimage"},"image":{"@id":"https:\/\/kibrisdakik.com\/?p=9078#primaryimage"},"thumbnailUrl":"https:\/\/kibrisdakik.com\/wp-content\/uploads\/2023\/06\/yerleske-ziyaret-740x420.jpeg","datePublished":"2023-06-19T15:09:04+00:00","author":{"@id":"https:\/\/kibrisdakik.com\/#\/schema\/person\/9cd9d437bbb44f72b73ba127e06d8e79"},"breadcrumb":{"@id":"https:\/\/kibrisdakik.com\/?p=9078#breadcrumb"},"inLanguage":"tr","potentialAction":[{"@type":"ReadAction","target":["https:\/\/kibrisdakik.com\/?p=9078"]}]},{"@type":"ImageObject","inLanguage":"tr","@id":"https:\/\/kibrisdakik.com\/?p=9078#primaryimage","url":"https:\/\/kibrisdakik.com\/wp-content\/uploads\/2023\/06\/yerleske-ziyaret-740x420.jpeg","contentUrl":"https:\/\/kibrisdakik.com\/wp-content\/uploads\/2023\/06\/yerleske-ziyaret-740x420.jpeg","width":1600,"height":1200},{"@type":"BreadcrumbList","@id":"https:\/\/kibrisdakik.com\/?p=9078#breadcrumb","itemListElement":[{"@type":"ListItem","position":1,"name":"Home","item":"https:\/\/kibrisdakik.com\/"},{"@type":"ListItem","position":2,"name":"Y\u0131lmaz, KKTC Cumhurba\u015fkanl\u0131\u011f\u0131 ve Meclis Yerle\u015fkesi in\u015faat\u0131nda incelemelerde bulundu"}]},{"@type":"WebSite","@id":"https:\/\/kibrisdakik.com\/#website","url":"https:\/\/kibrisdakik.com\/","name":"","description":"Tam vaktinde haber","potentialAction":[{"@type":"SearchAction","target":{"@type":"EntryPoint","urlTemplate":"https:\/\/kibrisdakik.com\/?s={search_term_string}"},"query-input":{"@type":"PropertyValueSpecification","valueRequired":true,"valueName":"search_term_string"}}],"inLanguage":"tr"},{"@type":"Person","@id":"https:\/\/kibrisdakik.com\/#\/schema\/person\/9cd9d437bbb44f72b73ba127e06d8e79","name":"admin","image":{"@type":"ImageObject","inLanguage":"tr","@id":"https:\/\/secure.gravatar.com\/avatar\/ccc17943b9d660506c869530f897617f7cb1c21a4bf30023f252596d83e1f007?s=96&d=mm&r=g","url":"https:\/\/secure.gravatar.com\/avatar\/ccc17943b9d660506c869530f897617f7cb1c21a4bf30023f252596d83e1f007?s=96&d=mm&r=g","contentUrl":"https:\/\/secure.gravatar.com\/avatar\/ccc17943b9d660506c869530f897617f7cb1c21a4bf30023f252596d83e1f007?s=96&d=mm&r=g","caption":"admin"},"sameAs":["https:\/\/kibrisdakik.com"],"url":"https:\/\/kibrisdakik.com\/?author=1"}]}},"_links":{"self":[{"href":"https:\/\/kibrisdakik.com\/index.php?rest_route=\/wp\/v2\/posts\/9078","targetHints":{"allow":["GET"]}}],"collection":[{"href":"https:\/\/kibrisdakik.com\/index.php?rest_route=\/wp\/v2\/posts"}],"about":[{"href":"https:\/\/kibrisdakik.com\/index.php?rest_route=\/wp\/v2\/types\/post"}],"author":[{"embeddable":true,"href":"https:\/\/kibrisdakik.com\/index.php?rest_route=\/wp\/v2\/users\/1"}],"replies":[{"embeddable":true,"href":"https:\/\/kibrisdakik.com\/index.php?rest_route=%2Fwp%2Fv2%2Fcomments&post=9078"}],"version-history":[{"count":0,"href":"https:\/\/kibrisdakik.com\/index.php?rest_route=\/wp\/v2\/posts\/9078\/revisions"}],"wp:featuredmedia":[{"embeddable":true,"href":"https:\/\/kibrisdakik.com\/index.php?rest_route=\/wp\/v2\/media\/9079"}],"wp:attachment":[{"href":"https:\/\/kibrisdakik.com\/index.php?rest_route=%2Fwp%2Fv2%2Fmedia&parent=9078"}],"wp:term":[{"taxonomy":"category","embeddable":true,"href":"https:\/\/kibrisdakik.com\/index.php?rest_route=%2Fwp%2Fv2%2Fcategories&post=9078"},{"taxonomy":"post_tag","embeddable":true,"href":"https:\/\/kibrisdakik.com\/index.php?rest_route=%2Fwp%2Fv2%2Ftags&post=9078"}],"curies":[{"name":"wp","href":"https:\/\/api.w.org\/{rel}","templated":true}]}}