{"id":90816,"date":"2025-08-26T16:55:40","date_gmt":"2025-08-26T13:55:40","guid":{"rendered":"https:\/\/kibrisdakik.com\/index.php\/2025\/08\/26\/denktas-ozerdag-ile-secim-guvenligini-gorustu\/"},"modified":"2025-08-26T16:55:40","modified_gmt":"2025-08-26T13:55:40","slug":"denktas-ozerdag-ile-secim-guvenligini-gorustu","status":"publish","type":"post","link":"https:\/\/kibrisdakik.com\/?p=90816","title":{"rendered":"DENKTA\u015e, \u00d6ZERDA\u011e \u0130LE SE\u00c7\u0130M G\u00dcVENL\u0130\u011e\u0130N\u0130 G\u00d6R\u00dc\u015eT\u00dc"},"content":{"rendered":"<p> <br \/>\n<br \/><\/p>\n<div data-text-id=\"183271\" property=\"articleBody\">\n<p>Tam Parti Kurucu Ba\u015fkan\u0131 Serdar Denkta\u015f, se\u00e7im g\u00fcvenli\u011fine dair endi\u015feleri konusunda Y\u00fcksek Mahkeme Ba\u015fkan\u0131 Bertan \u00d6zerda\u011f ile bir g\u00f6r\u00fc\u015fme ger\u00e7ekle\u015ftirdi.<\/p>\n<p>Sosyal medya hesab\u0131ndan a\u00e7\u0131klama yapan Denkta\u015f, ge\u00e7ti\u011fimiz g\u00fcnlerde se\u00e7im say\u0131m\u0131 s\u00fcrecine ili\u015fkin dile getirdi\u011fi ku\u015fkular \u00fczerine \u00d6zerda\u011f\u2019\u0131n davetiyle bir araya geldiklerini belirtti.<\/p>\n<p>G\u00f6r\u00fc\u015fmenin son derece verimli ge\u00e7ti\u011fini kaydeden Denkta\u015f, \u201cVar olan ku\u015fkular\u0131m\u0131n b\u00fcy\u00fck bir \u00e7o\u011funlu\u011fu giderilmi\u015ftir. Ortaya \u00e7\u0131kabilecek itirazlar\u0131n nas\u0131l yap\u0131laca\u011f\u0131 konusunun da ele al\u0131nd\u0131\u011f\u0131 bu samimi g\u00f6r\u00fc\u015fme i\u00e7in Say\u0131n Bertan \u00d6zerda\u011f\u2019a te\u015fekk\u00fcr ederim\u201d ifadelerini kulland\u0131.<\/p>\n<p>Denkta\u015f, daha \u00f6nce kat\u0131ld\u0131\u011f\u0131 bir televizyon program\u0131nda se\u00e7im g\u00fcvenli\u011fi konusunda yaz\u0131l\u0131msal manip\u00fclasyon ihtimaline dikkat \u00e7ekmi\u015f, ba\u011f\u0131ms\u0131z denetimin \u00f6nemine vurgu yaparak, sonu\u00e7lar\u0131n sisteme i\u015flenme s\u00fcrecinde dikkatli olunmas\u0131 gerekti\u011fini savunmu\u015ftu.<\/p>\n<\/p><\/div>\n<p><br \/>\n<br \/><a href=\"[kibrisdakik.com]\n<\/p>\n","protected":false},"excerpt":{"rendered":"<p>Tam Parti Kurucu Ba\u015fkan\u0131 Serdar Denkta\u015f, se\u00e7im g\u00fcvenli\u011fine dair endi\u015feleri konusunda Y\u00fcksek Mahkeme Ba\u015fkan\u0131 Bertan \u00d6zerda\u011f ile bir g\u00f6r\u00fc\u015fme ger\u00e7ekle\u015ftirdi. Sosyal medya hesab\u0131ndan a\u00e7\u0131klama yapan Denkta\u015f, ge\u00e7ti\u011fimiz g\u00fcnlerde se\u00e7im say\u0131m\u0131 s\u00fcrecine ili\u015fkin dile getirdi\u011fi ku\u015fkular \u00fczerine \u00d6zerda\u011f\u2019\u0131n davetiyle bir araya geldiklerini belirtti. G\u00f6r\u00fc\u015fmenin son derece verimli ge\u00e7ti\u011fini kaydeden Denkta\u015f, \u201cVar olan ku\u015fkular\u0131m\u0131n b\u00fcy\u00fck bir \u00e7o\u011funlu\u011fu<\/p>\n","protected":false},"author":1,"featured_media":90817,"comment_status":"open","ping_status":"open","sticky":false,"template":"","format":"standard","meta":{"footnotes":""},"categories":[81,101],"tags":[],"class_list":["post-90816","post","type-post","status-publish","format-standard","has-post-thumbnail","hentry","category-kibris","category-manset"],"yoast_head":"<!-- This site is optimized with the Yoast SEO plugin v27.5 - https:\/\/yoast.com\/product\/yoast-seo-wordpress\/ -->\n<title>DENKTA\u015e, \u00d6ZERDA\u011e \u0130LE SE\u00c7\u0130M G\u00dcVENL\u0130\u011e\u0130N\u0130 G\u00d6R\u00dc\u015eT\u00dc -<\/title>\n<meta name=\"robots\" content=\"index, follow, max-snippet:-1, max-image-preview:large, max-video-preview:-1\" \/>\n<link rel=\"canonical\" href=\"https:\/\/kibrisdakik.com\/?p=90816\" \/>\n<meta property=\"og:locale\" content=\"tr_TR\" \/>\n<meta property=\"og:type\" content=\"article\" \/>\n<meta property=\"og:title\" content=\"DENKTA\u015e, \u00d6ZERDA\u011e \u0130LE SE\u00c7\u0130M G\u00dcVENL\u0130\u011e\u0130N\u0130 G\u00d6R\u00dc\u015eT\u00dc -\" \/>\n<meta property=\"og:description\" content=\"Tam Parti Kurucu Ba\u015fkan\u0131 Serdar Denkta\u015f, se\u00e7im g\u00fcvenli\u011fine dair endi\u015feleri konusunda Y\u00fcksek Mahkeme Ba\u015fkan\u0131 Bertan \u00d6zerda\u011f ile bir g\u00f6r\u00fc\u015fme ger\u00e7ekle\u015ftirdi. Sosyal medya hesab\u0131ndan a\u00e7\u0131klama yapan Denkta\u015f, ge\u00e7ti\u011fimiz g\u00fcnlerde se\u00e7im say\u0131m\u0131 s\u00fcrecine ili\u015fkin dile getirdi\u011fi ku\u015fkular \u00fczerine \u00d6zerda\u011f\u2019\u0131n davetiyle bir araya geldiklerini belirtti. G\u00f6r\u00fc\u015fmenin son derece verimli ge\u00e7ti\u011fini kaydeden Denkta\u015f, \u201cVar olan ku\u015fkular\u0131m\u0131n b\u00fcy\u00fck bir \u00e7o\u011funlu\u011fu\" \/>\n<meta property=\"og:url\" content=\"https:\/\/kibrisdakik.com\/?p=90816\" \/>\n<meta property=\"article:published_time\" content=\"2025-08-26T13:55:40+00:00\" \/>\n<meta property=\"og:image\" content=\"https:\/\/kibrisdakik.com\/wp-content\/uploads\/2025\/08\/mha-458-740x420.png\" \/>\n\t<meta property=\"og:image:width\" content=\"1280\" \/>\n\t<meta property=\"og:image:height\" content=\"720\" \/>\n\t<meta property=\"og:image:type\" content=\"image\/png\" \/>\n<meta name=\"author\" content=\"admin\" \/>\n<meta name=\"twitter:card\" content=\"summary_large_image\" \/>\n<meta name=\"twitter:label1\" content=\"Yazan:\" \/>\n\t<meta name=\"twitter:data1\" content=\"admin\" \/>\n\t<meta name=\"twitter:label2\" content=\"Tahmini okuma s\u00fcresi\" \/>\n\t<meta name=\"twitter:data2\" content=\"1 dakika\" \/>\n<script type=\"application\/ld+json\" class=\"yoast-schema-graph\">{\"@context\":\"https:\\\/\\\/schema.org\",\"@graph\":[{\"@type\":\"Article\",\"@id\":\"https:\\\/\\\/kibrisdakik.com\\\/?p=90816#article\",\"isPartOf\":{\"@id\":\"https:\\\/\\\/kibrisdakik.com\\\/?p=90816\"},\"author\":{\"name\":\"admin\",\"@id\":\"https:\\\/\\\/kibrisdakik.com\\\/#\\\/schema\\\/person\\\/9cd9d437bbb44f72b73ba127e06d8e79\"},\"headline\":\"DENKTA\u015e, \u00d6ZERDA\u011e \u0130LE SE\u00c7\u0130M G\u00dcVENL\u0130\u011e\u0130N\u0130 G\u00d6R\u00dc\u015eT\u00dc\",\"datePublished\":\"2025-08-26T13:55:40+00:00\",\"mainEntityOfPage\":{\"@id\":\"https:\\\/\\\/kibrisdakik.com\\\/?p=90816\"},\"wordCount\":179,\"commentCount\":0,\"image\":{\"@id\":\"https:\\\/\\\/kibrisdakik.com\\\/?p=90816#primaryimage\"},\"thumbnailUrl\":\"https:\\\/\\\/kibrisdakik.com\\\/wp-content\\\/uploads\\\/2025\\\/08\\\/mha-458-740x420.png\",\"articleSection\":[\"K\u0131br\u0131s\",\"Man\u015fet\"],\"inLanguage\":\"tr\",\"potentialAction\":[{\"@type\":\"CommentAction\",\"name\":\"Comment\",\"target\":[\"https:\\\/\\\/kibrisdakik.com\\\/?p=90816#respond\"]}]},{\"@type\":\"WebPage\",\"@id\":\"https:\\\/\\\/kibrisdakik.com\\\/?p=90816\",\"url\":\"https:\\\/\\\/kibrisdakik.com\\\/?p=90816\",\"name\":\"DENKTA\u015e, \u00d6ZERDA\u011e \u0130LE SE\u00c7\u0130M G\u00dcVENL\u0130\u011e\u0130N\u0130 G\u00d6R\u00dc\u015eT\u00dc -\",\"isPartOf\":{\"@id\":\"https:\\\/\\\/kibrisdakik.com\\\/#website\"},\"primaryImageOfPage\":{\"@id\":\"https:\\\/\\\/kibrisdakik.com\\\/?p=90816#primaryimage\"},\"image\":{\"@id\":\"https:\\\/\\\/kibrisdakik.com\\\/?p=90816#primaryimage\"},\"thumbnailUrl\":\"https:\\\/\\\/kibrisdakik.com\\\/wp-content\\\/uploads\\\/2025\\\/08\\\/mha-458-740x420.png\",\"datePublished\":\"2025-08-26T13:55:40+00:00\",\"author\":{\"@id\":\"https:\\\/\\\/kibrisdakik.com\\\/#\\\/schema\\\/person\\\/9cd9d437bbb44f72b73ba127e06d8e79\"},\"breadcrumb\":{\"@id\":\"https:\\\/\\\/kibrisdakik.com\\\/?p=90816#breadcrumb\"},\"inLanguage\":\"tr\",\"potentialAction\":[{\"@type\":\"ReadAction\",\"target\":[\"https:\\\/\\\/kibrisdakik.com\\\/?p=90816\"]}]},{\"@type\":\"ImageObject\",\"inLanguage\":\"tr\",\"@id\":\"https:\\\/\\\/kibrisdakik.com\\\/?p=90816#primaryimage\",\"url\":\"https:\\\/\\\/kibrisdakik.com\\\/wp-content\\\/uploads\\\/2025\\\/08\\\/mha-458-740x420.png\",\"contentUrl\":\"https:\\\/\\\/kibrisdakik.com\\\/wp-content\\\/uploads\\\/2025\\\/08\\\/mha-458-740x420.png\",\"width\":1280,\"height\":720},{\"@type\":\"BreadcrumbList\",\"@id\":\"https:\\\/\\\/kibrisdakik.com\\\/?p=90816#breadcrumb\",\"itemListElement\":[{\"@type\":\"ListItem\",\"position\":1,\"name\":\"Home\",\"item\":\"https:\\\/\\\/kibrisdakik.com\\\/\"},{\"@type\":\"ListItem\",\"position\":2,\"name\":\"DENKTA\u015e, \u00d6ZERDA\u011e \u0130LE SE\u00c7\u0130M G\u00dcVENL\u0130\u011e\u0130N\u0130 G\u00d6R\u00dc\u015eT\u00dc\"}]},{\"@type\":\"WebSite\",\"@id\":\"https:\\\/\\\/kibrisdakik.com\\\/#website\",\"url\":\"https:\\\/\\\/kibrisdakik.com\\\/\",\"name\":\"\",\"description\":\"Tam vaktinde haber\",\"potentialAction\":[{\"@type\":\"SearchAction\",\"target\":{\"@type\":\"EntryPoint\",\"urlTemplate\":\"https:\\\/\\\/kibrisdakik.com\\\/?s={search_term_string}\"},\"query-input\":{\"@type\":\"PropertyValueSpecification\",\"valueRequired\":true,\"valueName\":\"search_term_string\"}}],\"inLanguage\":\"tr\"},{\"@type\":\"Person\",\"@id\":\"https:\\\/\\\/kibrisdakik.com\\\/#\\\/schema\\\/person\\\/9cd9d437bbb44f72b73ba127e06d8e79\",\"name\":\"admin\",\"image\":{\"@type\":\"ImageObject\",\"inLanguage\":\"tr\",\"@id\":\"https:\\\/\\\/secure.gravatar.com\\\/avatar\\\/ccc17943b9d660506c869530f897617f7cb1c21a4bf30023f252596d83e1f007?s=96&d=mm&r=g\",\"url\":\"https:\\\/\\\/secure.gravatar.com\\\/avatar\\\/ccc17943b9d660506c869530f897617f7cb1c21a4bf30023f252596d83e1f007?s=96&d=mm&r=g\",\"contentUrl\":\"https:\\\/\\\/secure.gravatar.com\\\/avatar\\\/ccc17943b9d660506c869530f897617f7cb1c21a4bf30023f252596d83e1f007?s=96&d=mm&r=g\",\"caption\":\"admin\"},\"sameAs\":[\"https:\\\/\\\/kibrisdakik.com\"],\"url\":\"https:\\\/\\\/kibrisdakik.com\\\/?author=1\"}]}<\/script>\n<!-- \/ Yoast SEO plugin. -->","yoast_head_json":{"title":"DENKTA\u015e, \u00d6ZERDA\u011e \u0130LE SE\u00c7\u0130M G\u00dcVENL\u0130\u011e\u0130N\u0130 G\u00d6R\u00dc\u015eT\u00dc -","robots":{"index":"index","follow":"follow","max-snippet":"max-snippet:-1","max-image-preview":"max-image-preview:large","max-video-preview":"max-video-preview:-1"},"canonical":"https:\/\/kibrisdakik.com\/?p=90816","og_locale":"tr_TR","og_type":"article","og_title":"DENKTA\u015e, \u00d6ZERDA\u011e \u0130LE SE\u00c7\u0130M G\u00dcVENL\u0130\u011e\u0130N\u0130 G\u00d6R\u00dc\u015eT\u00dc -","og_description":"Tam Parti Kurucu Ba\u015fkan\u0131 Serdar Denkta\u015f, se\u00e7im g\u00fcvenli\u011fine dair endi\u015feleri konusunda Y\u00fcksek Mahkeme Ba\u015fkan\u0131 Bertan \u00d6zerda\u011f ile bir g\u00f6r\u00fc\u015fme ger\u00e7ekle\u015ftirdi. Sosyal medya hesab\u0131ndan a\u00e7\u0131klama yapan Denkta\u015f, ge\u00e7ti\u011fimiz g\u00fcnlerde se\u00e7im say\u0131m\u0131 s\u00fcrecine ili\u015fkin dile getirdi\u011fi ku\u015fkular \u00fczerine \u00d6zerda\u011f\u2019\u0131n davetiyle bir araya geldiklerini belirtti. G\u00f6r\u00fc\u015fmenin son derece verimli ge\u00e7ti\u011fini kaydeden Denkta\u015f, \u201cVar olan ku\u015fkular\u0131m\u0131n b\u00fcy\u00fck bir \u00e7o\u011funlu\u011fu","og_url":"https:\/\/kibrisdakik.com\/?p=90816","article_published_time":"2025-08-26T13:55:40+00:00","og_image":[{"width":1280,"height":720,"url":"https:\/\/kibrisdakik.com\/wp-content\/uploads\/2025\/08\/mha-458-740x420.png","type":"image\/png"}],"author":"admin","twitter_card":"summary_large_image","twitter_misc":{"Yazan:":"admin","Tahmini okuma s\u00fcresi":"1 dakika"},"schema":{"@context":"https:\/\/schema.org","@graph":[{"@type":"Article","@id":"https:\/\/kibrisdakik.com\/?p=90816#article","isPartOf":{"@id":"https:\/\/kibrisdakik.com\/?p=90816"},"author":{"name":"admin","@id":"https:\/\/kibrisdakik.com\/#\/schema\/person\/9cd9d437bbb44f72b73ba127e06d8e79"},"headline":"DENKTA\u015e, \u00d6ZERDA\u011e \u0130LE SE\u00c7\u0130M G\u00dcVENL\u0130\u011e\u0130N\u0130 G\u00d6R\u00dc\u015eT\u00dc","datePublished":"2025-08-26T13:55:40+00:00","mainEntityOfPage":{"@id":"https:\/\/kibrisdakik.com\/?p=90816"},"wordCount":179,"commentCount":0,"image":{"@id":"https:\/\/kibrisdakik.com\/?p=90816#primaryimage"},"thumbnailUrl":"https:\/\/kibrisdakik.com\/wp-content\/uploads\/2025\/08\/mha-458-740x420.png","articleSection":["K\u0131br\u0131s","Man\u015fet"],"inLanguage":"tr","potentialAction":[{"@type":"CommentAction","name":"Comment","target":["https:\/\/kibrisdakik.com\/?p=90816#respond"]}]},{"@type":"WebPage","@id":"https:\/\/kibrisdakik.com\/?p=90816","url":"https:\/\/kibrisdakik.com\/?p=90816","name":"DENKTA\u015e, \u00d6ZERDA\u011e \u0130LE SE\u00c7\u0130M G\u00dcVENL\u0130\u011e\u0130N\u0130 G\u00d6R\u00dc\u015eT\u00dc -","isPartOf":{"@id":"https:\/\/kibrisdakik.com\/#website"},"primaryImageOfPage":{"@id":"https:\/\/kibrisdakik.com\/?p=90816#primaryimage"},"image":{"@id":"https:\/\/kibrisdakik.com\/?p=90816#primaryimage"},"thumbnailUrl":"https:\/\/kibrisdakik.com\/wp-content\/uploads\/2025\/08\/mha-458-740x420.png","datePublished":"2025-08-26T13:55:40+00:00","author":{"@id":"https:\/\/kibrisdakik.com\/#\/schema\/person\/9cd9d437bbb44f72b73ba127e06d8e79"},"breadcrumb":{"@id":"https:\/\/kibrisdakik.com\/?p=90816#breadcrumb"},"inLanguage":"tr","potentialAction":[{"@type":"ReadAction","target":["https:\/\/kibrisdakik.com\/?p=90816"]}]},{"@type":"ImageObject","inLanguage":"tr","@id":"https:\/\/kibrisdakik.com\/?p=90816#primaryimage","url":"https:\/\/kibrisdakik.com\/wp-content\/uploads\/2025\/08\/mha-458-740x420.png","contentUrl":"https:\/\/kibrisdakik.com\/wp-content\/uploads\/2025\/08\/mha-458-740x420.png","width":1280,"height":720},{"@type":"BreadcrumbList","@id":"https:\/\/kibrisdakik.com\/?p=90816#breadcrumb","itemListElement":[{"@type":"ListItem","position":1,"name":"Home","item":"https:\/\/kibrisdakik.com\/"},{"@type":"ListItem","position":2,"name":"DENKTA\u015e, \u00d6ZERDA\u011e \u0130LE SE\u00c7\u0130M G\u00dcVENL\u0130\u011e\u0130N\u0130 G\u00d6R\u00dc\u015eT\u00dc"}]},{"@type":"WebSite","@id":"https:\/\/kibrisdakik.com\/#website","url":"https:\/\/kibrisdakik.com\/","name":"","description":"Tam vaktinde haber","potentialAction":[{"@type":"SearchAction","target":{"@type":"EntryPoint","urlTemplate":"https:\/\/kibrisdakik.com\/?s={search_term_string}"},"query-input":{"@type":"PropertyValueSpecification","valueRequired":true,"valueName":"search_term_string"}}],"inLanguage":"tr"},{"@type":"Person","@id":"https:\/\/kibrisdakik.com\/#\/schema\/person\/9cd9d437bbb44f72b73ba127e06d8e79","name":"admin","image":{"@type":"ImageObject","inLanguage":"tr","@id":"https:\/\/secure.gravatar.com\/avatar\/ccc17943b9d660506c869530f897617f7cb1c21a4bf30023f252596d83e1f007?s=96&d=mm&r=g","url":"https:\/\/secure.gravatar.com\/avatar\/ccc17943b9d660506c869530f897617f7cb1c21a4bf30023f252596d83e1f007?s=96&d=mm&r=g","contentUrl":"https:\/\/secure.gravatar.com\/avatar\/ccc17943b9d660506c869530f897617f7cb1c21a4bf30023f252596d83e1f007?s=96&d=mm&r=g","caption":"admin"},"sameAs":["https:\/\/kibrisdakik.com"],"url":"https:\/\/kibrisdakik.com\/?author=1"}]}},"_links":{"self":[{"href":"https:\/\/kibrisdakik.com\/index.php?rest_route=\/wp\/v2\/posts\/90816","targetHints":{"allow":["GET"]}}],"collection":[{"href":"https:\/\/kibrisdakik.com\/index.php?rest_route=\/wp\/v2\/posts"}],"about":[{"href":"https:\/\/kibrisdakik.com\/index.php?rest_route=\/wp\/v2\/types\/post"}],"author":[{"embeddable":true,"href":"https:\/\/kibrisdakik.com\/index.php?rest_route=\/wp\/v2\/users\/1"}],"replies":[{"embeddable":true,"href":"https:\/\/kibrisdakik.com\/index.php?rest_route=%2Fwp%2Fv2%2Fcomments&post=90816"}],"version-history":[{"count":0,"href":"https:\/\/kibrisdakik.com\/index.php?rest_route=\/wp\/v2\/posts\/90816\/revisions"}],"wp:featuredmedia":[{"embeddable":true,"href":"https:\/\/kibrisdakik.com\/index.php?rest_route=\/wp\/v2\/media\/90817"}],"wp:attachment":[{"href":"https:\/\/kibrisdakik.com\/index.php?rest_route=%2Fwp%2Fv2%2Fmedia&parent=90816"}],"wp:term":[{"taxonomy":"category","embeddable":true,"href":"https:\/\/kibrisdakik.com\/index.php?rest_route=%2Fwp%2Fv2%2Fcategories&post=90816"},{"taxonomy":"post_tag","embeddable":true,"href":"https:\/\/kibrisdakik.com\/index.php?rest_route=%2Fwp%2Fv2%2Ftags&post=90816"}],"curies":[{"name":"wp","href":"https:\/\/api.w.org\/{rel}","templated":true}]}}