{"id":9088,"date":"2023-06-19T17:39:36","date_gmt":"2023-06-19T17:39:36","guid":{"rendered":"https:\/\/kibrisdakik.com\/index.php\/2023\/06\/19\/ozersay-dogu-akdeniz-bolgesinde-turkiye-ve-kktc-de-dahil-tum-aktorlerin-katilimiyla-elektrik-de-dahil-bolgesel-isbirligi-gelistirilmesi-gerek\/"},"modified":"2023-06-19T17:39:36","modified_gmt":"2023-06-19T17:39:36","slug":"ozersay-dogu-akdeniz-bolgesinde-turkiye-ve-kktc-de-dahil-tum-aktorlerin-katilimiyla-elektrik-de-dahil-bolgesel-isbirligi-gelistirilmesi-gerek","status":"publish","type":"post","link":"https:\/\/kibrisdakik.com\/?p=9088","title":{"rendered":"\u00d6zersay: Do\u011fu Akdeniz b\u00f6lgesinde T\u00fcrkiye ve KKTC de dahil t\u00fcm akt\u00f6rlerin kat\u0131l\u0131m\u0131yla elektrik de dahil b\u00f6lgesel i\u015fbirli\u011fi geli\u015ftirilmesi gerek"},"content":{"rendered":"<p><\/p>\n<div>\n<div class=\"mariselle-image-container none\">\n                <img width=\"971\" height=\"551\" class=\"lazy-image\" alt=\"\" decoding=\"async\" loading=\"lazy\" sizes=\"auto, (max-width: 971px) 100vw, 971px\" src=\"https:\/\/brtk.net\/wp-content\/uploads\/2023\/06\/19\/kudrret-ozersay6.jpg?ver=7ab3685c6735276a7eecd015ed001907\" srcset=\"https:\/\/brtk.net\/wp-content\/uploads\/2023\/06\/19\/kudrret-ozersay6.jpg?ver=7ab3685c6735276a7eecd015ed001907 971w, https:\/\/brtk.net\/wp-content\/uploads\/2023\/06\/19\/kudrret-ozersay6-300x170.jpg?ver=7ab3685c6735276a7eecd015ed001907 300w, https:\/\/brtk.net\/wp-content\/uploads\/2023\/06\/19\/kudrret-ozersay6-768x436.jpg?ver=7ab3685c6735276a7eecd015ed001907 768w\"\/>                            <\/div>\n<p style=\"font-weight: 300;\">Halk\u0131n Partisi (HP) Genel Ba\u015fkan\u0131 Kudret \u00d6zersay, K\u0131br\u0131s Rum y\u00f6netimi ile \u0130srail aras\u0131nda Avrupa\u2019ya deniz alt\u0131ndan elektrik enterkonnekte kablo ba\u011flant\u0131s\u0131 kuruldu\u011funa dikkat \u00e7ekerek, Do\u011fu Akdeniz b\u00f6lgesinde T\u00fcrkiye ve <a href=\"https:\/\/brtk.net\/\">KKTC<\/a> de dahil t\u00fcm akt\u00f6rlerin kat\u0131l\u0131m\u0131yla elektrik de dahil b\u00f6lgesel i\u015fbirli\u011fi geli\u015ftirilmesi gerekti\u011fini vurgulad\u0131.<\/p>\n<p style=\"font-weight: 300;\">\u00d6zersay, \u201cSon d\u00f6nemde \u0130srail ile k\u00f6rfez \u00fclkeleri ve \u00dcrd\u00fcn aras\u0131nda yap\u0131lan \u0130brahim anla\u015fmalar\u0131yla do\u011frudan u\u00e7u\u015flar, ticaret, turizm, g\u00fcne\u015f panelleri ve su ar\u0131tma sistemleri konular\u0131nda tan\u0131ma ili\u015fkisine varmayan baz\u0131 i\u015fbirli\u011fi modellerinin uygulamaya konuldu\u011funu g\u00f6rmemiz ve do\u011fu Akdeniz b\u00f6lgesinde bu t\u00fcrden b\u00f6lgesel bir i\u015fbirli\u011fi yap\u0131lmas\u0131na odaklanmam\u0131z gerekir\u201d dedi.<\/p>\n<p style=\"font-weight: 300;\">Kudret \u00d6zersay kat\u0131ld\u0131\u011f\u0131 bir televizyon program\u0131nda K\u0131br\u0131s ve do\u011fu Akdeniz b\u00f6lgesindeki son geli\u015fmeler konusunda de\u011ferlendirmelerde bulundu.<\/p>\n<p style=\"font-weight: 300;\"><a href=\"https:\/\/brtk.net\/\">KKTC<\/a>\u2019nin de b\u00f6lgede bir akt\u00f6r konumunda olaca\u011f\u0131 ve muhatap kabul edilece\u011fi bir b\u00f6lgesel konferans fikrini son be\u015f y\u0131ld\u0131r Halk\u0131n Partisi olarak dile getirdiklerine dikkat \u00e7eken \u00d6zersay, K\u0131br\u0131s T\u00fcrk taraf\u0131n\u0131n bu konularda T\u00fcrkiye\u2019yi de do\u011fru y\u00f6nlendirecek bir vizyon geli\u015ftirmesi ve proaktif bir diplomasi ortaya koymas\u0131 gerekti\u011fini vurgulad\u0131.<\/p>\n<p style=\"font-weight: 300;\">\u00c7at\u0131\u015fan veya rekabet halinde olan taraflar\u0131n \u00f6zellikle ticari olarak birbirinden faydalanan bir ili\u015fki geli\u015ftirmeleri durumunda kar\u015f\u0131l\u0131kl\u0131 ba\u011f\u0131ml\u0131l\u0131k yoluyla \u00e7at\u0131\u015fma ihtimallerinin azalaca\u011f\u0131na inan\u00e7 belirten \u00d6zersay, \u201cBu yolla b\u00f6lge bar\u0131\u015f\u0131 ve istikrar\u0131 sa\u011flanabilir. Asl\u0131nda K\u0131br\u0131s\u2019ta kal\u0131c\u0131 bir \u00e7\u00f6z\u00fcme g\u00f6t\u00fcrecek olan s\u00fcre\u00e7 tam da bu t\u00fcrden b\u00f6lgesel i\u015fbirli\u011fi modelleriyle m\u00fcmk\u00fcnd\u00fcr. K\u0131br\u0131s T\u00fcrk taraf\u0131n\u0131n bu konularda T\u00fcrkiye ile birlikte inisiyatif almas\u0131 gerekir\u201d dedi.<\/p>\n<p style=\"font-weight: 300;\">\u00d6zersay \u015f\u00f6yle devam etti:<\/p>\n<p style=\"font-weight: 300;\">\u201cT\u00fcrkiye Cumhuriyeti Cumhurba\u015fkan\u0131\u2019n\u0131n ziyaretinde verilen ve bug\u00fcn de tekrar edilen mesajda K\u0131br\u0131s\u2019ta kapsaml\u0131 \u00e7\u00f6z\u00fcm m\u00fczakerelerinin ba\u015flamas\u0131 i\u00e7in bir \u00f6n \u015fart vard\u0131r. Bu \u00e7ok nettir. Egemen e\u015fitli\u011fin ve e\u015fit uluslararas\u0131 stat\u00fcn\u00fcn d\u00fcnya taraf\u0131ndan kabul edilmesi, BM G\u00fcvenlik Konseyi\u2019nin alaca\u011f\u0131 bir karar ile teyit edilmesinin ard\u0131ndan m\u00fczakereler ba\u015flayabilir gibi bir pozisyon vard\u0131r. Bu alt\u0131 \u00e7izilerek tekrar edildi. Bu a\u015famada K\u0131br\u0131s sorunuyla ilgili kapsaml\u0131 \u00e7\u00f6z\u00fcm m\u00fczakeresinin ba\u015flamas\u0131n\u0131n pek de istenmedi\u011fi bir mesajd\u0131r asl\u0131nda. Baz\u0131 yat\u0131r\u0131mlar yap\u0131lacak, zaten \u015fu an g\u00f6r\u00fc\u015fmelere uygun bir ortam olmad\u0131\u011f\u0131n\u0131 d\u00fc\u015f\u00fcn\u00fcyorum. Gerek enerji, gerek ekonomi, gerek ticari manada Do\u011fu Akdeniz\u2019de birlikte ne yap\u0131labilir konusuna olumlu yakla\u015f\u0131l\u0131yor.\u201d<\/p>\n<p>\u00a0<\/p>\n<\/p><\/div>\n<p><script async\n                    defer\n                    crossorigin=\"anonymous\"\n                    src=\"https:\/\/connect.facebook.net\/tr_TR\/sdk.js#xfbml=1&#038;version=v3.3\"\n            ><\/script><\/p>\n","protected":false},"excerpt":{"rendered":"<p>Halk\u0131n Partisi (HP) Genel Ba\u015fkan\u0131 Kudret \u00d6zersay, K\u0131br\u0131s Rum y\u00f6netimi ile \u0130srail aras\u0131nda Avrupa\u2019ya deniz alt\u0131ndan elektrik enterkonnekte kablo ba\u011flant\u0131s\u0131 kuruldu\u011funa dikkat \u00e7ekerek, Do\u011fu Akdeniz b\u00f6lgesinde T\u00fcrkiye ve KKTC de dahil t\u00fcm akt\u00f6rlerin kat\u0131l\u0131m\u0131yla elektrik de dahil b\u00f6lgesel i\u015fbirli\u011fi geli\u015ftirilmesi gerekti\u011fini vurgulad\u0131. \u00d6zersay, \u201cSon d\u00f6nemde \u0130srail ile k\u00f6rfez \u00fclkeleri ve \u00dcrd\u00fcn aras\u0131nda yap\u0131lan \u0130brahim anla\u015fmalar\u0131yla<\/p>\n","protected":false},"author":1,"featured_media":9089,"comment_status":"open","ping_status":"open","sticky":false,"template":"","format":"standard","meta":{"footnotes":""},"categories":[1],"tags":[],"class_list":["post-9088","post","type-post","status-publish","format-standard","has-post-thumbnail","hentry","category-gundem"],"yoast_head":"<!-- This site is optimized with the Yoast SEO plugin v27.4 - https:\/\/yoast.com\/product\/yoast-seo-wordpress\/ -->\n<title>\u00d6zersay: Do\u011fu Akdeniz b\u00f6lgesinde T\u00fcrkiye ve KKTC de dahil t\u00fcm akt\u00f6rlerin kat\u0131l\u0131m\u0131yla elektrik de dahil b\u00f6lgesel i\u015fbirli\u011fi geli\u015ftirilmesi gerek -<\/title>\n<meta name=\"robots\" content=\"index, follow, max-snippet:-1, max-image-preview:large, max-video-preview:-1\" \/>\n<link rel=\"canonical\" href=\"https:\/\/kibrisdakik.com\/?p=9088\" \/>\n<meta property=\"og:locale\" content=\"tr_TR\" \/>\n<meta property=\"og:type\" content=\"article\" \/>\n<meta property=\"og:title\" content=\"\u00d6zersay: Do\u011fu Akdeniz b\u00f6lgesinde T\u00fcrkiye ve KKTC de dahil t\u00fcm akt\u00f6rlerin kat\u0131l\u0131m\u0131yla elektrik de dahil b\u00f6lgesel i\u015fbirli\u011fi geli\u015ftirilmesi gerek -\" \/>\n<meta property=\"og:description\" content=\"Halk\u0131n Partisi (HP) Genel Ba\u015fkan\u0131 Kudret \u00d6zersay, K\u0131br\u0131s Rum y\u00f6netimi ile \u0130srail aras\u0131nda Avrupa\u2019ya deniz alt\u0131ndan elektrik enterkonnekte kablo ba\u011flant\u0131s\u0131 kuruldu\u011funa dikkat \u00e7ekerek, Do\u011fu Akdeniz b\u00f6lgesinde T\u00fcrkiye ve KKTC de dahil t\u00fcm akt\u00f6rlerin kat\u0131l\u0131m\u0131yla elektrik de dahil b\u00f6lgesel i\u015fbirli\u011fi geli\u015ftirilmesi gerekti\u011fini vurgulad\u0131. \u00d6zersay, \u201cSon d\u00f6nemde \u0130srail ile k\u00f6rfez \u00fclkeleri ve \u00dcrd\u00fcn aras\u0131nda yap\u0131lan \u0130brahim anla\u015fmalar\u0131yla\" \/>\n<meta property=\"og:url\" content=\"https:\/\/kibrisdakik.com\/?p=9088\" \/>\n<meta property=\"article:published_time\" content=\"2023-06-19T17:39:36+00:00\" \/>\n<meta property=\"og:image\" content=\"https:\/\/kibrisdakik.com\/wp-content\/uploads\/2023\/06\/kudrret-ozersay6-740x420.jpg\" \/>\n\t<meta property=\"og:image:width\" content=\"971\" \/>\n\t<meta property=\"og:image:height\" content=\"551\" \/>\n\t<meta property=\"og:image:type\" content=\"image\/jpeg\" \/>\n<meta name=\"author\" content=\"admin\" \/>\n<meta name=\"twitter:card\" content=\"summary_large_image\" \/>\n<meta name=\"twitter:label1\" content=\"Yazan:\" \/>\n\t<meta name=\"twitter:data1\" content=\"admin\" \/>\n\t<meta name=\"twitter:label2\" content=\"Tahmini okuma s\u00fcresi\" \/>\n\t<meta name=\"twitter:data2\" content=\"2 dakika\" \/>\n<script type=\"application\/ld+json\" class=\"yoast-schema-graph\">{\"@context\":\"https:\\\/\\\/schema.org\",\"@graph\":[{\"@type\":\"Article\",\"@id\":\"https:\\\/\\\/kibrisdakik.com\\\/?p=9088#article\",\"isPartOf\":{\"@id\":\"https:\\\/\\\/kibrisdakik.com\\\/?p=9088\"},\"author\":{\"name\":\"admin\",\"@id\":\"https:\\\/\\\/kibrisdakik.com\\\/#\\\/schema\\\/person\\\/9cd9d437bbb44f72b73ba127e06d8e79\"},\"headline\":\"\u00d6zersay: Do\u011fu Akdeniz b\u00f6lgesinde T\u00fcrkiye ve KKTC de dahil t\u00fcm akt\u00f6rlerin kat\u0131l\u0131m\u0131yla elektrik de dahil b\u00f6lgesel i\u015fbirli\u011fi geli\u015ftirilmesi gerek\",\"datePublished\":\"2023-06-19T17:39:36+00:00\",\"mainEntityOfPage\":{\"@id\":\"https:\\\/\\\/kibrisdakik.com\\\/?p=9088\"},\"wordCount\":505,\"commentCount\":0,\"image\":{\"@id\":\"https:\\\/\\\/kibrisdakik.com\\\/?p=9088#primaryimage\"},\"thumbnailUrl\":\"https:\\\/\\\/kibrisdakik.com\\\/wp-content\\\/uploads\\\/2023\\\/06\\\/kudrret-ozersay6-740x420.jpg\",\"articleSection\":[\"G\u00fcndem\"],\"inLanguage\":\"tr\",\"potentialAction\":[{\"@type\":\"CommentAction\",\"name\":\"Comment\",\"target\":[\"https:\\\/\\\/kibrisdakik.com\\\/?p=9088#respond\"]}]},{\"@type\":\"WebPage\",\"@id\":\"https:\\\/\\\/kibrisdakik.com\\\/?p=9088\",\"url\":\"https:\\\/\\\/kibrisdakik.com\\\/?p=9088\",\"name\":\"\u00d6zersay: Do\u011fu Akdeniz b\u00f6lgesinde T\u00fcrkiye ve KKTC de dahil t\u00fcm akt\u00f6rlerin kat\u0131l\u0131m\u0131yla elektrik de dahil b\u00f6lgesel i\u015fbirli\u011fi geli\u015ftirilmesi gerek -\",\"isPartOf\":{\"@id\":\"https:\\\/\\\/kibrisdakik.com\\\/#website\"},\"primaryImageOfPage\":{\"@id\":\"https:\\\/\\\/kibrisdakik.com\\\/?p=9088#primaryimage\"},\"image\":{\"@id\":\"https:\\\/\\\/kibrisdakik.com\\\/?p=9088#primaryimage\"},\"thumbnailUrl\":\"https:\\\/\\\/kibrisdakik.com\\\/wp-content\\\/uploads\\\/2023\\\/06\\\/kudrret-ozersay6-740x420.jpg\",\"datePublished\":\"2023-06-19T17:39:36+00:00\",\"author\":{\"@id\":\"https:\\\/\\\/kibrisdakik.com\\\/#\\\/schema\\\/person\\\/9cd9d437bbb44f72b73ba127e06d8e79\"},\"breadcrumb\":{\"@id\":\"https:\\\/\\\/kibrisdakik.com\\\/?p=9088#breadcrumb\"},\"inLanguage\":\"tr\",\"potentialAction\":[{\"@type\":\"ReadAction\",\"target\":[\"https:\\\/\\\/kibrisdakik.com\\\/?p=9088\"]}]},{\"@type\":\"ImageObject\",\"inLanguage\":\"tr\",\"@id\":\"https:\\\/\\\/kibrisdakik.com\\\/?p=9088#primaryimage\",\"url\":\"https:\\\/\\\/kibrisdakik.com\\\/wp-content\\\/uploads\\\/2023\\\/06\\\/kudrret-ozersay6-740x420.jpg\",\"contentUrl\":\"https:\\\/\\\/kibrisdakik.com\\\/wp-content\\\/uploads\\\/2023\\\/06\\\/kudrret-ozersay6-740x420.jpg\",\"width\":971,\"height\":551},{\"@type\":\"BreadcrumbList\",\"@id\":\"https:\\\/\\\/kibrisdakik.com\\\/?p=9088#breadcrumb\",\"itemListElement\":[{\"@type\":\"ListItem\",\"position\":1,\"name\":\"Home\",\"item\":\"https:\\\/\\\/kibrisdakik.com\\\/\"},{\"@type\":\"ListItem\",\"position\":2,\"name\":\"\u00d6zersay: Do\u011fu Akdeniz b\u00f6lgesinde T\u00fcrkiye ve KKTC de dahil t\u00fcm akt\u00f6rlerin kat\u0131l\u0131m\u0131yla elektrik de dahil b\u00f6lgesel i\u015fbirli\u011fi geli\u015ftirilmesi gerek\"}]},{\"@type\":\"WebSite\",\"@id\":\"https:\\\/\\\/kibrisdakik.com\\\/#website\",\"url\":\"https:\\\/\\\/kibrisdakik.com\\\/\",\"name\":\"\",\"description\":\"Tam vaktinde haber\",\"potentialAction\":[{\"@type\":\"SearchAction\",\"target\":{\"@type\":\"EntryPoint\",\"urlTemplate\":\"https:\\\/\\\/kibrisdakik.com\\\/?s={search_term_string}\"},\"query-input\":{\"@type\":\"PropertyValueSpecification\",\"valueRequired\":true,\"valueName\":\"search_term_string\"}}],\"inLanguage\":\"tr\"},{\"@type\":\"Person\",\"@id\":\"https:\\\/\\\/kibrisdakik.com\\\/#\\\/schema\\\/person\\\/9cd9d437bbb44f72b73ba127e06d8e79\",\"name\":\"admin\",\"image\":{\"@type\":\"ImageObject\",\"inLanguage\":\"tr\",\"@id\":\"https:\\\/\\\/secure.gravatar.com\\\/avatar\\\/ccc17943b9d660506c869530f897617f7cb1c21a4bf30023f252596d83e1f007?s=96&d=mm&r=g\",\"url\":\"https:\\\/\\\/secure.gravatar.com\\\/avatar\\\/ccc17943b9d660506c869530f897617f7cb1c21a4bf30023f252596d83e1f007?s=96&d=mm&r=g\",\"contentUrl\":\"https:\\\/\\\/secure.gravatar.com\\\/avatar\\\/ccc17943b9d660506c869530f897617f7cb1c21a4bf30023f252596d83e1f007?s=96&d=mm&r=g\",\"caption\":\"admin\"},\"sameAs\":[\"https:\\\/\\\/kibrisdakik.com\"],\"url\":\"https:\\\/\\\/kibrisdakik.com\\\/?author=1\"}]}<\/script>\n<!-- \/ Yoast SEO plugin. -->","yoast_head_json":{"title":"\u00d6zersay: Do\u011fu Akdeniz b\u00f6lgesinde T\u00fcrkiye ve KKTC de dahil t\u00fcm akt\u00f6rlerin kat\u0131l\u0131m\u0131yla elektrik de dahil b\u00f6lgesel i\u015fbirli\u011fi geli\u015ftirilmesi gerek -","robots":{"index":"index","follow":"follow","max-snippet":"max-snippet:-1","max-image-preview":"max-image-preview:large","max-video-preview":"max-video-preview:-1"},"canonical":"https:\/\/kibrisdakik.com\/?p=9088","og_locale":"tr_TR","og_type":"article","og_title":"\u00d6zersay: Do\u011fu Akdeniz b\u00f6lgesinde T\u00fcrkiye ve KKTC de dahil t\u00fcm akt\u00f6rlerin kat\u0131l\u0131m\u0131yla elektrik de dahil b\u00f6lgesel i\u015fbirli\u011fi geli\u015ftirilmesi gerek -","og_description":"Halk\u0131n Partisi (HP) Genel Ba\u015fkan\u0131 Kudret \u00d6zersay, K\u0131br\u0131s Rum y\u00f6netimi ile \u0130srail aras\u0131nda Avrupa\u2019ya deniz alt\u0131ndan elektrik enterkonnekte kablo ba\u011flant\u0131s\u0131 kuruldu\u011funa dikkat \u00e7ekerek, Do\u011fu Akdeniz b\u00f6lgesinde T\u00fcrkiye ve KKTC de dahil t\u00fcm akt\u00f6rlerin kat\u0131l\u0131m\u0131yla elektrik de dahil b\u00f6lgesel i\u015fbirli\u011fi geli\u015ftirilmesi gerekti\u011fini vurgulad\u0131. \u00d6zersay, \u201cSon d\u00f6nemde \u0130srail ile k\u00f6rfez \u00fclkeleri ve \u00dcrd\u00fcn aras\u0131nda yap\u0131lan \u0130brahim anla\u015fmalar\u0131yla","og_url":"https:\/\/kibrisdakik.com\/?p=9088","article_published_time":"2023-06-19T17:39:36+00:00","og_image":[{"width":971,"height":551,"url":"https:\/\/kibrisdakik.com\/wp-content\/uploads\/2023\/06\/kudrret-ozersay6-740x420.jpg","type":"image\/jpeg"}],"author":"admin","twitter_card":"summary_large_image","twitter_misc":{"Yazan:":"admin","Tahmini okuma s\u00fcresi":"2 dakika"},"schema":{"@context":"https:\/\/schema.org","@graph":[{"@type":"Article","@id":"https:\/\/kibrisdakik.com\/?p=9088#article","isPartOf":{"@id":"https:\/\/kibrisdakik.com\/?p=9088"},"author":{"name":"admin","@id":"https:\/\/kibrisdakik.com\/#\/schema\/person\/9cd9d437bbb44f72b73ba127e06d8e79"},"headline":"\u00d6zersay: Do\u011fu Akdeniz b\u00f6lgesinde T\u00fcrkiye ve KKTC de dahil t\u00fcm akt\u00f6rlerin kat\u0131l\u0131m\u0131yla elektrik de dahil b\u00f6lgesel i\u015fbirli\u011fi geli\u015ftirilmesi gerek","datePublished":"2023-06-19T17:39:36+00:00","mainEntityOfPage":{"@id":"https:\/\/kibrisdakik.com\/?p=9088"},"wordCount":505,"commentCount":0,"image":{"@id":"https:\/\/kibrisdakik.com\/?p=9088#primaryimage"},"thumbnailUrl":"https:\/\/kibrisdakik.com\/wp-content\/uploads\/2023\/06\/kudrret-ozersay6-740x420.jpg","articleSection":["G\u00fcndem"],"inLanguage":"tr","potentialAction":[{"@type":"CommentAction","name":"Comment","target":["https:\/\/kibrisdakik.com\/?p=9088#respond"]}]},{"@type":"WebPage","@id":"https:\/\/kibrisdakik.com\/?p=9088","url":"https:\/\/kibrisdakik.com\/?p=9088","name":"\u00d6zersay: Do\u011fu Akdeniz b\u00f6lgesinde T\u00fcrkiye ve KKTC de dahil t\u00fcm akt\u00f6rlerin kat\u0131l\u0131m\u0131yla elektrik de dahil b\u00f6lgesel i\u015fbirli\u011fi geli\u015ftirilmesi gerek -","isPartOf":{"@id":"https:\/\/kibrisdakik.com\/#website"},"primaryImageOfPage":{"@id":"https:\/\/kibrisdakik.com\/?p=9088#primaryimage"},"image":{"@id":"https:\/\/kibrisdakik.com\/?p=9088#primaryimage"},"thumbnailUrl":"https:\/\/kibrisdakik.com\/wp-content\/uploads\/2023\/06\/kudrret-ozersay6-740x420.jpg","datePublished":"2023-06-19T17:39:36+00:00","author":{"@id":"https:\/\/kibrisdakik.com\/#\/schema\/person\/9cd9d437bbb44f72b73ba127e06d8e79"},"breadcrumb":{"@id":"https:\/\/kibrisdakik.com\/?p=9088#breadcrumb"},"inLanguage":"tr","potentialAction":[{"@type":"ReadAction","target":["https:\/\/kibrisdakik.com\/?p=9088"]}]},{"@type":"ImageObject","inLanguage":"tr","@id":"https:\/\/kibrisdakik.com\/?p=9088#primaryimage","url":"https:\/\/kibrisdakik.com\/wp-content\/uploads\/2023\/06\/kudrret-ozersay6-740x420.jpg","contentUrl":"https:\/\/kibrisdakik.com\/wp-content\/uploads\/2023\/06\/kudrret-ozersay6-740x420.jpg","width":971,"height":551},{"@type":"BreadcrumbList","@id":"https:\/\/kibrisdakik.com\/?p=9088#breadcrumb","itemListElement":[{"@type":"ListItem","position":1,"name":"Home","item":"https:\/\/kibrisdakik.com\/"},{"@type":"ListItem","position":2,"name":"\u00d6zersay: Do\u011fu Akdeniz b\u00f6lgesinde T\u00fcrkiye ve KKTC de dahil t\u00fcm akt\u00f6rlerin kat\u0131l\u0131m\u0131yla elektrik de dahil b\u00f6lgesel i\u015fbirli\u011fi geli\u015ftirilmesi gerek"}]},{"@type":"WebSite","@id":"https:\/\/kibrisdakik.com\/#website","url":"https:\/\/kibrisdakik.com\/","name":"","description":"Tam vaktinde haber","potentialAction":[{"@type":"SearchAction","target":{"@type":"EntryPoint","urlTemplate":"https:\/\/kibrisdakik.com\/?s={search_term_string}"},"query-input":{"@type":"PropertyValueSpecification","valueRequired":true,"valueName":"search_term_string"}}],"inLanguage":"tr"},{"@type":"Person","@id":"https:\/\/kibrisdakik.com\/#\/schema\/person\/9cd9d437bbb44f72b73ba127e06d8e79","name":"admin","image":{"@type":"ImageObject","inLanguage":"tr","@id":"https:\/\/secure.gravatar.com\/avatar\/ccc17943b9d660506c869530f897617f7cb1c21a4bf30023f252596d83e1f007?s=96&d=mm&r=g","url":"https:\/\/secure.gravatar.com\/avatar\/ccc17943b9d660506c869530f897617f7cb1c21a4bf30023f252596d83e1f007?s=96&d=mm&r=g","contentUrl":"https:\/\/secure.gravatar.com\/avatar\/ccc17943b9d660506c869530f897617f7cb1c21a4bf30023f252596d83e1f007?s=96&d=mm&r=g","caption":"admin"},"sameAs":["https:\/\/kibrisdakik.com"],"url":"https:\/\/kibrisdakik.com\/?author=1"}]}},"_links":{"self":[{"href":"https:\/\/kibrisdakik.com\/index.php?rest_route=\/wp\/v2\/posts\/9088","targetHints":{"allow":["GET"]}}],"collection":[{"href":"https:\/\/kibrisdakik.com\/index.php?rest_route=\/wp\/v2\/posts"}],"about":[{"href":"https:\/\/kibrisdakik.com\/index.php?rest_route=\/wp\/v2\/types\/post"}],"author":[{"embeddable":true,"href":"https:\/\/kibrisdakik.com\/index.php?rest_route=\/wp\/v2\/users\/1"}],"replies":[{"embeddable":true,"href":"https:\/\/kibrisdakik.com\/index.php?rest_route=%2Fwp%2Fv2%2Fcomments&post=9088"}],"version-history":[{"count":0,"href":"https:\/\/kibrisdakik.com\/index.php?rest_route=\/wp\/v2\/posts\/9088\/revisions"}],"wp:featuredmedia":[{"embeddable":true,"href":"https:\/\/kibrisdakik.com\/index.php?rest_route=\/wp\/v2\/media\/9089"}],"wp:attachment":[{"href":"https:\/\/kibrisdakik.com\/index.php?rest_route=%2Fwp%2Fv2%2Fmedia&parent=9088"}],"wp:term":[{"taxonomy":"category","embeddable":true,"href":"https:\/\/kibrisdakik.com\/index.php?rest_route=%2Fwp%2Fv2%2Fcategories&post=9088"},{"taxonomy":"post_tag","embeddable":true,"href":"https:\/\/kibrisdakik.com\/index.php?rest_route=%2Fwp%2Fv2%2Ftags&post=9088"}],"curies":[{"name":"wp","href":"https:\/\/api.w.org\/{rel}","templated":true}]}}