{"id":90942,"date":"2025-08-27T10:46:14","date_gmt":"2025-08-27T07:46:14","guid":{"rendered":"https:\/\/kibrisdakik.com\/index.php\/2025\/08\/27\/30-agustos-resmi-gecit-toreni-nedeniyle-yollar-kapatilacak\/"},"modified":"2025-08-27T10:46:14","modified_gmt":"2025-08-27T07:46:14","slug":"30-agustos-resmi-gecit-toreni-nedeniyle-yollar-kapatilacak","status":"publish","type":"post","link":"https:\/\/kibrisdakik.com\/?p=90942","title":{"rendered":"30 A\u011eUSTOS RESM\u0130 GE\u00c7\u0130T T\u00d6REN\u0130 NEDEN\u0130YLE YOLLAR KAPATILACAK"},"content":{"rendered":"<p> <br \/>\n<br \/><\/p>\n<div data-text-id=\"183294\" property=\"articleBody\">\n<p>30 A\u011fustos Zafer Bayram\u0131\u2019n\u0131n 103\u2019\u00fcnc\u00fc y\u0131l d\u00f6n\u00fcm\u00fc dolay\u0131s\u0131yla Lefko\u015fa\u2019da d\u00fczenlenecek resmi ge\u00e7it t\u00f6reni nedeniyle baz\u0131 yollar trafi\u011fe kapat\u0131lacak.<\/p>\n<p>Polis Bas\u0131n Subayl\u0131\u011f\u0131\u2019ndan yap\u0131lan a\u00e7\u0131klamaya g\u00f6re, 30 A\u011fustos 2025 Cumartesi g\u00fcn\u00fc sabah saat 07.00\u2019den itibaren Alt\u0131nba\u015f Petrol Trafik I\u015f\u0131klar\u0131 Kav\u015fa\u011f\u0131 ile G\u00f6nyeli \u00c7emberi aras\u0131nda kalan yol g\u00fczerg\u00e2h\u0131, t\u00f6ren bitene kadar ara\u00e7 trafi\u011fine kapal\u0131 olacak.<\/p>\n<h3>Alternatif G\u00fczerg\u00e2hlar<\/h3>\n<p>Trafik ak\u0131\u015f\u0131n\u0131n aksamamas\u0131 i\u00e7in s\u00fcr\u00fcc\u00fclere alternatif g\u00fczerg\u00e2hlar belirlendi:<\/p>\n<ul>&#13;<\/p>\n<li>&#13;\n<p><strong>Gazima\u011fusa\u2019dan Yak\u0131n Do\u011fu \u00dcniversitesi\u2019ne gidecekler<\/strong>: \u0130rsen K\u00fc\u00e7\u00fck Lefko\u015fa \u00c7evre Yolu \u00fczerinden Yak\u0131n Do\u011fu Bulvar\u0131.<\/p>\n<p>&#13;\n <\/li>\n<p>&#13;<\/p>\n<li>&#13;\n<p><strong>Gazima\u011fusa\u2019dan Lefko\u015fa \u015fehir merkezine gidecekler<\/strong>: Hamitk\u00f6y \u00c7emberi\u2019nden Mimar Mehmet Vahip Caddesi veya \u015eht. \u0130smail Beyo\u011flu Caddesi; ayr\u0131ca Honda Trafik I\u015f\u0131klar\u0131\u2019ndan \u015eht. Mustafa Ahmet Ruso Caddesi.<\/p>\n<p>&#13;\n <\/li>\n<p>&#13;<\/p>\n<li>&#13;\n<p><strong>Gazima\u011fusa\u2019dan G\u00fczelyurt y\u00f6n\u00fcne gidecekler<\/strong>: \u0130rsen K\u00fc\u00e7\u00fck Lefko\u015fa \u00c7evre Yolu \u00fczerinden G\u00f6nyeli \u00c7emberi ya da Citr\u00f6en I\u015f\u0131klar\u0131\u2019ndan Metehan-Alayk\u00f6y \u00c7evre Yolu.<\/p>\n<p>&#13;\n <\/li>\n<p>&#13;<\/p>\n<li>&#13;\n<p><strong>G\u00fczelyurt\u2019tan Lefko\u015fa\u2019ya gidecekler<\/strong>: Alayk\u00f6y-Metehan \u00c7evre Yolu veya G\u00f6nyeli \u00c7emberi \u00fczerinden Dr. Burhan Nalbanto\u011flu Caddesi (Devlet Hastanesi).<\/p>\n<p>&#13;\n <\/li>\n<p>&#13;<\/p>\n<li>&#13;\n<p><strong>Girne\u2019den Lefko\u015fa\u2019ya gidecekler<\/strong>: Girne-Lefko\u015fa Anayolu \u00fczerinden G\u00f6nyeli \u00c7emberi, ard\u0131ndan Dr. Burhan Nalbanto\u011flu Caddesi (Devlet Hastanesi).<\/p>\n<p>&#13;\n <\/li>\n<p>&#13;\n<\/ul>\n<p>Polis, s\u00fcr\u00fcc\u00fclerin belirtilen yollar \u00fczerine ara\u00e7lar\u0131n\u0131 park etmemeleri ve t\u00f6ren s\u00fcresince trafik i\u015faretleri ile trafik ekiplerinin y\u00f6nlendirmelerine uymalar\u0131n\u0131n \u00f6nem ta\u015f\u0131d\u0131\u011f\u0131n\u0131 vurgulad\u0131.<\/p>\n<\/p><\/div>\n<p><br \/>\n<br \/><a href=\"[kibrisdakik.com]\n<\/p>\n","protected":false},"excerpt":{"rendered":"<p>30 A\u011fustos Zafer Bayram\u0131\u2019n\u0131n 103\u2019\u00fcnc\u00fc y\u0131l d\u00f6n\u00fcm\u00fc dolay\u0131s\u0131yla Lefko\u015fa\u2019da d\u00fczenlenecek resmi ge\u00e7it t\u00f6reni nedeniyle baz\u0131 yollar trafi\u011fe kapat\u0131lacak. Polis Bas\u0131n Subayl\u0131\u011f\u0131\u2019ndan yap\u0131lan a\u00e7\u0131klamaya g\u00f6re, 30 A\u011fustos 2025 Cumartesi g\u00fcn\u00fc sabah saat 07.00\u2019den itibaren Alt\u0131nba\u015f Petrol Trafik I\u015f\u0131klar\u0131 Kav\u015fa\u011f\u0131 ile G\u00f6nyeli \u00c7emberi aras\u0131nda kalan yol g\u00fczerg\u00e2h\u0131, t\u00f6ren bitene kadar ara\u00e7 trafi\u011fine kapal\u0131 olacak. Alternatif G\u00fczerg\u00e2hlar Trafik<\/p>\n","protected":false},"author":1,"featured_media":90943,"comment_status":"open","ping_status":"open","sticky":false,"template":"","format":"standard","meta":{"footnotes":""},"categories":[81,101],"tags":[],"class_list":["post-90942","post","type-post","status-publish","format-standard","has-post-thumbnail","hentry","category-kibris","category-manset"],"yoast_head":"<!-- This site is optimized with the Yoast SEO plugin v27.4 - https:\/\/yoast.com\/product\/yoast-seo-wordpress\/ -->\n<title>30 A\u011eUSTOS RESM\u0130 GE\u00c7\u0130T T\u00d6REN\u0130 NEDEN\u0130YLE YOLLAR KAPATILACAK -<\/title>\n<meta name=\"robots\" content=\"index, follow, max-snippet:-1, max-image-preview:large, max-video-preview:-1\" \/>\n<link rel=\"canonical\" href=\"https:\/\/kibrisdakik.com\/?p=90942\" \/>\n<meta property=\"og:locale\" content=\"tr_TR\" \/>\n<meta property=\"og:type\" content=\"article\" \/>\n<meta property=\"og:title\" content=\"30 A\u011eUSTOS RESM\u0130 GE\u00c7\u0130T T\u00d6REN\u0130 NEDEN\u0130YLE YOLLAR KAPATILACAK -\" \/>\n<meta property=\"og:description\" content=\"30 A\u011fustos Zafer Bayram\u0131\u2019n\u0131n 103\u2019\u00fcnc\u00fc y\u0131l d\u00f6n\u00fcm\u00fc dolay\u0131s\u0131yla Lefko\u015fa\u2019da d\u00fczenlenecek resmi ge\u00e7it t\u00f6reni nedeniyle baz\u0131 yollar trafi\u011fe kapat\u0131lacak. Polis Bas\u0131n Subayl\u0131\u011f\u0131\u2019ndan yap\u0131lan a\u00e7\u0131klamaya g\u00f6re, 30 A\u011fustos 2025 Cumartesi g\u00fcn\u00fc sabah saat 07.00\u2019den itibaren Alt\u0131nba\u015f Petrol Trafik I\u015f\u0131klar\u0131 Kav\u015fa\u011f\u0131 ile G\u00f6nyeli \u00c7emberi aras\u0131nda kalan yol g\u00fczerg\u00e2h\u0131, t\u00f6ren bitene kadar ara\u00e7 trafi\u011fine kapal\u0131 olacak. Alternatif G\u00fczerg\u00e2hlar Trafik\" \/>\n<meta property=\"og:url\" content=\"https:\/\/kibrisdakik.com\/?p=90942\" \/>\n<meta property=\"article:published_time\" content=\"2025-08-27T07:46:14+00:00\" \/>\n<meta property=\"og:image\" content=\"https:\/\/kibrisdakik.com\/wp-content\/uploads\/2025\/08\/mha-465-740x420.png\" \/>\n\t<meta property=\"og:image:width\" content=\"1280\" \/>\n\t<meta property=\"og:image:height\" content=\"720\" \/>\n\t<meta property=\"og:image:type\" content=\"image\/png\" \/>\n<meta name=\"author\" content=\"admin\" \/>\n<meta name=\"twitter:card\" content=\"summary_large_image\" \/>\n<meta name=\"twitter:label1\" content=\"Yazan:\" \/>\n\t<meta name=\"twitter:data1\" content=\"admin\" \/>\n\t<meta name=\"twitter:label2\" content=\"Tahmini okuma s\u00fcresi\" \/>\n\t<meta name=\"twitter:data2\" content=\"1 dakika\" \/>\n<script type=\"application\/ld+json\" class=\"yoast-schema-graph\">{\"@context\":\"https:\\\/\\\/schema.org\",\"@graph\":[{\"@type\":\"Article\",\"@id\":\"https:\\\/\\\/kibrisdakik.com\\\/?p=90942#article\",\"isPartOf\":{\"@id\":\"https:\\\/\\\/kibrisdakik.com\\\/?p=90942\"},\"author\":{\"name\":\"admin\",\"@id\":\"https:\\\/\\\/kibrisdakik.com\\\/#\\\/schema\\\/person\\\/9cd9d437bbb44f72b73ba127e06d8e79\"},\"headline\":\"30 A\u011eUSTOS RESM\u0130 GE\u00c7\u0130T T\u00d6REN\u0130 NEDEN\u0130YLE YOLLAR KAPATILACAK\",\"datePublished\":\"2025-08-27T07:46:14+00:00\",\"mainEntityOfPage\":{\"@id\":\"https:\\\/\\\/kibrisdakik.com\\\/?p=90942\"},\"wordCount\":280,\"commentCount\":0,\"image\":{\"@id\":\"https:\\\/\\\/kibrisdakik.com\\\/?p=90942#primaryimage\"},\"thumbnailUrl\":\"https:\\\/\\\/kibrisdakik.com\\\/wp-content\\\/uploads\\\/2025\\\/08\\\/mha-465-740x420.png\",\"articleSection\":[\"K\u0131br\u0131s\",\"Man\u015fet\"],\"inLanguage\":\"tr\",\"potentialAction\":[{\"@type\":\"CommentAction\",\"name\":\"Comment\",\"target\":[\"https:\\\/\\\/kibrisdakik.com\\\/?p=90942#respond\"]}]},{\"@type\":\"WebPage\",\"@id\":\"https:\\\/\\\/kibrisdakik.com\\\/?p=90942\",\"url\":\"https:\\\/\\\/kibrisdakik.com\\\/?p=90942\",\"name\":\"30 A\u011eUSTOS RESM\u0130 GE\u00c7\u0130T T\u00d6REN\u0130 NEDEN\u0130YLE YOLLAR KAPATILACAK -\",\"isPartOf\":{\"@id\":\"https:\\\/\\\/kibrisdakik.com\\\/#website\"},\"primaryImageOfPage\":{\"@id\":\"https:\\\/\\\/kibrisdakik.com\\\/?p=90942#primaryimage\"},\"image\":{\"@id\":\"https:\\\/\\\/kibrisdakik.com\\\/?p=90942#primaryimage\"},\"thumbnailUrl\":\"https:\\\/\\\/kibrisdakik.com\\\/wp-content\\\/uploads\\\/2025\\\/08\\\/mha-465-740x420.png\",\"datePublished\":\"2025-08-27T07:46:14+00:00\",\"author\":{\"@id\":\"https:\\\/\\\/kibrisdakik.com\\\/#\\\/schema\\\/person\\\/9cd9d437bbb44f72b73ba127e06d8e79\"},\"breadcrumb\":{\"@id\":\"https:\\\/\\\/kibrisdakik.com\\\/?p=90942#breadcrumb\"},\"inLanguage\":\"tr\",\"potentialAction\":[{\"@type\":\"ReadAction\",\"target\":[\"https:\\\/\\\/kibrisdakik.com\\\/?p=90942\"]}]},{\"@type\":\"ImageObject\",\"inLanguage\":\"tr\",\"@id\":\"https:\\\/\\\/kibrisdakik.com\\\/?p=90942#primaryimage\",\"url\":\"https:\\\/\\\/kibrisdakik.com\\\/wp-content\\\/uploads\\\/2025\\\/08\\\/mha-465-740x420.png\",\"contentUrl\":\"https:\\\/\\\/kibrisdakik.com\\\/wp-content\\\/uploads\\\/2025\\\/08\\\/mha-465-740x420.png\",\"width\":1280,\"height\":720},{\"@type\":\"BreadcrumbList\",\"@id\":\"https:\\\/\\\/kibrisdakik.com\\\/?p=90942#breadcrumb\",\"itemListElement\":[{\"@type\":\"ListItem\",\"position\":1,\"name\":\"Home\",\"item\":\"https:\\\/\\\/kibrisdakik.com\\\/\"},{\"@type\":\"ListItem\",\"position\":2,\"name\":\"30 A\u011eUSTOS RESM\u0130 GE\u00c7\u0130T T\u00d6REN\u0130 NEDEN\u0130YLE YOLLAR KAPATILACAK\"}]},{\"@type\":\"WebSite\",\"@id\":\"https:\\\/\\\/kibrisdakik.com\\\/#website\",\"url\":\"https:\\\/\\\/kibrisdakik.com\\\/\",\"name\":\"\",\"description\":\"Tam vaktinde haber\",\"potentialAction\":[{\"@type\":\"SearchAction\",\"target\":{\"@type\":\"EntryPoint\",\"urlTemplate\":\"https:\\\/\\\/kibrisdakik.com\\\/?s={search_term_string}\"},\"query-input\":{\"@type\":\"PropertyValueSpecification\",\"valueRequired\":true,\"valueName\":\"search_term_string\"}}],\"inLanguage\":\"tr\"},{\"@type\":\"Person\",\"@id\":\"https:\\\/\\\/kibrisdakik.com\\\/#\\\/schema\\\/person\\\/9cd9d437bbb44f72b73ba127e06d8e79\",\"name\":\"admin\",\"image\":{\"@type\":\"ImageObject\",\"inLanguage\":\"tr\",\"@id\":\"https:\\\/\\\/secure.gravatar.com\\\/avatar\\\/ccc17943b9d660506c869530f897617f7cb1c21a4bf30023f252596d83e1f007?s=96&d=mm&r=g\",\"url\":\"https:\\\/\\\/secure.gravatar.com\\\/avatar\\\/ccc17943b9d660506c869530f897617f7cb1c21a4bf30023f252596d83e1f007?s=96&d=mm&r=g\",\"contentUrl\":\"https:\\\/\\\/secure.gravatar.com\\\/avatar\\\/ccc17943b9d660506c869530f897617f7cb1c21a4bf30023f252596d83e1f007?s=96&d=mm&r=g\",\"caption\":\"admin\"},\"sameAs\":[\"https:\\\/\\\/kibrisdakik.com\"],\"url\":\"https:\\\/\\\/kibrisdakik.com\\\/?author=1\"}]}<\/script>\n<!-- \/ Yoast SEO plugin. -->","yoast_head_json":{"title":"30 A\u011eUSTOS RESM\u0130 GE\u00c7\u0130T T\u00d6REN\u0130 NEDEN\u0130YLE YOLLAR KAPATILACAK -","robots":{"index":"index","follow":"follow","max-snippet":"max-snippet:-1","max-image-preview":"max-image-preview:large","max-video-preview":"max-video-preview:-1"},"canonical":"https:\/\/kibrisdakik.com\/?p=90942","og_locale":"tr_TR","og_type":"article","og_title":"30 A\u011eUSTOS RESM\u0130 GE\u00c7\u0130T T\u00d6REN\u0130 NEDEN\u0130YLE YOLLAR KAPATILACAK -","og_description":"30 A\u011fustos Zafer Bayram\u0131\u2019n\u0131n 103\u2019\u00fcnc\u00fc y\u0131l d\u00f6n\u00fcm\u00fc dolay\u0131s\u0131yla Lefko\u015fa\u2019da d\u00fczenlenecek resmi ge\u00e7it t\u00f6reni nedeniyle baz\u0131 yollar trafi\u011fe kapat\u0131lacak. Polis Bas\u0131n Subayl\u0131\u011f\u0131\u2019ndan yap\u0131lan a\u00e7\u0131klamaya g\u00f6re, 30 A\u011fustos 2025 Cumartesi g\u00fcn\u00fc sabah saat 07.00\u2019den itibaren Alt\u0131nba\u015f Petrol Trafik I\u015f\u0131klar\u0131 Kav\u015fa\u011f\u0131 ile G\u00f6nyeli \u00c7emberi aras\u0131nda kalan yol g\u00fczerg\u00e2h\u0131, t\u00f6ren bitene kadar ara\u00e7 trafi\u011fine kapal\u0131 olacak. Alternatif G\u00fczerg\u00e2hlar Trafik","og_url":"https:\/\/kibrisdakik.com\/?p=90942","article_published_time":"2025-08-27T07:46:14+00:00","og_image":[{"width":1280,"height":720,"url":"https:\/\/kibrisdakik.com\/wp-content\/uploads\/2025\/08\/mha-465-740x420.png","type":"image\/png"}],"author":"admin","twitter_card":"summary_large_image","twitter_misc":{"Yazan:":"admin","Tahmini okuma s\u00fcresi":"1 dakika"},"schema":{"@context":"https:\/\/schema.org","@graph":[{"@type":"Article","@id":"https:\/\/kibrisdakik.com\/?p=90942#article","isPartOf":{"@id":"https:\/\/kibrisdakik.com\/?p=90942"},"author":{"name":"admin","@id":"https:\/\/kibrisdakik.com\/#\/schema\/person\/9cd9d437bbb44f72b73ba127e06d8e79"},"headline":"30 A\u011eUSTOS RESM\u0130 GE\u00c7\u0130T T\u00d6REN\u0130 NEDEN\u0130YLE YOLLAR KAPATILACAK","datePublished":"2025-08-27T07:46:14+00:00","mainEntityOfPage":{"@id":"https:\/\/kibrisdakik.com\/?p=90942"},"wordCount":280,"commentCount":0,"image":{"@id":"https:\/\/kibrisdakik.com\/?p=90942#primaryimage"},"thumbnailUrl":"https:\/\/kibrisdakik.com\/wp-content\/uploads\/2025\/08\/mha-465-740x420.png","articleSection":["K\u0131br\u0131s","Man\u015fet"],"inLanguage":"tr","potentialAction":[{"@type":"CommentAction","name":"Comment","target":["https:\/\/kibrisdakik.com\/?p=90942#respond"]}]},{"@type":"WebPage","@id":"https:\/\/kibrisdakik.com\/?p=90942","url":"https:\/\/kibrisdakik.com\/?p=90942","name":"30 A\u011eUSTOS RESM\u0130 GE\u00c7\u0130T T\u00d6REN\u0130 NEDEN\u0130YLE YOLLAR KAPATILACAK -","isPartOf":{"@id":"https:\/\/kibrisdakik.com\/#website"},"primaryImageOfPage":{"@id":"https:\/\/kibrisdakik.com\/?p=90942#primaryimage"},"image":{"@id":"https:\/\/kibrisdakik.com\/?p=90942#primaryimage"},"thumbnailUrl":"https:\/\/kibrisdakik.com\/wp-content\/uploads\/2025\/08\/mha-465-740x420.png","datePublished":"2025-08-27T07:46:14+00:00","author":{"@id":"https:\/\/kibrisdakik.com\/#\/schema\/person\/9cd9d437bbb44f72b73ba127e06d8e79"},"breadcrumb":{"@id":"https:\/\/kibrisdakik.com\/?p=90942#breadcrumb"},"inLanguage":"tr","potentialAction":[{"@type":"ReadAction","target":["https:\/\/kibrisdakik.com\/?p=90942"]}]},{"@type":"ImageObject","inLanguage":"tr","@id":"https:\/\/kibrisdakik.com\/?p=90942#primaryimage","url":"https:\/\/kibrisdakik.com\/wp-content\/uploads\/2025\/08\/mha-465-740x420.png","contentUrl":"https:\/\/kibrisdakik.com\/wp-content\/uploads\/2025\/08\/mha-465-740x420.png","width":1280,"height":720},{"@type":"BreadcrumbList","@id":"https:\/\/kibrisdakik.com\/?p=90942#breadcrumb","itemListElement":[{"@type":"ListItem","position":1,"name":"Home","item":"https:\/\/kibrisdakik.com\/"},{"@type":"ListItem","position":2,"name":"30 A\u011eUSTOS RESM\u0130 GE\u00c7\u0130T T\u00d6REN\u0130 NEDEN\u0130YLE YOLLAR KAPATILACAK"}]},{"@type":"WebSite","@id":"https:\/\/kibrisdakik.com\/#website","url":"https:\/\/kibrisdakik.com\/","name":"","description":"Tam vaktinde haber","potentialAction":[{"@type":"SearchAction","target":{"@type":"EntryPoint","urlTemplate":"https:\/\/kibrisdakik.com\/?s={search_term_string}"},"query-input":{"@type":"PropertyValueSpecification","valueRequired":true,"valueName":"search_term_string"}}],"inLanguage":"tr"},{"@type":"Person","@id":"https:\/\/kibrisdakik.com\/#\/schema\/person\/9cd9d437bbb44f72b73ba127e06d8e79","name":"admin","image":{"@type":"ImageObject","inLanguage":"tr","@id":"https:\/\/secure.gravatar.com\/avatar\/ccc17943b9d660506c869530f897617f7cb1c21a4bf30023f252596d83e1f007?s=96&d=mm&r=g","url":"https:\/\/secure.gravatar.com\/avatar\/ccc17943b9d660506c869530f897617f7cb1c21a4bf30023f252596d83e1f007?s=96&d=mm&r=g","contentUrl":"https:\/\/secure.gravatar.com\/avatar\/ccc17943b9d660506c869530f897617f7cb1c21a4bf30023f252596d83e1f007?s=96&d=mm&r=g","caption":"admin"},"sameAs":["https:\/\/kibrisdakik.com"],"url":"https:\/\/kibrisdakik.com\/?author=1"}]}},"_links":{"self":[{"href":"https:\/\/kibrisdakik.com\/index.php?rest_route=\/wp\/v2\/posts\/90942","targetHints":{"allow":["GET"]}}],"collection":[{"href":"https:\/\/kibrisdakik.com\/index.php?rest_route=\/wp\/v2\/posts"}],"about":[{"href":"https:\/\/kibrisdakik.com\/index.php?rest_route=\/wp\/v2\/types\/post"}],"author":[{"embeddable":true,"href":"https:\/\/kibrisdakik.com\/index.php?rest_route=\/wp\/v2\/users\/1"}],"replies":[{"embeddable":true,"href":"https:\/\/kibrisdakik.com\/index.php?rest_route=%2Fwp%2Fv2%2Fcomments&post=90942"}],"version-history":[{"count":0,"href":"https:\/\/kibrisdakik.com\/index.php?rest_route=\/wp\/v2\/posts\/90942\/revisions"}],"wp:featuredmedia":[{"embeddable":true,"href":"https:\/\/kibrisdakik.com\/index.php?rest_route=\/wp\/v2\/media\/90943"}],"wp:attachment":[{"href":"https:\/\/kibrisdakik.com\/index.php?rest_route=%2Fwp%2Fv2%2Fmedia&parent=90942"}],"wp:term":[{"taxonomy":"category","embeddable":true,"href":"https:\/\/kibrisdakik.com\/index.php?rest_route=%2Fwp%2Fv2%2Fcategories&post=90942"},{"taxonomy":"post_tag","embeddable":true,"href":"https:\/\/kibrisdakik.com\/index.php?rest_route=%2Fwp%2Fv2%2Ftags&post=90942"}],"curies":[{"name":"wp","href":"https:\/\/api.w.org\/{rel}","templated":true}]}}