{"id":91332,"date":"2025-08-28T15:54:10","date_gmt":"2025-08-28T12:54:10","guid":{"rendered":"https:\/\/kibrisdakik.com\/index.php\/2025\/08\/28\/cumhurbaskani-erdogan-pakistan-basbakani-serif-ile-telefonda-gorustu\/"},"modified":"2025-08-28T15:54:10","modified_gmt":"2025-08-28T12:54:10","slug":"cumhurbaskani-erdogan-pakistan-basbakani-serif-ile-telefonda-gorustu","status":"publish","type":"post","link":"https:\/\/kibrisdakik.com\/?p=91332","title":{"rendered":"Cumhurba\u015fkan\u0131 Erdo\u011fan, Pakistan Ba\u015fbakan\u0131 \u015eerif ile telefonda g\u00f6r\u00fc\u015ft\u00fc"},"content":{"rendered":"<p><\/p>\n<div>\n<p>&#13;<br \/>\n\t\u0130leti\u015fim Ba\u015fkanl\u0131\u011f\u0131 taraf\u0131ndan yap\u0131lan a\u00e7\u0131klamaya g\u00f6re Cumhurba\u015fkan\u0131 Erdo\u011fan, Pakistan Ba\u015fbakan\u0131 \u015eahbaz \u015eerif ile bir telefon g\u00f6r\u00fc\u015fmesi ger\u00e7ekle\u015ftirdi. G\u00f6r\u00fc\u015fmede T\u00fcrkiye ile Pakistan ikili ili\u015fkileri, b\u00f6lgesel ve k\u00fcresel konular ele al\u0131nd\u0131.<\/p>\n<p>&#13;<br \/>\n\tA\u00e7\u0131klamada ayr\u0131ca \u015fu ifadelere yer verildi: &#8220;Cumhurba\u015fkan\u0131 Erdo\u011fan, Pakistan\u2019daki sel felaketi ve heyelanlarda ya\u015fanan kay\u0131plar nedeniyle, Ba\u015fbakan \u015eerif\u2019e taziye ve ge\u00e7mi\u015f olsun dileklerini iletti. Cumhurba\u015fkan\u0131m\u0131z g\u00f6r\u00fc\u015fmede, T\u00fcrkiye\u2019nin karde\u015f Pakistan halk\u0131n\u0131n yan\u0131nda oldu\u011funu, bir\u00e7ok b\u00f6lgede yard\u0131m faaliyetlerinin s\u00fcrd\u00fc\u011f\u00fcn\u00fc, daha kapsaml\u0131 destek i\u00e7in haz\u0131r oldu\u011funu belirtti.&#8221;<\/p>\n<\/p><\/div>\n","protected":false},"excerpt":{"rendered":"<p>&#13; \u0130leti\u015fim Ba\u015fkanl\u0131\u011f\u0131 taraf\u0131ndan yap\u0131lan a\u00e7\u0131klamaya g\u00f6re Cumhurba\u015fkan\u0131 Erdo\u011fan, Pakistan Ba\u015fbakan\u0131 \u015eahbaz \u015eerif ile bir telefon g\u00f6r\u00fc\u015fmesi ger\u00e7ekle\u015ftirdi. G\u00f6r\u00fc\u015fmede T\u00fcrkiye ile Pakistan ikili ili\u015fkileri, b\u00f6lgesel ve k\u00fcresel konular ele al\u0131nd\u0131. &#13; A\u00e7\u0131klamada ayr\u0131ca \u015fu ifadelere yer verildi: &#8220;Cumhurba\u015fkan\u0131 Erdo\u011fan, Pakistan\u2019daki sel felaketi ve heyelanlarda ya\u015fanan kay\u0131plar nedeniyle, Ba\u015fbakan \u015eerif\u2019e taziye ve ge\u00e7mi\u015f olsun dileklerini iletti.<\/p>\n","protected":false},"author":1,"featured_media":91333,"comment_status":"open","ping_status":"open","sticky":false,"template":"","format":"standard","meta":{"footnotes":""},"categories":[101,86],"tags":[],"class_list":["post-91332","post","type-post","status-publish","format-standard","has-post-thumbnail","hentry","category-manset","category-turkiye"],"yoast_head":"<!-- This site is optimized with the Yoast SEO plugin v27.4 - https:\/\/yoast.com\/product\/yoast-seo-wordpress\/ -->\n<title>Cumhurba\u015fkan\u0131 Erdo\u011fan, Pakistan Ba\u015fbakan\u0131 \u015eerif ile telefonda g\u00f6r\u00fc\u015ft\u00fc -<\/title>\n<meta name=\"robots\" content=\"index, follow, max-snippet:-1, max-image-preview:large, max-video-preview:-1\" \/>\n<link rel=\"canonical\" href=\"https:\/\/kibrisdakik.com\/?p=91332\" \/>\n<meta property=\"og:locale\" content=\"tr_TR\" \/>\n<meta property=\"og:type\" content=\"article\" \/>\n<meta property=\"og:title\" content=\"Cumhurba\u015fkan\u0131 Erdo\u011fan, Pakistan Ba\u015fbakan\u0131 \u015eerif ile telefonda g\u00f6r\u00fc\u015ft\u00fc -\" \/>\n<meta property=\"og:description\" content=\"&#013; \u0130leti\u015fim Ba\u015fkanl\u0131\u011f\u0131 taraf\u0131ndan yap\u0131lan a\u00e7\u0131klamaya g\u00f6re Cumhurba\u015fkan\u0131 Erdo\u011fan, Pakistan Ba\u015fbakan\u0131 \u015eahbaz \u015eerif ile bir telefon g\u00f6r\u00fc\u015fmesi ger\u00e7ekle\u015ftirdi. G\u00f6r\u00fc\u015fmede T\u00fcrkiye ile Pakistan ikili ili\u015fkileri, b\u00f6lgesel ve k\u00fcresel konular ele al\u0131nd\u0131. &#013; A\u00e7\u0131klamada ayr\u0131ca \u015fu ifadelere yer verildi: &#8220;Cumhurba\u015fkan\u0131 Erdo\u011fan, Pakistan\u2019daki sel felaketi ve heyelanlarda ya\u015fanan kay\u0131plar nedeniyle, Ba\u015fbakan \u015eerif\u2019e taziye ve ge\u00e7mi\u015f olsun dileklerini iletti.\" \/>\n<meta property=\"og:url\" content=\"https:\/\/kibrisdakik.com\/?p=91332\" \/>\n<meta property=\"article:published_time\" content=\"2025-08-28T12:54:10+00:00\" \/>\n<meta property=\"og:image\" content=\"https:\/\/kibrisdakik.com\/wp-content\/uploads\/2025\/08\/erdogan-serif-aa-2363778-740x420.jpg\" \/>\n\t<meta property=\"og:image:width\" content=\"1280\" \/>\n\t<meta property=\"og:image:height\" content=\"720\" \/>\n\t<meta property=\"og:image:type\" content=\"image\/jpeg\" \/>\n<meta name=\"author\" content=\"admin\" \/>\n<meta name=\"twitter:card\" content=\"summary_large_image\" \/>\n<meta name=\"twitter:label1\" content=\"Yazan:\" \/>\n\t<meta name=\"twitter:data1\" content=\"admin\" \/>\n\t<meta name=\"twitter:label2\" content=\"Tahmini okuma s\u00fcresi\" \/>\n\t<meta name=\"twitter:data2\" content=\"1 dakika\" \/>\n<script type=\"application\/ld+json\" class=\"yoast-schema-graph\">{\"@context\":\"https:\\\/\\\/schema.org\",\"@graph\":[{\"@type\":\"Article\",\"@id\":\"https:\\\/\\\/kibrisdakik.com\\\/?p=91332#article\",\"isPartOf\":{\"@id\":\"https:\\\/\\\/kibrisdakik.com\\\/?p=91332\"},\"author\":{\"name\":\"admin\",\"@id\":\"https:\\\/\\\/kibrisdakik.com\\\/#\\\/schema\\\/person\\\/9cd9d437bbb44f72b73ba127e06d8e79\"},\"headline\":\"Cumhurba\u015fkan\u0131 Erdo\u011fan, Pakistan Ba\u015fbakan\u0131 \u015eerif ile telefonda g\u00f6r\u00fc\u015ft\u00fc\",\"datePublished\":\"2025-08-28T12:54:10+00:00\",\"mainEntityOfPage\":{\"@id\":\"https:\\\/\\\/kibrisdakik.com\\\/?p=91332\"},\"wordCount\":135,\"commentCount\":0,\"image\":{\"@id\":\"https:\\\/\\\/kibrisdakik.com\\\/?p=91332#primaryimage\"},\"thumbnailUrl\":\"https:\\\/\\\/kibrisdakik.com\\\/wp-content\\\/uploads\\\/2025\\\/08\\\/erdogan-serif-aa-2363778-740x420.jpg\",\"articleSection\":[\"Man\u015fet\",\"T\u00fcrkiye\"],\"inLanguage\":\"tr\",\"potentialAction\":[{\"@type\":\"CommentAction\",\"name\":\"Comment\",\"target\":[\"https:\\\/\\\/kibrisdakik.com\\\/?p=91332#respond\"]}]},{\"@type\":\"WebPage\",\"@id\":\"https:\\\/\\\/kibrisdakik.com\\\/?p=91332\",\"url\":\"https:\\\/\\\/kibrisdakik.com\\\/?p=91332\",\"name\":\"Cumhurba\u015fkan\u0131 Erdo\u011fan, Pakistan Ba\u015fbakan\u0131 \u015eerif ile telefonda g\u00f6r\u00fc\u015ft\u00fc -\",\"isPartOf\":{\"@id\":\"https:\\\/\\\/kibrisdakik.com\\\/#website\"},\"primaryImageOfPage\":{\"@id\":\"https:\\\/\\\/kibrisdakik.com\\\/?p=91332#primaryimage\"},\"image\":{\"@id\":\"https:\\\/\\\/kibrisdakik.com\\\/?p=91332#primaryimage\"},\"thumbnailUrl\":\"https:\\\/\\\/kibrisdakik.com\\\/wp-content\\\/uploads\\\/2025\\\/08\\\/erdogan-serif-aa-2363778-740x420.jpg\",\"datePublished\":\"2025-08-28T12:54:10+00:00\",\"author\":{\"@id\":\"https:\\\/\\\/kibrisdakik.com\\\/#\\\/schema\\\/person\\\/9cd9d437bbb44f72b73ba127e06d8e79\"},\"breadcrumb\":{\"@id\":\"https:\\\/\\\/kibrisdakik.com\\\/?p=91332#breadcrumb\"},\"inLanguage\":\"tr\",\"potentialAction\":[{\"@type\":\"ReadAction\",\"target\":[\"https:\\\/\\\/kibrisdakik.com\\\/?p=91332\"]}]},{\"@type\":\"ImageObject\",\"inLanguage\":\"tr\",\"@id\":\"https:\\\/\\\/kibrisdakik.com\\\/?p=91332#primaryimage\",\"url\":\"https:\\\/\\\/kibrisdakik.com\\\/wp-content\\\/uploads\\\/2025\\\/08\\\/erdogan-serif-aa-2363778-740x420.jpg\",\"contentUrl\":\"https:\\\/\\\/kibrisdakik.com\\\/wp-content\\\/uploads\\\/2025\\\/08\\\/erdogan-serif-aa-2363778-740x420.jpg\",\"width\":1280,\"height\":720},{\"@type\":\"BreadcrumbList\",\"@id\":\"https:\\\/\\\/kibrisdakik.com\\\/?p=91332#breadcrumb\",\"itemListElement\":[{\"@type\":\"ListItem\",\"position\":1,\"name\":\"Home\",\"item\":\"https:\\\/\\\/kibrisdakik.com\\\/\"},{\"@type\":\"ListItem\",\"position\":2,\"name\":\"Cumhurba\u015fkan\u0131 Erdo\u011fan, Pakistan Ba\u015fbakan\u0131 \u015eerif ile telefonda g\u00f6r\u00fc\u015ft\u00fc\"}]},{\"@type\":\"WebSite\",\"@id\":\"https:\\\/\\\/kibrisdakik.com\\\/#website\",\"url\":\"https:\\\/\\\/kibrisdakik.com\\\/\",\"name\":\"\",\"description\":\"Tam vaktinde haber\",\"potentialAction\":[{\"@type\":\"SearchAction\",\"target\":{\"@type\":\"EntryPoint\",\"urlTemplate\":\"https:\\\/\\\/kibrisdakik.com\\\/?s={search_term_string}\"},\"query-input\":{\"@type\":\"PropertyValueSpecification\",\"valueRequired\":true,\"valueName\":\"search_term_string\"}}],\"inLanguage\":\"tr\"},{\"@type\":\"Person\",\"@id\":\"https:\\\/\\\/kibrisdakik.com\\\/#\\\/schema\\\/person\\\/9cd9d437bbb44f72b73ba127e06d8e79\",\"name\":\"admin\",\"image\":{\"@type\":\"ImageObject\",\"inLanguage\":\"tr\",\"@id\":\"https:\\\/\\\/secure.gravatar.com\\\/avatar\\\/ccc17943b9d660506c869530f897617f7cb1c21a4bf30023f252596d83e1f007?s=96&d=mm&r=g\",\"url\":\"https:\\\/\\\/secure.gravatar.com\\\/avatar\\\/ccc17943b9d660506c869530f897617f7cb1c21a4bf30023f252596d83e1f007?s=96&d=mm&r=g\",\"contentUrl\":\"https:\\\/\\\/secure.gravatar.com\\\/avatar\\\/ccc17943b9d660506c869530f897617f7cb1c21a4bf30023f252596d83e1f007?s=96&d=mm&r=g\",\"caption\":\"admin\"},\"sameAs\":[\"https:\\\/\\\/kibrisdakik.com\"],\"url\":\"https:\\\/\\\/kibrisdakik.com\\\/?author=1\"}]}<\/script>\n<!-- \/ Yoast SEO plugin. -->","yoast_head_json":{"title":"Cumhurba\u015fkan\u0131 Erdo\u011fan, Pakistan Ba\u015fbakan\u0131 \u015eerif ile telefonda g\u00f6r\u00fc\u015ft\u00fc -","robots":{"index":"index","follow":"follow","max-snippet":"max-snippet:-1","max-image-preview":"max-image-preview:large","max-video-preview":"max-video-preview:-1"},"canonical":"https:\/\/kibrisdakik.com\/?p=91332","og_locale":"tr_TR","og_type":"article","og_title":"Cumhurba\u015fkan\u0131 Erdo\u011fan, Pakistan Ba\u015fbakan\u0131 \u015eerif ile telefonda g\u00f6r\u00fc\u015ft\u00fc -","og_description":"&#13; \u0130leti\u015fim Ba\u015fkanl\u0131\u011f\u0131 taraf\u0131ndan yap\u0131lan a\u00e7\u0131klamaya g\u00f6re Cumhurba\u015fkan\u0131 Erdo\u011fan, Pakistan Ba\u015fbakan\u0131 \u015eahbaz \u015eerif ile bir telefon g\u00f6r\u00fc\u015fmesi ger\u00e7ekle\u015ftirdi. G\u00f6r\u00fc\u015fmede T\u00fcrkiye ile Pakistan ikili ili\u015fkileri, b\u00f6lgesel ve k\u00fcresel konular ele al\u0131nd\u0131. &#13; A\u00e7\u0131klamada ayr\u0131ca \u015fu ifadelere yer verildi: &#8220;Cumhurba\u015fkan\u0131 Erdo\u011fan, Pakistan\u2019daki sel felaketi ve heyelanlarda ya\u015fanan kay\u0131plar nedeniyle, Ba\u015fbakan \u015eerif\u2019e taziye ve ge\u00e7mi\u015f olsun dileklerini iletti.","og_url":"https:\/\/kibrisdakik.com\/?p=91332","article_published_time":"2025-08-28T12:54:10+00:00","og_image":[{"width":1280,"height":720,"url":"https:\/\/kibrisdakik.com\/wp-content\/uploads\/2025\/08\/erdogan-serif-aa-2363778-740x420.jpg","type":"image\/jpeg"}],"author":"admin","twitter_card":"summary_large_image","twitter_misc":{"Yazan:":"admin","Tahmini okuma s\u00fcresi":"1 dakika"},"schema":{"@context":"https:\/\/schema.org","@graph":[{"@type":"Article","@id":"https:\/\/kibrisdakik.com\/?p=91332#article","isPartOf":{"@id":"https:\/\/kibrisdakik.com\/?p=91332"},"author":{"name":"admin","@id":"https:\/\/kibrisdakik.com\/#\/schema\/person\/9cd9d437bbb44f72b73ba127e06d8e79"},"headline":"Cumhurba\u015fkan\u0131 Erdo\u011fan, Pakistan Ba\u015fbakan\u0131 \u015eerif ile telefonda g\u00f6r\u00fc\u015ft\u00fc","datePublished":"2025-08-28T12:54:10+00:00","mainEntityOfPage":{"@id":"https:\/\/kibrisdakik.com\/?p=91332"},"wordCount":135,"commentCount":0,"image":{"@id":"https:\/\/kibrisdakik.com\/?p=91332#primaryimage"},"thumbnailUrl":"https:\/\/kibrisdakik.com\/wp-content\/uploads\/2025\/08\/erdogan-serif-aa-2363778-740x420.jpg","articleSection":["Man\u015fet","T\u00fcrkiye"],"inLanguage":"tr","potentialAction":[{"@type":"CommentAction","name":"Comment","target":["https:\/\/kibrisdakik.com\/?p=91332#respond"]}]},{"@type":"WebPage","@id":"https:\/\/kibrisdakik.com\/?p=91332","url":"https:\/\/kibrisdakik.com\/?p=91332","name":"Cumhurba\u015fkan\u0131 Erdo\u011fan, Pakistan Ba\u015fbakan\u0131 \u015eerif ile telefonda g\u00f6r\u00fc\u015ft\u00fc -","isPartOf":{"@id":"https:\/\/kibrisdakik.com\/#website"},"primaryImageOfPage":{"@id":"https:\/\/kibrisdakik.com\/?p=91332#primaryimage"},"image":{"@id":"https:\/\/kibrisdakik.com\/?p=91332#primaryimage"},"thumbnailUrl":"https:\/\/kibrisdakik.com\/wp-content\/uploads\/2025\/08\/erdogan-serif-aa-2363778-740x420.jpg","datePublished":"2025-08-28T12:54:10+00:00","author":{"@id":"https:\/\/kibrisdakik.com\/#\/schema\/person\/9cd9d437bbb44f72b73ba127e06d8e79"},"breadcrumb":{"@id":"https:\/\/kibrisdakik.com\/?p=91332#breadcrumb"},"inLanguage":"tr","potentialAction":[{"@type":"ReadAction","target":["https:\/\/kibrisdakik.com\/?p=91332"]}]},{"@type":"ImageObject","inLanguage":"tr","@id":"https:\/\/kibrisdakik.com\/?p=91332#primaryimage","url":"https:\/\/kibrisdakik.com\/wp-content\/uploads\/2025\/08\/erdogan-serif-aa-2363778-740x420.jpg","contentUrl":"https:\/\/kibrisdakik.com\/wp-content\/uploads\/2025\/08\/erdogan-serif-aa-2363778-740x420.jpg","width":1280,"height":720},{"@type":"BreadcrumbList","@id":"https:\/\/kibrisdakik.com\/?p=91332#breadcrumb","itemListElement":[{"@type":"ListItem","position":1,"name":"Home","item":"https:\/\/kibrisdakik.com\/"},{"@type":"ListItem","position":2,"name":"Cumhurba\u015fkan\u0131 Erdo\u011fan, Pakistan Ba\u015fbakan\u0131 \u015eerif ile telefonda g\u00f6r\u00fc\u015ft\u00fc"}]},{"@type":"WebSite","@id":"https:\/\/kibrisdakik.com\/#website","url":"https:\/\/kibrisdakik.com\/","name":"","description":"Tam vaktinde haber","potentialAction":[{"@type":"SearchAction","target":{"@type":"EntryPoint","urlTemplate":"https:\/\/kibrisdakik.com\/?s={search_term_string}"},"query-input":{"@type":"PropertyValueSpecification","valueRequired":true,"valueName":"search_term_string"}}],"inLanguage":"tr"},{"@type":"Person","@id":"https:\/\/kibrisdakik.com\/#\/schema\/person\/9cd9d437bbb44f72b73ba127e06d8e79","name":"admin","image":{"@type":"ImageObject","inLanguage":"tr","@id":"https:\/\/secure.gravatar.com\/avatar\/ccc17943b9d660506c869530f897617f7cb1c21a4bf30023f252596d83e1f007?s=96&d=mm&r=g","url":"https:\/\/secure.gravatar.com\/avatar\/ccc17943b9d660506c869530f897617f7cb1c21a4bf30023f252596d83e1f007?s=96&d=mm&r=g","contentUrl":"https:\/\/secure.gravatar.com\/avatar\/ccc17943b9d660506c869530f897617f7cb1c21a4bf30023f252596d83e1f007?s=96&d=mm&r=g","caption":"admin"},"sameAs":["https:\/\/kibrisdakik.com"],"url":"https:\/\/kibrisdakik.com\/?author=1"}]}},"_links":{"self":[{"href":"https:\/\/kibrisdakik.com\/index.php?rest_route=\/wp\/v2\/posts\/91332","targetHints":{"allow":["GET"]}}],"collection":[{"href":"https:\/\/kibrisdakik.com\/index.php?rest_route=\/wp\/v2\/posts"}],"about":[{"href":"https:\/\/kibrisdakik.com\/index.php?rest_route=\/wp\/v2\/types\/post"}],"author":[{"embeddable":true,"href":"https:\/\/kibrisdakik.com\/index.php?rest_route=\/wp\/v2\/users\/1"}],"replies":[{"embeddable":true,"href":"https:\/\/kibrisdakik.com\/index.php?rest_route=%2Fwp%2Fv2%2Fcomments&post=91332"}],"version-history":[{"count":0,"href":"https:\/\/kibrisdakik.com\/index.php?rest_route=\/wp\/v2\/posts\/91332\/revisions"}],"wp:featuredmedia":[{"embeddable":true,"href":"https:\/\/kibrisdakik.com\/index.php?rest_route=\/wp\/v2\/media\/91333"}],"wp:attachment":[{"href":"https:\/\/kibrisdakik.com\/index.php?rest_route=%2Fwp%2Fv2%2Fmedia&parent=91332"}],"wp:term":[{"taxonomy":"category","embeddable":true,"href":"https:\/\/kibrisdakik.com\/index.php?rest_route=%2Fwp%2Fv2%2Fcategories&post=91332"},{"taxonomy":"post_tag","embeddable":true,"href":"https:\/\/kibrisdakik.com\/index.php?rest_route=%2Fwp%2Fv2%2Ftags&post=91332"}],"curies":[{"name":"wp","href":"https:\/\/api.w.org\/{rel}","templated":true}]}}