{"id":91360,"date":"2025-08-28T17:24:02","date_gmt":"2025-08-28T14:24:02","guid":{"rendered":"https:\/\/kibrisdakik.com\/index.php\/2025\/08\/28\/pardusun-yeni-surumu-okullarda-kullanilmaya-baslandi\/"},"modified":"2025-08-28T17:24:02","modified_gmt":"2025-08-28T14:24:02","slug":"pardusun-yeni-surumu-okullarda-kullanilmaya-baslandi","status":"publish","type":"post","link":"https:\/\/kibrisdakik.com\/?p=91360","title":{"rendered":"PARDUS&#8217;un yeni s\u00fcr\u00fcm\u00fc okullarda kullan\u0131lmaya ba\u015fland\u0131"},"content":{"rendered":"<p><\/p>\n<div>\n<p>&#13;<br \/>\n\tMilli E\u011fitim Bakanl\u0131\u011f\u0131&#8217;ndan yap\u0131lan a\u00e7\u0131klamada, &#8220;Kamuda A\u00e7\u0131k Kaynak Kodlu Yaz\u0131l\u0131m Kullan\u0131m\u0131 Genelgesi&#8221;nin, Cumhurba\u015fkan\u0131 Recep Tayyip Erdo\u011fan&#8217;\u0131n imzas\u0131yla Resmi Gazete&#8217;de yay\u0131mland\u0131\u011f\u0131, bu kapsamda MEB Yenilik ve E\u011fitim Teknolojileri Genel M\u00fcd\u00fcrl\u00fc\u011f\u00fc ile T\u00dcB\u0130TAK aras\u0131nda milli i\u015fletim sistemi PARDUS&#8217;un okullarda yayg\u0131nla\u015ft\u0131r\u0131lmas\u0131 amac\u0131yla s\u00f6zle\u015fme imzaland\u0131\u011f\u0131 an\u0131msat\u0131ld\u0131.<\/p>\n<p>&#13;<br \/>\n\tA\u00e7\u0131klamada, PARDUS&#8217;un en geni\u015f kullan\u0131c\u0131s\u0131 ve en b\u00fcy\u00fck payda\u015f\u0131 olan MEB \u00f6nc\u00fcl\u00fc\u011f\u00fcnde T\u00fcrkiye&#8217;nin dijital ba\u011f\u0131ms\u0131zl\u0131k hedefi do\u011frultusunda at\u0131lan ad\u0131mlar\u0131n h\u0131z kesmeden devam etti\u011fi, PARDUS&#8217;un yeni s\u00fcr\u00fcm\u00fc ETAP 23 i\u015fletim sisteminin Samsun&#8217;da ger\u00e7ekle\u015ftirilen pilot uygulamayla \u00fclke genelindeki ge\u00e7i\u015f ve yayg\u0131nla\u015ft\u0131rma s\u00fcrecinin ba\u015flat\u0131ld\u0131\u011f\u0131 bildirildi.<\/p>\n<p>&#13;<br \/>\n\tPilot uygulama kapsam\u0131nda yap\u0131lan okul ziyaretlerinde \u00f6\u011fretmenlerin dokunmatik uyumu, kullan\u0131m kolayl\u0131\u011f\u0131, kullan\u0131c\u0131 dostu temas\u0131, z-kitaplarla uyumu ve teknik destek gibi alanlarda olumlu geri bildirimler verdi\u011fi belirtilen a\u00e7\u0131klamada, pilot uygulamalar\u0131n ard\u0131ndan yeni nesil PARDUS ETAP 23 i\u015fletim sisteminin kademeli olarak 81 ildeki t\u00fcm etkile\u015fimli tahtalarda kullan\u0131laca\u011f\u0131 kaydedildi.<\/p>\n<h2>&#13;<br \/>\n\t&#8220;\u00d6\u011fretmenlerden gelen geri bildirimlerle geli\u015ftiriliyor&#8221;<\/h2>\n<p>&#13;<br \/>\n\tA\u00e7\u0131klamada, uygulamaya konulan yeni nesil PARDUS ETAP 23 i\u015fletim sisteminin mobil eri\u015fim kolayl\u0131\u011f\u0131, geli\u015fmi\u015f sanal klavye, ETA kalem, ETA yard\u0131m uygulamas\u0131, kapsaml\u0131 teneff\u00fcs modu, merkezi y\u00f6netim ve izleme, kullan\u0131c\u0131 sa\u011fl\u0131\u011f\u0131 odakl\u0131 tasar\u0131m, saya\u00e7, ekran karartma gibi \u00f6zelliklerinin yan\u0131 s\u0131ra PARDUS Yaz\u0131l\u0131m Merkezi arac\u0131l\u0131\u011f\u0131yla eri\u015filebilen binlerce e\u011fitsel uygulamay\u0131 i\u00e7erdi\u011fi ifade edildi.<\/p>\n<p>&#13;<br \/>\n\t\u00d6zg\u00fcr ve a\u00e7\u0131k kaynak kodlu i\u015fletim sistemi PARDUS&#8217;un e\u011fitimde sundu\u011fu \u00e7\u00f6z\u00fcmlere i\u015faret edilen a\u00e7\u0131klamada, \u015funlar kaydedildi:<\/p>\n<p>&#13;<br \/>\n\t&#8220;Etkile\u015fimli tahtalara \u00f6zel olarak tasarlanan PARDUS ETAP ve \u00f6\u011frenciler ile \u00f6\u011fretmenlerin ihtiya\u00e7lar\u0131na g\u00f6re \u015fekillenen PARDUS EDU, e\u011fitim teknolojilerinde yerli kaynaklar\u0131n etkin kullan\u0131m\u0131n\u0131 \u00f6nceliyor. Ofis ara\u00e7lar\u0131ndan internet taray\u0131c\u0131lar\u0131na, ses ve video oynat\u0131c\u0131lardan belge okuyuculara kadar kapsaml\u0131 e\u011fitim \u00f6zelliklerini bar\u0131nd\u0131ran PARDUS ETAP hakk\u0131nda detayl\u0131 bilgiye &#8216;www.etap.org.tr&#8217; adresinden ula\u015f\u0131labiliyor.<\/p>\n<p>&#13;<br \/>\n\tBili\u015fim s\u0131n\u0131flar\u0131 i\u00e7in e\u011fitsel masa\u00fcst\u00fc s\u00fcr\u00fcm\u00fc olan PARDUS EDU da \u00f6\u011fretmenlerden gelen geri bildirimler do\u011frultusunda geli\u015ftirilmeye ve kullan\u0131lmaya devam ediyor. Varsay\u0131lan olarak y\u00fckl\u00fc gelen 50&#8217;den fazla e\u011fitsel uygulama ile zenginle\u015ftirilen bu s\u00fcr\u00fcm, bili\u015fim s\u0131n\u0131flar\u0131nda etkili ve verimli bir \u00f6\u011frenme ortam\u0131 olu\u015fturmay\u0131 hedefliyor. PARDUS EDU&#8217;nun son s\u00fcr\u00fcm\u00fc hakk\u0131nda daha fazla bilgiye &#8216;pardus.org.tr\/pardus-21-4-egitim-surumu-yayimlandi&#8217; adresinden ula\u015f\u0131labiliyor.<\/p>\n<p>&#13;<br \/>\n\t\u00d6te yandan, PARDUS ekosisteminin \u00f6nemli bir par\u00e7as\u0131 olan PARDUS G\u00f6n\u00fcll\u00fc Platformu, sistem ile ilgili bilgi, makale ve topluluk etkile\u015fimleri i\u00e7in merkezi kaynak g\u00f6revi g\u00f6r\u00fcyor. Blog, geli\u015ftirici, genel, haberler, komut sat\u0131r\u0131, nas\u0131l yap\u0131l\u0131r ve uygulama tan\u0131t\u0131m\u0131 gibi zengin i\u00e7erik b\u00f6l\u00fcmleriyle kullan\u0131c\u0131lar\u0131n bilgiye kolayca ula\u015fmas\u0131n\u0131 ve toplulukla etkile\u015fim kurmas\u0131n\u0131 sa\u011fl\u0131yor. Platform, &#8216;gonullu.pardus.org.tr&#8217; adresinden ziyaret edilebiliyor.&#8221;<\/p>\n<\/p><\/div>\n","protected":false},"excerpt":{"rendered":"<p>&#13; Milli E\u011fitim Bakanl\u0131\u011f\u0131&#8217;ndan yap\u0131lan a\u00e7\u0131klamada, &#8220;Kamuda A\u00e7\u0131k Kaynak Kodlu Yaz\u0131l\u0131m Kullan\u0131m\u0131 Genelgesi&#8221;nin, Cumhurba\u015fkan\u0131 Recep Tayyip Erdo\u011fan&#8217;\u0131n imzas\u0131yla Resmi Gazete&#8217;de yay\u0131mland\u0131\u011f\u0131, bu kapsamda MEB Yenilik ve E\u011fitim Teknolojileri Genel M\u00fcd\u00fcrl\u00fc\u011f\u00fc ile T\u00dcB\u0130TAK aras\u0131nda milli i\u015fletim sistemi PARDUS&#8217;un okullarda yayg\u0131nla\u015ft\u0131r\u0131lmas\u0131 amac\u0131yla s\u00f6zle\u015fme imzaland\u0131\u011f\u0131 an\u0131msat\u0131ld\u0131. &#13; A\u00e7\u0131klamada, PARDUS&#8217;un en geni\u015f kullan\u0131c\u0131s\u0131 ve en b\u00fcy\u00fck payda\u015f\u0131 olan MEB<\/p>\n","protected":false},"author":1,"featured_media":91361,"comment_status":"open","ping_status":"open","sticky":false,"template":"","format":"standard","meta":{"footnotes":""},"categories":[101,86],"tags":[],"class_list":["post-91360","post","type-post","status-publish","format-standard","has-post-thumbnail","hentry","category-manset","category-turkiye"],"yoast_head":"<!-- This site is optimized with the Yoast SEO plugin v27.4 - https:\/\/yoast.com\/product\/yoast-seo-wordpress\/ -->\n<title>PARDUS&#039;un yeni s\u00fcr\u00fcm\u00fc okullarda kullan\u0131lmaya ba\u015fland\u0131 -<\/title>\n<meta name=\"robots\" content=\"index, follow, max-snippet:-1, max-image-preview:large, max-video-preview:-1\" \/>\n<link rel=\"canonical\" href=\"https:\/\/kibrisdakik.com\/?p=91360\" \/>\n<meta property=\"og:locale\" content=\"tr_TR\" \/>\n<meta property=\"og:type\" content=\"article\" \/>\n<meta property=\"og:title\" content=\"PARDUS&#039;un yeni s\u00fcr\u00fcm\u00fc okullarda kullan\u0131lmaya ba\u015fland\u0131 -\" \/>\n<meta property=\"og:description\" content=\"&#013; Milli E\u011fitim Bakanl\u0131\u011f\u0131&#8217;ndan yap\u0131lan a\u00e7\u0131klamada, &#8220;Kamuda A\u00e7\u0131k Kaynak Kodlu Yaz\u0131l\u0131m Kullan\u0131m\u0131 Genelgesi&#8221;nin, Cumhurba\u015fkan\u0131 Recep Tayyip Erdo\u011fan&#8217;\u0131n imzas\u0131yla Resmi Gazete&#8217;de yay\u0131mland\u0131\u011f\u0131, bu kapsamda MEB Yenilik ve E\u011fitim Teknolojileri Genel M\u00fcd\u00fcrl\u00fc\u011f\u00fc ile T\u00dcB\u0130TAK aras\u0131nda milli i\u015fletim sistemi PARDUS&#8217;un okullarda yayg\u0131nla\u015ft\u0131r\u0131lmas\u0131 amac\u0131yla s\u00f6zle\u015fme imzaland\u0131\u011f\u0131 an\u0131msat\u0131ld\u0131. &#013; A\u00e7\u0131klamada, PARDUS&#8217;un en geni\u015f kullan\u0131c\u0131s\u0131 ve en b\u00fcy\u00fck payda\u015f\u0131 olan MEB\" \/>\n<meta property=\"og:url\" content=\"https:\/\/kibrisdakik.com\/?p=91360\" \/>\n<meta property=\"article:published_time\" content=\"2025-08-28T14:24:02+00:00\" \/>\n<meta property=\"og:image\" content=\"https:\/\/kibrisdakik.com\/wp-content\/uploads\/2025\/08\/meb-okul-pardus-2384133-740x420.jpg\" \/>\n\t<meta property=\"og:image:width\" content=\"1280\" \/>\n\t<meta property=\"og:image:height\" content=\"720\" \/>\n\t<meta property=\"og:image:type\" content=\"image\/jpeg\" \/>\n<meta name=\"author\" content=\"admin\" \/>\n<meta name=\"twitter:card\" content=\"summary_large_image\" \/>\n<meta name=\"twitter:label1\" content=\"Yazan:\" \/>\n\t<meta name=\"twitter:data1\" content=\"admin\" \/>\n\t<meta name=\"twitter:label2\" content=\"Tahmini okuma s\u00fcresi\" \/>\n\t<meta name=\"twitter:data2\" content=\"3 dakika\" \/>\n<script type=\"application\/ld+json\" class=\"yoast-schema-graph\">{\"@context\":\"https:\\\/\\\/schema.org\",\"@graph\":[{\"@type\":\"Article\",\"@id\":\"https:\\\/\\\/kibrisdakik.com\\\/?p=91360#article\",\"isPartOf\":{\"@id\":\"https:\\\/\\\/kibrisdakik.com\\\/?p=91360\"},\"author\":{\"name\":\"admin\",\"@id\":\"https:\\\/\\\/kibrisdakik.com\\\/#\\\/schema\\\/person\\\/9cd9d437bbb44f72b73ba127e06d8e79\"},\"headline\":\"PARDUS&#8217;un yeni s\u00fcr\u00fcm\u00fc okullarda kullan\u0131lmaya ba\u015fland\u0131\",\"datePublished\":\"2025-08-28T14:24:02+00:00\",\"mainEntityOfPage\":{\"@id\":\"https:\\\/\\\/kibrisdakik.com\\\/?p=91360\"},\"wordCount\":542,\"commentCount\":0,\"image\":{\"@id\":\"https:\\\/\\\/kibrisdakik.com\\\/?p=91360#primaryimage\"},\"thumbnailUrl\":\"https:\\\/\\\/kibrisdakik.com\\\/wp-content\\\/uploads\\\/2025\\\/08\\\/meb-okul-pardus-2384133-740x420.jpg\",\"articleSection\":[\"Man\u015fet\",\"T\u00fcrkiye\"],\"inLanguage\":\"tr\",\"potentialAction\":[{\"@type\":\"CommentAction\",\"name\":\"Comment\",\"target\":[\"https:\\\/\\\/kibrisdakik.com\\\/?p=91360#respond\"]}]},{\"@type\":\"WebPage\",\"@id\":\"https:\\\/\\\/kibrisdakik.com\\\/?p=91360\",\"url\":\"https:\\\/\\\/kibrisdakik.com\\\/?p=91360\",\"name\":\"PARDUS'un yeni s\u00fcr\u00fcm\u00fc okullarda kullan\u0131lmaya ba\u015fland\u0131 -\",\"isPartOf\":{\"@id\":\"https:\\\/\\\/kibrisdakik.com\\\/#website\"},\"primaryImageOfPage\":{\"@id\":\"https:\\\/\\\/kibrisdakik.com\\\/?p=91360#primaryimage\"},\"image\":{\"@id\":\"https:\\\/\\\/kibrisdakik.com\\\/?p=91360#primaryimage\"},\"thumbnailUrl\":\"https:\\\/\\\/kibrisdakik.com\\\/wp-content\\\/uploads\\\/2025\\\/08\\\/meb-okul-pardus-2384133-740x420.jpg\",\"datePublished\":\"2025-08-28T14:24:02+00:00\",\"author\":{\"@id\":\"https:\\\/\\\/kibrisdakik.com\\\/#\\\/schema\\\/person\\\/9cd9d437bbb44f72b73ba127e06d8e79\"},\"breadcrumb\":{\"@id\":\"https:\\\/\\\/kibrisdakik.com\\\/?p=91360#breadcrumb\"},\"inLanguage\":\"tr\",\"potentialAction\":[{\"@type\":\"ReadAction\",\"target\":[\"https:\\\/\\\/kibrisdakik.com\\\/?p=91360\"]}]},{\"@type\":\"ImageObject\",\"inLanguage\":\"tr\",\"@id\":\"https:\\\/\\\/kibrisdakik.com\\\/?p=91360#primaryimage\",\"url\":\"https:\\\/\\\/kibrisdakik.com\\\/wp-content\\\/uploads\\\/2025\\\/08\\\/meb-okul-pardus-2384133-740x420.jpg\",\"contentUrl\":\"https:\\\/\\\/kibrisdakik.com\\\/wp-content\\\/uploads\\\/2025\\\/08\\\/meb-okul-pardus-2384133-740x420.jpg\",\"width\":1280,\"height\":720},{\"@type\":\"BreadcrumbList\",\"@id\":\"https:\\\/\\\/kibrisdakik.com\\\/?p=91360#breadcrumb\",\"itemListElement\":[{\"@type\":\"ListItem\",\"position\":1,\"name\":\"Home\",\"item\":\"https:\\\/\\\/kibrisdakik.com\\\/\"},{\"@type\":\"ListItem\",\"position\":2,\"name\":\"PARDUS&#8217;un yeni s\u00fcr\u00fcm\u00fc okullarda kullan\u0131lmaya ba\u015fland\u0131\"}]},{\"@type\":\"WebSite\",\"@id\":\"https:\\\/\\\/kibrisdakik.com\\\/#website\",\"url\":\"https:\\\/\\\/kibrisdakik.com\\\/\",\"name\":\"\",\"description\":\"Tam vaktinde haber\",\"potentialAction\":[{\"@type\":\"SearchAction\",\"target\":{\"@type\":\"EntryPoint\",\"urlTemplate\":\"https:\\\/\\\/kibrisdakik.com\\\/?s={search_term_string}\"},\"query-input\":{\"@type\":\"PropertyValueSpecification\",\"valueRequired\":true,\"valueName\":\"search_term_string\"}}],\"inLanguage\":\"tr\"},{\"@type\":\"Person\",\"@id\":\"https:\\\/\\\/kibrisdakik.com\\\/#\\\/schema\\\/person\\\/9cd9d437bbb44f72b73ba127e06d8e79\",\"name\":\"admin\",\"image\":{\"@type\":\"ImageObject\",\"inLanguage\":\"tr\",\"@id\":\"https:\\\/\\\/secure.gravatar.com\\\/avatar\\\/ccc17943b9d660506c869530f897617f7cb1c21a4bf30023f252596d83e1f007?s=96&d=mm&r=g\",\"url\":\"https:\\\/\\\/secure.gravatar.com\\\/avatar\\\/ccc17943b9d660506c869530f897617f7cb1c21a4bf30023f252596d83e1f007?s=96&d=mm&r=g\",\"contentUrl\":\"https:\\\/\\\/secure.gravatar.com\\\/avatar\\\/ccc17943b9d660506c869530f897617f7cb1c21a4bf30023f252596d83e1f007?s=96&d=mm&r=g\",\"caption\":\"admin\"},\"sameAs\":[\"https:\\\/\\\/kibrisdakik.com\"],\"url\":\"https:\\\/\\\/kibrisdakik.com\\\/?author=1\"}]}<\/script>\n<!-- \/ Yoast SEO plugin. -->","yoast_head_json":{"title":"PARDUS'un yeni s\u00fcr\u00fcm\u00fc okullarda kullan\u0131lmaya ba\u015fland\u0131 -","robots":{"index":"index","follow":"follow","max-snippet":"max-snippet:-1","max-image-preview":"max-image-preview:large","max-video-preview":"max-video-preview:-1"},"canonical":"https:\/\/kibrisdakik.com\/?p=91360","og_locale":"tr_TR","og_type":"article","og_title":"PARDUS'un yeni s\u00fcr\u00fcm\u00fc okullarda kullan\u0131lmaya ba\u015fland\u0131 -","og_description":"&#13; Milli E\u011fitim Bakanl\u0131\u011f\u0131&#8217;ndan yap\u0131lan a\u00e7\u0131klamada, &#8220;Kamuda A\u00e7\u0131k Kaynak Kodlu Yaz\u0131l\u0131m Kullan\u0131m\u0131 Genelgesi&#8221;nin, Cumhurba\u015fkan\u0131 Recep Tayyip Erdo\u011fan&#8217;\u0131n imzas\u0131yla Resmi Gazete&#8217;de yay\u0131mland\u0131\u011f\u0131, bu kapsamda MEB Yenilik ve E\u011fitim Teknolojileri Genel M\u00fcd\u00fcrl\u00fc\u011f\u00fc ile T\u00dcB\u0130TAK aras\u0131nda milli i\u015fletim sistemi PARDUS&#8217;un okullarda yayg\u0131nla\u015ft\u0131r\u0131lmas\u0131 amac\u0131yla s\u00f6zle\u015fme imzaland\u0131\u011f\u0131 an\u0131msat\u0131ld\u0131. &#13; A\u00e7\u0131klamada, PARDUS&#8217;un en geni\u015f kullan\u0131c\u0131s\u0131 ve en b\u00fcy\u00fck payda\u015f\u0131 olan MEB","og_url":"https:\/\/kibrisdakik.com\/?p=91360","article_published_time":"2025-08-28T14:24:02+00:00","og_image":[{"width":1280,"height":720,"url":"https:\/\/kibrisdakik.com\/wp-content\/uploads\/2025\/08\/meb-okul-pardus-2384133-740x420.jpg","type":"image\/jpeg"}],"author":"admin","twitter_card":"summary_large_image","twitter_misc":{"Yazan:":"admin","Tahmini okuma s\u00fcresi":"3 dakika"},"schema":{"@context":"https:\/\/schema.org","@graph":[{"@type":"Article","@id":"https:\/\/kibrisdakik.com\/?p=91360#article","isPartOf":{"@id":"https:\/\/kibrisdakik.com\/?p=91360"},"author":{"name":"admin","@id":"https:\/\/kibrisdakik.com\/#\/schema\/person\/9cd9d437bbb44f72b73ba127e06d8e79"},"headline":"PARDUS&#8217;un yeni s\u00fcr\u00fcm\u00fc okullarda kullan\u0131lmaya ba\u015fland\u0131","datePublished":"2025-08-28T14:24:02+00:00","mainEntityOfPage":{"@id":"https:\/\/kibrisdakik.com\/?p=91360"},"wordCount":542,"commentCount":0,"image":{"@id":"https:\/\/kibrisdakik.com\/?p=91360#primaryimage"},"thumbnailUrl":"https:\/\/kibrisdakik.com\/wp-content\/uploads\/2025\/08\/meb-okul-pardus-2384133-740x420.jpg","articleSection":["Man\u015fet","T\u00fcrkiye"],"inLanguage":"tr","potentialAction":[{"@type":"CommentAction","name":"Comment","target":["https:\/\/kibrisdakik.com\/?p=91360#respond"]}]},{"@type":"WebPage","@id":"https:\/\/kibrisdakik.com\/?p=91360","url":"https:\/\/kibrisdakik.com\/?p=91360","name":"PARDUS'un yeni s\u00fcr\u00fcm\u00fc okullarda kullan\u0131lmaya ba\u015fland\u0131 -","isPartOf":{"@id":"https:\/\/kibrisdakik.com\/#website"},"primaryImageOfPage":{"@id":"https:\/\/kibrisdakik.com\/?p=91360#primaryimage"},"image":{"@id":"https:\/\/kibrisdakik.com\/?p=91360#primaryimage"},"thumbnailUrl":"https:\/\/kibrisdakik.com\/wp-content\/uploads\/2025\/08\/meb-okul-pardus-2384133-740x420.jpg","datePublished":"2025-08-28T14:24:02+00:00","author":{"@id":"https:\/\/kibrisdakik.com\/#\/schema\/person\/9cd9d437bbb44f72b73ba127e06d8e79"},"breadcrumb":{"@id":"https:\/\/kibrisdakik.com\/?p=91360#breadcrumb"},"inLanguage":"tr","potentialAction":[{"@type":"ReadAction","target":["https:\/\/kibrisdakik.com\/?p=91360"]}]},{"@type":"ImageObject","inLanguage":"tr","@id":"https:\/\/kibrisdakik.com\/?p=91360#primaryimage","url":"https:\/\/kibrisdakik.com\/wp-content\/uploads\/2025\/08\/meb-okul-pardus-2384133-740x420.jpg","contentUrl":"https:\/\/kibrisdakik.com\/wp-content\/uploads\/2025\/08\/meb-okul-pardus-2384133-740x420.jpg","width":1280,"height":720},{"@type":"BreadcrumbList","@id":"https:\/\/kibrisdakik.com\/?p=91360#breadcrumb","itemListElement":[{"@type":"ListItem","position":1,"name":"Home","item":"https:\/\/kibrisdakik.com\/"},{"@type":"ListItem","position":2,"name":"PARDUS&#8217;un yeni s\u00fcr\u00fcm\u00fc okullarda kullan\u0131lmaya ba\u015fland\u0131"}]},{"@type":"WebSite","@id":"https:\/\/kibrisdakik.com\/#website","url":"https:\/\/kibrisdakik.com\/","name":"","description":"Tam vaktinde haber","potentialAction":[{"@type":"SearchAction","target":{"@type":"EntryPoint","urlTemplate":"https:\/\/kibrisdakik.com\/?s={search_term_string}"},"query-input":{"@type":"PropertyValueSpecification","valueRequired":true,"valueName":"search_term_string"}}],"inLanguage":"tr"},{"@type":"Person","@id":"https:\/\/kibrisdakik.com\/#\/schema\/person\/9cd9d437bbb44f72b73ba127e06d8e79","name":"admin","image":{"@type":"ImageObject","inLanguage":"tr","@id":"https:\/\/secure.gravatar.com\/avatar\/ccc17943b9d660506c869530f897617f7cb1c21a4bf30023f252596d83e1f007?s=96&d=mm&r=g","url":"https:\/\/secure.gravatar.com\/avatar\/ccc17943b9d660506c869530f897617f7cb1c21a4bf30023f252596d83e1f007?s=96&d=mm&r=g","contentUrl":"https:\/\/secure.gravatar.com\/avatar\/ccc17943b9d660506c869530f897617f7cb1c21a4bf30023f252596d83e1f007?s=96&d=mm&r=g","caption":"admin"},"sameAs":["https:\/\/kibrisdakik.com"],"url":"https:\/\/kibrisdakik.com\/?author=1"}]}},"_links":{"self":[{"href":"https:\/\/kibrisdakik.com\/index.php?rest_route=\/wp\/v2\/posts\/91360","targetHints":{"allow":["GET"]}}],"collection":[{"href":"https:\/\/kibrisdakik.com\/index.php?rest_route=\/wp\/v2\/posts"}],"about":[{"href":"https:\/\/kibrisdakik.com\/index.php?rest_route=\/wp\/v2\/types\/post"}],"author":[{"embeddable":true,"href":"https:\/\/kibrisdakik.com\/index.php?rest_route=\/wp\/v2\/users\/1"}],"replies":[{"embeddable":true,"href":"https:\/\/kibrisdakik.com\/index.php?rest_route=%2Fwp%2Fv2%2Fcomments&post=91360"}],"version-history":[{"count":0,"href":"https:\/\/kibrisdakik.com\/index.php?rest_route=\/wp\/v2\/posts\/91360\/revisions"}],"wp:featuredmedia":[{"embeddable":true,"href":"https:\/\/kibrisdakik.com\/index.php?rest_route=\/wp\/v2\/media\/91361"}],"wp:attachment":[{"href":"https:\/\/kibrisdakik.com\/index.php?rest_route=%2Fwp%2Fv2%2Fmedia&parent=91360"}],"wp:term":[{"taxonomy":"category","embeddable":true,"href":"https:\/\/kibrisdakik.com\/index.php?rest_route=%2Fwp%2Fv2%2Fcategories&post=91360"},{"taxonomy":"post_tag","embeddable":true,"href":"https:\/\/kibrisdakik.com\/index.php?rest_route=%2Fwp%2Fv2%2Ftags&post=91360"}],"curies":[{"name":"wp","href":"https:\/\/api.w.org\/{rel}","templated":true}]}}