{"id":91524,"date":"2025-08-29T10:33:16","date_gmt":"2025-08-29T07:33:16","guid":{"rendered":"https:\/\/kibrisdakik.com\/index.php\/2025\/08\/29\/tatar-yangina-3-dakikada-mudahale-edildi\/"},"modified":"2025-08-29T10:33:16","modified_gmt":"2025-08-29T07:33:16","slug":"tatar-yangina-3-dakikada-mudahale-edildi","status":"publish","type":"post","link":"https:\/\/kibrisdakik.com\/?p=91524","title":{"rendered":"TATAR: \u201cYANGINA 3 DAK\u0130KADA M\u00dcDAHALE ED\u0130LD\u0130\u201d"},"content":{"rendered":"<p> <br \/>\n<br \/><\/p>\n<div data-text-id=\"183439\" property=\"articleBody\">\n<p>Cumhurba\u015fkan\u0131 Ersin Tatar, Lefko\u015fa\u2019da Sanayi B\u00f6lgesinde, G\u00fcmr\u00fck ve R\u00fcsumat Dairesi&#8217;ne ait antrepo olarak kullan\u0131lan alanda \u00e7\u0131kan yang\u0131nla ilgili d\u00fcn Maliye Bakan\u0131 \u00d6zdemir Berova ile bir araya gelerek bilgi ald\u0131.<\/p>\n<p>Cumhurba\u015fkanl\u0131\u011f\u0131\u2019ndan yap\u0131lan a\u00e7\u0131klamaya g\u00f6re, Tatar yapt\u0131\u011f\u0131 a\u00e7\u0131klamada, G\u00fcmr\u00fck ve R\u00fcsumat Dairesi&#8217;ne ait antrepo olarak kullan\u0131lan alanda \u00e7\u0131kan yang\u0131n haberini sabah\u0131n erken saatlerinde ald\u0131\u011f\u0131n\u0131 belirterek, bek\u00e7inin yang\u0131n\u0131 fark edip itfaiyeye aktarmas\u0131 sonucu yang\u0131na \u00fc\u00e7 dakika i\u00e7erisinde m\u00fcdahale edildi\u011fini s\u00f6yledi.<\/p>\n<p>Bek\u00e7i ve itfaiye ekiplerini h\u0131zl\u0131 m\u00fcdahalesinden dolay\u0131 tebrik eden Tatar, yang\u0131nla ilgili polis soru\u015fturmas\u0131n\u0131n s\u00fcrd\u00fc\u011f\u00fcn\u00fc ifade etti.<\/p>\n<p>Kuzey K\u0131br\u0131s T\u00fcrk Cumhuriyeti\u2019nin e-devlete ge\u00e7mesiyle evraklar\u0131n dijital ortamda sakland\u0131\u011f\u0131n\u0131 dile getiren Cumhurba\u015fkan\u0131 Tatar, yang\u0131nda hasar g\u00f6renlerle ilgili gerekli evraklar\u0131n kay\u0131t alt\u0131nda olmas\u0131n\u0131n \u00f6nemine dikkat \u00e7ekti.<\/p>\n<p>Maliye Bakanl\u0131\u011f\u0131\u2019na ba\u011fl\u0131 G\u00fcmr\u00fck ve R\u00fcsumat Dairesi\u2019nin ekonomideki \u00f6nemine i\u015faret eden Tatar, daire \u00e7al\u0131\u015fanlar\u0131na ge\u00e7mi\u015f olsun dileklerinde bulundu.<\/p>\n<\/p><\/div>\n<p><br \/>\n<br \/><a href=\"[kibrisdakik.com]\n<\/p>\n","protected":false},"excerpt":{"rendered":"<p>Cumhurba\u015fkan\u0131 Ersin Tatar, Lefko\u015fa\u2019da Sanayi B\u00f6lgesinde, G\u00fcmr\u00fck ve R\u00fcsumat Dairesi&#8217;ne ait antrepo olarak kullan\u0131lan alanda \u00e7\u0131kan yang\u0131nla ilgili d\u00fcn Maliye Bakan\u0131 \u00d6zdemir Berova ile bir araya gelerek bilgi ald\u0131. Cumhurba\u015fkanl\u0131\u011f\u0131\u2019ndan yap\u0131lan a\u00e7\u0131klamaya g\u00f6re, Tatar yapt\u0131\u011f\u0131 a\u00e7\u0131klamada, G\u00fcmr\u00fck ve R\u00fcsumat Dairesi&#8217;ne ait antrepo olarak kullan\u0131lan alanda \u00e7\u0131kan yang\u0131n haberini sabah\u0131n erken saatlerinde ald\u0131\u011f\u0131n\u0131 belirterek, bek\u00e7inin yang\u0131n\u0131<\/p>\n","protected":false},"author":1,"featured_media":91525,"comment_status":"open","ping_status":"open","sticky":false,"template":"","format":"standard","meta":{"footnotes":""},"categories":[81,101],"tags":[],"class_list":["post-91524","post","type-post","status-publish","format-standard","has-post-thumbnail","hentry","category-kibris","category-manset"],"yoast_head":"<!-- This site is optimized with the Yoast SEO plugin v27.4 - https:\/\/yoast.com\/product\/yoast-seo-wordpress\/ -->\n<title>TATAR: \u201cYANGINA 3 DAK\u0130KADA M\u00dcDAHALE ED\u0130LD\u0130\u201d -<\/title>\n<meta name=\"robots\" content=\"index, follow, max-snippet:-1, max-image-preview:large, max-video-preview:-1\" \/>\n<link rel=\"canonical\" href=\"https:\/\/kibrisdakik.com\/?p=91524\" \/>\n<meta property=\"og:locale\" content=\"tr_TR\" \/>\n<meta property=\"og:type\" content=\"article\" \/>\n<meta property=\"og:title\" content=\"TATAR: \u201cYANGINA 3 DAK\u0130KADA M\u00dcDAHALE ED\u0130LD\u0130\u201d -\" \/>\n<meta property=\"og:description\" content=\"Cumhurba\u015fkan\u0131 Ersin Tatar, Lefko\u015fa\u2019da Sanayi B\u00f6lgesinde, G\u00fcmr\u00fck ve R\u00fcsumat Dairesi&#8217;ne ait antrepo olarak kullan\u0131lan alanda \u00e7\u0131kan yang\u0131nla ilgili d\u00fcn Maliye Bakan\u0131 \u00d6zdemir Berova ile bir araya gelerek bilgi ald\u0131. Cumhurba\u015fkanl\u0131\u011f\u0131\u2019ndan yap\u0131lan a\u00e7\u0131klamaya g\u00f6re, Tatar yapt\u0131\u011f\u0131 a\u00e7\u0131klamada, G\u00fcmr\u00fck ve R\u00fcsumat Dairesi&#8217;ne ait antrepo olarak kullan\u0131lan alanda \u00e7\u0131kan yang\u0131n haberini sabah\u0131n erken saatlerinde ald\u0131\u011f\u0131n\u0131 belirterek, bek\u00e7inin yang\u0131n\u0131\" \/>\n<meta property=\"og:url\" content=\"https:\/\/kibrisdakik.com\/?p=91524\" \/>\n<meta property=\"article:published_time\" content=\"2025-08-29T07:33:16+00:00\" \/>\n<meta property=\"og:image\" content=\"https:\/\/kibrisdakik.com\/wp-content\/uploads\/2025\/08\/mha-519-740x420.png\" \/>\n\t<meta property=\"og:image:width\" content=\"1280\" \/>\n\t<meta property=\"og:image:height\" content=\"720\" \/>\n\t<meta property=\"og:image:type\" content=\"image\/png\" \/>\n<meta name=\"author\" content=\"admin\" \/>\n<meta name=\"twitter:card\" content=\"summary_large_image\" \/>\n<meta name=\"twitter:label1\" content=\"Yazan:\" \/>\n\t<meta name=\"twitter:data1\" content=\"admin\" \/>\n\t<meta name=\"twitter:label2\" content=\"Tahmini okuma s\u00fcresi\" \/>\n\t<meta name=\"twitter:data2\" content=\"1 dakika\" \/>\n<script type=\"application\/ld+json\" class=\"yoast-schema-graph\">{\"@context\":\"https:\\\/\\\/schema.org\",\"@graph\":[{\"@type\":\"Article\",\"@id\":\"https:\\\/\\\/kibrisdakik.com\\\/?p=91524#article\",\"isPartOf\":{\"@id\":\"https:\\\/\\\/kibrisdakik.com\\\/?p=91524\"},\"author\":{\"name\":\"admin\",\"@id\":\"https:\\\/\\\/kibrisdakik.com\\\/#\\\/schema\\\/person\\\/9cd9d437bbb44f72b73ba127e06d8e79\"},\"headline\":\"TATAR: \u201cYANGINA 3 DAK\u0130KADA M\u00dcDAHALE ED\u0130LD\u0130\u201d\",\"datePublished\":\"2025-08-29T07:33:16+00:00\",\"mainEntityOfPage\":{\"@id\":\"https:\\\/\\\/kibrisdakik.com\\\/?p=91524\"},\"wordCount\":201,\"commentCount\":0,\"image\":{\"@id\":\"https:\\\/\\\/kibrisdakik.com\\\/?p=91524#primaryimage\"},\"thumbnailUrl\":\"https:\\\/\\\/kibrisdakik.com\\\/wp-content\\\/uploads\\\/2025\\\/08\\\/mha-519-740x420.png\",\"articleSection\":[\"K\u0131br\u0131s\",\"Man\u015fet\"],\"inLanguage\":\"tr\",\"potentialAction\":[{\"@type\":\"CommentAction\",\"name\":\"Comment\",\"target\":[\"https:\\\/\\\/kibrisdakik.com\\\/?p=91524#respond\"]}]},{\"@type\":\"WebPage\",\"@id\":\"https:\\\/\\\/kibrisdakik.com\\\/?p=91524\",\"url\":\"https:\\\/\\\/kibrisdakik.com\\\/?p=91524\",\"name\":\"TATAR: \u201cYANGINA 3 DAK\u0130KADA M\u00dcDAHALE ED\u0130LD\u0130\u201d -\",\"isPartOf\":{\"@id\":\"https:\\\/\\\/kibrisdakik.com\\\/#website\"},\"primaryImageOfPage\":{\"@id\":\"https:\\\/\\\/kibrisdakik.com\\\/?p=91524#primaryimage\"},\"image\":{\"@id\":\"https:\\\/\\\/kibrisdakik.com\\\/?p=91524#primaryimage\"},\"thumbnailUrl\":\"https:\\\/\\\/kibrisdakik.com\\\/wp-content\\\/uploads\\\/2025\\\/08\\\/mha-519-740x420.png\",\"datePublished\":\"2025-08-29T07:33:16+00:00\",\"author\":{\"@id\":\"https:\\\/\\\/kibrisdakik.com\\\/#\\\/schema\\\/person\\\/9cd9d437bbb44f72b73ba127e06d8e79\"},\"breadcrumb\":{\"@id\":\"https:\\\/\\\/kibrisdakik.com\\\/?p=91524#breadcrumb\"},\"inLanguage\":\"tr\",\"potentialAction\":[{\"@type\":\"ReadAction\",\"target\":[\"https:\\\/\\\/kibrisdakik.com\\\/?p=91524\"]}]},{\"@type\":\"ImageObject\",\"inLanguage\":\"tr\",\"@id\":\"https:\\\/\\\/kibrisdakik.com\\\/?p=91524#primaryimage\",\"url\":\"https:\\\/\\\/kibrisdakik.com\\\/wp-content\\\/uploads\\\/2025\\\/08\\\/mha-519-740x420.png\",\"contentUrl\":\"https:\\\/\\\/kibrisdakik.com\\\/wp-content\\\/uploads\\\/2025\\\/08\\\/mha-519-740x420.png\",\"width\":1280,\"height\":720},{\"@type\":\"BreadcrumbList\",\"@id\":\"https:\\\/\\\/kibrisdakik.com\\\/?p=91524#breadcrumb\",\"itemListElement\":[{\"@type\":\"ListItem\",\"position\":1,\"name\":\"Home\",\"item\":\"https:\\\/\\\/kibrisdakik.com\\\/\"},{\"@type\":\"ListItem\",\"position\":2,\"name\":\"TATAR: \u201cYANGINA 3 DAK\u0130KADA M\u00dcDAHALE ED\u0130LD\u0130\u201d\"}]},{\"@type\":\"WebSite\",\"@id\":\"https:\\\/\\\/kibrisdakik.com\\\/#website\",\"url\":\"https:\\\/\\\/kibrisdakik.com\\\/\",\"name\":\"\",\"description\":\"Tam vaktinde haber\",\"potentialAction\":[{\"@type\":\"SearchAction\",\"target\":{\"@type\":\"EntryPoint\",\"urlTemplate\":\"https:\\\/\\\/kibrisdakik.com\\\/?s={search_term_string}\"},\"query-input\":{\"@type\":\"PropertyValueSpecification\",\"valueRequired\":true,\"valueName\":\"search_term_string\"}}],\"inLanguage\":\"tr\"},{\"@type\":\"Person\",\"@id\":\"https:\\\/\\\/kibrisdakik.com\\\/#\\\/schema\\\/person\\\/9cd9d437bbb44f72b73ba127e06d8e79\",\"name\":\"admin\",\"image\":{\"@type\":\"ImageObject\",\"inLanguage\":\"tr\",\"@id\":\"https:\\\/\\\/secure.gravatar.com\\\/avatar\\\/ccc17943b9d660506c869530f897617f7cb1c21a4bf30023f252596d83e1f007?s=96&d=mm&r=g\",\"url\":\"https:\\\/\\\/secure.gravatar.com\\\/avatar\\\/ccc17943b9d660506c869530f897617f7cb1c21a4bf30023f252596d83e1f007?s=96&d=mm&r=g\",\"contentUrl\":\"https:\\\/\\\/secure.gravatar.com\\\/avatar\\\/ccc17943b9d660506c869530f897617f7cb1c21a4bf30023f252596d83e1f007?s=96&d=mm&r=g\",\"caption\":\"admin\"},\"sameAs\":[\"https:\\\/\\\/kibrisdakik.com\"],\"url\":\"https:\\\/\\\/kibrisdakik.com\\\/?author=1\"}]}<\/script>\n<!-- \/ Yoast SEO plugin. -->","yoast_head_json":{"title":"TATAR: \u201cYANGINA 3 DAK\u0130KADA M\u00dcDAHALE ED\u0130LD\u0130\u201d -","robots":{"index":"index","follow":"follow","max-snippet":"max-snippet:-1","max-image-preview":"max-image-preview:large","max-video-preview":"max-video-preview:-1"},"canonical":"https:\/\/kibrisdakik.com\/?p=91524","og_locale":"tr_TR","og_type":"article","og_title":"TATAR: \u201cYANGINA 3 DAK\u0130KADA M\u00dcDAHALE ED\u0130LD\u0130\u201d -","og_description":"Cumhurba\u015fkan\u0131 Ersin Tatar, Lefko\u015fa\u2019da Sanayi B\u00f6lgesinde, G\u00fcmr\u00fck ve R\u00fcsumat Dairesi&#8217;ne ait antrepo olarak kullan\u0131lan alanda \u00e7\u0131kan yang\u0131nla ilgili d\u00fcn Maliye Bakan\u0131 \u00d6zdemir Berova ile bir araya gelerek bilgi ald\u0131. Cumhurba\u015fkanl\u0131\u011f\u0131\u2019ndan yap\u0131lan a\u00e7\u0131klamaya g\u00f6re, Tatar yapt\u0131\u011f\u0131 a\u00e7\u0131klamada, G\u00fcmr\u00fck ve R\u00fcsumat Dairesi&#8217;ne ait antrepo olarak kullan\u0131lan alanda \u00e7\u0131kan yang\u0131n haberini sabah\u0131n erken saatlerinde ald\u0131\u011f\u0131n\u0131 belirterek, bek\u00e7inin yang\u0131n\u0131","og_url":"https:\/\/kibrisdakik.com\/?p=91524","article_published_time":"2025-08-29T07:33:16+00:00","og_image":[{"width":1280,"height":720,"url":"https:\/\/kibrisdakik.com\/wp-content\/uploads\/2025\/08\/mha-519-740x420.png","type":"image\/png"}],"author":"admin","twitter_card":"summary_large_image","twitter_misc":{"Yazan:":"admin","Tahmini okuma s\u00fcresi":"1 dakika"},"schema":{"@context":"https:\/\/schema.org","@graph":[{"@type":"Article","@id":"https:\/\/kibrisdakik.com\/?p=91524#article","isPartOf":{"@id":"https:\/\/kibrisdakik.com\/?p=91524"},"author":{"name":"admin","@id":"https:\/\/kibrisdakik.com\/#\/schema\/person\/9cd9d437bbb44f72b73ba127e06d8e79"},"headline":"TATAR: \u201cYANGINA 3 DAK\u0130KADA M\u00dcDAHALE ED\u0130LD\u0130\u201d","datePublished":"2025-08-29T07:33:16+00:00","mainEntityOfPage":{"@id":"https:\/\/kibrisdakik.com\/?p=91524"},"wordCount":201,"commentCount":0,"image":{"@id":"https:\/\/kibrisdakik.com\/?p=91524#primaryimage"},"thumbnailUrl":"https:\/\/kibrisdakik.com\/wp-content\/uploads\/2025\/08\/mha-519-740x420.png","articleSection":["K\u0131br\u0131s","Man\u015fet"],"inLanguage":"tr","potentialAction":[{"@type":"CommentAction","name":"Comment","target":["https:\/\/kibrisdakik.com\/?p=91524#respond"]}]},{"@type":"WebPage","@id":"https:\/\/kibrisdakik.com\/?p=91524","url":"https:\/\/kibrisdakik.com\/?p=91524","name":"TATAR: \u201cYANGINA 3 DAK\u0130KADA M\u00dcDAHALE ED\u0130LD\u0130\u201d -","isPartOf":{"@id":"https:\/\/kibrisdakik.com\/#website"},"primaryImageOfPage":{"@id":"https:\/\/kibrisdakik.com\/?p=91524#primaryimage"},"image":{"@id":"https:\/\/kibrisdakik.com\/?p=91524#primaryimage"},"thumbnailUrl":"https:\/\/kibrisdakik.com\/wp-content\/uploads\/2025\/08\/mha-519-740x420.png","datePublished":"2025-08-29T07:33:16+00:00","author":{"@id":"https:\/\/kibrisdakik.com\/#\/schema\/person\/9cd9d437bbb44f72b73ba127e06d8e79"},"breadcrumb":{"@id":"https:\/\/kibrisdakik.com\/?p=91524#breadcrumb"},"inLanguage":"tr","potentialAction":[{"@type":"ReadAction","target":["https:\/\/kibrisdakik.com\/?p=91524"]}]},{"@type":"ImageObject","inLanguage":"tr","@id":"https:\/\/kibrisdakik.com\/?p=91524#primaryimage","url":"https:\/\/kibrisdakik.com\/wp-content\/uploads\/2025\/08\/mha-519-740x420.png","contentUrl":"https:\/\/kibrisdakik.com\/wp-content\/uploads\/2025\/08\/mha-519-740x420.png","width":1280,"height":720},{"@type":"BreadcrumbList","@id":"https:\/\/kibrisdakik.com\/?p=91524#breadcrumb","itemListElement":[{"@type":"ListItem","position":1,"name":"Home","item":"https:\/\/kibrisdakik.com\/"},{"@type":"ListItem","position":2,"name":"TATAR: \u201cYANGINA 3 DAK\u0130KADA M\u00dcDAHALE ED\u0130LD\u0130\u201d"}]},{"@type":"WebSite","@id":"https:\/\/kibrisdakik.com\/#website","url":"https:\/\/kibrisdakik.com\/","name":"","description":"Tam vaktinde haber","potentialAction":[{"@type":"SearchAction","target":{"@type":"EntryPoint","urlTemplate":"https:\/\/kibrisdakik.com\/?s={search_term_string}"},"query-input":{"@type":"PropertyValueSpecification","valueRequired":true,"valueName":"search_term_string"}}],"inLanguage":"tr"},{"@type":"Person","@id":"https:\/\/kibrisdakik.com\/#\/schema\/person\/9cd9d437bbb44f72b73ba127e06d8e79","name":"admin","image":{"@type":"ImageObject","inLanguage":"tr","@id":"https:\/\/secure.gravatar.com\/avatar\/ccc17943b9d660506c869530f897617f7cb1c21a4bf30023f252596d83e1f007?s=96&d=mm&r=g","url":"https:\/\/secure.gravatar.com\/avatar\/ccc17943b9d660506c869530f897617f7cb1c21a4bf30023f252596d83e1f007?s=96&d=mm&r=g","contentUrl":"https:\/\/secure.gravatar.com\/avatar\/ccc17943b9d660506c869530f897617f7cb1c21a4bf30023f252596d83e1f007?s=96&d=mm&r=g","caption":"admin"},"sameAs":["https:\/\/kibrisdakik.com"],"url":"https:\/\/kibrisdakik.com\/?author=1"}]}},"_links":{"self":[{"href":"https:\/\/kibrisdakik.com\/index.php?rest_route=\/wp\/v2\/posts\/91524","targetHints":{"allow":["GET"]}}],"collection":[{"href":"https:\/\/kibrisdakik.com\/index.php?rest_route=\/wp\/v2\/posts"}],"about":[{"href":"https:\/\/kibrisdakik.com\/index.php?rest_route=\/wp\/v2\/types\/post"}],"author":[{"embeddable":true,"href":"https:\/\/kibrisdakik.com\/index.php?rest_route=\/wp\/v2\/users\/1"}],"replies":[{"embeddable":true,"href":"https:\/\/kibrisdakik.com\/index.php?rest_route=%2Fwp%2Fv2%2Fcomments&post=91524"}],"version-history":[{"count":0,"href":"https:\/\/kibrisdakik.com\/index.php?rest_route=\/wp\/v2\/posts\/91524\/revisions"}],"wp:featuredmedia":[{"embeddable":true,"href":"https:\/\/kibrisdakik.com\/index.php?rest_route=\/wp\/v2\/media\/91525"}],"wp:attachment":[{"href":"https:\/\/kibrisdakik.com\/index.php?rest_route=%2Fwp%2Fv2%2Fmedia&parent=91524"}],"wp:term":[{"taxonomy":"category","embeddable":true,"href":"https:\/\/kibrisdakik.com\/index.php?rest_route=%2Fwp%2Fv2%2Fcategories&post=91524"},{"taxonomy":"post_tag","embeddable":true,"href":"https:\/\/kibrisdakik.com\/index.php?rest_route=%2Fwp%2Fv2%2Ftags&post=91524"}],"curies":[{"name":"wp","href":"https:\/\/api.w.org\/{rel}","templated":true}]}}