{"id":9155,"date":"2023-06-20T20:14:04","date_gmt":"2023-06-20T20:14:04","guid":{"rendered":"https:\/\/kibrisdakik.com\/index.php\/2023\/06\/20\/degirmenlik-demirhan-ve-minarelikoyde-yarin-elektrik-kesintisi-olacak\/"},"modified":"2023-06-20T20:14:04","modified_gmt":"2023-06-20T20:14:04","slug":"degirmenlik-demirhan-ve-minarelikoyde-yarin-elektrik-kesintisi-olacak","status":"publish","type":"post","link":"https:\/\/kibrisdakik.com\/?p=9155","title":{"rendered":"De\u011firmenlik, Demirhan ve Minarelik\u00f6y\u2019de yar\u0131n elektrik kesintisi olacak"},"content":{"rendered":"<p><\/p>\n<div>\n<div class=\"mariselle-image-container center\">\n                <img width=\"309\" height=\"163\" class=\"lazy-image\" alt=\"\" decoding=\"async\" loading=\"lazy\" sizes=\"auto, (max-width: 309px) 100vw, 309px\" src=\"https:\/\/brtk.net\/wp-content\/uploads\/2023\/06\/20\/elektrik-kesintisi63.jpg?ver=bea9dbd442a0352a336168f7d9c7f9a8\" srcset=\"https:\/\/brtk.net\/wp-content\/uploads\/2023\/06\/20\/elektrik-kesintisi63.jpg?ver=bea9dbd442a0352a336168f7d9c7f9a8 309w, https:\/\/brtk.net\/wp-content\/uploads\/2023\/06\/20\/elektrik-kesintisi63-300x158.jpg?ver=46c4595c96aa563c8a8d93f48fdfd034 300w\"\/>                            <\/div>\n<p>K\u0131br\u0131s T\u00fcrk Elektrik Kurumu (K\u0131b-Tek), yar\u0131n 3 saat s\u00fcresince De\u011firmenlik, Demirhan ve Minarelik\u00f6y b\u00f6lgelerine elektrik verilemeyece\u011fini duyurdu.<\/p>\n<p>K\u0131b-Tek Lefko\u015fa B\u00f6lge Amirli\u011fi\u2019nden yap\u0131lan a\u00e7\u0131klamada, \u201c21 Haziran 2023 \u00c7ar\u015famba g\u00fcn\u00fc orta gerilim elektrik \u015febekesinde yap\u0131lacak proje \u00e7al\u0131\u015fmas\u0131 nedeniyle, 09.00 ile yakla\u015f\u0131k 12.00 saatleri aras\u0131nda De\u011firmenlik, Demirhan ve Minarelik\u00f6y b\u00f6lgelerine elektrik verilemeyecektir\u201d denildi.<\/p>\n<\/p><\/div>\n<p><script async\n                    defer\n                    crossorigin=\"anonymous\"\n                    src=\"https:\/\/connect.facebook.net\/tr_TR\/sdk.js#xfbml=1&#038;version=v3.3\"\n            ><\/script><\/p>\n","protected":false},"excerpt":{"rendered":"<p>K\u0131br\u0131s T\u00fcrk Elektrik Kurumu (K\u0131b-Tek), yar\u0131n 3 saat s\u00fcresince De\u011firmenlik, Demirhan ve Minarelik\u00f6y b\u00f6lgelerine elektrik verilemeyece\u011fini duyurdu. K\u0131b-Tek Lefko\u015fa B\u00f6lge Amirli\u011fi\u2019nden yap\u0131lan a\u00e7\u0131klamada, \u201c21 Haziran 2023 \u00c7ar\u015famba g\u00fcn\u00fc orta gerilim elektrik \u015febekesinde yap\u0131lacak proje \u00e7al\u0131\u015fmas\u0131 nedeniyle, 09.00 ile yakla\u015f\u0131k 12.00 saatleri aras\u0131nda De\u011firmenlik, Demirhan ve Minarelik\u00f6y b\u00f6lgelerine elektrik verilemeyecektir\u201d denildi.<\/p>\n","protected":false},"author":1,"featured_media":9156,"comment_status":"open","ping_status":"open","sticky":false,"template":"","format":"standard","meta":{"footnotes":""},"categories":[1],"tags":[],"class_list":["post-9155","post","type-post","status-publish","format-standard","has-post-thumbnail","hentry","category-gundem"],"yoast_head":"<!-- This site is optimized with the Yoast SEO plugin v27.4 - https:\/\/yoast.com\/product\/yoast-seo-wordpress\/ -->\n<title>De\u011firmenlik, Demirhan ve Minarelik\u00f6y\u2019de yar\u0131n elektrik kesintisi olacak -<\/title>\n<meta name=\"robots\" content=\"index, follow, max-snippet:-1, max-image-preview:large, max-video-preview:-1\" \/>\n<link rel=\"canonical\" href=\"https:\/\/kibrisdakik.com\/?p=9155\" \/>\n<meta property=\"og:locale\" content=\"tr_TR\" \/>\n<meta property=\"og:type\" content=\"article\" \/>\n<meta property=\"og:title\" content=\"De\u011firmenlik, Demirhan ve Minarelik\u00f6y\u2019de yar\u0131n elektrik kesintisi olacak -\" \/>\n<meta property=\"og:description\" content=\"K\u0131br\u0131s T\u00fcrk Elektrik Kurumu (K\u0131b-Tek), yar\u0131n 3 saat s\u00fcresince De\u011firmenlik, Demirhan ve Minarelik\u00f6y b\u00f6lgelerine elektrik verilemeyece\u011fini duyurdu. K\u0131b-Tek Lefko\u015fa B\u00f6lge Amirli\u011fi\u2019nden yap\u0131lan a\u00e7\u0131klamada, \u201c21 Haziran 2023 \u00c7ar\u015famba g\u00fcn\u00fc orta gerilim elektrik \u015febekesinde yap\u0131lacak proje \u00e7al\u0131\u015fmas\u0131 nedeniyle, 09.00 ile yakla\u015f\u0131k 12.00 saatleri aras\u0131nda De\u011firmenlik, Demirhan ve Minarelik\u00f6y b\u00f6lgelerine elektrik verilemeyecektir\u201d denildi.\" \/>\n<meta property=\"og:url\" content=\"https:\/\/kibrisdakik.com\/?p=9155\" \/>\n<meta property=\"article:published_time\" content=\"2023-06-20T20:14:04+00:00\" \/>\n<meta property=\"og:image\" content=\"https:\/\/kibrisdakik.com\/wp-content\/uploads\/2023\/06\/elektrik-kesintisi63.jpg\" \/>\n\t<meta property=\"og:image:width\" content=\"309\" \/>\n\t<meta property=\"og:image:height\" content=\"163\" \/>\n\t<meta property=\"og:image:type\" content=\"image\/jpeg\" \/>\n<meta name=\"author\" content=\"admin\" \/>\n<meta name=\"twitter:card\" content=\"summary_large_image\" \/>\n<meta name=\"twitter:label1\" content=\"Yazan:\" \/>\n\t<meta name=\"twitter:data1\" content=\"admin\" \/>\n<script type=\"application\/ld+json\" class=\"yoast-schema-graph\">{\"@context\":\"https:\\\/\\\/schema.org\",\"@graph\":[{\"@type\":\"Article\",\"@id\":\"https:\\\/\\\/kibrisdakik.com\\\/?p=9155#article\",\"isPartOf\":{\"@id\":\"https:\\\/\\\/kibrisdakik.com\\\/?p=9155\"},\"author\":{\"name\":\"admin\",\"@id\":\"https:\\\/\\\/kibrisdakik.com\\\/#\\\/schema\\\/person\\\/9cd9d437bbb44f72b73ba127e06d8e79\"},\"headline\":\"De\u011firmenlik, Demirhan ve Minarelik\u00f6y\u2019de yar\u0131n elektrik kesintisi olacak\",\"datePublished\":\"2023-06-20T20:14:04+00:00\",\"mainEntityOfPage\":{\"@id\":\"https:\\\/\\\/kibrisdakik.com\\\/?p=9155\"},\"wordCount\":83,\"commentCount\":0,\"image\":{\"@id\":\"https:\\\/\\\/kibrisdakik.com\\\/?p=9155#primaryimage\"},\"thumbnailUrl\":\"https:\\\/\\\/kibrisdakik.com\\\/wp-content\\\/uploads\\\/2023\\\/06\\\/elektrik-kesintisi63.jpg\",\"articleSection\":[\"G\u00fcndem\"],\"inLanguage\":\"tr\",\"potentialAction\":[{\"@type\":\"CommentAction\",\"name\":\"Comment\",\"target\":[\"https:\\\/\\\/kibrisdakik.com\\\/?p=9155#respond\"]}]},{\"@type\":\"WebPage\",\"@id\":\"https:\\\/\\\/kibrisdakik.com\\\/?p=9155\",\"url\":\"https:\\\/\\\/kibrisdakik.com\\\/?p=9155\",\"name\":\"De\u011firmenlik, Demirhan ve Minarelik\u00f6y\u2019de yar\u0131n elektrik kesintisi olacak -\",\"isPartOf\":{\"@id\":\"https:\\\/\\\/kibrisdakik.com\\\/#website\"},\"primaryImageOfPage\":{\"@id\":\"https:\\\/\\\/kibrisdakik.com\\\/?p=9155#primaryimage\"},\"image\":{\"@id\":\"https:\\\/\\\/kibrisdakik.com\\\/?p=9155#primaryimage\"},\"thumbnailUrl\":\"https:\\\/\\\/kibrisdakik.com\\\/wp-content\\\/uploads\\\/2023\\\/06\\\/elektrik-kesintisi63.jpg\",\"datePublished\":\"2023-06-20T20:14:04+00:00\",\"author\":{\"@id\":\"https:\\\/\\\/kibrisdakik.com\\\/#\\\/schema\\\/person\\\/9cd9d437bbb44f72b73ba127e06d8e79\"},\"breadcrumb\":{\"@id\":\"https:\\\/\\\/kibrisdakik.com\\\/?p=9155#breadcrumb\"},\"inLanguage\":\"tr\",\"potentialAction\":[{\"@type\":\"ReadAction\",\"target\":[\"https:\\\/\\\/kibrisdakik.com\\\/?p=9155\"]}]},{\"@type\":\"ImageObject\",\"inLanguage\":\"tr\",\"@id\":\"https:\\\/\\\/kibrisdakik.com\\\/?p=9155#primaryimage\",\"url\":\"https:\\\/\\\/kibrisdakik.com\\\/wp-content\\\/uploads\\\/2023\\\/06\\\/elektrik-kesintisi63.jpg\",\"contentUrl\":\"https:\\\/\\\/kibrisdakik.com\\\/wp-content\\\/uploads\\\/2023\\\/06\\\/elektrik-kesintisi63.jpg\",\"width\":309,\"height\":163},{\"@type\":\"BreadcrumbList\",\"@id\":\"https:\\\/\\\/kibrisdakik.com\\\/?p=9155#breadcrumb\",\"itemListElement\":[{\"@type\":\"ListItem\",\"position\":1,\"name\":\"Home\",\"item\":\"https:\\\/\\\/kibrisdakik.com\\\/\"},{\"@type\":\"ListItem\",\"position\":2,\"name\":\"De\u011firmenlik, Demirhan ve Minarelik\u00f6y\u2019de yar\u0131n elektrik kesintisi olacak\"}]},{\"@type\":\"WebSite\",\"@id\":\"https:\\\/\\\/kibrisdakik.com\\\/#website\",\"url\":\"https:\\\/\\\/kibrisdakik.com\\\/\",\"name\":\"\",\"description\":\"Tam vaktinde haber\",\"potentialAction\":[{\"@type\":\"SearchAction\",\"target\":{\"@type\":\"EntryPoint\",\"urlTemplate\":\"https:\\\/\\\/kibrisdakik.com\\\/?s={search_term_string}\"},\"query-input\":{\"@type\":\"PropertyValueSpecification\",\"valueRequired\":true,\"valueName\":\"search_term_string\"}}],\"inLanguage\":\"tr\"},{\"@type\":\"Person\",\"@id\":\"https:\\\/\\\/kibrisdakik.com\\\/#\\\/schema\\\/person\\\/9cd9d437bbb44f72b73ba127e06d8e79\",\"name\":\"admin\",\"image\":{\"@type\":\"ImageObject\",\"inLanguage\":\"tr\",\"@id\":\"https:\\\/\\\/secure.gravatar.com\\\/avatar\\\/ccc17943b9d660506c869530f897617f7cb1c21a4bf30023f252596d83e1f007?s=96&d=mm&r=g\",\"url\":\"https:\\\/\\\/secure.gravatar.com\\\/avatar\\\/ccc17943b9d660506c869530f897617f7cb1c21a4bf30023f252596d83e1f007?s=96&d=mm&r=g\",\"contentUrl\":\"https:\\\/\\\/secure.gravatar.com\\\/avatar\\\/ccc17943b9d660506c869530f897617f7cb1c21a4bf30023f252596d83e1f007?s=96&d=mm&r=g\",\"caption\":\"admin\"},\"sameAs\":[\"https:\\\/\\\/kibrisdakik.com\"],\"url\":\"https:\\\/\\\/kibrisdakik.com\\\/?author=1\"}]}<\/script>\n<!-- \/ Yoast SEO plugin. -->","yoast_head_json":{"title":"De\u011firmenlik, Demirhan ve Minarelik\u00f6y\u2019de yar\u0131n elektrik kesintisi olacak -","robots":{"index":"index","follow":"follow","max-snippet":"max-snippet:-1","max-image-preview":"max-image-preview:large","max-video-preview":"max-video-preview:-1"},"canonical":"https:\/\/kibrisdakik.com\/?p=9155","og_locale":"tr_TR","og_type":"article","og_title":"De\u011firmenlik, Demirhan ve Minarelik\u00f6y\u2019de yar\u0131n elektrik kesintisi olacak -","og_description":"K\u0131br\u0131s T\u00fcrk Elektrik Kurumu (K\u0131b-Tek), yar\u0131n 3 saat s\u00fcresince De\u011firmenlik, Demirhan ve Minarelik\u00f6y b\u00f6lgelerine elektrik verilemeyece\u011fini duyurdu. K\u0131b-Tek Lefko\u015fa B\u00f6lge Amirli\u011fi\u2019nden yap\u0131lan a\u00e7\u0131klamada, \u201c21 Haziran 2023 \u00c7ar\u015famba g\u00fcn\u00fc orta gerilim elektrik \u015febekesinde yap\u0131lacak proje \u00e7al\u0131\u015fmas\u0131 nedeniyle, 09.00 ile yakla\u015f\u0131k 12.00 saatleri aras\u0131nda De\u011firmenlik, Demirhan ve Minarelik\u00f6y b\u00f6lgelerine elektrik verilemeyecektir\u201d denildi.","og_url":"https:\/\/kibrisdakik.com\/?p=9155","article_published_time":"2023-06-20T20:14:04+00:00","og_image":[{"width":309,"height":163,"url":"https:\/\/kibrisdakik.com\/wp-content\/uploads\/2023\/06\/elektrik-kesintisi63.jpg","type":"image\/jpeg"}],"author":"admin","twitter_card":"summary_large_image","twitter_misc":{"Yazan:":"admin"},"schema":{"@context":"https:\/\/schema.org","@graph":[{"@type":"Article","@id":"https:\/\/kibrisdakik.com\/?p=9155#article","isPartOf":{"@id":"https:\/\/kibrisdakik.com\/?p=9155"},"author":{"name":"admin","@id":"https:\/\/kibrisdakik.com\/#\/schema\/person\/9cd9d437bbb44f72b73ba127e06d8e79"},"headline":"De\u011firmenlik, Demirhan ve Minarelik\u00f6y\u2019de yar\u0131n elektrik kesintisi olacak","datePublished":"2023-06-20T20:14:04+00:00","mainEntityOfPage":{"@id":"https:\/\/kibrisdakik.com\/?p=9155"},"wordCount":83,"commentCount":0,"image":{"@id":"https:\/\/kibrisdakik.com\/?p=9155#primaryimage"},"thumbnailUrl":"https:\/\/kibrisdakik.com\/wp-content\/uploads\/2023\/06\/elektrik-kesintisi63.jpg","articleSection":["G\u00fcndem"],"inLanguage":"tr","potentialAction":[{"@type":"CommentAction","name":"Comment","target":["https:\/\/kibrisdakik.com\/?p=9155#respond"]}]},{"@type":"WebPage","@id":"https:\/\/kibrisdakik.com\/?p=9155","url":"https:\/\/kibrisdakik.com\/?p=9155","name":"De\u011firmenlik, Demirhan ve Minarelik\u00f6y\u2019de yar\u0131n elektrik kesintisi olacak -","isPartOf":{"@id":"https:\/\/kibrisdakik.com\/#website"},"primaryImageOfPage":{"@id":"https:\/\/kibrisdakik.com\/?p=9155#primaryimage"},"image":{"@id":"https:\/\/kibrisdakik.com\/?p=9155#primaryimage"},"thumbnailUrl":"https:\/\/kibrisdakik.com\/wp-content\/uploads\/2023\/06\/elektrik-kesintisi63.jpg","datePublished":"2023-06-20T20:14:04+00:00","author":{"@id":"https:\/\/kibrisdakik.com\/#\/schema\/person\/9cd9d437bbb44f72b73ba127e06d8e79"},"breadcrumb":{"@id":"https:\/\/kibrisdakik.com\/?p=9155#breadcrumb"},"inLanguage":"tr","potentialAction":[{"@type":"ReadAction","target":["https:\/\/kibrisdakik.com\/?p=9155"]}]},{"@type":"ImageObject","inLanguage":"tr","@id":"https:\/\/kibrisdakik.com\/?p=9155#primaryimage","url":"https:\/\/kibrisdakik.com\/wp-content\/uploads\/2023\/06\/elektrik-kesintisi63.jpg","contentUrl":"https:\/\/kibrisdakik.com\/wp-content\/uploads\/2023\/06\/elektrik-kesintisi63.jpg","width":309,"height":163},{"@type":"BreadcrumbList","@id":"https:\/\/kibrisdakik.com\/?p=9155#breadcrumb","itemListElement":[{"@type":"ListItem","position":1,"name":"Home","item":"https:\/\/kibrisdakik.com\/"},{"@type":"ListItem","position":2,"name":"De\u011firmenlik, Demirhan ve Minarelik\u00f6y\u2019de yar\u0131n elektrik kesintisi olacak"}]},{"@type":"WebSite","@id":"https:\/\/kibrisdakik.com\/#website","url":"https:\/\/kibrisdakik.com\/","name":"","description":"Tam vaktinde haber","potentialAction":[{"@type":"SearchAction","target":{"@type":"EntryPoint","urlTemplate":"https:\/\/kibrisdakik.com\/?s={search_term_string}"},"query-input":{"@type":"PropertyValueSpecification","valueRequired":true,"valueName":"search_term_string"}}],"inLanguage":"tr"},{"@type":"Person","@id":"https:\/\/kibrisdakik.com\/#\/schema\/person\/9cd9d437bbb44f72b73ba127e06d8e79","name":"admin","image":{"@type":"ImageObject","inLanguage":"tr","@id":"https:\/\/secure.gravatar.com\/avatar\/ccc17943b9d660506c869530f897617f7cb1c21a4bf30023f252596d83e1f007?s=96&d=mm&r=g","url":"https:\/\/secure.gravatar.com\/avatar\/ccc17943b9d660506c869530f897617f7cb1c21a4bf30023f252596d83e1f007?s=96&d=mm&r=g","contentUrl":"https:\/\/secure.gravatar.com\/avatar\/ccc17943b9d660506c869530f897617f7cb1c21a4bf30023f252596d83e1f007?s=96&d=mm&r=g","caption":"admin"},"sameAs":["https:\/\/kibrisdakik.com"],"url":"https:\/\/kibrisdakik.com\/?author=1"}]}},"_links":{"self":[{"href":"https:\/\/kibrisdakik.com\/index.php?rest_route=\/wp\/v2\/posts\/9155","targetHints":{"allow":["GET"]}}],"collection":[{"href":"https:\/\/kibrisdakik.com\/index.php?rest_route=\/wp\/v2\/posts"}],"about":[{"href":"https:\/\/kibrisdakik.com\/index.php?rest_route=\/wp\/v2\/types\/post"}],"author":[{"embeddable":true,"href":"https:\/\/kibrisdakik.com\/index.php?rest_route=\/wp\/v2\/users\/1"}],"replies":[{"embeddable":true,"href":"https:\/\/kibrisdakik.com\/index.php?rest_route=%2Fwp%2Fv2%2Fcomments&post=9155"}],"version-history":[{"count":0,"href":"https:\/\/kibrisdakik.com\/index.php?rest_route=\/wp\/v2\/posts\/9155\/revisions"}],"wp:featuredmedia":[{"embeddable":true,"href":"https:\/\/kibrisdakik.com\/index.php?rest_route=\/wp\/v2\/media\/9156"}],"wp:attachment":[{"href":"https:\/\/kibrisdakik.com\/index.php?rest_route=%2Fwp%2Fv2%2Fmedia&parent=9155"}],"wp:term":[{"taxonomy":"category","embeddable":true,"href":"https:\/\/kibrisdakik.com\/index.php?rest_route=%2Fwp%2Fv2%2Fcategories&post=9155"},{"taxonomy":"post_tag","embeddable":true,"href":"https:\/\/kibrisdakik.com\/index.php?rest_route=%2Fwp%2Fv2%2Ftags&post=9155"}],"curies":[{"name":"wp","href":"https:\/\/api.w.org\/{rel}","templated":true}]}}