{"id":9162,"date":"2023-06-21T08:08:55","date_gmt":"2023-06-21T08:08:55","guid":{"rendered":"https:\/\/kibrisdakik.com\/index.php\/2023\/06\/21\/bogazkoy-gonyeli-anayolunda-arac-alev-aldi\/"},"modified":"2023-06-21T08:08:55","modified_gmt":"2023-06-21T08:08:55","slug":"bogazkoy-gonyeli-anayolunda-arac-alev-aldi","status":"publish","type":"post","link":"https:\/\/kibrisdakik.com\/?p=9162","title":{"rendered":"Bo\u011fazk\u00f6y-G\u00f6nyeli anayolunda ara\u00e7 alev ald\u0131"},"content":{"rendered":"<p><\/p>\n<div>\n<div class=\"mariselle-image-container center\">\n                <img width=\"1280\" height=\"720\" class=\"lazy-image\" alt=\"\" decoding=\"async\" loading=\"lazy\" sizes=\"auto, (max-width: 1280px) 100vw, 1280px\" src=\"https:\/\/brtk.net\/wp-content\/uploads\/2023\/03\/22\/ARAC-YANGINI.webp?ver=e8a080b44a54be63e4c7f05aa6dabc26\" srcset=\"https:\/\/brtk.net\/wp-content\/uploads\/2023\/03\/22\/ARAC-YANGINI.webp?ver=e8a080b44a54be63e4c7f05aa6dabc26 1280w, https:\/\/brtk.net\/wp-content\/uploads\/2023\/03\/22\/ARAC-YANGINI-300x169.webp?ver=e8a080b44a54be63e4c7f05aa6dabc26 300w, https:\/\/brtk.net\/wp-content\/uploads\/2023\/03\/22\/ARAC-YANGINI-1024x576.webp?ver=e8a080b44a54be63e4c7f05aa6dabc26 1024w, https:\/\/brtk.net\/wp-content\/uploads\/2023\/03\/22\/ARAC-YANGINI-768x432.webp?ver=8745a617fcc8e78e67da97c9498fc59a 768w\"\/>                            <\/div>\n<p>Polis Bas\u0131n Subayl\u0131\u011f\u0131\u2019ndan verilen bilgiye g\u00f6re bu sabah  saat 08:15 s\u0131ralar\u0131nda, Bo\u011fazk\u00f6y-G\u00f6nyeli Anayolu \u00fczerinde Bo\u011fazk\u00f6y kav\u015fa\u011f\u0131 yak\u0131nlar\u0131nda, Ahmet \u00d6ZTUN\u00c7 kullan\u0131m\u0131ndaki NP 033 plakal\u0131 salon ara\u00e7 ile G\u00f6nyeli istikametine do\u011fru seyir halinde oldu\u011fu s\u0131rada, muhtemelen arac\u0131n makine b\u00f6l\u00fcm\u00fcndeki elektrik aksamlar\u0131n\u0131n k\u0131sa devre yapmas\u0131 sonucu bir yang\u0131n meydana geldi.<\/p>\n<p> Yang\u0131n \u0130tfaiye Ekipleri taraf\u0131ndan s\u00f6nd\u00fcr\u00fclm\u00fc\u015f olup \u00e7\u0131kan yang\u0131n sonucu, s\u00f6z konusu arac\u0131n \u00f6n kaputu, tamponu ve farlar\u0131 tamamen, \u00f6n kap\u0131lar\u0131 ve \u00e7amurluklar\u0131 ise k\u0131smen yanarken, \u00e7\u0131kan \u0131s\u0131dan dolay\u0131 \u00f6n lastikleri ise zarar g\u00f6rd\u00fc. <\/p>\n<p>Polisin olayla ilgili soru\u015fturmas\u0131 devam etmektedir.<\/p>\n<p>PGM\/<a href=\"https:\/\/brtk.net\/\">BRT<\/a><\/p>\n<\/p><\/div>\n<p><script async\n                    defer\n                    crossorigin=\"anonymous\"\n                    src=\"https:\/\/connect.facebook.net\/tr_TR\/sdk.js#xfbml=1&#038;version=v3.3\"\n            ><\/script><\/p>\n","protected":false},"excerpt":{"rendered":"<p>Polis Bas\u0131n Subayl\u0131\u011f\u0131\u2019ndan verilen bilgiye g\u00f6re bu sabah saat 08:15 s\u0131ralar\u0131nda, Bo\u011fazk\u00f6y-G\u00f6nyeli Anayolu \u00fczerinde Bo\u011fazk\u00f6y kav\u015fa\u011f\u0131 yak\u0131nlar\u0131nda, Ahmet \u00d6ZTUN\u00c7 kullan\u0131m\u0131ndaki NP 033 plakal\u0131 salon ara\u00e7 ile G\u00f6nyeli istikametine do\u011fru seyir halinde oldu\u011fu s\u0131rada, muhtemelen arac\u0131n makine b\u00f6l\u00fcm\u00fcndeki elektrik aksamlar\u0131n\u0131n k\u0131sa devre yapmas\u0131 sonucu bir yang\u0131n meydana geldi. Yang\u0131n \u0130tfaiye Ekipleri taraf\u0131ndan s\u00f6nd\u00fcr\u00fclm\u00fc\u015f olup \u00e7\u0131kan yang\u0131n<\/p>\n","protected":false},"author":1,"featured_media":3741,"comment_status":"open","ping_status":"open","sticky":false,"template":"","format":"standard","meta":{"footnotes":""},"categories":[1],"tags":[],"class_list":["post-9162","post","type-post","status-publish","format-standard","has-post-thumbnail","hentry","category-gundem"],"yoast_head":"<!-- This site is optimized with the Yoast SEO plugin v27.5 - https:\/\/yoast.com\/product\/yoast-seo-wordpress\/ -->\n<title>Bo\u011fazk\u00f6y-G\u00f6nyeli anayolunda ara\u00e7 alev ald\u0131 -<\/title>\n<meta name=\"robots\" content=\"index, follow, max-snippet:-1, max-image-preview:large, max-video-preview:-1\" \/>\n<link rel=\"canonical\" href=\"https:\/\/kibrisdakik.com\/?p=9162\" \/>\n<meta property=\"og:locale\" content=\"tr_TR\" \/>\n<meta property=\"og:type\" content=\"article\" \/>\n<meta property=\"og:title\" content=\"Bo\u011fazk\u00f6y-G\u00f6nyeli anayolunda ara\u00e7 alev ald\u0131 -\" \/>\n<meta property=\"og:description\" content=\"Polis Bas\u0131n Subayl\u0131\u011f\u0131\u2019ndan verilen bilgiye g\u00f6re bu sabah saat 08:15 s\u0131ralar\u0131nda, Bo\u011fazk\u00f6y-G\u00f6nyeli Anayolu \u00fczerinde Bo\u011fazk\u00f6y kav\u015fa\u011f\u0131 yak\u0131nlar\u0131nda, Ahmet \u00d6ZTUN\u00c7 kullan\u0131m\u0131ndaki NP 033 plakal\u0131 salon ara\u00e7 ile G\u00f6nyeli istikametine do\u011fru seyir halinde oldu\u011fu s\u0131rada, muhtemelen arac\u0131n makine b\u00f6l\u00fcm\u00fcndeki elektrik aksamlar\u0131n\u0131n k\u0131sa devre yapmas\u0131 sonucu bir yang\u0131n meydana geldi. Yang\u0131n \u0130tfaiye Ekipleri taraf\u0131ndan s\u00f6nd\u00fcr\u00fclm\u00fc\u015f olup \u00e7\u0131kan yang\u0131n\" \/>\n<meta property=\"og:url\" content=\"https:\/\/kibrisdakik.com\/?p=9162\" \/>\n<meta property=\"article:published_time\" content=\"2023-06-21T08:08:55+00:00\" \/>\n<meta property=\"og:image\" content=\"https:\/\/kibrisdakik.com\/wp-content\/uploads\/2023\/03\/ARAC-YANGINI.webp-740x420.webp\" \/>\n\t<meta property=\"og:image:width\" content=\"1280\" \/>\n\t<meta property=\"og:image:height\" content=\"720\" \/>\n\t<meta property=\"og:image:type\" content=\"image\/webp\" \/>\n<meta name=\"author\" content=\"admin\" \/>\n<meta name=\"twitter:card\" content=\"summary_large_image\" \/>\n<meta name=\"twitter:label1\" content=\"Yazan:\" \/>\n\t<meta name=\"twitter:data1\" content=\"admin\" \/>\n\t<meta name=\"twitter:label2\" content=\"Tahmini okuma s\u00fcresi\" \/>\n\t<meta name=\"twitter:data2\" content=\"1 dakika\" \/>\n<script type=\"application\/ld+json\" class=\"yoast-schema-graph\">{\"@context\":\"https:\\\/\\\/schema.org\",\"@graph\":[{\"@type\":\"Article\",\"@id\":\"https:\\\/\\\/kibrisdakik.com\\\/?p=9162#article\",\"isPartOf\":{\"@id\":\"https:\\\/\\\/kibrisdakik.com\\\/?p=9162\"},\"author\":{\"name\":\"admin\",\"@id\":\"https:\\\/\\\/kibrisdakik.com\\\/#\\\/schema\\\/person\\\/9cd9d437bbb44f72b73ba127e06d8e79\"},\"headline\":\"Bo\u011fazk\u00f6y-G\u00f6nyeli anayolunda ara\u00e7 alev ald\u0131\",\"datePublished\":\"2023-06-21T08:08:55+00:00\",\"mainEntityOfPage\":{\"@id\":\"https:\\\/\\\/kibrisdakik.com\\\/?p=9162\"},\"wordCount\":134,\"commentCount\":0,\"image\":{\"@id\":\"https:\\\/\\\/kibrisdakik.com\\\/?p=9162#primaryimage\"},\"thumbnailUrl\":\"https:\\\/\\\/kibrisdakik.com\\\/wp-content\\\/uploads\\\/2023\\\/03\\\/ARAC-YANGINI.webp-740x420.webp\",\"articleSection\":[\"G\u00fcndem\"],\"inLanguage\":\"tr\",\"potentialAction\":[{\"@type\":\"CommentAction\",\"name\":\"Comment\",\"target\":[\"https:\\\/\\\/kibrisdakik.com\\\/?p=9162#respond\"]}]},{\"@type\":\"WebPage\",\"@id\":\"https:\\\/\\\/kibrisdakik.com\\\/?p=9162\",\"url\":\"https:\\\/\\\/kibrisdakik.com\\\/?p=9162\",\"name\":\"Bo\u011fazk\u00f6y-G\u00f6nyeli anayolunda ara\u00e7 alev ald\u0131 -\",\"isPartOf\":{\"@id\":\"https:\\\/\\\/kibrisdakik.com\\\/#website\"},\"primaryImageOfPage\":{\"@id\":\"https:\\\/\\\/kibrisdakik.com\\\/?p=9162#primaryimage\"},\"image\":{\"@id\":\"https:\\\/\\\/kibrisdakik.com\\\/?p=9162#primaryimage\"},\"thumbnailUrl\":\"https:\\\/\\\/kibrisdakik.com\\\/wp-content\\\/uploads\\\/2023\\\/03\\\/ARAC-YANGINI.webp-740x420.webp\",\"datePublished\":\"2023-06-21T08:08:55+00:00\",\"author\":{\"@id\":\"https:\\\/\\\/kibrisdakik.com\\\/#\\\/schema\\\/person\\\/9cd9d437bbb44f72b73ba127e06d8e79\"},\"breadcrumb\":{\"@id\":\"https:\\\/\\\/kibrisdakik.com\\\/?p=9162#breadcrumb\"},\"inLanguage\":\"tr\",\"potentialAction\":[{\"@type\":\"ReadAction\",\"target\":[\"https:\\\/\\\/kibrisdakik.com\\\/?p=9162\"]}]},{\"@type\":\"ImageObject\",\"inLanguage\":\"tr\",\"@id\":\"https:\\\/\\\/kibrisdakik.com\\\/?p=9162#primaryimage\",\"url\":\"https:\\\/\\\/kibrisdakik.com\\\/wp-content\\\/uploads\\\/2023\\\/03\\\/ARAC-YANGINI.webp-740x420.webp\",\"contentUrl\":\"https:\\\/\\\/kibrisdakik.com\\\/wp-content\\\/uploads\\\/2023\\\/03\\\/ARAC-YANGINI.webp-740x420.webp\",\"width\":1280,\"height\":720},{\"@type\":\"BreadcrumbList\",\"@id\":\"https:\\\/\\\/kibrisdakik.com\\\/?p=9162#breadcrumb\",\"itemListElement\":[{\"@type\":\"ListItem\",\"position\":1,\"name\":\"Home\",\"item\":\"https:\\\/\\\/kibrisdakik.com\\\/\"},{\"@type\":\"ListItem\",\"position\":2,\"name\":\"Bo\u011fazk\u00f6y-G\u00f6nyeli anayolunda ara\u00e7 alev ald\u0131\"}]},{\"@type\":\"WebSite\",\"@id\":\"https:\\\/\\\/kibrisdakik.com\\\/#website\",\"url\":\"https:\\\/\\\/kibrisdakik.com\\\/\",\"name\":\"\",\"description\":\"Tam vaktinde haber\",\"potentialAction\":[{\"@type\":\"SearchAction\",\"target\":{\"@type\":\"EntryPoint\",\"urlTemplate\":\"https:\\\/\\\/kibrisdakik.com\\\/?s={search_term_string}\"},\"query-input\":{\"@type\":\"PropertyValueSpecification\",\"valueRequired\":true,\"valueName\":\"search_term_string\"}}],\"inLanguage\":\"tr\"},{\"@type\":\"Person\",\"@id\":\"https:\\\/\\\/kibrisdakik.com\\\/#\\\/schema\\\/person\\\/9cd9d437bbb44f72b73ba127e06d8e79\",\"name\":\"admin\",\"image\":{\"@type\":\"ImageObject\",\"inLanguage\":\"tr\",\"@id\":\"https:\\\/\\\/secure.gravatar.com\\\/avatar\\\/ccc17943b9d660506c869530f897617f7cb1c21a4bf30023f252596d83e1f007?s=96&d=mm&r=g\",\"url\":\"https:\\\/\\\/secure.gravatar.com\\\/avatar\\\/ccc17943b9d660506c869530f897617f7cb1c21a4bf30023f252596d83e1f007?s=96&d=mm&r=g\",\"contentUrl\":\"https:\\\/\\\/secure.gravatar.com\\\/avatar\\\/ccc17943b9d660506c869530f897617f7cb1c21a4bf30023f252596d83e1f007?s=96&d=mm&r=g\",\"caption\":\"admin\"},\"sameAs\":[\"https:\\\/\\\/kibrisdakik.com\"],\"url\":\"https:\\\/\\\/kibrisdakik.com\\\/?author=1\"}]}<\/script>\n<!-- \/ Yoast SEO plugin. -->","yoast_head_json":{"title":"Bo\u011fazk\u00f6y-G\u00f6nyeli anayolunda ara\u00e7 alev ald\u0131 -","robots":{"index":"index","follow":"follow","max-snippet":"max-snippet:-1","max-image-preview":"max-image-preview:large","max-video-preview":"max-video-preview:-1"},"canonical":"https:\/\/kibrisdakik.com\/?p=9162","og_locale":"tr_TR","og_type":"article","og_title":"Bo\u011fazk\u00f6y-G\u00f6nyeli anayolunda ara\u00e7 alev ald\u0131 -","og_description":"Polis Bas\u0131n Subayl\u0131\u011f\u0131\u2019ndan verilen bilgiye g\u00f6re bu sabah saat 08:15 s\u0131ralar\u0131nda, Bo\u011fazk\u00f6y-G\u00f6nyeli Anayolu \u00fczerinde Bo\u011fazk\u00f6y kav\u015fa\u011f\u0131 yak\u0131nlar\u0131nda, Ahmet \u00d6ZTUN\u00c7 kullan\u0131m\u0131ndaki NP 033 plakal\u0131 salon ara\u00e7 ile G\u00f6nyeli istikametine do\u011fru seyir halinde oldu\u011fu s\u0131rada, muhtemelen arac\u0131n makine b\u00f6l\u00fcm\u00fcndeki elektrik aksamlar\u0131n\u0131n k\u0131sa devre yapmas\u0131 sonucu bir yang\u0131n meydana geldi. Yang\u0131n \u0130tfaiye Ekipleri taraf\u0131ndan s\u00f6nd\u00fcr\u00fclm\u00fc\u015f olup \u00e7\u0131kan yang\u0131n","og_url":"https:\/\/kibrisdakik.com\/?p=9162","article_published_time":"2023-06-21T08:08:55+00:00","og_image":[{"width":1280,"height":720,"url":"https:\/\/kibrisdakik.com\/wp-content\/uploads\/2023\/03\/ARAC-YANGINI.webp-740x420.webp","type":"image\/webp"}],"author":"admin","twitter_card":"summary_large_image","twitter_misc":{"Yazan:":"admin","Tahmini okuma s\u00fcresi":"1 dakika"},"schema":{"@context":"https:\/\/schema.org","@graph":[{"@type":"Article","@id":"https:\/\/kibrisdakik.com\/?p=9162#article","isPartOf":{"@id":"https:\/\/kibrisdakik.com\/?p=9162"},"author":{"name":"admin","@id":"https:\/\/kibrisdakik.com\/#\/schema\/person\/9cd9d437bbb44f72b73ba127e06d8e79"},"headline":"Bo\u011fazk\u00f6y-G\u00f6nyeli anayolunda ara\u00e7 alev ald\u0131","datePublished":"2023-06-21T08:08:55+00:00","mainEntityOfPage":{"@id":"https:\/\/kibrisdakik.com\/?p=9162"},"wordCount":134,"commentCount":0,"image":{"@id":"https:\/\/kibrisdakik.com\/?p=9162#primaryimage"},"thumbnailUrl":"https:\/\/kibrisdakik.com\/wp-content\/uploads\/2023\/03\/ARAC-YANGINI.webp-740x420.webp","articleSection":["G\u00fcndem"],"inLanguage":"tr","potentialAction":[{"@type":"CommentAction","name":"Comment","target":["https:\/\/kibrisdakik.com\/?p=9162#respond"]}]},{"@type":"WebPage","@id":"https:\/\/kibrisdakik.com\/?p=9162","url":"https:\/\/kibrisdakik.com\/?p=9162","name":"Bo\u011fazk\u00f6y-G\u00f6nyeli anayolunda ara\u00e7 alev ald\u0131 -","isPartOf":{"@id":"https:\/\/kibrisdakik.com\/#website"},"primaryImageOfPage":{"@id":"https:\/\/kibrisdakik.com\/?p=9162#primaryimage"},"image":{"@id":"https:\/\/kibrisdakik.com\/?p=9162#primaryimage"},"thumbnailUrl":"https:\/\/kibrisdakik.com\/wp-content\/uploads\/2023\/03\/ARAC-YANGINI.webp-740x420.webp","datePublished":"2023-06-21T08:08:55+00:00","author":{"@id":"https:\/\/kibrisdakik.com\/#\/schema\/person\/9cd9d437bbb44f72b73ba127e06d8e79"},"breadcrumb":{"@id":"https:\/\/kibrisdakik.com\/?p=9162#breadcrumb"},"inLanguage":"tr","potentialAction":[{"@type":"ReadAction","target":["https:\/\/kibrisdakik.com\/?p=9162"]}]},{"@type":"ImageObject","inLanguage":"tr","@id":"https:\/\/kibrisdakik.com\/?p=9162#primaryimage","url":"https:\/\/kibrisdakik.com\/wp-content\/uploads\/2023\/03\/ARAC-YANGINI.webp-740x420.webp","contentUrl":"https:\/\/kibrisdakik.com\/wp-content\/uploads\/2023\/03\/ARAC-YANGINI.webp-740x420.webp","width":1280,"height":720},{"@type":"BreadcrumbList","@id":"https:\/\/kibrisdakik.com\/?p=9162#breadcrumb","itemListElement":[{"@type":"ListItem","position":1,"name":"Home","item":"https:\/\/kibrisdakik.com\/"},{"@type":"ListItem","position":2,"name":"Bo\u011fazk\u00f6y-G\u00f6nyeli anayolunda ara\u00e7 alev ald\u0131"}]},{"@type":"WebSite","@id":"https:\/\/kibrisdakik.com\/#website","url":"https:\/\/kibrisdakik.com\/","name":"","description":"Tam vaktinde haber","potentialAction":[{"@type":"SearchAction","target":{"@type":"EntryPoint","urlTemplate":"https:\/\/kibrisdakik.com\/?s={search_term_string}"},"query-input":{"@type":"PropertyValueSpecification","valueRequired":true,"valueName":"search_term_string"}}],"inLanguage":"tr"},{"@type":"Person","@id":"https:\/\/kibrisdakik.com\/#\/schema\/person\/9cd9d437bbb44f72b73ba127e06d8e79","name":"admin","image":{"@type":"ImageObject","inLanguage":"tr","@id":"https:\/\/secure.gravatar.com\/avatar\/ccc17943b9d660506c869530f897617f7cb1c21a4bf30023f252596d83e1f007?s=96&d=mm&r=g","url":"https:\/\/secure.gravatar.com\/avatar\/ccc17943b9d660506c869530f897617f7cb1c21a4bf30023f252596d83e1f007?s=96&d=mm&r=g","contentUrl":"https:\/\/secure.gravatar.com\/avatar\/ccc17943b9d660506c869530f897617f7cb1c21a4bf30023f252596d83e1f007?s=96&d=mm&r=g","caption":"admin"},"sameAs":["https:\/\/kibrisdakik.com"],"url":"https:\/\/kibrisdakik.com\/?author=1"}]}},"_links":{"self":[{"href":"https:\/\/kibrisdakik.com\/index.php?rest_route=\/wp\/v2\/posts\/9162","targetHints":{"allow":["GET"]}}],"collection":[{"href":"https:\/\/kibrisdakik.com\/index.php?rest_route=\/wp\/v2\/posts"}],"about":[{"href":"https:\/\/kibrisdakik.com\/index.php?rest_route=\/wp\/v2\/types\/post"}],"author":[{"embeddable":true,"href":"https:\/\/kibrisdakik.com\/index.php?rest_route=\/wp\/v2\/users\/1"}],"replies":[{"embeddable":true,"href":"https:\/\/kibrisdakik.com\/index.php?rest_route=%2Fwp%2Fv2%2Fcomments&post=9162"}],"version-history":[{"count":0,"href":"https:\/\/kibrisdakik.com\/index.php?rest_route=\/wp\/v2\/posts\/9162\/revisions"}],"wp:featuredmedia":[{"embeddable":true,"href":"https:\/\/kibrisdakik.com\/index.php?rest_route=\/wp\/v2\/media\/3741"}],"wp:attachment":[{"href":"https:\/\/kibrisdakik.com\/index.php?rest_route=%2Fwp%2Fv2%2Fmedia&parent=9162"}],"wp:term":[{"taxonomy":"category","embeddable":true,"href":"https:\/\/kibrisdakik.com\/index.php?rest_route=%2Fwp%2Fv2%2Fcategories&post=9162"},{"taxonomy":"post_tag","embeddable":true,"href":"https:\/\/kibrisdakik.com\/index.php?rest_route=%2Fwp%2Fv2%2Ftags&post=9162"}],"curies":[{"name":"wp","href":"https:\/\/api.w.org\/{rel}","templated":true}]}}