{"id":9179,"date":"2023-06-21T12:36:23","date_gmt":"2023-06-21T12:36:23","guid":{"rendered":"https:\/\/kibrisdakik.com\/index.php\/2023\/06\/21\/arikliamacimiz-kktcyi-bilisim-ulkesi-yapmak\/"},"modified":"2023-06-21T12:36:23","modified_gmt":"2023-06-21T12:36:23","slug":"arikliamacimiz-kktcyi-bilisim-ulkesi-yapmak","status":"publish","type":"post","link":"https:\/\/kibrisdakik.com\/?p=9179","title":{"rendered":"Ar\u0131kl\u0131:Amac\u0131m\u0131z KKTC\u2019yi bili\u015fim \u00fclkesi yapmak"},"content":{"rendered":"<p><\/p>\n<div>\n<div class=\"mariselle-image-container center\">\n                <img width=\"1024\" height=\"768\" class=\"lazy-image\" alt=\"\" decoding=\"async\" loading=\"lazy\" sizes=\"auto, (max-width: 1024px) 100vw, 1024px\" src=\"https:\/\/brtk.net\/wp-content\/uploads\/2023\/06\/21\/arikli-turk.jpg?ver=ce00df66fc8c10d5152c4839ed68488b\" srcset=\"https:\/\/brtk.net\/wp-content\/uploads\/2023\/06\/21\/arikli-turk.jpg?ver=ce00df66fc8c10d5152c4839ed68488b 1024w, https:\/\/brtk.net\/wp-content\/uploads\/2023\/06\/21\/arikli-turk-300x225.jpg?ver=55df81992dda9e6599f76aebc3152a78 300w, https:\/\/brtk.net\/wp-content\/uploads\/2023\/06\/21\/arikli-turk-768x576.jpg?ver=55df81992dda9e6599f76aebc3152a78 768w\"\/>                            <\/div>\n<p>Bay\u0131nd\u0131rl\u0131k ve Ula\u015ft\u0131rma Bakan\u0131 Erhan Ar\u0131kl\u0131, T\u00fcrk Devletleri Te\u015fkilat\u0131\u2019n\u0131n bili\u015fim ve haberle\u015fmeden sorumlu bakanlar\u0131n\u0131n yer ald\u0131\u011f\u0131 toplant\u0131da konu\u015fma yaparak ama\u00e7lar\u0131n\u0131n <a href=\"https:\/\/brtk.net\/\"\/><a href=\"https:\/\/brtk.net\/\"\/><a href=\"https:\/\/brtk.net\/\"\/><a href=\"https:\/\/brtk.net\/\">KKTC<\/a>\u2019yi bili\u015fim \u00fclkesi yapmak oldu\u011funu s\u00f6yledi.<\/p>\n<p>Bakanl\u0131ktan verilen bilgiye g\u00f6re, konu\u015fmas\u0131nda Kuzey K\u0131br\u0131s T\u00fcrk Cumhuriyeti\u2019nin (<a href=\"https:\/\/brtk.net\/\"\/><a href=\"https:\/\/brtk.net\/\"\/><a href=\"https:\/\/brtk.net\/\"\/><a href=\"https:\/\/brtk.net\/\">KKTC<\/a>) bili\u015fim ve haberle\u015fme altyap\u0131s\u0131 hakk\u0131nda konu\u015fan Ar\u0131kl\u0131, 4.5G ve fiber-optik altyap\u0131 projeleri hakk\u0131nda bilgi verdi.<\/p>\n<p>Bay\u0131nd\u0131rl\u0131k ve Ula\u015ft\u0131rma Bakan\u0131, <a href=\"https:\/\/brtk.net\/\"\/><a href=\"https:\/\/brtk.net\/\"\/><a href=\"https:\/\/brtk.net\/\"\/><a href=\"https:\/\/brtk.net\/\">KKTC<\/a>\u2019nin d\u00fcnya ile b\u00fct\u00fcnle\u015fmeye ve bu ama\u00e7la yap\u0131lacak i\u015f birliklerine her zaman haz\u0131r oldu\u011funu belirterek toplant\u0131ya kat\u0131lan mevkida\u015flar\u0131n\u0131 <a href=\"https:\/\/brtk.net\/\"\/><a href=\"https:\/\/brtk.net\/\"\/><a href=\"https:\/\/brtk.net\/\"\/><a href=\"https:\/\/brtk.net\/\">KKTC<\/a> ile bili\u015fim ve siber g\u00fcvenlik konular\u0131nda i\u015f birli\u011fi yapmaya davet etti.  <\/p>\n<p>Bakan Ar\u0131kl\u0131, \u00fclkede 23 \u00fcniversite oldu\u011funu ve 150 civar\u0131nda farkl\u0131 \u00fclkeden yakla\u015f\u0131k 110 bin gencin bu \u00fcniversitelerde e\u011fitim g\u00f6rd\u00fc\u011f\u00fcn\u00fc aktard\u0131. \u00dcniversitelerin TEKNOPARK kurabilmeleri ve burada teknoloji \u00fcretimi yap\u0131lmas\u0131 ve <a href=\"https:\/\/brtk.net\/\"\/><a href=\"https:\/\/brtk.net\/\"\/><a href=\"https:\/\/brtk.net\/\"\/><a href=\"https:\/\/brtk.net\/\">KKTC<\/a>\u2019nin bu alandaki k\u00fcresel rekabet edebilirli\u011finin art\u0131r\u0131lmas\u0131 ad\u0131na yasa \u00e7\u0131kart\u0131ld\u0131\u011f\u0131n\u0131 an\u0131msatan Ar\u0131kl\u0131, devletin vatanda\u015f\u0131na daha iyi hizmet vermesi ad\u0131na e-Devlet projesinin hayata ge\u00e7irildi\u011fini belirtti.<\/p>\n<p>Bakan Ar\u0131kl\u0131, \u00f6zellikle Kovid-19 salg\u0131n\u0131n ard\u0131ndan evden \u00e7al\u0131\u015fma ve e\u011fitimin yayg\u0131nla\u015ft\u0131\u011f\u0131n\u0131, pandeminin atlat\u0131lmas\u0131na ra\u011fmen insanlar\u0131n i\u015flerini evden takip etmek istedi\u011fini kaydetti.<\/p>\n<p>Ar\u0131kl\u0131, \u201cBunun i\u00e7in g\u00fc\u00e7l\u00fc bir alt yap\u0131 ile h\u0131zl\u0131 ve kesintisiz internete ihtiya\u00e7 var. Biz de bu do\u011frultuda \u00e7al\u0131\u015fmalar\u0131m\u0131z\u0131 tamamlad\u0131k. \u00dclkemizde faaliyet g\u00f6steren GSM operat\u00f6rlerine, 4.5G ve ard\u0131ndan 5G teknolojisini getirmeleri i\u00e7in lisans verdik. Biz de devlet olarak bak\u0131r olan ileti\u015fim altyap\u0131m\u0131z\u0131 fiber-optik ile de\u011fi\u015ftirerek bu teknolojinin her eve, i\u015f yerine ve haneye ula\u015fmas\u0131 i\u00e7in ihale \u015fartnamesi haz\u0131rl\u0131\u011f\u0131m\u0131z\u0131 tamamlad\u0131k\u201d \u015feklinde konu\u015ftu.<\/p>\n<\/p><\/div>\n<p><script async\n                    defer\n                    crossorigin=\"anonymous\"\n                    src=\"https:\/\/connect.facebook.net\/tr_TR\/sdk.js#xfbml=1&#038;version=v3.3\"\n            ><\/script><\/p>\n","protected":false},"excerpt":{"rendered":"<p>Bay\u0131nd\u0131rl\u0131k ve Ula\u015ft\u0131rma Bakan\u0131 Erhan Ar\u0131kl\u0131, T\u00fcrk Devletleri Te\u015fkilat\u0131\u2019n\u0131n bili\u015fim ve haberle\u015fmeden sorumlu bakanlar\u0131n\u0131n yer ald\u0131\u011f\u0131 toplant\u0131da konu\u015fma yaparak ama\u00e7lar\u0131n\u0131n KKTC\u2019yi bili\u015fim \u00fclkesi yapmak oldu\u011funu s\u00f6yledi. Bakanl\u0131ktan verilen bilgiye g\u00f6re, konu\u015fmas\u0131nda Kuzey K\u0131br\u0131s T\u00fcrk Cumhuriyeti\u2019nin (KKTC) bili\u015fim ve haberle\u015fme altyap\u0131s\u0131 hakk\u0131nda konu\u015fan Ar\u0131kl\u0131, 4.5G ve fiber-optik altyap\u0131 projeleri hakk\u0131nda bilgi verdi. Bay\u0131nd\u0131rl\u0131k ve Ula\u015ft\u0131rma Bakan\u0131,<\/p>\n","protected":false},"author":1,"featured_media":9180,"comment_status":"open","ping_status":"open","sticky":false,"template":"","format":"standard","meta":{"footnotes":""},"categories":[1],"tags":[],"class_list":["post-9179","post","type-post","status-publish","format-standard","has-post-thumbnail","hentry","category-gundem"],"yoast_head":"<!-- This site is optimized with the Yoast SEO plugin v27.5 - https:\/\/yoast.com\/product\/yoast-seo-wordpress\/ -->\n<title>Ar\u0131kl\u0131:Amac\u0131m\u0131z KKTC\u2019yi bili\u015fim \u00fclkesi yapmak -<\/title>\n<meta name=\"robots\" content=\"index, follow, max-snippet:-1, max-image-preview:large, max-video-preview:-1\" \/>\n<link rel=\"canonical\" href=\"https:\/\/kibrisdakik.com\/?p=9179\" \/>\n<meta property=\"og:locale\" content=\"tr_TR\" \/>\n<meta property=\"og:type\" content=\"article\" \/>\n<meta property=\"og:title\" content=\"Ar\u0131kl\u0131:Amac\u0131m\u0131z KKTC\u2019yi bili\u015fim \u00fclkesi yapmak -\" \/>\n<meta property=\"og:description\" content=\"Bay\u0131nd\u0131rl\u0131k ve Ula\u015ft\u0131rma Bakan\u0131 Erhan Ar\u0131kl\u0131, T\u00fcrk Devletleri Te\u015fkilat\u0131\u2019n\u0131n bili\u015fim ve haberle\u015fmeden sorumlu bakanlar\u0131n\u0131n yer ald\u0131\u011f\u0131 toplant\u0131da konu\u015fma yaparak ama\u00e7lar\u0131n\u0131n KKTC\u2019yi bili\u015fim \u00fclkesi yapmak oldu\u011funu s\u00f6yledi. Bakanl\u0131ktan verilen bilgiye g\u00f6re, konu\u015fmas\u0131nda Kuzey K\u0131br\u0131s T\u00fcrk Cumhuriyeti\u2019nin (KKTC) bili\u015fim ve haberle\u015fme altyap\u0131s\u0131 hakk\u0131nda konu\u015fan Ar\u0131kl\u0131, 4.5G ve fiber-optik altyap\u0131 projeleri hakk\u0131nda bilgi verdi. Bay\u0131nd\u0131rl\u0131k ve Ula\u015ft\u0131rma Bakan\u0131,\" \/>\n<meta property=\"og:url\" content=\"https:\/\/kibrisdakik.com\/?p=9179\" \/>\n<meta property=\"article:published_time\" content=\"2023-06-21T12:36:23+00:00\" \/>\n<meta property=\"og:image\" content=\"https:\/\/kibrisdakik.com\/wp-content\/uploads\/2023\/06\/arikli-turk-740x420.jpg\" \/>\n\t<meta property=\"og:image:width\" content=\"1024\" \/>\n\t<meta property=\"og:image:height\" content=\"768\" \/>\n\t<meta property=\"og:image:type\" content=\"image\/jpeg\" \/>\n<meta name=\"author\" content=\"admin\" \/>\n<meta name=\"twitter:card\" content=\"summary_large_image\" \/>\n<meta name=\"twitter:label1\" content=\"Yazan:\" \/>\n\t<meta name=\"twitter:data1\" content=\"admin\" \/>\n\t<meta name=\"twitter:label2\" content=\"Tahmini okuma s\u00fcresi\" \/>\n\t<meta name=\"twitter:data2\" content=\"2 dakika\" \/>\n<script type=\"application\/ld+json\" class=\"yoast-schema-graph\">{\"@context\":\"https:\\\/\\\/schema.org\",\"@graph\":[{\"@type\":\"Article\",\"@id\":\"https:\\\/\\\/kibrisdakik.com\\\/?p=9179#article\",\"isPartOf\":{\"@id\":\"https:\\\/\\\/kibrisdakik.com\\\/?p=9179\"},\"author\":{\"name\":\"admin\",\"@id\":\"https:\\\/\\\/kibrisdakik.com\\\/#\\\/schema\\\/person\\\/9cd9d437bbb44f72b73ba127e06d8e79\"},\"headline\":\"Ar\u0131kl\u0131:Amac\u0131m\u0131z KKTC\u2019yi bili\u015fim \u00fclkesi yapmak\",\"datePublished\":\"2023-06-21T12:36:23+00:00\",\"mainEntityOfPage\":{\"@id\":\"https:\\\/\\\/kibrisdakik.com\\\/?p=9179\"},\"wordCount\":351,\"commentCount\":0,\"image\":{\"@id\":\"https:\\\/\\\/kibrisdakik.com\\\/?p=9179#primaryimage\"},\"thumbnailUrl\":\"https:\\\/\\\/kibrisdakik.com\\\/wp-content\\\/uploads\\\/2023\\\/06\\\/arikli-turk-740x420.jpg\",\"articleSection\":[\"G\u00fcndem\"],\"inLanguage\":\"tr\",\"potentialAction\":[{\"@type\":\"CommentAction\",\"name\":\"Comment\",\"target\":[\"https:\\\/\\\/kibrisdakik.com\\\/?p=9179#respond\"]}]},{\"@type\":\"WebPage\",\"@id\":\"https:\\\/\\\/kibrisdakik.com\\\/?p=9179\",\"url\":\"https:\\\/\\\/kibrisdakik.com\\\/?p=9179\",\"name\":\"Ar\u0131kl\u0131:Amac\u0131m\u0131z KKTC\u2019yi bili\u015fim \u00fclkesi yapmak -\",\"isPartOf\":{\"@id\":\"https:\\\/\\\/kibrisdakik.com\\\/#website\"},\"primaryImageOfPage\":{\"@id\":\"https:\\\/\\\/kibrisdakik.com\\\/?p=9179#primaryimage\"},\"image\":{\"@id\":\"https:\\\/\\\/kibrisdakik.com\\\/?p=9179#primaryimage\"},\"thumbnailUrl\":\"https:\\\/\\\/kibrisdakik.com\\\/wp-content\\\/uploads\\\/2023\\\/06\\\/arikli-turk-740x420.jpg\",\"datePublished\":\"2023-06-21T12:36:23+00:00\",\"author\":{\"@id\":\"https:\\\/\\\/kibrisdakik.com\\\/#\\\/schema\\\/person\\\/9cd9d437bbb44f72b73ba127e06d8e79\"},\"breadcrumb\":{\"@id\":\"https:\\\/\\\/kibrisdakik.com\\\/?p=9179#breadcrumb\"},\"inLanguage\":\"tr\",\"potentialAction\":[{\"@type\":\"ReadAction\",\"target\":[\"https:\\\/\\\/kibrisdakik.com\\\/?p=9179\"]}]},{\"@type\":\"ImageObject\",\"inLanguage\":\"tr\",\"@id\":\"https:\\\/\\\/kibrisdakik.com\\\/?p=9179#primaryimage\",\"url\":\"https:\\\/\\\/kibrisdakik.com\\\/wp-content\\\/uploads\\\/2023\\\/06\\\/arikli-turk-740x420.jpg\",\"contentUrl\":\"https:\\\/\\\/kibrisdakik.com\\\/wp-content\\\/uploads\\\/2023\\\/06\\\/arikli-turk-740x420.jpg\",\"width\":1024,\"height\":768},{\"@type\":\"BreadcrumbList\",\"@id\":\"https:\\\/\\\/kibrisdakik.com\\\/?p=9179#breadcrumb\",\"itemListElement\":[{\"@type\":\"ListItem\",\"position\":1,\"name\":\"Home\",\"item\":\"https:\\\/\\\/kibrisdakik.com\\\/\"},{\"@type\":\"ListItem\",\"position\":2,\"name\":\"Ar\u0131kl\u0131:Amac\u0131m\u0131z KKTC\u2019yi bili\u015fim \u00fclkesi yapmak\"}]},{\"@type\":\"WebSite\",\"@id\":\"https:\\\/\\\/kibrisdakik.com\\\/#website\",\"url\":\"https:\\\/\\\/kibrisdakik.com\\\/\",\"name\":\"\",\"description\":\"Tam vaktinde haber\",\"potentialAction\":[{\"@type\":\"SearchAction\",\"target\":{\"@type\":\"EntryPoint\",\"urlTemplate\":\"https:\\\/\\\/kibrisdakik.com\\\/?s={search_term_string}\"},\"query-input\":{\"@type\":\"PropertyValueSpecification\",\"valueRequired\":true,\"valueName\":\"search_term_string\"}}],\"inLanguage\":\"tr\"},{\"@type\":\"Person\",\"@id\":\"https:\\\/\\\/kibrisdakik.com\\\/#\\\/schema\\\/person\\\/9cd9d437bbb44f72b73ba127e06d8e79\",\"name\":\"admin\",\"image\":{\"@type\":\"ImageObject\",\"inLanguage\":\"tr\",\"@id\":\"https:\\\/\\\/secure.gravatar.com\\\/avatar\\\/ccc17943b9d660506c869530f897617f7cb1c21a4bf30023f252596d83e1f007?s=96&d=mm&r=g\",\"url\":\"https:\\\/\\\/secure.gravatar.com\\\/avatar\\\/ccc17943b9d660506c869530f897617f7cb1c21a4bf30023f252596d83e1f007?s=96&d=mm&r=g\",\"contentUrl\":\"https:\\\/\\\/secure.gravatar.com\\\/avatar\\\/ccc17943b9d660506c869530f897617f7cb1c21a4bf30023f252596d83e1f007?s=96&d=mm&r=g\",\"caption\":\"admin\"},\"sameAs\":[\"https:\\\/\\\/kibrisdakik.com\"],\"url\":\"https:\\\/\\\/kibrisdakik.com\\\/?author=1\"}]}<\/script>\n<!-- \/ Yoast SEO plugin. -->","yoast_head_json":{"title":"Ar\u0131kl\u0131:Amac\u0131m\u0131z KKTC\u2019yi bili\u015fim \u00fclkesi yapmak -","robots":{"index":"index","follow":"follow","max-snippet":"max-snippet:-1","max-image-preview":"max-image-preview:large","max-video-preview":"max-video-preview:-1"},"canonical":"https:\/\/kibrisdakik.com\/?p=9179","og_locale":"tr_TR","og_type":"article","og_title":"Ar\u0131kl\u0131:Amac\u0131m\u0131z KKTC\u2019yi bili\u015fim \u00fclkesi yapmak -","og_description":"Bay\u0131nd\u0131rl\u0131k ve Ula\u015ft\u0131rma Bakan\u0131 Erhan Ar\u0131kl\u0131, T\u00fcrk Devletleri Te\u015fkilat\u0131\u2019n\u0131n bili\u015fim ve haberle\u015fmeden sorumlu bakanlar\u0131n\u0131n yer ald\u0131\u011f\u0131 toplant\u0131da konu\u015fma yaparak ama\u00e7lar\u0131n\u0131n KKTC\u2019yi bili\u015fim \u00fclkesi yapmak oldu\u011funu s\u00f6yledi. Bakanl\u0131ktan verilen bilgiye g\u00f6re, konu\u015fmas\u0131nda Kuzey K\u0131br\u0131s T\u00fcrk Cumhuriyeti\u2019nin (KKTC) bili\u015fim ve haberle\u015fme altyap\u0131s\u0131 hakk\u0131nda konu\u015fan Ar\u0131kl\u0131, 4.5G ve fiber-optik altyap\u0131 projeleri hakk\u0131nda bilgi verdi. Bay\u0131nd\u0131rl\u0131k ve Ula\u015ft\u0131rma Bakan\u0131,","og_url":"https:\/\/kibrisdakik.com\/?p=9179","article_published_time":"2023-06-21T12:36:23+00:00","og_image":[{"width":1024,"height":768,"url":"https:\/\/kibrisdakik.com\/wp-content\/uploads\/2023\/06\/arikli-turk-740x420.jpg","type":"image\/jpeg"}],"author":"admin","twitter_card":"summary_large_image","twitter_misc":{"Yazan:":"admin","Tahmini okuma s\u00fcresi":"2 dakika"},"schema":{"@context":"https:\/\/schema.org","@graph":[{"@type":"Article","@id":"https:\/\/kibrisdakik.com\/?p=9179#article","isPartOf":{"@id":"https:\/\/kibrisdakik.com\/?p=9179"},"author":{"name":"admin","@id":"https:\/\/kibrisdakik.com\/#\/schema\/person\/9cd9d437bbb44f72b73ba127e06d8e79"},"headline":"Ar\u0131kl\u0131:Amac\u0131m\u0131z KKTC\u2019yi bili\u015fim \u00fclkesi yapmak","datePublished":"2023-06-21T12:36:23+00:00","mainEntityOfPage":{"@id":"https:\/\/kibrisdakik.com\/?p=9179"},"wordCount":351,"commentCount":0,"image":{"@id":"https:\/\/kibrisdakik.com\/?p=9179#primaryimage"},"thumbnailUrl":"https:\/\/kibrisdakik.com\/wp-content\/uploads\/2023\/06\/arikli-turk-740x420.jpg","articleSection":["G\u00fcndem"],"inLanguage":"tr","potentialAction":[{"@type":"CommentAction","name":"Comment","target":["https:\/\/kibrisdakik.com\/?p=9179#respond"]}]},{"@type":"WebPage","@id":"https:\/\/kibrisdakik.com\/?p=9179","url":"https:\/\/kibrisdakik.com\/?p=9179","name":"Ar\u0131kl\u0131:Amac\u0131m\u0131z KKTC\u2019yi bili\u015fim \u00fclkesi yapmak -","isPartOf":{"@id":"https:\/\/kibrisdakik.com\/#website"},"primaryImageOfPage":{"@id":"https:\/\/kibrisdakik.com\/?p=9179#primaryimage"},"image":{"@id":"https:\/\/kibrisdakik.com\/?p=9179#primaryimage"},"thumbnailUrl":"https:\/\/kibrisdakik.com\/wp-content\/uploads\/2023\/06\/arikli-turk-740x420.jpg","datePublished":"2023-06-21T12:36:23+00:00","author":{"@id":"https:\/\/kibrisdakik.com\/#\/schema\/person\/9cd9d437bbb44f72b73ba127e06d8e79"},"breadcrumb":{"@id":"https:\/\/kibrisdakik.com\/?p=9179#breadcrumb"},"inLanguage":"tr","potentialAction":[{"@type":"ReadAction","target":["https:\/\/kibrisdakik.com\/?p=9179"]}]},{"@type":"ImageObject","inLanguage":"tr","@id":"https:\/\/kibrisdakik.com\/?p=9179#primaryimage","url":"https:\/\/kibrisdakik.com\/wp-content\/uploads\/2023\/06\/arikli-turk-740x420.jpg","contentUrl":"https:\/\/kibrisdakik.com\/wp-content\/uploads\/2023\/06\/arikli-turk-740x420.jpg","width":1024,"height":768},{"@type":"BreadcrumbList","@id":"https:\/\/kibrisdakik.com\/?p=9179#breadcrumb","itemListElement":[{"@type":"ListItem","position":1,"name":"Home","item":"https:\/\/kibrisdakik.com\/"},{"@type":"ListItem","position":2,"name":"Ar\u0131kl\u0131:Amac\u0131m\u0131z KKTC\u2019yi bili\u015fim \u00fclkesi yapmak"}]},{"@type":"WebSite","@id":"https:\/\/kibrisdakik.com\/#website","url":"https:\/\/kibrisdakik.com\/","name":"","description":"Tam vaktinde haber","potentialAction":[{"@type":"SearchAction","target":{"@type":"EntryPoint","urlTemplate":"https:\/\/kibrisdakik.com\/?s={search_term_string}"},"query-input":{"@type":"PropertyValueSpecification","valueRequired":true,"valueName":"search_term_string"}}],"inLanguage":"tr"},{"@type":"Person","@id":"https:\/\/kibrisdakik.com\/#\/schema\/person\/9cd9d437bbb44f72b73ba127e06d8e79","name":"admin","image":{"@type":"ImageObject","inLanguage":"tr","@id":"https:\/\/secure.gravatar.com\/avatar\/ccc17943b9d660506c869530f897617f7cb1c21a4bf30023f252596d83e1f007?s=96&d=mm&r=g","url":"https:\/\/secure.gravatar.com\/avatar\/ccc17943b9d660506c869530f897617f7cb1c21a4bf30023f252596d83e1f007?s=96&d=mm&r=g","contentUrl":"https:\/\/secure.gravatar.com\/avatar\/ccc17943b9d660506c869530f897617f7cb1c21a4bf30023f252596d83e1f007?s=96&d=mm&r=g","caption":"admin"},"sameAs":["https:\/\/kibrisdakik.com"],"url":"https:\/\/kibrisdakik.com\/?author=1"}]}},"_links":{"self":[{"href":"https:\/\/kibrisdakik.com\/index.php?rest_route=\/wp\/v2\/posts\/9179","targetHints":{"allow":["GET"]}}],"collection":[{"href":"https:\/\/kibrisdakik.com\/index.php?rest_route=\/wp\/v2\/posts"}],"about":[{"href":"https:\/\/kibrisdakik.com\/index.php?rest_route=\/wp\/v2\/types\/post"}],"author":[{"embeddable":true,"href":"https:\/\/kibrisdakik.com\/index.php?rest_route=\/wp\/v2\/users\/1"}],"replies":[{"embeddable":true,"href":"https:\/\/kibrisdakik.com\/index.php?rest_route=%2Fwp%2Fv2%2Fcomments&post=9179"}],"version-history":[{"count":0,"href":"https:\/\/kibrisdakik.com\/index.php?rest_route=\/wp\/v2\/posts\/9179\/revisions"}],"wp:featuredmedia":[{"embeddable":true,"href":"https:\/\/kibrisdakik.com\/index.php?rest_route=\/wp\/v2\/media\/9180"}],"wp:attachment":[{"href":"https:\/\/kibrisdakik.com\/index.php?rest_route=%2Fwp%2Fv2%2Fmedia&parent=9179"}],"wp:term":[{"taxonomy":"category","embeddable":true,"href":"https:\/\/kibrisdakik.com\/index.php?rest_route=%2Fwp%2Fv2%2Fcategories&post=9179"},{"taxonomy":"post_tag","embeddable":true,"href":"https:\/\/kibrisdakik.com\/index.php?rest_route=%2Fwp%2Fv2%2Ftags&post=9179"}],"curies":[{"name":"wp","href":"https:\/\/api.w.org\/{rel}","templated":true}]}}