{"id":91844,"date":"2025-08-30T20:41:07","date_gmt":"2025-08-30T17:41:07","guid":{"rendered":"https:\/\/kibrisdakik.com\/index.php\/2025\/08\/30\/vatandastan-cagri-bayraklarimiz-sanina-yakisir-dalgalansin\/"},"modified":"2025-08-30T20:41:07","modified_gmt":"2025-08-30T17:41:07","slug":"vatandastan-cagri-bayraklarimiz-sanina-yakisir-dalgalansin","status":"publish","type":"post","link":"https:\/\/kibrisdakik.com\/?p=91844","title":{"rendered":"VATANDA\u015eTAN \u00c7A\u011eRI: BAYRAKLARIMIZ \u015eANINA YAKI\u015eIR DALGALANSIN"},"content":{"rendered":"<p> <br \/>\n<br \/><\/p>\n<p>Girne Ozank\u00f6y Camii \u00e7evresinde y\u0131pranm\u0131\u015f halde duran bayraklar, vatanda\u015flar\u0131n tepkisine neden oldu.<\/p>\n<p>Konuyla ilgili gazetemize ula\u015fan Mehmet \u00c7al\u0131\u015fkan, duygular\u0131n\u0131 \u015fu s\u00f6zlerle dile getirdi:<\/p>\n<p>\u201cMerhabalar, ben Mehmet \u00c7al\u0131\u015fkan.<br \/>\nBug\u00fcn bir aile dostumu ziyaret i\u00e7in geldi\u011fim Girne Ozank\u00f6y Camii \u00e7evresinde, KKTC ve TC bayraklar\u0131m\u0131z\u0131n parampar\u00e7a olmu\u015f h\u00e2lini g\u00f6rd\u00fcm. Bu manzara beni ger\u00e7ekten derinden \u00fczd\u00fc.<\/p>\n<p>Durumu bildirmek i\u00e7in cami hocas\u0131yla g\u00f6r\u00fc\u015fmek istedim, ancak cami kapal\u0131 oldu\u011fu i\u00e7in kendisine ula\u015famad\u0131m.<\/p>\n<p>Bayraklar\u0131m\u0131z, ba\u011f\u0131ms\u0131zl\u0131\u011f\u0131m\u0131z\u0131n ve karde\u015fli\u011fimizin en \u00f6nemli simgelerindendir. Bu sebeple, onlar\u0131n bu \u015fekilde y\u0131pranm\u0131\u015f halde bulunmas\u0131 hepimiz i\u00e7in \u00fcz\u00fcc\u00fc bir durumdur. Dile\u011fim, en k\u0131sa s\u00fcrede gereken hassasiyetin g\u00f6sterilmesi ve bayraklar\u0131m\u0131z\u0131n tekrar \u015fan\u0131na yak\u0131\u015f\u0131r \u015fekilde dalgalanmas\u0131d\u0131r.\u201d  <strong>(MHA)<\/strong><\/p>\n<p><br \/>\n<br \/><a href=\"[kibrisdakik.com]\n<\/p>\n","protected":false},"excerpt":{"rendered":"<p>Girne Ozank\u00f6y Camii \u00e7evresinde y\u0131pranm\u0131\u015f halde duran bayraklar, vatanda\u015flar\u0131n tepkisine neden oldu. Konuyla ilgili gazetemize ula\u015fan Mehmet \u00c7al\u0131\u015fkan, duygular\u0131n\u0131 \u015fu s\u00f6zlerle dile getirdi: \u201cMerhabalar, ben Mehmet \u00c7al\u0131\u015fkan. Bug\u00fcn bir aile dostumu ziyaret i\u00e7in geldi\u011fim Girne Ozank\u00f6y Camii \u00e7evresinde, KKTC ve TC bayraklar\u0131m\u0131z\u0131n parampar\u00e7a olmu\u015f h\u00e2lini g\u00f6rd\u00fcm. Bu manzara beni ger\u00e7ekten derinden \u00fczd\u00fc. Durumu bildirmek i\u00e7in<\/p>\n","protected":false},"author":1,"featured_media":91845,"comment_status":"open","ping_status":"open","sticky":false,"template":"","format":"standard","meta":{"footnotes":""},"categories":[81,101],"tags":[],"class_list":["post-91844","post","type-post","status-publish","format-standard","has-post-thumbnail","hentry","category-kibris","category-manset"],"yoast_head":"<!-- This site is optimized with the Yoast SEO plugin v28.4 - https:\/\/yoast.com\/product\/yoast-seo-wordpress\/ -->\n<title>VATANDA\u015eTAN \u00c7A\u011eRI: BAYRAKLARIMIZ \u015eANINA YAKI\u015eIR DALGALANSIN -<\/title>\n<meta name=\"robots\" content=\"index, follow, max-snippet:-1, max-image-preview:large, max-video-preview:-1\" \/>\n<link rel=\"canonical\" href=\"https:\/\/kibrisdakik.com\/?p=91844\" \/>\n<meta property=\"og:locale\" content=\"tr_TR\" \/>\n<meta property=\"og:type\" content=\"article\" \/>\n<meta property=\"og:title\" content=\"VATANDA\u015eTAN \u00c7A\u011eRI: BAYRAKLARIMIZ \u015eANINA YAKI\u015eIR DALGALANSIN -\" \/>\n<meta property=\"og:description\" content=\"Girne Ozank\u00f6y Camii \u00e7evresinde y\u0131pranm\u0131\u015f halde duran bayraklar, vatanda\u015flar\u0131n tepkisine neden oldu. Konuyla ilgili gazetemize ula\u015fan Mehmet \u00c7al\u0131\u015fkan, duygular\u0131n\u0131 \u015fu s\u00f6zlerle dile getirdi: \u201cMerhabalar, ben Mehmet \u00c7al\u0131\u015fkan. Bug\u00fcn bir aile dostumu ziyaret i\u00e7in geldi\u011fim Girne Ozank\u00f6y Camii \u00e7evresinde, KKTC ve TC bayraklar\u0131m\u0131z\u0131n parampar\u00e7a olmu\u015f h\u00e2lini g\u00f6rd\u00fcm. Bu manzara beni ger\u00e7ekten derinden \u00fczd\u00fc. Durumu bildirmek i\u00e7in\" \/>\n<meta property=\"og:url\" content=\"https:\/\/kibrisdakik.com\/?p=91844\" \/>\n<meta property=\"article:published_time\" content=\"2025-08-30T17:41:07+00:00\" \/>\n<meta property=\"og:image\" content=\"https:\/\/kibrisdakik.com\/wp-content\/uploads\/2025\/08\/mha-554-740x420.png\" \/>\n\t<meta property=\"og:image:width\" content=\"1280\" \/>\n\t<meta property=\"og:image:height\" content=\"720\" \/>\n\t<meta property=\"og:image:type\" content=\"image\/png\" \/>\n<meta name=\"author\" content=\"admin\" \/>\n<meta name=\"twitter:card\" content=\"summary_large_image\" \/>\n<meta name=\"twitter:label1\" content=\"Yazan:\" \/>\n\t<meta name=\"twitter:data1\" content=\"admin\" \/>\n\t<meta name=\"twitter:label2\" content=\"Tahmini okuma s\u00fcresi\" \/>\n\t<meta name=\"twitter:data2\" content=\"1 dakika\" \/>\n<script type=\"application\/ld+json\" class=\"yoast-schema-graph\">{\"@context\":\"https:\\\/\\\/schema.org\",\"@graph\":[{\"@type\":\"Article\",\"@id\":\"https:\\\/\\\/kibrisdakik.com\\\/?p=91844#article\",\"isPartOf\":{\"@id\":\"https:\\\/\\\/kibrisdakik.com\\\/?p=91844\"},\"author\":{\"name\":\"admin\",\"@id\":\"https:\\\/\\\/kibrisdakik.com\\\/#\\\/schema\\\/person\\\/9cd9d437bbb44f72b73ba127e06d8e79\"},\"headline\":\"VATANDA\u015eTAN \u00c7A\u011eRI: BAYRAKLARIMIZ \u015eANINA YAKI\u015eIR DALGALANSIN\",\"datePublished\":\"2025-08-30T17:41:07+00:00\",\"mainEntityOfPage\":{\"@id\":\"https:\\\/\\\/kibrisdakik.com\\\/?p=91844\"},\"wordCount\":165,\"commentCount\":0,\"publisher\":{\"@id\":\"https:\\\/\\\/kibrisdakik.com\\\/#organization\"},\"image\":{\"@id\":\"https:\\\/\\\/kibrisdakik.com\\\/?p=91844#primaryimage\"},\"thumbnailUrl\":\"https:\\\/\\\/kibrisdakik.com\\\/wp-content\\\/uploads\\\/2025\\\/08\\\/mha-554-740x420.png\",\"articleSection\":[\"K\u0131br\u0131s\",\"Man\u015fet\"],\"inLanguage\":\"tr\",\"potentialAction\":[{\"@type\":\"CommentAction\",\"name\":\"Comment\",\"target\":[\"https:\\\/\\\/kibrisdakik.com\\\/?p=91844#respond\"]}]},{\"@type\":\"WebPage\",\"@id\":\"https:\\\/\\\/kibrisdakik.com\\\/?p=91844\",\"url\":\"https:\\\/\\\/kibrisdakik.com\\\/?p=91844\",\"name\":\"VATANDA\u015eTAN \u00c7A\u011eRI: BAYRAKLARIMIZ \u015eANINA YAKI\u015eIR DALGALANSIN -\",\"isPartOf\":{\"@id\":\"https:\\\/\\\/kibrisdakik.com\\\/#website\"},\"primaryImageOfPage\":{\"@id\":\"https:\\\/\\\/kibrisdakik.com\\\/?p=91844#primaryimage\"},\"image\":{\"@id\":\"https:\\\/\\\/kibrisdakik.com\\\/?p=91844#primaryimage\"},\"thumbnailUrl\":\"https:\\\/\\\/kibrisdakik.com\\\/wp-content\\\/uploads\\\/2025\\\/08\\\/mha-554-740x420.png\",\"datePublished\":\"2025-08-30T17:41:07+00:00\",\"breadcrumb\":{\"@id\":\"https:\\\/\\\/kibrisdakik.com\\\/?p=91844#breadcrumb\"},\"inLanguage\":\"tr\",\"potentialAction\":[{\"@type\":\"ReadAction\",\"target\":[\"https:\\\/\\\/kibrisdakik.com\\\/?p=91844\"]}]},{\"@type\":\"ImageObject\",\"inLanguage\":\"tr\",\"@id\":\"https:\\\/\\\/kibrisdakik.com\\\/?p=91844#primaryimage\",\"url\":\"https:\\\/\\\/kibrisdakik.com\\\/wp-content\\\/uploads\\\/2025\\\/08\\\/mha-554-740x420.png\",\"contentUrl\":\"https:\\\/\\\/kibrisdakik.com\\\/wp-content\\\/uploads\\\/2025\\\/08\\\/mha-554-740x420.png\",\"width\":1280,\"height\":720},{\"@type\":\"BreadcrumbList\",\"@id\":\"https:\\\/\\\/kibrisdakik.com\\\/?p=91844#breadcrumb\",\"itemListElement\":[{\"@type\":\"ListItem\",\"position\":1,\"name\":\"Home\",\"item\":\"https:\\\/\\\/kibrisdakik.com\\\/\"},{\"@type\":\"ListItem\",\"position\":2,\"name\":\"VATANDA\u015eTAN \u00c7A\u011eRI: BAYRAKLARIMIZ \u015eANINA YAKI\u015eIR DALGALANSIN\"}]},{\"@type\":\"WebSite\",\"@id\":\"https:\\\/\\\/kibrisdakik.com\\\/#website\",\"url\":\"https:\\\/\\\/kibrisdakik.com\\\/\",\"name\":\"K\u0131br\u0131s Dakik\",\"description\":\"Tam vaktinde haber\",\"publisher\":{\"@id\":\"https:\\\/\\\/kibrisdakik.com\\\/#organization\"},\"potentialAction\":[{\"@type\":\"SearchAction\",\"target\":{\"@type\":\"EntryPoint\",\"urlTemplate\":\"https:\\\/\\\/kibrisdakik.com\\\/?s={search_term_string}\"},\"query-input\":{\"@type\":\"PropertyValueSpecification\",\"valueRequired\":true,\"valueName\":\"search_term_string\"}}],\"inLanguage\":\"tr\"},{\"@type\":\"Organization\",\"@id\":\"https:\\\/\\\/kibrisdakik.com\\\/#organization\",\"name\":\"K\u0131br\u0131s Dakik\",\"url\":\"https:\\\/\\\/kibrisdakik.com\\\/\",\"logo\":{\"@type\":\"ImageObject\",\"inLanguage\":\"tr\",\"@id\":\"https:\\\/\\\/kibrisdakik.com\\\/#\\\/schema\\\/logo\\\/image\\\/\",\"url\":\"https:\\\/\\\/kibrisdakik.com\\\/wp-content\\\/uploads\\\/2025\\\/10\\\/cropped-WhatsApp-Image-2025-10-02-at-12.58.31.jpeg\",\"contentUrl\":\"https:\\\/\\\/kibrisdakik.com\\\/wp-content\\\/uploads\\\/2025\\\/10\\\/cropped-WhatsApp-Image-2025-10-02-at-12.58.31.jpeg\",\"width\":1237,\"height\":190,\"caption\":\"K\u0131br\u0131s Dakik\"},\"image\":{\"@id\":\"https:\\\/\\\/kibrisdakik.com\\\/#\\\/schema\\\/logo\\\/image\\\/\"}},{\"@type\":\"Person\",\"@id\":\"https:\\\/\\\/kibrisdakik.com\\\/#\\\/schema\\\/person\\\/9cd9d437bbb44f72b73ba127e06d8e79\",\"name\":\"admin\",\"image\":{\"@type\":\"ImageObject\",\"inLanguage\":\"tr\",\"@id\":\"https:\\\/\\\/secure.gravatar.com\\\/avatar\\\/ccc17943b9d660506c869530f897617f7cb1c21a4bf30023f252596d83e1f007?s=96&d=mm&r=g\",\"url\":\"https:\\\/\\\/secure.gravatar.com\\\/avatar\\\/ccc17943b9d660506c869530f897617f7cb1c21a4bf30023f252596d83e1f007?s=96&d=mm&r=g\",\"contentUrl\":\"https:\\\/\\\/secure.gravatar.com\\\/avatar\\\/ccc17943b9d660506c869530f897617f7cb1c21a4bf30023f252596d83e1f007?s=96&d=mm&r=g\",\"caption\":\"admin\"},\"sameAs\":[\"https:\\\/\\\/kibrisdakik.com\"],\"url\":\"https:\\\/\\\/kibrisdakik.com\\\/?author=1\"}]}<\/script>\n<!-- \/ Yoast SEO plugin. -->","yoast_head_json":{"title":"VATANDA\u015eTAN \u00c7A\u011eRI: BAYRAKLARIMIZ \u015eANINA YAKI\u015eIR DALGALANSIN -","robots":{"index":"index","follow":"follow","max-snippet":"max-snippet:-1","max-image-preview":"max-image-preview:large","max-video-preview":"max-video-preview:-1"},"canonical":"https:\/\/kibrisdakik.com\/?p=91844","og_locale":"tr_TR","og_type":"article","og_title":"VATANDA\u015eTAN \u00c7A\u011eRI: BAYRAKLARIMIZ \u015eANINA YAKI\u015eIR DALGALANSIN -","og_description":"Girne Ozank\u00f6y Camii \u00e7evresinde y\u0131pranm\u0131\u015f halde duran bayraklar, vatanda\u015flar\u0131n tepkisine neden oldu. Konuyla ilgili gazetemize ula\u015fan Mehmet \u00c7al\u0131\u015fkan, duygular\u0131n\u0131 \u015fu s\u00f6zlerle dile getirdi: \u201cMerhabalar, ben Mehmet \u00c7al\u0131\u015fkan. Bug\u00fcn bir aile dostumu ziyaret i\u00e7in geldi\u011fim Girne Ozank\u00f6y Camii \u00e7evresinde, KKTC ve TC bayraklar\u0131m\u0131z\u0131n parampar\u00e7a olmu\u015f h\u00e2lini g\u00f6rd\u00fcm. Bu manzara beni ger\u00e7ekten derinden \u00fczd\u00fc. Durumu bildirmek i\u00e7in","og_url":"https:\/\/kibrisdakik.com\/?p=91844","article_published_time":"2025-08-30T17:41:07+00:00","og_image":[{"width":1280,"height":720,"url":"https:\/\/kibrisdakik.com\/wp-content\/uploads\/2025\/08\/mha-554-740x420.png","type":"image\/png"}],"author":"admin","twitter_card":"summary_large_image","twitter_misc":{"Yazan:":"admin","Tahmini okuma s\u00fcresi":"1 dakika"},"schema":{"@context":"https:\/\/schema.org","@graph":[{"@type":"Article","@id":"https:\/\/kibrisdakik.com\/?p=91844#article","isPartOf":{"@id":"https:\/\/kibrisdakik.com\/?p=91844"},"author":{"name":"admin","@id":"https:\/\/kibrisdakik.com\/#\/schema\/person\/9cd9d437bbb44f72b73ba127e06d8e79"},"headline":"VATANDA\u015eTAN \u00c7A\u011eRI: BAYRAKLARIMIZ \u015eANINA YAKI\u015eIR DALGALANSIN","datePublished":"2025-08-30T17:41:07+00:00","mainEntityOfPage":{"@id":"https:\/\/kibrisdakik.com\/?p=91844"},"wordCount":165,"commentCount":0,"publisher":{"@id":"https:\/\/kibrisdakik.com\/#organization"},"image":{"@id":"https:\/\/kibrisdakik.com\/?p=91844#primaryimage"},"thumbnailUrl":"https:\/\/kibrisdakik.com\/wp-content\/uploads\/2025\/08\/mha-554-740x420.png","articleSection":["K\u0131br\u0131s","Man\u015fet"],"inLanguage":"tr","potentialAction":[{"@type":"CommentAction","name":"Comment","target":["https:\/\/kibrisdakik.com\/?p=91844#respond"]}]},{"@type":"WebPage","@id":"https:\/\/kibrisdakik.com\/?p=91844","url":"https:\/\/kibrisdakik.com\/?p=91844","name":"VATANDA\u015eTAN \u00c7A\u011eRI: BAYRAKLARIMIZ \u015eANINA YAKI\u015eIR DALGALANSIN -","isPartOf":{"@id":"https:\/\/kibrisdakik.com\/#website"},"primaryImageOfPage":{"@id":"https:\/\/kibrisdakik.com\/?p=91844#primaryimage"},"image":{"@id":"https:\/\/kibrisdakik.com\/?p=91844#primaryimage"},"thumbnailUrl":"https:\/\/kibrisdakik.com\/wp-content\/uploads\/2025\/08\/mha-554-740x420.png","datePublished":"2025-08-30T17:41:07+00:00","breadcrumb":{"@id":"https:\/\/kibrisdakik.com\/?p=91844#breadcrumb"},"inLanguage":"tr","potentialAction":[{"@type":"ReadAction","target":["https:\/\/kibrisdakik.com\/?p=91844"]}]},{"@type":"ImageObject","inLanguage":"tr","@id":"https:\/\/kibrisdakik.com\/?p=91844#primaryimage","url":"https:\/\/kibrisdakik.com\/wp-content\/uploads\/2025\/08\/mha-554-740x420.png","contentUrl":"https:\/\/kibrisdakik.com\/wp-content\/uploads\/2025\/08\/mha-554-740x420.png","width":1280,"height":720},{"@type":"BreadcrumbList","@id":"https:\/\/kibrisdakik.com\/?p=91844#breadcrumb","itemListElement":[{"@type":"ListItem","position":1,"name":"Home","item":"https:\/\/kibrisdakik.com\/"},{"@type":"ListItem","position":2,"name":"VATANDA\u015eTAN \u00c7A\u011eRI: BAYRAKLARIMIZ \u015eANINA YAKI\u015eIR DALGALANSIN"}]},{"@type":"WebSite","@id":"https:\/\/kibrisdakik.com\/#website","url":"https:\/\/kibrisdakik.com\/","name":"K\u0131br\u0131s Dakik","description":"Tam vaktinde haber","publisher":{"@id":"https:\/\/kibrisdakik.com\/#organization"},"potentialAction":[{"@type":"SearchAction","target":{"@type":"EntryPoint","urlTemplate":"https:\/\/kibrisdakik.com\/?s={search_term_string}"},"query-input":{"@type":"PropertyValueSpecification","valueRequired":true,"valueName":"search_term_string"}}],"inLanguage":"tr"},{"@type":"Organization","@id":"https:\/\/kibrisdakik.com\/#organization","name":"K\u0131br\u0131s Dakik","url":"https:\/\/kibrisdakik.com\/","logo":{"@type":"ImageObject","inLanguage":"tr","@id":"https:\/\/kibrisdakik.com\/#\/schema\/logo\/image\/","url":"https:\/\/kibrisdakik.com\/wp-content\/uploads\/2025\/10\/cropped-WhatsApp-Image-2025-10-02-at-12.58.31.jpeg","contentUrl":"https:\/\/kibrisdakik.com\/wp-content\/uploads\/2025\/10\/cropped-WhatsApp-Image-2025-10-02-at-12.58.31.jpeg","width":1237,"height":190,"caption":"K\u0131br\u0131s Dakik"},"image":{"@id":"https:\/\/kibrisdakik.com\/#\/schema\/logo\/image\/"}},{"@type":"Person","@id":"https:\/\/kibrisdakik.com\/#\/schema\/person\/9cd9d437bbb44f72b73ba127e06d8e79","name":"admin","image":{"@type":"ImageObject","inLanguage":"tr","@id":"https:\/\/secure.gravatar.com\/avatar\/ccc17943b9d660506c869530f897617f7cb1c21a4bf30023f252596d83e1f007?s=96&d=mm&r=g","url":"https:\/\/secure.gravatar.com\/avatar\/ccc17943b9d660506c869530f897617f7cb1c21a4bf30023f252596d83e1f007?s=96&d=mm&r=g","contentUrl":"https:\/\/secure.gravatar.com\/avatar\/ccc17943b9d660506c869530f897617f7cb1c21a4bf30023f252596d83e1f007?s=96&d=mm&r=g","caption":"admin"},"sameAs":["https:\/\/kibrisdakik.com"],"url":"https:\/\/kibrisdakik.com\/?author=1"}]}},"_links":{"self":[{"href":"https:\/\/kibrisdakik.com\/index.php?rest_route=\/wp\/v2\/posts\/91844","targetHints":{"allow":["GET"]}}],"collection":[{"href":"https:\/\/kibrisdakik.com\/index.php?rest_route=\/wp\/v2\/posts"}],"about":[{"href":"https:\/\/kibrisdakik.com\/index.php?rest_route=\/wp\/v2\/types\/post"}],"author":[{"embeddable":true,"href":"https:\/\/kibrisdakik.com\/index.php?rest_route=\/wp\/v2\/users\/1"}],"replies":[{"embeddable":true,"href":"https:\/\/kibrisdakik.com\/index.php?rest_route=%2Fwp%2Fv2%2Fcomments&post=91844"}],"version-history":[{"count":0,"href":"https:\/\/kibrisdakik.com\/index.php?rest_route=\/wp\/v2\/posts\/91844\/revisions"}],"wp:featuredmedia":[{"embeddable":true,"href":"https:\/\/kibrisdakik.com\/index.php?rest_route=\/wp\/v2\/media\/91845"}],"wp:attachment":[{"href":"https:\/\/kibrisdakik.com\/index.php?rest_route=%2Fwp%2Fv2%2Fmedia&parent=91844"}],"wp:term":[{"taxonomy":"category","embeddable":true,"href":"https:\/\/kibrisdakik.com\/index.php?rest_route=%2Fwp%2Fv2%2Fcategories&post=91844"},{"taxonomy":"post_tag","embeddable":true,"href":"https:\/\/kibrisdakik.com\/index.php?rest_route=%2Fwp%2Fv2%2Ftags&post=91844"}],"curies":[{"name":"wp","href":"https:\/\/api.w.org\/{rel}","templated":true}]}}