{"id":9193,"date":"2023-06-21T16:39:29","date_gmt":"2023-06-21T16:39:29","guid":{"rendered":"https:\/\/kibrisdakik.com\/index.php\/2023\/06\/21\/meslek-liselerine-basvuru-suresi-cuma-gunune-kadar-uzatildi\/"},"modified":"2023-06-21T16:39:29","modified_gmt":"2023-06-21T16:39:29","slug":"meslek-liselerine-basvuru-suresi-cuma-gunune-kadar-uzatildi","status":"publish","type":"post","link":"https:\/\/kibrisdakik.com\/?p=9193","title":{"rendered":"Meslek liselerine ba\u015fvuru s\u00fcresi Cuma g\u00fcn\u00fcne kadar uzat\u0131ld\u0131"},"content":{"rendered":"<p><\/p>\n<div>\n<div class=\"mariselle-image-container center\">\n                <img width=\"768\" height=\"425\" class=\"lazy-image\" alt=\"\" decoding=\"async\" loading=\"lazy\" sizes=\"auto, (max-width: 768px) 100vw, 768px\" src=\"https:\/\/brtk.net\/wp-content\/uploads\/2023\/06\/21\/egitim-bakanligi.jpg?ver=9317cb3d425523d15b5e1939f21099fa\" srcset=\"https:\/\/brtk.net\/wp-content\/uploads\/2023\/06\/21\/egitim-bakanligi.jpg?ver=9317cb3d425523d15b5e1939f21099fa 768w, https:\/\/brtk.net\/wp-content\/uploads\/2023\/06\/21\/egitim-bakanligi-300x166.jpg?ver=9317cb3d425523d15b5e1939f21099fa 300w\"\/>                            <\/div>\n<p>Milli E\u011fitim Bakanl\u0131\u011f\u0131, meslek liselerine ba\u015fvuru s\u00fcresinin 23 Haziran Cuma g\u00fcn\u00fcne kadar uzat\u0131ld\u0131\u011f\u0131n\u0131 a\u00e7\u0131klad\u0131.<\/p>\n<p>Bakanl\u0131ktan yap\u0131lan yaz\u0131l\u0131 a\u00e7\u0131klamada, meslek liselerine ba\u015fvurularda ya\u015fanan yo\u011funluk nedeniyle bug\u00fcn sona eren ba\u015fvuru s\u00fcresinin, 23 Haziran Cuma g\u00fcn\u00fcne kadar uzat\u0131ld\u0131\u011f\u0131 duyuruldu.<\/p>\n<p>A\u00e7\u0131klamada, \u201cYeni \u00f6\u011fretim y\u0131l\u0131nda meslek liselerinde \u00f6\u011frenim g\u00f6rmek isteyen ve bu y\u0131l ortaokuldan mezun olan \u00f6\u011frencilerimiz, ba\u015fvuru i\u015flemlerini mezun olduklar\u0131 ortaokullarda, ortaokul diploma fotokopisi ve doldurulmu\u015f tercih formu ile birlikte yapabilecektir.\u201d denildi.<\/p>\n<\/p><\/div>\n<p><script async\n                    defer\n                    crossorigin=\"anonymous\"\n                    src=\"https:\/\/connect.facebook.net\/tr_TR\/sdk.js#xfbml=1&#038;version=v3.3\"\n            ><\/script><\/p>\n","protected":false},"excerpt":{"rendered":"<p>Milli E\u011fitim Bakanl\u0131\u011f\u0131, meslek liselerine ba\u015fvuru s\u00fcresinin 23 Haziran Cuma g\u00fcn\u00fcne kadar uzat\u0131ld\u0131\u011f\u0131n\u0131 a\u00e7\u0131klad\u0131. Bakanl\u0131ktan yap\u0131lan yaz\u0131l\u0131 a\u00e7\u0131klamada, meslek liselerine ba\u015fvurularda ya\u015fanan yo\u011funluk nedeniyle bug\u00fcn sona eren ba\u015fvuru s\u00fcresinin, 23 Haziran Cuma g\u00fcn\u00fcne kadar uzat\u0131ld\u0131\u011f\u0131 duyuruldu. A\u00e7\u0131klamada, \u201cYeni \u00f6\u011fretim y\u0131l\u0131nda meslek liselerinde \u00f6\u011frenim g\u00f6rmek isteyen ve bu y\u0131l ortaokuldan mezun olan \u00f6\u011frencilerimiz, ba\u015fvuru i\u015flemlerini mezun<\/p>\n","protected":false},"author":1,"featured_media":9194,"comment_status":"open","ping_status":"open","sticky":false,"template":"","format":"standard","meta":{"footnotes":""},"categories":[1],"tags":[],"class_list":["post-9193","post","type-post","status-publish","format-standard","has-post-thumbnail","hentry","category-gundem"],"yoast_head":"<!-- This site is optimized with the Yoast SEO plugin v27.4 - https:\/\/yoast.com\/product\/yoast-seo-wordpress\/ -->\n<title>Meslek liselerine ba\u015fvuru s\u00fcresi Cuma g\u00fcn\u00fcne kadar uzat\u0131ld\u0131 -<\/title>\n<meta name=\"robots\" content=\"index, follow, max-snippet:-1, max-image-preview:large, max-video-preview:-1\" \/>\n<link rel=\"canonical\" href=\"https:\/\/kibrisdakik.com\/?p=9193\" \/>\n<meta property=\"og:locale\" content=\"tr_TR\" \/>\n<meta property=\"og:type\" content=\"article\" \/>\n<meta property=\"og:title\" content=\"Meslek liselerine ba\u015fvuru s\u00fcresi Cuma g\u00fcn\u00fcne kadar uzat\u0131ld\u0131 -\" \/>\n<meta property=\"og:description\" content=\"Milli E\u011fitim Bakanl\u0131\u011f\u0131, meslek liselerine ba\u015fvuru s\u00fcresinin 23 Haziran Cuma g\u00fcn\u00fcne kadar uzat\u0131ld\u0131\u011f\u0131n\u0131 a\u00e7\u0131klad\u0131. Bakanl\u0131ktan yap\u0131lan yaz\u0131l\u0131 a\u00e7\u0131klamada, meslek liselerine ba\u015fvurularda ya\u015fanan yo\u011funluk nedeniyle bug\u00fcn sona eren ba\u015fvuru s\u00fcresinin, 23 Haziran Cuma g\u00fcn\u00fcne kadar uzat\u0131ld\u0131\u011f\u0131 duyuruldu. A\u00e7\u0131klamada, \u201cYeni \u00f6\u011fretim y\u0131l\u0131nda meslek liselerinde \u00f6\u011frenim g\u00f6rmek isteyen ve bu y\u0131l ortaokuldan mezun olan \u00f6\u011frencilerimiz, ba\u015fvuru i\u015flemlerini mezun\" \/>\n<meta property=\"og:url\" content=\"https:\/\/kibrisdakik.com\/?p=9193\" \/>\n<meta property=\"article:published_time\" content=\"2023-06-21T16:39:29+00:00\" \/>\n<meta property=\"og:image\" content=\"https:\/\/kibrisdakik.com\/wp-content\/uploads\/2023\/06\/egitim-bakanligi-740x420.jpg\" \/>\n\t<meta property=\"og:image:width\" content=\"768\" \/>\n\t<meta property=\"og:image:height\" content=\"425\" \/>\n\t<meta property=\"og:image:type\" content=\"image\/jpeg\" \/>\n<meta name=\"author\" content=\"admin\" \/>\n<meta name=\"twitter:card\" content=\"summary_large_image\" \/>\n<meta name=\"twitter:label1\" content=\"Yazan:\" \/>\n\t<meta name=\"twitter:data1\" content=\"admin\" \/>\n<script type=\"application\/ld+json\" class=\"yoast-schema-graph\">{\"@context\":\"https:\\\/\\\/schema.org\",\"@graph\":[{\"@type\":\"Article\",\"@id\":\"https:\\\/\\\/kibrisdakik.com\\\/?p=9193#article\",\"isPartOf\":{\"@id\":\"https:\\\/\\\/kibrisdakik.com\\\/?p=9193\"},\"author\":{\"name\":\"admin\",\"@id\":\"https:\\\/\\\/kibrisdakik.com\\\/#\\\/schema\\\/person\\\/9cd9d437bbb44f72b73ba127e06d8e79\"},\"headline\":\"Meslek liselerine ba\u015fvuru s\u00fcresi Cuma g\u00fcn\u00fcne kadar uzat\u0131ld\u0131\",\"datePublished\":\"2023-06-21T16:39:29+00:00\",\"mainEntityOfPage\":{\"@id\":\"https:\\\/\\\/kibrisdakik.com\\\/?p=9193\"},\"wordCount\":107,\"commentCount\":0,\"image\":{\"@id\":\"https:\\\/\\\/kibrisdakik.com\\\/?p=9193#primaryimage\"},\"thumbnailUrl\":\"https:\\\/\\\/kibrisdakik.com\\\/wp-content\\\/uploads\\\/2023\\\/06\\\/egitim-bakanligi-740x420.jpg\",\"articleSection\":[\"G\u00fcndem\"],\"inLanguage\":\"tr\",\"potentialAction\":[{\"@type\":\"CommentAction\",\"name\":\"Comment\",\"target\":[\"https:\\\/\\\/kibrisdakik.com\\\/?p=9193#respond\"]}]},{\"@type\":\"WebPage\",\"@id\":\"https:\\\/\\\/kibrisdakik.com\\\/?p=9193\",\"url\":\"https:\\\/\\\/kibrisdakik.com\\\/?p=9193\",\"name\":\"Meslek liselerine ba\u015fvuru s\u00fcresi Cuma g\u00fcn\u00fcne kadar uzat\u0131ld\u0131 -\",\"isPartOf\":{\"@id\":\"https:\\\/\\\/kibrisdakik.com\\\/#website\"},\"primaryImageOfPage\":{\"@id\":\"https:\\\/\\\/kibrisdakik.com\\\/?p=9193#primaryimage\"},\"image\":{\"@id\":\"https:\\\/\\\/kibrisdakik.com\\\/?p=9193#primaryimage\"},\"thumbnailUrl\":\"https:\\\/\\\/kibrisdakik.com\\\/wp-content\\\/uploads\\\/2023\\\/06\\\/egitim-bakanligi-740x420.jpg\",\"datePublished\":\"2023-06-21T16:39:29+00:00\",\"author\":{\"@id\":\"https:\\\/\\\/kibrisdakik.com\\\/#\\\/schema\\\/person\\\/9cd9d437bbb44f72b73ba127e06d8e79\"},\"breadcrumb\":{\"@id\":\"https:\\\/\\\/kibrisdakik.com\\\/?p=9193#breadcrumb\"},\"inLanguage\":\"tr\",\"potentialAction\":[{\"@type\":\"ReadAction\",\"target\":[\"https:\\\/\\\/kibrisdakik.com\\\/?p=9193\"]}]},{\"@type\":\"ImageObject\",\"inLanguage\":\"tr\",\"@id\":\"https:\\\/\\\/kibrisdakik.com\\\/?p=9193#primaryimage\",\"url\":\"https:\\\/\\\/kibrisdakik.com\\\/wp-content\\\/uploads\\\/2023\\\/06\\\/egitim-bakanligi-740x420.jpg\",\"contentUrl\":\"https:\\\/\\\/kibrisdakik.com\\\/wp-content\\\/uploads\\\/2023\\\/06\\\/egitim-bakanligi-740x420.jpg\",\"width\":768,\"height\":425},{\"@type\":\"BreadcrumbList\",\"@id\":\"https:\\\/\\\/kibrisdakik.com\\\/?p=9193#breadcrumb\",\"itemListElement\":[{\"@type\":\"ListItem\",\"position\":1,\"name\":\"Home\",\"item\":\"https:\\\/\\\/kibrisdakik.com\\\/\"},{\"@type\":\"ListItem\",\"position\":2,\"name\":\"Meslek liselerine ba\u015fvuru s\u00fcresi Cuma g\u00fcn\u00fcne kadar uzat\u0131ld\u0131\"}]},{\"@type\":\"WebSite\",\"@id\":\"https:\\\/\\\/kibrisdakik.com\\\/#website\",\"url\":\"https:\\\/\\\/kibrisdakik.com\\\/\",\"name\":\"\",\"description\":\"Tam vaktinde haber\",\"potentialAction\":[{\"@type\":\"SearchAction\",\"target\":{\"@type\":\"EntryPoint\",\"urlTemplate\":\"https:\\\/\\\/kibrisdakik.com\\\/?s={search_term_string}\"},\"query-input\":{\"@type\":\"PropertyValueSpecification\",\"valueRequired\":true,\"valueName\":\"search_term_string\"}}],\"inLanguage\":\"tr\"},{\"@type\":\"Person\",\"@id\":\"https:\\\/\\\/kibrisdakik.com\\\/#\\\/schema\\\/person\\\/9cd9d437bbb44f72b73ba127e06d8e79\",\"name\":\"admin\",\"image\":{\"@type\":\"ImageObject\",\"inLanguage\":\"tr\",\"@id\":\"https:\\\/\\\/secure.gravatar.com\\\/avatar\\\/ccc17943b9d660506c869530f897617f7cb1c21a4bf30023f252596d83e1f007?s=96&d=mm&r=g\",\"url\":\"https:\\\/\\\/secure.gravatar.com\\\/avatar\\\/ccc17943b9d660506c869530f897617f7cb1c21a4bf30023f252596d83e1f007?s=96&d=mm&r=g\",\"contentUrl\":\"https:\\\/\\\/secure.gravatar.com\\\/avatar\\\/ccc17943b9d660506c869530f897617f7cb1c21a4bf30023f252596d83e1f007?s=96&d=mm&r=g\",\"caption\":\"admin\"},\"sameAs\":[\"https:\\\/\\\/kibrisdakik.com\"],\"url\":\"https:\\\/\\\/kibrisdakik.com\\\/?author=1\"}]}<\/script>\n<!-- \/ Yoast SEO plugin. -->","yoast_head_json":{"title":"Meslek liselerine ba\u015fvuru s\u00fcresi Cuma g\u00fcn\u00fcne kadar uzat\u0131ld\u0131 -","robots":{"index":"index","follow":"follow","max-snippet":"max-snippet:-1","max-image-preview":"max-image-preview:large","max-video-preview":"max-video-preview:-1"},"canonical":"https:\/\/kibrisdakik.com\/?p=9193","og_locale":"tr_TR","og_type":"article","og_title":"Meslek liselerine ba\u015fvuru s\u00fcresi Cuma g\u00fcn\u00fcne kadar uzat\u0131ld\u0131 -","og_description":"Milli E\u011fitim Bakanl\u0131\u011f\u0131, meslek liselerine ba\u015fvuru s\u00fcresinin 23 Haziran Cuma g\u00fcn\u00fcne kadar uzat\u0131ld\u0131\u011f\u0131n\u0131 a\u00e7\u0131klad\u0131. Bakanl\u0131ktan yap\u0131lan yaz\u0131l\u0131 a\u00e7\u0131klamada, meslek liselerine ba\u015fvurularda ya\u015fanan yo\u011funluk nedeniyle bug\u00fcn sona eren ba\u015fvuru s\u00fcresinin, 23 Haziran Cuma g\u00fcn\u00fcne kadar uzat\u0131ld\u0131\u011f\u0131 duyuruldu. A\u00e7\u0131klamada, \u201cYeni \u00f6\u011fretim y\u0131l\u0131nda meslek liselerinde \u00f6\u011frenim g\u00f6rmek isteyen ve bu y\u0131l ortaokuldan mezun olan \u00f6\u011frencilerimiz, ba\u015fvuru i\u015flemlerini mezun","og_url":"https:\/\/kibrisdakik.com\/?p=9193","article_published_time":"2023-06-21T16:39:29+00:00","og_image":[{"width":768,"height":425,"url":"https:\/\/kibrisdakik.com\/wp-content\/uploads\/2023\/06\/egitim-bakanligi-740x420.jpg","type":"image\/jpeg"}],"author":"admin","twitter_card":"summary_large_image","twitter_misc":{"Yazan:":"admin"},"schema":{"@context":"https:\/\/schema.org","@graph":[{"@type":"Article","@id":"https:\/\/kibrisdakik.com\/?p=9193#article","isPartOf":{"@id":"https:\/\/kibrisdakik.com\/?p=9193"},"author":{"name":"admin","@id":"https:\/\/kibrisdakik.com\/#\/schema\/person\/9cd9d437bbb44f72b73ba127e06d8e79"},"headline":"Meslek liselerine ba\u015fvuru s\u00fcresi Cuma g\u00fcn\u00fcne kadar uzat\u0131ld\u0131","datePublished":"2023-06-21T16:39:29+00:00","mainEntityOfPage":{"@id":"https:\/\/kibrisdakik.com\/?p=9193"},"wordCount":107,"commentCount":0,"image":{"@id":"https:\/\/kibrisdakik.com\/?p=9193#primaryimage"},"thumbnailUrl":"https:\/\/kibrisdakik.com\/wp-content\/uploads\/2023\/06\/egitim-bakanligi-740x420.jpg","articleSection":["G\u00fcndem"],"inLanguage":"tr","potentialAction":[{"@type":"CommentAction","name":"Comment","target":["https:\/\/kibrisdakik.com\/?p=9193#respond"]}]},{"@type":"WebPage","@id":"https:\/\/kibrisdakik.com\/?p=9193","url":"https:\/\/kibrisdakik.com\/?p=9193","name":"Meslek liselerine ba\u015fvuru s\u00fcresi Cuma g\u00fcn\u00fcne kadar uzat\u0131ld\u0131 -","isPartOf":{"@id":"https:\/\/kibrisdakik.com\/#website"},"primaryImageOfPage":{"@id":"https:\/\/kibrisdakik.com\/?p=9193#primaryimage"},"image":{"@id":"https:\/\/kibrisdakik.com\/?p=9193#primaryimage"},"thumbnailUrl":"https:\/\/kibrisdakik.com\/wp-content\/uploads\/2023\/06\/egitim-bakanligi-740x420.jpg","datePublished":"2023-06-21T16:39:29+00:00","author":{"@id":"https:\/\/kibrisdakik.com\/#\/schema\/person\/9cd9d437bbb44f72b73ba127e06d8e79"},"breadcrumb":{"@id":"https:\/\/kibrisdakik.com\/?p=9193#breadcrumb"},"inLanguage":"tr","potentialAction":[{"@type":"ReadAction","target":["https:\/\/kibrisdakik.com\/?p=9193"]}]},{"@type":"ImageObject","inLanguage":"tr","@id":"https:\/\/kibrisdakik.com\/?p=9193#primaryimage","url":"https:\/\/kibrisdakik.com\/wp-content\/uploads\/2023\/06\/egitim-bakanligi-740x420.jpg","contentUrl":"https:\/\/kibrisdakik.com\/wp-content\/uploads\/2023\/06\/egitim-bakanligi-740x420.jpg","width":768,"height":425},{"@type":"BreadcrumbList","@id":"https:\/\/kibrisdakik.com\/?p=9193#breadcrumb","itemListElement":[{"@type":"ListItem","position":1,"name":"Home","item":"https:\/\/kibrisdakik.com\/"},{"@type":"ListItem","position":2,"name":"Meslek liselerine ba\u015fvuru s\u00fcresi Cuma g\u00fcn\u00fcne kadar uzat\u0131ld\u0131"}]},{"@type":"WebSite","@id":"https:\/\/kibrisdakik.com\/#website","url":"https:\/\/kibrisdakik.com\/","name":"","description":"Tam vaktinde haber","potentialAction":[{"@type":"SearchAction","target":{"@type":"EntryPoint","urlTemplate":"https:\/\/kibrisdakik.com\/?s={search_term_string}"},"query-input":{"@type":"PropertyValueSpecification","valueRequired":true,"valueName":"search_term_string"}}],"inLanguage":"tr"},{"@type":"Person","@id":"https:\/\/kibrisdakik.com\/#\/schema\/person\/9cd9d437bbb44f72b73ba127e06d8e79","name":"admin","image":{"@type":"ImageObject","inLanguage":"tr","@id":"https:\/\/secure.gravatar.com\/avatar\/ccc17943b9d660506c869530f897617f7cb1c21a4bf30023f252596d83e1f007?s=96&d=mm&r=g","url":"https:\/\/secure.gravatar.com\/avatar\/ccc17943b9d660506c869530f897617f7cb1c21a4bf30023f252596d83e1f007?s=96&d=mm&r=g","contentUrl":"https:\/\/secure.gravatar.com\/avatar\/ccc17943b9d660506c869530f897617f7cb1c21a4bf30023f252596d83e1f007?s=96&d=mm&r=g","caption":"admin"},"sameAs":["https:\/\/kibrisdakik.com"],"url":"https:\/\/kibrisdakik.com\/?author=1"}]}},"_links":{"self":[{"href":"https:\/\/kibrisdakik.com\/index.php?rest_route=\/wp\/v2\/posts\/9193","targetHints":{"allow":["GET"]}}],"collection":[{"href":"https:\/\/kibrisdakik.com\/index.php?rest_route=\/wp\/v2\/posts"}],"about":[{"href":"https:\/\/kibrisdakik.com\/index.php?rest_route=\/wp\/v2\/types\/post"}],"author":[{"embeddable":true,"href":"https:\/\/kibrisdakik.com\/index.php?rest_route=\/wp\/v2\/users\/1"}],"replies":[{"embeddable":true,"href":"https:\/\/kibrisdakik.com\/index.php?rest_route=%2Fwp%2Fv2%2Fcomments&post=9193"}],"version-history":[{"count":0,"href":"https:\/\/kibrisdakik.com\/index.php?rest_route=\/wp\/v2\/posts\/9193\/revisions"}],"wp:featuredmedia":[{"embeddable":true,"href":"https:\/\/kibrisdakik.com\/index.php?rest_route=\/wp\/v2\/media\/9194"}],"wp:attachment":[{"href":"https:\/\/kibrisdakik.com\/index.php?rest_route=%2Fwp%2Fv2%2Fmedia&parent=9193"}],"wp:term":[{"taxonomy":"category","embeddable":true,"href":"https:\/\/kibrisdakik.com\/index.php?rest_route=%2Fwp%2Fv2%2Fcategories&post=9193"},{"taxonomy":"post_tag","embeddable":true,"href":"https:\/\/kibrisdakik.com\/index.php?rest_route=%2Fwp%2Fv2%2Ftags&post=9193"}],"curies":[{"name":"wp","href":"https:\/\/api.w.org\/{rel}","templated":true}]}}