{"id":92532,"date":"2025-09-10T13:02:41","date_gmt":"2025-09-10T10:02:41","guid":{"rendered":"https:\/\/kibrisdakik.com\/index.php\/2025\/09\/10\/teknofest-istanbul-ziyaretci-kayitlari-basladi\/"},"modified":"2025-09-10T13:02:41","modified_gmt":"2025-09-10T10:02:41","slug":"teknofest-istanbul-ziyaretci-kayitlari-basladi","status":"publish","type":"post","link":"https:\/\/kibrisdakik.com\/?p=92532","title":{"rendered":"TEKNOFEST \u0130STANBUL Z\u0130YARET\u00c7\u0130 KAYITLARI BA\u015eLADI"},"content":{"rendered":"<p> <br \/>\n<br \/><\/p>\n<div data-text-id=\"184140\" property=\"articleBody\">\n<p>Havac\u0131l\u0131k, Uzay ve Teknoloji Festivali TEKNOFEST \u0130stanbul ziyaret\u00e7i kay\u0131tlar\u0131 ba\u015flad\u0131.<\/p>\n<p>TEKNOFEST organizasyonundan yap\u0131lan a\u00e7\u0131klamada, TEKNOFEST\u2019in bu y\u0131l 13. kez \u0130stanbul\u2019da 17-21 Eyl\u00fcl tarihlerinde yap\u0131laca\u011f\u0131 duyuruldu.<\/p>\n<p>Gelece\u011fin teknolojilerine tan\u0131kl\u0131k etmek, milli projeleri yak\u0131ndan g\u00f6rmek ve etkinliklerde yer almak isteyen herkesin Festivale kat\u0131labilece\u011fi kaydedilen a\u00e7\u0131klamada, kat\u0131l\u0131m\u0131n \u00fccretsiz oldu\u011fu ve online kay\u0131t yap\u0131labilece\u011fi bildirildi.<\/p>\n<p>A\u00e7\u0131klamada, bu y\u0131l ilk dura\u011f\u0131 KKTC\u2019de olan festivalin, ard\u0131ndan TEKNOFEST Mavi Vatan ile devam etti\u011fi ve son dura\u011f\u0131n\u0131n 17-21 Eyl\u00fclde Atat\u00fcrk Havaliman\u0131\u2019ndaki TEKNOFEST \u0130stanbul olaca\u011f\u0131 kaydedildi.<\/p>\n<p>TEKNOFEST \u0130stanbul\u2019da, 58 ana ve 137 alt kategoride ger\u00e7ekle\u015ftirilecek yar\u0131\u015fmalarda \u00f6n eleme a\u015famas\u0131n\u0131 ge\u00e7en tak\u0131mlar\u0131n 85 milyon TL\u2019nin \u00fczerinde maddi destekten yararlanaca\u011f\u0131; dereceye giren tak\u0131mlara ise toplamda 65 milyon TL\u2019nin \u00fczerinde \u00f6d\u00fcl verilece\u011fi belirtilen a\u00e7\u0131klamada, bunun yan\u0131nda hava g\u00f6sterileri, konserler, \u00e7e\u015fitli sergiler ve at\u00f6lyeler, sim\u00fclasyonlu deneyim alanlar\u0131, planetaryum, fuar etkinlikleri, \u00f6\u011frencilere \u00f6zel u\u00e7u\u015f etkinlikleri gibi deneyimlerin yer alaca\u011f\u0131 ifade edildi.<\/p>\n<p>Festival kapsam\u0131nda her kat\u0131l\u0131mc\u0131 i\u00e7in ayr\u0131 bilet olu\u015fturulmas\u0131 gerekti\u011fine, 7 ya\u015f alt\u0131 \u00e7ocuklar i\u00e7in kay\u0131t \u015fart\u0131 bulunmad\u0131\u011f\u0131na dikkat \u00e7ekilen a\u00e7\u0131klamada, ziyaret\u00e7i giri\u015f-\u00e7\u0131k\u0131\u015flar\u0131n\u0131n 09.00-18.00 saatleri aras\u0131nda yap\u0131labilece\u011fi kaydedildi.<\/p>\n<p>TEKNOFEST \u0130stanbul ve ziyaret\u00e7i kayd\u0131 hakk\u0131nda detayl\u0131 bilgiye ula\u015fmak i\u00e7in www.teknofest.org adresinin ziyaret edilebilece\u011fi belirtildi.<\/p>\n<\/p><\/div>\n<p><br \/>\n<br \/><a href=\"[kibrisdakik.com]\n<\/p>\n","protected":false},"excerpt":{"rendered":"<p>Havac\u0131l\u0131k, Uzay ve Teknoloji Festivali TEKNOFEST \u0130stanbul ziyaret\u00e7i kay\u0131tlar\u0131 ba\u015flad\u0131. TEKNOFEST organizasyonundan yap\u0131lan a\u00e7\u0131klamada, TEKNOFEST\u2019in bu y\u0131l 13. kez \u0130stanbul\u2019da 17-21 Eyl\u00fcl tarihlerinde yap\u0131laca\u011f\u0131 duyuruldu. Gelece\u011fin teknolojilerine tan\u0131kl\u0131k etmek, milli projeleri yak\u0131ndan g\u00f6rmek ve etkinliklerde yer almak isteyen herkesin Festivale kat\u0131labilece\u011fi kaydedilen a\u00e7\u0131klamada, kat\u0131l\u0131m\u0131n \u00fccretsiz oldu\u011fu ve online kay\u0131t yap\u0131labilece\u011fi bildirildi. A\u00e7\u0131klamada, bu y\u0131l ilk<\/p>\n","protected":false},"author":1,"featured_media":92533,"comment_status":"open","ping_status":"open","sticky":false,"template":"","format":"standard","meta":{"footnotes":""},"categories":[81,101],"tags":[],"class_list":["post-92532","post","type-post","status-publish","format-standard","has-post-thumbnail","hentry","category-kibris","category-manset"],"yoast_head":"<!-- This site is optimized with the Yoast SEO plugin v27.4 - https:\/\/yoast.com\/product\/yoast-seo-wordpress\/ -->\n<title>TEKNOFEST \u0130STANBUL Z\u0130YARET\u00c7\u0130 KAYITLARI BA\u015eLADI -<\/title>\n<meta name=\"robots\" content=\"index, follow, max-snippet:-1, max-image-preview:large, max-video-preview:-1\" \/>\n<link rel=\"canonical\" href=\"https:\/\/kibrisdakik.com\/?p=92532\" \/>\n<meta property=\"og:locale\" content=\"tr_TR\" \/>\n<meta property=\"og:type\" content=\"article\" \/>\n<meta property=\"og:title\" content=\"TEKNOFEST \u0130STANBUL Z\u0130YARET\u00c7\u0130 KAYITLARI BA\u015eLADI -\" \/>\n<meta property=\"og:description\" content=\"Havac\u0131l\u0131k, Uzay ve Teknoloji Festivali TEKNOFEST \u0130stanbul ziyaret\u00e7i kay\u0131tlar\u0131 ba\u015flad\u0131. TEKNOFEST organizasyonundan yap\u0131lan a\u00e7\u0131klamada, TEKNOFEST\u2019in bu y\u0131l 13. kez \u0130stanbul\u2019da 17-21 Eyl\u00fcl tarihlerinde yap\u0131laca\u011f\u0131 duyuruldu. Gelece\u011fin teknolojilerine tan\u0131kl\u0131k etmek, milli projeleri yak\u0131ndan g\u00f6rmek ve etkinliklerde yer almak isteyen herkesin Festivale kat\u0131labilece\u011fi kaydedilen a\u00e7\u0131klamada, kat\u0131l\u0131m\u0131n \u00fccretsiz oldu\u011fu ve online kay\u0131t yap\u0131labilece\u011fi bildirildi. A\u00e7\u0131klamada, bu y\u0131l ilk\" \/>\n<meta property=\"og:url\" content=\"https:\/\/kibrisdakik.com\/?p=92532\" \/>\n<meta property=\"article:published_time\" content=\"2025-09-10T10:02:41+00:00\" \/>\n<meta property=\"og:image\" content=\"https:\/\/kibrisdakik.com\/wp-content\/uploads\/2025\/09\/b-j-o-l-h-b-740x420.png\" \/>\n\t<meta property=\"og:image:width\" content=\"1280\" \/>\n\t<meta property=\"og:image:height\" content=\"720\" \/>\n\t<meta property=\"og:image:type\" content=\"image\/png\" \/>\n<meta name=\"author\" content=\"admin\" \/>\n<meta name=\"twitter:card\" content=\"summary_large_image\" \/>\n<meta name=\"twitter:label1\" content=\"Yazan:\" \/>\n\t<meta name=\"twitter:data1\" content=\"admin\" \/>\n\t<meta name=\"twitter:label2\" content=\"Tahmini okuma s\u00fcresi\" \/>\n\t<meta name=\"twitter:data2\" content=\"1 dakika\" \/>\n<script type=\"application\/ld+json\" class=\"yoast-schema-graph\">{\"@context\":\"https:\\\/\\\/schema.org\",\"@graph\":[{\"@type\":\"Article\",\"@id\":\"https:\\\/\\\/kibrisdakik.com\\\/?p=92532#article\",\"isPartOf\":{\"@id\":\"https:\\\/\\\/kibrisdakik.com\\\/?p=92532\"},\"author\":{\"name\":\"admin\",\"@id\":\"https:\\\/\\\/kibrisdakik.com\\\/#\\\/schema\\\/person\\\/9cd9d437bbb44f72b73ba127e06d8e79\"},\"headline\":\"TEKNOFEST \u0130STANBUL Z\u0130YARET\u00c7\u0130 KAYITLARI BA\u015eLADI\",\"datePublished\":\"2025-09-10T10:02:41+00:00\",\"mainEntityOfPage\":{\"@id\":\"https:\\\/\\\/kibrisdakik.com\\\/?p=92532\"},\"wordCount\":266,\"commentCount\":0,\"image\":{\"@id\":\"https:\\\/\\\/kibrisdakik.com\\\/?p=92532#primaryimage\"},\"thumbnailUrl\":\"https:\\\/\\\/kibrisdakik.com\\\/wp-content\\\/uploads\\\/2025\\\/09\\\/b-j-o-l-h-b-740x420.png\",\"articleSection\":[\"K\u0131br\u0131s\",\"Man\u015fet\"],\"inLanguage\":\"tr\",\"potentialAction\":[{\"@type\":\"CommentAction\",\"name\":\"Comment\",\"target\":[\"https:\\\/\\\/kibrisdakik.com\\\/?p=92532#respond\"]}]},{\"@type\":\"WebPage\",\"@id\":\"https:\\\/\\\/kibrisdakik.com\\\/?p=92532\",\"url\":\"https:\\\/\\\/kibrisdakik.com\\\/?p=92532\",\"name\":\"TEKNOFEST \u0130STANBUL Z\u0130YARET\u00c7\u0130 KAYITLARI BA\u015eLADI -\",\"isPartOf\":{\"@id\":\"https:\\\/\\\/kibrisdakik.com\\\/#website\"},\"primaryImageOfPage\":{\"@id\":\"https:\\\/\\\/kibrisdakik.com\\\/?p=92532#primaryimage\"},\"image\":{\"@id\":\"https:\\\/\\\/kibrisdakik.com\\\/?p=92532#primaryimage\"},\"thumbnailUrl\":\"https:\\\/\\\/kibrisdakik.com\\\/wp-content\\\/uploads\\\/2025\\\/09\\\/b-j-o-l-h-b-740x420.png\",\"datePublished\":\"2025-09-10T10:02:41+00:00\",\"author\":{\"@id\":\"https:\\\/\\\/kibrisdakik.com\\\/#\\\/schema\\\/person\\\/9cd9d437bbb44f72b73ba127e06d8e79\"},\"breadcrumb\":{\"@id\":\"https:\\\/\\\/kibrisdakik.com\\\/?p=92532#breadcrumb\"},\"inLanguage\":\"tr\",\"potentialAction\":[{\"@type\":\"ReadAction\",\"target\":[\"https:\\\/\\\/kibrisdakik.com\\\/?p=92532\"]}]},{\"@type\":\"ImageObject\",\"inLanguage\":\"tr\",\"@id\":\"https:\\\/\\\/kibrisdakik.com\\\/?p=92532#primaryimage\",\"url\":\"https:\\\/\\\/kibrisdakik.com\\\/wp-content\\\/uploads\\\/2025\\\/09\\\/b-j-o-l-h-b-740x420.png\",\"contentUrl\":\"https:\\\/\\\/kibrisdakik.com\\\/wp-content\\\/uploads\\\/2025\\\/09\\\/b-j-o-l-h-b-740x420.png\",\"width\":1280,\"height\":720},{\"@type\":\"BreadcrumbList\",\"@id\":\"https:\\\/\\\/kibrisdakik.com\\\/?p=92532#breadcrumb\",\"itemListElement\":[{\"@type\":\"ListItem\",\"position\":1,\"name\":\"Home\",\"item\":\"https:\\\/\\\/kibrisdakik.com\\\/\"},{\"@type\":\"ListItem\",\"position\":2,\"name\":\"TEKNOFEST \u0130STANBUL Z\u0130YARET\u00c7\u0130 KAYITLARI BA\u015eLADI\"}]},{\"@type\":\"WebSite\",\"@id\":\"https:\\\/\\\/kibrisdakik.com\\\/#website\",\"url\":\"https:\\\/\\\/kibrisdakik.com\\\/\",\"name\":\"\",\"description\":\"Tam vaktinde haber\",\"potentialAction\":[{\"@type\":\"SearchAction\",\"target\":{\"@type\":\"EntryPoint\",\"urlTemplate\":\"https:\\\/\\\/kibrisdakik.com\\\/?s={search_term_string}\"},\"query-input\":{\"@type\":\"PropertyValueSpecification\",\"valueRequired\":true,\"valueName\":\"search_term_string\"}}],\"inLanguage\":\"tr\"},{\"@type\":\"Person\",\"@id\":\"https:\\\/\\\/kibrisdakik.com\\\/#\\\/schema\\\/person\\\/9cd9d437bbb44f72b73ba127e06d8e79\",\"name\":\"admin\",\"image\":{\"@type\":\"ImageObject\",\"inLanguage\":\"tr\",\"@id\":\"https:\\\/\\\/secure.gravatar.com\\\/avatar\\\/ccc17943b9d660506c869530f897617f7cb1c21a4bf30023f252596d83e1f007?s=96&d=mm&r=g\",\"url\":\"https:\\\/\\\/secure.gravatar.com\\\/avatar\\\/ccc17943b9d660506c869530f897617f7cb1c21a4bf30023f252596d83e1f007?s=96&d=mm&r=g\",\"contentUrl\":\"https:\\\/\\\/secure.gravatar.com\\\/avatar\\\/ccc17943b9d660506c869530f897617f7cb1c21a4bf30023f252596d83e1f007?s=96&d=mm&r=g\",\"caption\":\"admin\"},\"sameAs\":[\"https:\\\/\\\/kibrisdakik.com\"],\"url\":\"https:\\\/\\\/kibrisdakik.com\\\/?author=1\"}]}<\/script>\n<!-- \/ Yoast SEO plugin. -->","yoast_head_json":{"title":"TEKNOFEST \u0130STANBUL Z\u0130YARET\u00c7\u0130 KAYITLARI BA\u015eLADI -","robots":{"index":"index","follow":"follow","max-snippet":"max-snippet:-1","max-image-preview":"max-image-preview:large","max-video-preview":"max-video-preview:-1"},"canonical":"https:\/\/kibrisdakik.com\/?p=92532","og_locale":"tr_TR","og_type":"article","og_title":"TEKNOFEST \u0130STANBUL Z\u0130YARET\u00c7\u0130 KAYITLARI BA\u015eLADI -","og_description":"Havac\u0131l\u0131k, Uzay ve Teknoloji Festivali TEKNOFEST \u0130stanbul ziyaret\u00e7i kay\u0131tlar\u0131 ba\u015flad\u0131. TEKNOFEST organizasyonundan yap\u0131lan a\u00e7\u0131klamada, TEKNOFEST\u2019in bu y\u0131l 13. kez \u0130stanbul\u2019da 17-21 Eyl\u00fcl tarihlerinde yap\u0131laca\u011f\u0131 duyuruldu. Gelece\u011fin teknolojilerine tan\u0131kl\u0131k etmek, milli projeleri yak\u0131ndan g\u00f6rmek ve etkinliklerde yer almak isteyen herkesin Festivale kat\u0131labilece\u011fi kaydedilen a\u00e7\u0131klamada, kat\u0131l\u0131m\u0131n \u00fccretsiz oldu\u011fu ve online kay\u0131t yap\u0131labilece\u011fi bildirildi. A\u00e7\u0131klamada, bu y\u0131l ilk","og_url":"https:\/\/kibrisdakik.com\/?p=92532","article_published_time":"2025-09-10T10:02:41+00:00","og_image":[{"width":1280,"height":720,"url":"https:\/\/kibrisdakik.com\/wp-content\/uploads\/2025\/09\/b-j-o-l-h-b-740x420.png","type":"image\/png"}],"author":"admin","twitter_card":"summary_large_image","twitter_misc":{"Yazan:":"admin","Tahmini okuma s\u00fcresi":"1 dakika"},"schema":{"@context":"https:\/\/schema.org","@graph":[{"@type":"Article","@id":"https:\/\/kibrisdakik.com\/?p=92532#article","isPartOf":{"@id":"https:\/\/kibrisdakik.com\/?p=92532"},"author":{"name":"admin","@id":"https:\/\/kibrisdakik.com\/#\/schema\/person\/9cd9d437bbb44f72b73ba127e06d8e79"},"headline":"TEKNOFEST \u0130STANBUL Z\u0130YARET\u00c7\u0130 KAYITLARI BA\u015eLADI","datePublished":"2025-09-10T10:02:41+00:00","mainEntityOfPage":{"@id":"https:\/\/kibrisdakik.com\/?p=92532"},"wordCount":266,"commentCount":0,"image":{"@id":"https:\/\/kibrisdakik.com\/?p=92532#primaryimage"},"thumbnailUrl":"https:\/\/kibrisdakik.com\/wp-content\/uploads\/2025\/09\/b-j-o-l-h-b-740x420.png","articleSection":["K\u0131br\u0131s","Man\u015fet"],"inLanguage":"tr","potentialAction":[{"@type":"CommentAction","name":"Comment","target":["https:\/\/kibrisdakik.com\/?p=92532#respond"]}]},{"@type":"WebPage","@id":"https:\/\/kibrisdakik.com\/?p=92532","url":"https:\/\/kibrisdakik.com\/?p=92532","name":"TEKNOFEST \u0130STANBUL Z\u0130YARET\u00c7\u0130 KAYITLARI BA\u015eLADI -","isPartOf":{"@id":"https:\/\/kibrisdakik.com\/#website"},"primaryImageOfPage":{"@id":"https:\/\/kibrisdakik.com\/?p=92532#primaryimage"},"image":{"@id":"https:\/\/kibrisdakik.com\/?p=92532#primaryimage"},"thumbnailUrl":"https:\/\/kibrisdakik.com\/wp-content\/uploads\/2025\/09\/b-j-o-l-h-b-740x420.png","datePublished":"2025-09-10T10:02:41+00:00","author":{"@id":"https:\/\/kibrisdakik.com\/#\/schema\/person\/9cd9d437bbb44f72b73ba127e06d8e79"},"breadcrumb":{"@id":"https:\/\/kibrisdakik.com\/?p=92532#breadcrumb"},"inLanguage":"tr","potentialAction":[{"@type":"ReadAction","target":["https:\/\/kibrisdakik.com\/?p=92532"]}]},{"@type":"ImageObject","inLanguage":"tr","@id":"https:\/\/kibrisdakik.com\/?p=92532#primaryimage","url":"https:\/\/kibrisdakik.com\/wp-content\/uploads\/2025\/09\/b-j-o-l-h-b-740x420.png","contentUrl":"https:\/\/kibrisdakik.com\/wp-content\/uploads\/2025\/09\/b-j-o-l-h-b-740x420.png","width":1280,"height":720},{"@type":"BreadcrumbList","@id":"https:\/\/kibrisdakik.com\/?p=92532#breadcrumb","itemListElement":[{"@type":"ListItem","position":1,"name":"Home","item":"https:\/\/kibrisdakik.com\/"},{"@type":"ListItem","position":2,"name":"TEKNOFEST \u0130STANBUL Z\u0130YARET\u00c7\u0130 KAYITLARI BA\u015eLADI"}]},{"@type":"WebSite","@id":"https:\/\/kibrisdakik.com\/#website","url":"https:\/\/kibrisdakik.com\/","name":"","description":"Tam vaktinde haber","potentialAction":[{"@type":"SearchAction","target":{"@type":"EntryPoint","urlTemplate":"https:\/\/kibrisdakik.com\/?s={search_term_string}"},"query-input":{"@type":"PropertyValueSpecification","valueRequired":true,"valueName":"search_term_string"}}],"inLanguage":"tr"},{"@type":"Person","@id":"https:\/\/kibrisdakik.com\/#\/schema\/person\/9cd9d437bbb44f72b73ba127e06d8e79","name":"admin","image":{"@type":"ImageObject","inLanguage":"tr","@id":"https:\/\/secure.gravatar.com\/avatar\/ccc17943b9d660506c869530f897617f7cb1c21a4bf30023f252596d83e1f007?s=96&d=mm&r=g","url":"https:\/\/secure.gravatar.com\/avatar\/ccc17943b9d660506c869530f897617f7cb1c21a4bf30023f252596d83e1f007?s=96&d=mm&r=g","contentUrl":"https:\/\/secure.gravatar.com\/avatar\/ccc17943b9d660506c869530f897617f7cb1c21a4bf30023f252596d83e1f007?s=96&d=mm&r=g","caption":"admin"},"sameAs":["https:\/\/kibrisdakik.com"],"url":"https:\/\/kibrisdakik.com\/?author=1"}]}},"_links":{"self":[{"href":"https:\/\/kibrisdakik.com\/index.php?rest_route=\/wp\/v2\/posts\/92532","targetHints":{"allow":["GET"]}}],"collection":[{"href":"https:\/\/kibrisdakik.com\/index.php?rest_route=\/wp\/v2\/posts"}],"about":[{"href":"https:\/\/kibrisdakik.com\/index.php?rest_route=\/wp\/v2\/types\/post"}],"author":[{"embeddable":true,"href":"https:\/\/kibrisdakik.com\/index.php?rest_route=\/wp\/v2\/users\/1"}],"replies":[{"embeddable":true,"href":"https:\/\/kibrisdakik.com\/index.php?rest_route=%2Fwp%2Fv2%2Fcomments&post=92532"}],"version-history":[{"count":0,"href":"https:\/\/kibrisdakik.com\/index.php?rest_route=\/wp\/v2\/posts\/92532\/revisions"}],"wp:featuredmedia":[{"embeddable":true,"href":"https:\/\/kibrisdakik.com\/index.php?rest_route=\/wp\/v2\/media\/92533"}],"wp:attachment":[{"href":"https:\/\/kibrisdakik.com\/index.php?rest_route=%2Fwp%2Fv2%2Fmedia&parent=92532"}],"wp:term":[{"taxonomy":"category","embeddable":true,"href":"https:\/\/kibrisdakik.com\/index.php?rest_route=%2Fwp%2Fv2%2Fcategories&post=92532"},{"taxonomy":"post_tag","embeddable":true,"href":"https:\/\/kibrisdakik.com\/index.php?rest_route=%2Fwp%2Fv2%2Ftags&post=92532"}],"curies":[{"name":"wp","href":"https:\/\/api.w.org\/{rel}","templated":true}]}}