{"id":9255,"date":"2023-06-22T22:18:32","date_gmt":"2023-06-22T22:18:32","guid":{"rendered":"https:\/\/kibrisdakik.com\/index.php\/2023\/06\/22\/tatar-uluslararasi-festivaller-birligi-baskani-ve-uluslararasi-festivaller-birligi-kktc-baskanini-kabul-etti\/"},"modified":"2023-06-22T22:18:32","modified_gmt":"2023-06-22T22:18:32","slug":"tatar-uluslararasi-festivaller-birligi-baskani-ve-uluslararasi-festivaller-birligi-kktc-baskanini-kabul-etti","status":"publish","type":"post","link":"https:\/\/kibrisdakik.com\/?p=9255","title":{"rendered":"Tatar Uluslararas\u0131 Festivaller Birli\u011fi Ba\u015fkan\u0131 ve Uluslararas\u0131 Festivaller Birli\u011fi KKTC Ba\u015fkan\u0131\u2019n\u0131 kabul etti"},"content":{"rendered":"<p><\/p>\n<div>\n<div class=\"mariselle-image-container center\">\n                <img width=\"1024\" height=\"682\" class=\"lazy-image\" alt=\"\" decoding=\"async\" loading=\"lazy\" sizes=\"auto, (max-width: 1024px) 100vw, 1024px\" src=\"https:\/\/brtk.net\/wp-content\/uploads\/2023\/06\/22\/tatar-kabul-2-1024x682.jpg?ver=c54da65b05f148dae33fcd6287c53a97\" srcset=\"https:\/\/brtk.net\/wp-content\/uploads\/2023\/06\/22\/tatar-kabul-2-1024x682.jpg?ver=c54da65b05f148dae33fcd6287c53a97 1024w, https:\/\/brtk.net\/wp-content\/uploads\/2023\/06\/22\/tatar-kabul-2-300x200.jpg?ver=c54da65b05f148dae33fcd6287c53a97 300w, https:\/\/brtk.net\/wp-content\/uploads\/2023\/06\/22\/tatar-kabul-2-768x512.jpg?ver=63524f52f08927f6d11c3d24d51df238 768w, https:\/\/brtk.net\/wp-content\/uploads\/2023\/06\/22\/tatar-kabul-2-1536x1023.jpg?ver=63524f52f08927f6d11c3d24d51df238 1536w, https:\/\/brtk.net\/wp-content\/uploads\/2023\/06\/22\/tatar-kabul-2.jpg?ver=c54da65b05f148dae33fcd6287c53a97 1600w\"\/>                            <\/div>\n<p>Cumhurba\u015fkan\u0131 <a href=\"https:\/\/brtk.net\/\" target=\"_blank\" rel=\"noopener\">Ersin <\/a><a href=\"https:\/\/brtk.net\/\"\/><a href=\"https:\/\/brtk.net\/\"\/><a href=\"https:\/\/brtk.net\/\"\/><a href=\"https:\/\/brtk.net\/\"\/><a href=\"https:\/\/brtk.net\/\"\/><a href=\"https:\/\/brtk.net\/\"\/><a href=\"https:\/\/brtk.net\/\">Tatar<\/a>, Uluslararas\u0131 Festivaller Birli\u011fi Ba\u015fkan\u0131 ve Pendik Belediye Ba\u015fkan Dan\u0131\u015fman\u0131 Atilla \u0130pek ile K\u0131br\u0131s T\u00fcrk Halk Danslar\u0131 Federasyon Ba\u015fkan\u0131 ve Uluslararas\u0131 Festivaller Birli\u011fi <a href=\"https:\/\/brtk.net\/\"\/><a href=\"https:\/\/brtk.net\/\"\/><a href=\"https:\/\/brtk.net\/\"\/><a href=\"https:\/\/brtk.net\/\">KKTC<\/a> Ba\u015fkan\u0131 \u00d6zlem Kadira\u011fa\u2019y\u0131 kabul etti.<\/p>\n<p>Cumhurba\u015fkanl\u0131\u011f\u0131ndan yap\u0131lan yaz\u0131l\u0131 a\u00e7\u0131klamaya g\u00f6re, <a href=\"https:\/\/brtk.net\/\"\/><a href=\"https:\/\/brtk.net\/\"\/><a href=\"https:\/\/brtk.net\/\"\/><a href=\"https:\/\/brtk.net\/\"\/><a href=\"https:\/\/brtk.net\/\"\/><a href=\"https:\/\/brtk.net\/\"\/><a href=\"https:\/\/brtk.net\/\">Tatar<\/a>, kabulde yapt\u0131\u011f\u0131 konu\u015fmada, \u00d6zlem Kadira\u011fa\u2019n\u0131n <\/p>\n<p>\u00f6nderli\u011finde \u00fclkede uluslararas\u0131 festivaller d\u00fczenlenip, halk oyunlar\u0131n\u0131n sergilendi\u011fini belirtti.<\/p>\n<p>K\u0131br\u0131s T\u00fcrk\u00fc\u2019n\u00fcn 452 y\u0131ldan beridir K\u0131br\u0131s adas\u0131nda bulundu\u011funu kaydeden Cumhurba\u015fkan\u0131 <a href=\"https:\/\/brtk.net\/\"\/><a href=\"https:\/\/brtk.net\/\"\/><a href=\"https:\/\/brtk.net\/\"\/><a href=\"https:\/\/brtk.net\/\"\/><a href=\"https:\/\/brtk.net\/\"\/><a href=\"https:\/\/brtk.net\/\"\/><a href=\"https:\/\/brtk.net\/\">Tatar<\/a>, K\u0131br\u0131sl\u0131 T\u00fcrkler ile K\u0131br\u0131sl\u0131 Rumlar\u2019\u0131n k\u00fclt\u00fcrlerinin farkl\u0131 oldu\u011funu folklor sayesinde k\u00fclt\u00fcrel aktar\u0131m yap\u0131ld\u0131\u011f\u0131n\u0131 s\u00f6yledi.<\/p>\n<p>Cumhurba\u015fkan\u0131 <a href=\"https:\/\/brtk.net\/\"\/><a href=\"https:\/\/brtk.net\/\"\/><a href=\"https:\/\/brtk.net\/\"\/><a href=\"https:\/\/brtk.net\/\"\/><a href=\"https:\/\/brtk.net\/\"\/><a href=\"https:\/\/brtk.net\/\"\/><a href=\"https:\/\/brtk.net\/\">Tatar<\/a>, y\u0131llar i\u00e7inde dekoru, sahnesi, k\u0131yafeti, m\u00fczi\u011fi ve oyunlar\u0131yla daha iyi noktaya gelen folklorun K\u0131br\u0131sl\u0131 T\u00fcrklerin en b\u00fcy\u00fck zenginliklerinden biri oldu\u011funu vurgulad\u0131.<\/p>\n<p>Ambargolar alt\u0131nda ya\u015fayan K\u0131br\u0131sl\u0131 T\u00fcrkler i\u00e7in T\u00fcrkiye ile i\u015fbirli\u011fi ve uluslararas\u0131 temas\u0131n \u00f6nemli oldu\u011funu belirten <a href=\"https:\/\/brtk.net\/\"\/><a href=\"https:\/\/brtk.net\/\"\/><a href=\"https:\/\/brtk.net\/\"\/><a href=\"https:\/\/brtk.net\/\"\/><a href=\"https:\/\/brtk.net\/\"\/><a href=\"https:\/\/brtk.net\/\"\/><a href=\"https:\/\/brtk.net\/\">Tatar<\/a>, T\u00fcrk Devletler Te\u015fkilat\u0131\u2019nda <a href=\"https:\/\/brtk.net\/\"\/><a href=\"https:\/\/brtk.net\/\"\/><a href=\"https:\/\/brtk.net\/\"\/><a href=\"https:\/\/brtk.net\/\">KKTC<\/a>\u2019nin g\u00f6zlemci \u00fcye olarak yerini almas\u0131yla yeni kap\u0131lar\u0131n a\u00e7\u0131laca\u011f\u0131n\u0131 dile getirdi.<\/p>\n<p>K\u00fclt\u00fcrel temaslar\u0131n artmas\u0131yla \u00fclke tan\u0131t\u0131m\u0131n\u0131n daha etkin yap\u0131ld\u0131\u011f\u0131n\u0131 s\u00f6yleyen <a href=\"https:\/\/brtk.net\/\"\/><a href=\"https:\/\/brtk.net\/\"\/><a href=\"https:\/\/brtk.net\/\"\/><a href=\"https:\/\/brtk.net\/\"\/><a href=\"https:\/\/brtk.net\/\"\/><a href=\"https:\/\/brtk.net\/\"\/><a href=\"https:\/\/brtk.net\/\">Tatar<\/a>, yurtd\u0131\u015f\u0131ndan temsilcilerin <a href=\"https:\/\/brtk.net\/\"\/><a href=\"https:\/\/brtk.net\/\"\/><a href=\"https:\/\/brtk.net\/\"\/><a href=\"https:\/\/brtk.net\/\">KKTC<\/a>\u2019ye geldi\u011fini ve uluslararas\u0131 festivallerde oyunlar sergilendi\u011fini kaydetti.<\/p>\n<p>Cumhurba\u015fkan\u0131 <a href=\"https:\/\/brtk.net\/\"\/><a href=\"https:\/\/brtk.net\/\"\/><a href=\"https:\/\/brtk.net\/\"\/><a href=\"https:\/\/brtk.net\/\"\/><a href=\"https:\/\/brtk.net\/\"\/><a href=\"https:\/\/brtk.net\/\"\/><a href=\"https:\/\/brtk.net\/\">Tatar<\/a>, hizmetlerinden dolay\u0131 Atilla \u0130pek ile \u00d6zlem Kadira\u011fa\u2019ya te\u015fekk\u00fcr ederek, iki \u00fclke aras\u0131nda ili\u015fkilerin geli\u015fmesi ve daha iyi noktaya ta\u015f\u0131nmas\u0131n\u0131 temenni etti.<\/p>\n<p>-Kadirao\u011fa<\/p>\n<p>\u00d6zlem Kadira\u011fa da konu\u015fmas\u0131nda, K\u0131br\u0131s T\u00fcrk Halk Danslar\u0131 Federasyonu, Uluslararas\u0131 Festivaller Birli\u011fi \u00e7al\u0131\u015fmalar\u0131 ve Uluslararas\u0131 Folklor Festivallerine  verdi\u011fi destekten Cumhurba\u015fkan\u0131 <a href=\"https:\/\/brtk.net\/\"\/><a href=\"https:\/\/brtk.net\/\"\/><a href=\"https:\/\/brtk.net\/\"\/><a href=\"https:\/\/brtk.net\/\"\/><a href=\"https:\/\/brtk.net\/\"\/><a href=\"https:\/\/brtk.net\/\"\/><a href=\"https:\/\/brtk.net\/\">Tatar<\/a>\u2019a te\u015fekk\u00fcr etti.<\/p>\n<p>Uluslararas\u0131 Festivaller Birli\u011fi Ba\u015fkan\u0131 Atilla \u0130pek ile y\u0131llarca birlikte \u00e7al\u0131\u015ft\u0131klar\u0131n\u0131 ve <a href=\"https:\/\/brtk.net\/\"\/><a href=\"https:\/\/brtk.net\/\"\/><a href=\"https:\/\/brtk.net\/\"\/><a href=\"https:\/\/brtk.net\/\">KKTC<\/a>\u2019ye b\u00fcy\u00fck destek verildi\u011fini belirten Kadira\u011fa, Uluslararas\u0131 Festivaller Birli\u011fi\u2019ne <a href=\"https:\/\/brtk.net\/\"\/><a href=\"https:\/\/brtk.net\/\"\/><a href=\"https:\/\/brtk.net\/\"\/><a href=\"https:\/\/brtk.net\/\">KKTC<\/a>\u2019deki festivallerin \u00fcye yap\u0131ld\u0131\u011f\u0131n\u0131 kaydetti.<\/p>\n<\/p><\/div>\n<p><script async\n                    defer\n                    crossorigin=\"anonymous\"\n                    src=\"https:\/\/connect.facebook.net\/tr_TR\/sdk.js#xfbml=1&#038;version=v3.3\"\n            ><\/script><\/p>\n","protected":false},"excerpt":{"rendered":"<p>Cumhurba\u015fkan\u0131 Ersin Tatar, Uluslararas\u0131 Festivaller Birli\u011fi Ba\u015fkan\u0131 ve Pendik Belediye Ba\u015fkan Dan\u0131\u015fman\u0131 Atilla \u0130pek ile K\u0131br\u0131s T\u00fcrk Halk Danslar\u0131 Federasyon Ba\u015fkan\u0131 ve Uluslararas\u0131 Festivaller Birli\u011fi KKTC Ba\u015fkan\u0131 \u00d6zlem Kadira\u011fa\u2019y\u0131 kabul etti. Cumhurba\u015fkanl\u0131\u011f\u0131ndan yap\u0131lan yaz\u0131l\u0131 a\u00e7\u0131klamaya g\u00f6re, Tatar, kabulde yapt\u0131\u011f\u0131 konu\u015fmada, \u00d6zlem Kadira\u011fa\u2019n\u0131n \u00f6nderli\u011finde \u00fclkede uluslararas\u0131 festivaller d\u00fczenlenip, halk oyunlar\u0131n\u0131n sergilendi\u011fini belirtti. K\u0131br\u0131s T\u00fcrk\u00fc\u2019n\u00fcn 452 y\u0131ldan<\/p>\n","protected":false},"author":1,"featured_media":9256,"comment_status":"open","ping_status":"open","sticky":false,"template":"","format":"standard","meta":{"footnotes":""},"categories":[1],"tags":[],"class_list":["post-9255","post","type-post","status-publish","format-standard","has-post-thumbnail","hentry","category-gundem"],"yoast_head":"<!-- This site is optimized with the Yoast SEO plugin v27.5 - https:\/\/yoast.com\/product\/yoast-seo-wordpress\/ -->\n<title>Tatar Uluslararas\u0131 Festivaller Birli\u011fi Ba\u015fkan\u0131 ve Uluslararas\u0131 Festivaller Birli\u011fi KKTC Ba\u015fkan\u0131\u2019n\u0131 kabul etti -<\/title>\n<meta name=\"robots\" content=\"index, follow, max-snippet:-1, max-image-preview:large, max-video-preview:-1\" \/>\n<link rel=\"canonical\" href=\"https:\/\/kibrisdakik.com\/?p=9255\" \/>\n<meta property=\"og:locale\" content=\"tr_TR\" \/>\n<meta property=\"og:type\" content=\"article\" \/>\n<meta property=\"og:title\" content=\"Tatar Uluslararas\u0131 Festivaller Birli\u011fi Ba\u015fkan\u0131 ve Uluslararas\u0131 Festivaller Birli\u011fi KKTC Ba\u015fkan\u0131\u2019n\u0131 kabul etti -\" \/>\n<meta property=\"og:description\" content=\"Cumhurba\u015fkan\u0131 Ersin Tatar, Uluslararas\u0131 Festivaller Birli\u011fi Ba\u015fkan\u0131 ve Pendik Belediye Ba\u015fkan Dan\u0131\u015fman\u0131 Atilla \u0130pek ile K\u0131br\u0131s T\u00fcrk Halk Danslar\u0131 Federasyon Ba\u015fkan\u0131 ve Uluslararas\u0131 Festivaller Birli\u011fi KKTC Ba\u015fkan\u0131 \u00d6zlem Kadira\u011fa\u2019y\u0131 kabul etti. Cumhurba\u015fkanl\u0131\u011f\u0131ndan yap\u0131lan yaz\u0131l\u0131 a\u00e7\u0131klamaya g\u00f6re, Tatar, kabulde yapt\u0131\u011f\u0131 konu\u015fmada, \u00d6zlem Kadira\u011fa\u2019n\u0131n \u00f6nderli\u011finde \u00fclkede uluslararas\u0131 festivaller d\u00fczenlenip, halk oyunlar\u0131n\u0131n sergilendi\u011fini belirtti. K\u0131br\u0131s T\u00fcrk\u00fc\u2019n\u00fcn 452 y\u0131ldan\" \/>\n<meta property=\"og:url\" content=\"https:\/\/kibrisdakik.com\/?p=9255\" \/>\n<meta property=\"article:published_time\" content=\"2023-06-22T22:18:32+00:00\" \/>\n<meta property=\"og:image\" content=\"https:\/\/kibrisdakik.com\/wp-content\/uploads\/2023\/06\/tatar-kabul-2-740x420.jpg\" \/>\n\t<meta property=\"og:image:width\" content=\"1600\" \/>\n\t<meta property=\"og:image:height\" content=\"1066\" \/>\n\t<meta property=\"og:image:type\" content=\"image\/jpeg\" \/>\n<meta name=\"author\" content=\"admin\" \/>\n<meta name=\"twitter:card\" content=\"summary_large_image\" \/>\n<meta name=\"twitter:label1\" content=\"Yazan:\" \/>\n\t<meta name=\"twitter:data1\" content=\"admin\" \/>\n\t<meta name=\"twitter:label2\" content=\"Tahmini okuma s\u00fcresi\" \/>\n\t<meta name=\"twitter:data2\" content=\"2 dakika\" \/>\n<script type=\"application\/ld+json\" class=\"yoast-schema-graph\">{\"@context\":\"https:\\\/\\\/schema.org\",\"@graph\":[{\"@type\":\"Article\",\"@id\":\"https:\\\/\\\/kibrisdakik.com\\\/?p=9255#article\",\"isPartOf\":{\"@id\":\"https:\\\/\\\/kibrisdakik.com\\\/?p=9255\"},\"author\":{\"name\":\"admin\",\"@id\":\"https:\\\/\\\/kibrisdakik.com\\\/#\\\/schema\\\/person\\\/9cd9d437bbb44f72b73ba127e06d8e79\"},\"headline\":\"Tatar Uluslararas\u0131 Festivaller Birli\u011fi Ba\u015fkan\u0131 ve Uluslararas\u0131 Festivaller Birli\u011fi KKTC Ba\u015fkan\u0131\u2019n\u0131 kabul etti\",\"datePublished\":\"2023-06-22T22:18:32+00:00\",\"mainEntityOfPage\":{\"@id\":\"https:\\\/\\\/kibrisdakik.com\\\/?p=9255\"},\"wordCount\":381,\"commentCount\":0,\"image\":{\"@id\":\"https:\\\/\\\/kibrisdakik.com\\\/?p=9255#primaryimage\"},\"thumbnailUrl\":\"https:\\\/\\\/kibrisdakik.com\\\/wp-content\\\/uploads\\\/2023\\\/06\\\/tatar-kabul-2-740x420.jpg\",\"articleSection\":[\"G\u00fcndem\"],\"inLanguage\":\"tr\",\"potentialAction\":[{\"@type\":\"CommentAction\",\"name\":\"Comment\",\"target\":[\"https:\\\/\\\/kibrisdakik.com\\\/?p=9255#respond\"]}]},{\"@type\":\"WebPage\",\"@id\":\"https:\\\/\\\/kibrisdakik.com\\\/?p=9255\",\"url\":\"https:\\\/\\\/kibrisdakik.com\\\/?p=9255\",\"name\":\"Tatar Uluslararas\u0131 Festivaller Birli\u011fi Ba\u015fkan\u0131 ve Uluslararas\u0131 Festivaller Birli\u011fi KKTC Ba\u015fkan\u0131\u2019n\u0131 kabul etti -\",\"isPartOf\":{\"@id\":\"https:\\\/\\\/kibrisdakik.com\\\/#website\"},\"primaryImageOfPage\":{\"@id\":\"https:\\\/\\\/kibrisdakik.com\\\/?p=9255#primaryimage\"},\"image\":{\"@id\":\"https:\\\/\\\/kibrisdakik.com\\\/?p=9255#primaryimage\"},\"thumbnailUrl\":\"https:\\\/\\\/kibrisdakik.com\\\/wp-content\\\/uploads\\\/2023\\\/06\\\/tatar-kabul-2-740x420.jpg\",\"datePublished\":\"2023-06-22T22:18:32+00:00\",\"author\":{\"@id\":\"https:\\\/\\\/kibrisdakik.com\\\/#\\\/schema\\\/person\\\/9cd9d437bbb44f72b73ba127e06d8e79\"},\"breadcrumb\":{\"@id\":\"https:\\\/\\\/kibrisdakik.com\\\/?p=9255#breadcrumb\"},\"inLanguage\":\"tr\",\"potentialAction\":[{\"@type\":\"ReadAction\",\"target\":[\"https:\\\/\\\/kibrisdakik.com\\\/?p=9255\"]}]},{\"@type\":\"ImageObject\",\"inLanguage\":\"tr\",\"@id\":\"https:\\\/\\\/kibrisdakik.com\\\/?p=9255#primaryimage\",\"url\":\"https:\\\/\\\/kibrisdakik.com\\\/wp-content\\\/uploads\\\/2023\\\/06\\\/tatar-kabul-2-740x420.jpg\",\"contentUrl\":\"https:\\\/\\\/kibrisdakik.com\\\/wp-content\\\/uploads\\\/2023\\\/06\\\/tatar-kabul-2-740x420.jpg\",\"width\":1600,\"height\":1066},{\"@type\":\"BreadcrumbList\",\"@id\":\"https:\\\/\\\/kibrisdakik.com\\\/?p=9255#breadcrumb\",\"itemListElement\":[{\"@type\":\"ListItem\",\"position\":1,\"name\":\"Home\",\"item\":\"https:\\\/\\\/kibrisdakik.com\\\/\"},{\"@type\":\"ListItem\",\"position\":2,\"name\":\"Tatar Uluslararas\u0131 Festivaller Birli\u011fi Ba\u015fkan\u0131 ve Uluslararas\u0131 Festivaller Birli\u011fi KKTC Ba\u015fkan\u0131\u2019n\u0131 kabul etti\"}]},{\"@type\":\"WebSite\",\"@id\":\"https:\\\/\\\/kibrisdakik.com\\\/#website\",\"url\":\"https:\\\/\\\/kibrisdakik.com\\\/\",\"name\":\"\",\"description\":\"Tam vaktinde haber\",\"potentialAction\":[{\"@type\":\"SearchAction\",\"target\":{\"@type\":\"EntryPoint\",\"urlTemplate\":\"https:\\\/\\\/kibrisdakik.com\\\/?s={search_term_string}\"},\"query-input\":{\"@type\":\"PropertyValueSpecification\",\"valueRequired\":true,\"valueName\":\"search_term_string\"}}],\"inLanguage\":\"tr\"},{\"@type\":\"Person\",\"@id\":\"https:\\\/\\\/kibrisdakik.com\\\/#\\\/schema\\\/person\\\/9cd9d437bbb44f72b73ba127e06d8e79\",\"name\":\"admin\",\"image\":{\"@type\":\"ImageObject\",\"inLanguage\":\"tr\",\"@id\":\"https:\\\/\\\/secure.gravatar.com\\\/avatar\\\/ccc17943b9d660506c869530f897617f7cb1c21a4bf30023f252596d83e1f007?s=96&d=mm&r=g\",\"url\":\"https:\\\/\\\/secure.gravatar.com\\\/avatar\\\/ccc17943b9d660506c869530f897617f7cb1c21a4bf30023f252596d83e1f007?s=96&d=mm&r=g\",\"contentUrl\":\"https:\\\/\\\/secure.gravatar.com\\\/avatar\\\/ccc17943b9d660506c869530f897617f7cb1c21a4bf30023f252596d83e1f007?s=96&d=mm&r=g\",\"caption\":\"admin\"},\"sameAs\":[\"https:\\\/\\\/kibrisdakik.com\"],\"url\":\"https:\\\/\\\/kibrisdakik.com\\\/?author=1\"}]}<\/script>\n<!-- \/ Yoast SEO plugin. -->","yoast_head_json":{"title":"Tatar Uluslararas\u0131 Festivaller Birli\u011fi Ba\u015fkan\u0131 ve Uluslararas\u0131 Festivaller Birli\u011fi KKTC Ba\u015fkan\u0131\u2019n\u0131 kabul etti -","robots":{"index":"index","follow":"follow","max-snippet":"max-snippet:-1","max-image-preview":"max-image-preview:large","max-video-preview":"max-video-preview:-1"},"canonical":"https:\/\/kibrisdakik.com\/?p=9255","og_locale":"tr_TR","og_type":"article","og_title":"Tatar Uluslararas\u0131 Festivaller Birli\u011fi Ba\u015fkan\u0131 ve Uluslararas\u0131 Festivaller Birli\u011fi KKTC Ba\u015fkan\u0131\u2019n\u0131 kabul etti -","og_description":"Cumhurba\u015fkan\u0131 Ersin Tatar, Uluslararas\u0131 Festivaller Birli\u011fi Ba\u015fkan\u0131 ve Pendik Belediye Ba\u015fkan Dan\u0131\u015fman\u0131 Atilla \u0130pek ile K\u0131br\u0131s T\u00fcrk Halk Danslar\u0131 Federasyon Ba\u015fkan\u0131 ve Uluslararas\u0131 Festivaller Birli\u011fi KKTC Ba\u015fkan\u0131 \u00d6zlem Kadira\u011fa\u2019y\u0131 kabul etti. Cumhurba\u015fkanl\u0131\u011f\u0131ndan yap\u0131lan yaz\u0131l\u0131 a\u00e7\u0131klamaya g\u00f6re, Tatar, kabulde yapt\u0131\u011f\u0131 konu\u015fmada, \u00d6zlem Kadira\u011fa\u2019n\u0131n \u00f6nderli\u011finde \u00fclkede uluslararas\u0131 festivaller d\u00fczenlenip, halk oyunlar\u0131n\u0131n sergilendi\u011fini belirtti. K\u0131br\u0131s T\u00fcrk\u00fc\u2019n\u00fcn 452 y\u0131ldan","og_url":"https:\/\/kibrisdakik.com\/?p=9255","article_published_time":"2023-06-22T22:18:32+00:00","og_image":[{"width":1600,"height":1066,"url":"https:\/\/kibrisdakik.com\/wp-content\/uploads\/2023\/06\/tatar-kabul-2-740x420.jpg","type":"image\/jpeg"}],"author":"admin","twitter_card":"summary_large_image","twitter_misc":{"Yazan:":"admin","Tahmini okuma s\u00fcresi":"2 dakika"},"schema":{"@context":"https:\/\/schema.org","@graph":[{"@type":"Article","@id":"https:\/\/kibrisdakik.com\/?p=9255#article","isPartOf":{"@id":"https:\/\/kibrisdakik.com\/?p=9255"},"author":{"name":"admin","@id":"https:\/\/kibrisdakik.com\/#\/schema\/person\/9cd9d437bbb44f72b73ba127e06d8e79"},"headline":"Tatar Uluslararas\u0131 Festivaller Birli\u011fi Ba\u015fkan\u0131 ve Uluslararas\u0131 Festivaller Birli\u011fi KKTC Ba\u015fkan\u0131\u2019n\u0131 kabul etti","datePublished":"2023-06-22T22:18:32+00:00","mainEntityOfPage":{"@id":"https:\/\/kibrisdakik.com\/?p=9255"},"wordCount":381,"commentCount":0,"image":{"@id":"https:\/\/kibrisdakik.com\/?p=9255#primaryimage"},"thumbnailUrl":"https:\/\/kibrisdakik.com\/wp-content\/uploads\/2023\/06\/tatar-kabul-2-740x420.jpg","articleSection":["G\u00fcndem"],"inLanguage":"tr","potentialAction":[{"@type":"CommentAction","name":"Comment","target":["https:\/\/kibrisdakik.com\/?p=9255#respond"]}]},{"@type":"WebPage","@id":"https:\/\/kibrisdakik.com\/?p=9255","url":"https:\/\/kibrisdakik.com\/?p=9255","name":"Tatar Uluslararas\u0131 Festivaller Birli\u011fi Ba\u015fkan\u0131 ve Uluslararas\u0131 Festivaller Birli\u011fi KKTC Ba\u015fkan\u0131\u2019n\u0131 kabul etti -","isPartOf":{"@id":"https:\/\/kibrisdakik.com\/#website"},"primaryImageOfPage":{"@id":"https:\/\/kibrisdakik.com\/?p=9255#primaryimage"},"image":{"@id":"https:\/\/kibrisdakik.com\/?p=9255#primaryimage"},"thumbnailUrl":"https:\/\/kibrisdakik.com\/wp-content\/uploads\/2023\/06\/tatar-kabul-2-740x420.jpg","datePublished":"2023-06-22T22:18:32+00:00","author":{"@id":"https:\/\/kibrisdakik.com\/#\/schema\/person\/9cd9d437bbb44f72b73ba127e06d8e79"},"breadcrumb":{"@id":"https:\/\/kibrisdakik.com\/?p=9255#breadcrumb"},"inLanguage":"tr","potentialAction":[{"@type":"ReadAction","target":["https:\/\/kibrisdakik.com\/?p=9255"]}]},{"@type":"ImageObject","inLanguage":"tr","@id":"https:\/\/kibrisdakik.com\/?p=9255#primaryimage","url":"https:\/\/kibrisdakik.com\/wp-content\/uploads\/2023\/06\/tatar-kabul-2-740x420.jpg","contentUrl":"https:\/\/kibrisdakik.com\/wp-content\/uploads\/2023\/06\/tatar-kabul-2-740x420.jpg","width":1600,"height":1066},{"@type":"BreadcrumbList","@id":"https:\/\/kibrisdakik.com\/?p=9255#breadcrumb","itemListElement":[{"@type":"ListItem","position":1,"name":"Home","item":"https:\/\/kibrisdakik.com\/"},{"@type":"ListItem","position":2,"name":"Tatar Uluslararas\u0131 Festivaller Birli\u011fi Ba\u015fkan\u0131 ve Uluslararas\u0131 Festivaller Birli\u011fi KKTC Ba\u015fkan\u0131\u2019n\u0131 kabul etti"}]},{"@type":"WebSite","@id":"https:\/\/kibrisdakik.com\/#website","url":"https:\/\/kibrisdakik.com\/","name":"","description":"Tam vaktinde haber","potentialAction":[{"@type":"SearchAction","target":{"@type":"EntryPoint","urlTemplate":"https:\/\/kibrisdakik.com\/?s={search_term_string}"},"query-input":{"@type":"PropertyValueSpecification","valueRequired":true,"valueName":"search_term_string"}}],"inLanguage":"tr"},{"@type":"Person","@id":"https:\/\/kibrisdakik.com\/#\/schema\/person\/9cd9d437bbb44f72b73ba127e06d8e79","name":"admin","image":{"@type":"ImageObject","inLanguage":"tr","@id":"https:\/\/secure.gravatar.com\/avatar\/ccc17943b9d660506c869530f897617f7cb1c21a4bf30023f252596d83e1f007?s=96&d=mm&r=g","url":"https:\/\/secure.gravatar.com\/avatar\/ccc17943b9d660506c869530f897617f7cb1c21a4bf30023f252596d83e1f007?s=96&d=mm&r=g","contentUrl":"https:\/\/secure.gravatar.com\/avatar\/ccc17943b9d660506c869530f897617f7cb1c21a4bf30023f252596d83e1f007?s=96&d=mm&r=g","caption":"admin"},"sameAs":["https:\/\/kibrisdakik.com"],"url":"https:\/\/kibrisdakik.com\/?author=1"}]}},"_links":{"self":[{"href":"https:\/\/kibrisdakik.com\/index.php?rest_route=\/wp\/v2\/posts\/9255","targetHints":{"allow":["GET"]}}],"collection":[{"href":"https:\/\/kibrisdakik.com\/index.php?rest_route=\/wp\/v2\/posts"}],"about":[{"href":"https:\/\/kibrisdakik.com\/index.php?rest_route=\/wp\/v2\/types\/post"}],"author":[{"embeddable":true,"href":"https:\/\/kibrisdakik.com\/index.php?rest_route=\/wp\/v2\/users\/1"}],"replies":[{"embeddable":true,"href":"https:\/\/kibrisdakik.com\/index.php?rest_route=%2Fwp%2Fv2%2Fcomments&post=9255"}],"version-history":[{"count":0,"href":"https:\/\/kibrisdakik.com\/index.php?rest_route=\/wp\/v2\/posts\/9255\/revisions"}],"wp:featuredmedia":[{"embeddable":true,"href":"https:\/\/kibrisdakik.com\/index.php?rest_route=\/wp\/v2\/media\/9256"}],"wp:attachment":[{"href":"https:\/\/kibrisdakik.com\/index.php?rest_route=%2Fwp%2Fv2%2Fmedia&parent=9255"}],"wp:term":[{"taxonomy":"category","embeddable":true,"href":"https:\/\/kibrisdakik.com\/index.php?rest_route=%2Fwp%2Fv2%2Fcategories&post=9255"},{"taxonomy":"post_tag","embeddable":true,"href":"https:\/\/kibrisdakik.com\/index.php?rest_route=%2Fwp%2Fv2%2Ftags&post=9255"}],"curies":[{"name":"wp","href":"https:\/\/api.w.org\/{rel}","templated":true}]}}