{"id":9282,"date":"2023-06-23T10:35:20","date_gmt":"2023-06-23T10:35:20","guid":{"rendered":"https:\/\/kibrisdakik.com\/index.php\/2023\/06\/23\/arikli-cayirova-cemberinin-yapiminda-sona-gelindi\/"},"modified":"2023-06-23T10:35:20","modified_gmt":"2023-06-23T10:35:20","slug":"arikli-cayirova-cemberinin-yapiminda-sona-gelindi","status":"publish","type":"post","link":"https:\/\/kibrisdakik.com\/?p=9282","title":{"rendered":"Ar\u0131kl\u0131: \u00c7ay\u0131rova \u00e7emberinin yap\u0131m\u0131nda sona gelindi"},"content":{"rendered":"<p><\/p>\n<div>\n<div class=\"mariselle-image-container center\">\n                <img width=\"1019\" height=\"518\" class=\"lazy-image\" alt=\"\" decoding=\"async\" loading=\"lazy\" sizes=\"auto, (max-width: 1019px) 100vw, 1019px\" src=\"https:\/\/brtk.net\/wp-content\/uploads\/2023\/06\/23\/3.jpg?ver=9d145c03a76612d71600e96084374a31\" srcset=\"https:\/\/brtk.net\/wp-content\/uploads\/2023\/06\/23\/3.jpg?ver=9d145c03a76612d71600e96084374a31 1019w, https:\/\/brtk.net\/wp-content\/uploads\/2023\/06\/23\/3-300x153.jpg?ver=c9a6661961633947f6428907c17db57e 300w, https:\/\/brtk.net\/wp-content\/uploads\/2023\/06\/23\/3-768x390.jpg?ver=c9a6661961633947f6428907c17db57e 768w\"\/>                            <\/div>\n<p>Bay\u0131nd\u0131rl\u0131k ve Ula\u015ft\u0131rma Bakan\u0131 Erhan Ar\u0131kl\u0131, \u00c7ay\u0131rova \u00e7emberinde \u0131\u015f\u0131kland\u0131rma, \u00e7izgileme ve trafik i\u015faretleri levhalama i\u015flemlerinin ard\u0131ndan yap\u0131m \u00e7al\u0131\u015fmalar\u0131n\u0131n tamamlanaca\u011f\u0131n\u0131 belirtti. <\/p>\n<p>      Bay\u0131nd\u0131rl\u0131k ve Ula\u015ft\u0131rma Bakanl\u0131\u011f\u0131\u2019ndan yap\u0131lan a\u00e7\u0131klamaya g\u00f6re, Bakan Ar\u0131kl\u0131, \u00c7ay\u0131rova halk\u0131n\u0131n uzun y\u0131llard\u0131r talep etti\u011fi \u00e7emberin, s\u00f6z verdi\u011fi \u015fekilde ger\u00e7ekle\u015fecek olmas\u0131ndan duydu\u011fu memnuniyeti dile getirdi.<\/p>\n<p>      Ar\u0131kl\u0131, \u201c\u00c7ay\u0131roval\u0131lar\u0131n bu halk\u0131 talebine kay\u0131ts\u0131z kalamazd\u0131k. Verdi\u011fimiz s\u00f6z\u00fc tutman\u0131n mutlulu\u011funu ya\u015f\u0131yorum. T\u00fcrkiye Cumhuriyeti Karayollar\u0131 Genel M\u00fcd\u00fcrl\u00fc\u011f\u00fc K\u0131br\u0131s \u0130\u015fleri Koordinat\u00f6rl\u00fc\u011f\u00fc\u2019ne de \u00e7ember yap\u0131m\u0131 i\u00e7in verdikleri destek nedeniyle te\u015fekk\u00fcrlerimi sunuyorum\u201d dedi. <\/p>\n<p>      K\u00f6y\u00fcn bat\u0131 \u00e7\u0131k\u0131\u015f\u0131na yap\u0131lacak \u00e7ember sayesinde \u00c7ay\u0131rova halk\u0131n\u0131n \u0130skele\u2019ye ula\u015f\u0131m kolayla\u015f\u0131rken, trafik g\u00fcvenli\u011finin sa\u011flanmas\u0131 ad\u0131na \u00e7ember \u00f6ncesi ve sonras\u0131na h\u0131z tespit kameras\u0131 da yerle\u015ftirilecek.<\/p>\n<\/p><\/div>\n<p><script async\n                    defer\n                    crossorigin=\"anonymous\"\n                    src=\"https:\/\/connect.facebook.net\/tr_TR\/sdk.js#xfbml=1&#038;version=v3.3\"\n            ><\/script><\/p>\n","protected":false},"excerpt":{"rendered":"<p>Bay\u0131nd\u0131rl\u0131k ve Ula\u015ft\u0131rma Bakan\u0131 Erhan Ar\u0131kl\u0131, \u00c7ay\u0131rova \u00e7emberinde \u0131\u015f\u0131kland\u0131rma, \u00e7izgileme ve trafik i\u015faretleri levhalama i\u015flemlerinin ard\u0131ndan yap\u0131m \u00e7al\u0131\u015fmalar\u0131n\u0131n tamamlanaca\u011f\u0131n\u0131 belirtti. Bay\u0131nd\u0131rl\u0131k ve Ula\u015ft\u0131rma Bakanl\u0131\u011f\u0131\u2019ndan yap\u0131lan a\u00e7\u0131klamaya g\u00f6re, Bakan Ar\u0131kl\u0131, \u00c7ay\u0131rova halk\u0131n\u0131n uzun y\u0131llard\u0131r talep etti\u011fi \u00e7emberin, s\u00f6z verdi\u011fi \u015fekilde ger\u00e7ekle\u015fecek olmas\u0131ndan duydu\u011fu memnuniyeti dile getirdi. Ar\u0131kl\u0131, \u201c\u00c7ay\u0131roval\u0131lar\u0131n bu halk\u0131 talebine kay\u0131ts\u0131z kalamazd\u0131k. Verdi\u011fimiz s\u00f6z\u00fc tutman\u0131n<\/p>\n","protected":false},"author":1,"featured_media":9283,"comment_status":"open","ping_status":"open","sticky":false,"template":"","format":"standard","meta":{"footnotes":""},"categories":[1],"tags":[],"class_list":["post-9282","post","type-post","status-publish","format-standard","has-post-thumbnail","hentry","category-gundem"],"yoast_head":"<!-- This site is optimized with the Yoast SEO plugin v27.5 - https:\/\/yoast.com\/product\/yoast-seo-wordpress\/ -->\n<title>Ar\u0131kl\u0131: \u00c7ay\u0131rova \u00e7emberinin yap\u0131m\u0131nda sona gelindi -<\/title>\n<meta name=\"robots\" content=\"index, follow, max-snippet:-1, max-image-preview:large, max-video-preview:-1\" \/>\n<link rel=\"canonical\" href=\"https:\/\/kibrisdakik.com\/?p=9282\" \/>\n<meta property=\"og:locale\" content=\"tr_TR\" \/>\n<meta property=\"og:type\" content=\"article\" \/>\n<meta property=\"og:title\" content=\"Ar\u0131kl\u0131: \u00c7ay\u0131rova \u00e7emberinin yap\u0131m\u0131nda sona gelindi -\" \/>\n<meta property=\"og:description\" content=\"Bay\u0131nd\u0131rl\u0131k ve Ula\u015ft\u0131rma Bakan\u0131 Erhan Ar\u0131kl\u0131, \u00c7ay\u0131rova \u00e7emberinde \u0131\u015f\u0131kland\u0131rma, \u00e7izgileme ve trafik i\u015faretleri levhalama i\u015flemlerinin ard\u0131ndan yap\u0131m \u00e7al\u0131\u015fmalar\u0131n\u0131n tamamlanaca\u011f\u0131n\u0131 belirtti. Bay\u0131nd\u0131rl\u0131k ve Ula\u015ft\u0131rma Bakanl\u0131\u011f\u0131\u2019ndan yap\u0131lan a\u00e7\u0131klamaya g\u00f6re, Bakan Ar\u0131kl\u0131, \u00c7ay\u0131rova halk\u0131n\u0131n uzun y\u0131llard\u0131r talep etti\u011fi \u00e7emberin, s\u00f6z verdi\u011fi \u015fekilde ger\u00e7ekle\u015fecek olmas\u0131ndan duydu\u011fu memnuniyeti dile getirdi. Ar\u0131kl\u0131, \u201c\u00c7ay\u0131roval\u0131lar\u0131n bu halk\u0131 talebine kay\u0131ts\u0131z kalamazd\u0131k. Verdi\u011fimiz s\u00f6z\u00fc tutman\u0131n\" \/>\n<meta property=\"og:url\" content=\"https:\/\/kibrisdakik.com\/?p=9282\" \/>\n<meta property=\"article:published_time\" content=\"2023-06-23T10:35:20+00:00\" \/>\n<meta property=\"og:image\" content=\"https:\/\/kibrisdakik.com\/wp-content\/uploads\/2023\/06\/3-740x420.jpg\" \/>\n\t<meta property=\"og:image:width\" content=\"1019\" \/>\n\t<meta property=\"og:image:height\" content=\"518\" \/>\n\t<meta property=\"og:image:type\" content=\"image\/jpeg\" \/>\n<meta name=\"author\" content=\"admin\" \/>\n<meta name=\"twitter:card\" content=\"summary_large_image\" \/>\n<meta name=\"twitter:label1\" content=\"Yazan:\" \/>\n\t<meta name=\"twitter:data1\" content=\"admin\" \/>\n\t<meta name=\"twitter:label2\" content=\"Tahmini okuma s\u00fcresi\" \/>\n\t<meta name=\"twitter:data2\" content=\"1 dakika\" \/>\n<script type=\"application\/ld+json\" class=\"yoast-schema-graph\">{\"@context\":\"https:\\\/\\\/schema.org\",\"@graph\":[{\"@type\":\"Article\",\"@id\":\"https:\\\/\\\/kibrisdakik.com\\\/?p=9282#article\",\"isPartOf\":{\"@id\":\"https:\\\/\\\/kibrisdakik.com\\\/?p=9282\"},\"author\":{\"name\":\"admin\",\"@id\":\"https:\\\/\\\/kibrisdakik.com\\\/#\\\/schema\\\/person\\\/9cd9d437bbb44f72b73ba127e06d8e79\"},\"headline\":\"Ar\u0131kl\u0131: \u00c7ay\u0131rova \u00e7emberinin yap\u0131m\u0131nda sona gelindi\",\"datePublished\":\"2023-06-23T10:35:20+00:00\",\"mainEntityOfPage\":{\"@id\":\"https:\\\/\\\/kibrisdakik.com\\\/?p=9282\"},\"wordCount\":187,\"commentCount\":0,\"image\":{\"@id\":\"https:\\\/\\\/kibrisdakik.com\\\/?p=9282#primaryimage\"},\"thumbnailUrl\":\"https:\\\/\\\/kibrisdakik.com\\\/wp-content\\\/uploads\\\/2023\\\/06\\\/3-740x420.jpg\",\"articleSection\":[\"G\u00fcndem\"],\"inLanguage\":\"tr\",\"potentialAction\":[{\"@type\":\"CommentAction\",\"name\":\"Comment\",\"target\":[\"https:\\\/\\\/kibrisdakik.com\\\/?p=9282#respond\"]}]},{\"@type\":\"WebPage\",\"@id\":\"https:\\\/\\\/kibrisdakik.com\\\/?p=9282\",\"url\":\"https:\\\/\\\/kibrisdakik.com\\\/?p=9282\",\"name\":\"Ar\u0131kl\u0131: \u00c7ay\u0131rova \u00e7emberinin yap\u0131m\u0131nda sona gelindi -\",\"isPartOf\":{\"@id\":\"https:\\\/\\\/kibrisdakik.com\\\/#website\"},\"primaryImageOfPage\":{\"@id\":\"https:\\\/\\\/kibrisdakik.com\\\/?p=9282#primaryimage\"},\"image\":{\"@id\":\"https:\\\/\\\/kibrisdakik.com\\\/?p=9282#primaryimage\"},\"thumbnailUrl\":\"https:\\\/\\\/kibrisdakik.com\\\/wp-content\\\/uploads\\\/2023\\\/06\\\/3-740x420.jpg\",\"datePublished\":\"2023-06-23T10:35:20+00:00\",\"author\":{\"@id\":\"https:\\\/\\\/kibrisdakik.com\\\/#\\\/schema\\\/person\\\/9cd9d437bbb44f72b73ba127e06d8e79\"},\"breadcrumb\":{\"@id\":\"https:\\\/\\\/kibrisdakik.com\\\/?p=9282#breadcrumb\"},\"inLanguage\":\"tr\",\"potentialAction\":[{\"@type\":\"ReadAction\",\"target\":[\"https:\\\/\\\/kibrisdakik.com\\\/?p=9282\"]}]},{\"@type\":\"ImageObject\",\"inLanguage\":\"tr\",\"@id\":\"https:\\\/\\\/kibrisdakik.com\\\/?p=9282#primaryimage\",\"url\":\"https:\\\/\\\/kibrisdakik.com\\\/wp-content\\\/uploads\\\/2023\\\/06\\\/3-740x420.jpg\",\"contentUrl\":\"https:\\\/\\\/kibrisdakik.com\\\/wp-content\\\/uploads\\\/2023\\\/06\\\/3-740x420.jpg\",\"width\":1019,\"height\":518},{\"@type\":\"BreadcrumbList\",\"@id\":\"https:\\\/\\\/kibrisdakik.com\\\/?p=9282#breadcrumb\",\"itemListElement\":[{\"@type\":\"ListItem\",\"position\":1,\"name\":\"Home\",\"item\":\"https:\\\/\\\/kibrisdakik.com\\\/\"},{\"@type\":\"ListItem\",\"position\":2,\"name\":\"Ar\u0131kl\u0131: \u00c7ay\u0131rova \u00e7emberinin yap\u0131m\u0131nda sona gelindi\"}]},{\"@type\":\"WebSite\",\"@id\":\"https:\\\/\\\/kibrisdakik.com\\\/#website\",\"url\":\"https:\\\/\\\/kibrisdakik.com\\\/\",\"name\":\"\",\"description\":\"Tam vaktinde haber\",\"potentialAction\":[{\"@type\":\"SearchAction\",\"target\":{\"@type\":\"EntryPoint\",\"urlTemplate\":\"https:\\\/\\\/kibrisdakik.com\\\/?s={search_term_string}\"},\"query-input\":{\"@type\":\"PropertyValueSpecification\",\"valueRequired\":true,\"valueName\":\"search_term_string\"}}],\"inLanguage\":\"tr\"},{\"@type\":\"Person\",\"@id\":\"https:\\\/\\\/kibrisdakik.com\\\/#\\\/schema\\\/person\\\/9cd9d437bbb44f72b73ba127e06d8e79\",\"name\":\"admin\",\"image\":{\"@type\":\"ImageObject\",\"inLanguage\":\"tr\",\"@id\":\"https:\\\/\\\/secure.gravatar.com\\\/avatar\\\/ccc17943b9d660506c869530f897617f7cb1c21a4bf30023f252596d83e1f007?s=96&d=mm&r=g\",\"url\":\"https:\\\/\\\/secure.gravatar.com\\\/avatar\\\/ccc17943b9d660506c869530f897617f7cb1c21a4bf30023f252596d83e1f007?s=96&d=mm&r=g\",\"contentUrl\":\"https:\\\/\\\/secure.gravatar.com\\\/avatar\\\/ccc17943b9d660506c869530f897617f7cb1c21a4bf30023f252596d83e1f007?s=96&d=mm&r=g\",\"caption\":\"admin\"},\"sameAs\":[\"https:\\\/\\\/kibrisdakik.com\"],\"url\":\"https:\\\/\\\/kibrisdakik.com\\\/?author=1\"}]}<\/script>\n<!-- \/ Yoast SEO plugin. -->","yoast_head_json":{"title":"Ar\u0131kl\u0131: \u00c7ay\u0131rova \u00e7emberinin yap\u0131m\u0131nda sona gelindi -","robots":{"index":"index","follow":"follow","max-snippet":"max-snippet:-1","max-image-preview":"max-image-preview:large","max-video-preview":"max-video-preview:-1"},"canonical":"https:\/\/kibrisdakik.com\/?p=9282","og_locale":"tr_TR","og_type":"article","og_title":"Ar\u0131kl\u0131: \u00c7ay\u0131rova \u00e7emberinin yap\u0131m\u0131nda sona gelindi -","og_description":"Bay\u0131nd\u0131rl\u0131k ve Ula\u015ft\u0131rma Bakan\u0131 Erhan Ar\u0131kl\u0131, \u00c7ay\u0131rova \u00e7emberinde \u0131\u015f\u0131kland\u0131rma, \u00e7izgileme ve trafik i\u015faretleri levhalama i\u015flemlerinin ard\u0131ndan yap\u0131m \u00e7al\u0131\u015fmalar\u0131n\u0131n tamamlanaca\u011f\u0131n\u0131 belirtti. Bay\u0131nd\u0131rl\u0131k ve Ula\u015ft\u0131rma Bakanl\u0131\u011f\u0131\u2019ndan yap\u0131lan a\u00e7\u0131klamaya g\u00f6re, Bakan Ar\u0131kl\u0131, \u00c7ay\u0131rova halk\u0131n\u0131n uzun y\u0131llard\u0131r talep etti\u011fi \u00e7emberin, s\u00f6z verdi\u011fi \u015fekilde ger\u00e7ekle\u015fecek olmas\u0131ndan duydu\u011fu memnuniyeti dile getirdi. Ar\u0131kl\u0131, \u201c\u00c7ay\u0131roval\u0131lar\u0131n bu halk\u0131 talebine kay\u0131ts\u0131z kalamazd\u0131k. Verdi\u011fimiz s\u00f6z\u00fc tutman\u0131n","og_url":"https:\/\/kibrisdakik.com\/?p=9282","article_published_time":"2023-06-23T10:35:20+00:00","og_image":[{"width":1019,"height":518,"url":"https:\/\/kibrisdakik.com\/wp-content\/uploads\/2023\/06\/3-740x420.jpg","type":"image\/jpeg"}],"author":"admin","twitter_card":"summary_large_image","twitter_misc":{"Yazan:":"admin","Tahmini okuma s\u00fcresi":"1 dakika"},"schema":{"@context":"https:\/\/schema.org","@graph":[{"@type":"Article","@id":"https:\/\/kibrisdakik.com\/?p=9282#article","isPartOf":{"@id":"https:\/\/kibrisdakik.com\/?p=9282"},"author":{"name":"admin","@id":"https:\/\/kibrisdakik.com\/#\/schema\/person\/9cd9d437bbb44f72b73ba127e06d8e79"},"headline":"Ar\u0131kl\u0131: \u00c7ay\u0131rova \u00e7emberinin yap\u0131m\u0131nda sona gelindi","datePublished":"2023-06-23T10:35:20+00:00","mainEntityOfPage":{"@id":"https:\/\/kibrisdakik.com\/?p=9282"},"wordCount":187,"commentCount":0,"image":{"@id":"https:\/\/kibrisdakik.com\/?p=9282#primaryimage"},"thumbnailUrl":"https:\/\/kibrisdakik.com\/wp-content\/uploads\/2023\/06\/3-740x420.jpg","articleSection":["G\u00fcndem"],"inLanguage":"tr","potentialAction":[{"@type":"CommentAction","name":"Comment","target":["https:\/\/kibrisdakik.com\/?p=9282#respond"]}]},{"@type":"WebPage","@id":"https:\/\/kibrisdakik.com\/?p=9282","url":"https:\/\/kibrisdakik.com\/?p=9282","name":"Ar\u0131kl\u0131: \u00c7ay\u0131rova \u00e7emberinin yap\u0131m\u0131nda sona gelindi -","isPartOf":{"@id":"https:\/\/kibrisdakik.com\/#website"},"primaryImageOfPage":{"@id":"https:\/\/kibrisdakik.com\/?p=9282#primaryimage"},"image":{"@id":"https:\/\/kibrisdakik.com\/?p=9282#primaryimage"},"thumbnailUrl":"https:\/\/kibrisdakik.com\/wp-content\/uploads\/2023\/06\/3-740x420.jpg","datePublished":"2023-06-23T10:35:20+00:00","author":{"@id":"https:\/\/kibrisdakik.com\/#\/schema\/person\/9cd9d437bbb44f72b73ba127e06d8e79"},"breadcrumb":{"@id":"https:\/\/kibrisdakik.com\/?p=9282#breadcrumb"},"inLanguage":"tr","potentialAction":[{"@type":"ReadAction","target":["https:\/\/kibrisdakik.com\/?p=9282"]}]},{"@type":"ImageObject","inLanguage":"tr","@id":"https:\/\/kibrisdakik.com\/?p=9282#primaryimage","url":"https:\/\/kibrisdakik.com\/wp-content\/uploads\/2023\/06\/3-740x420.jpg","contentUrl":"https:\/\/kibrisdakik.com\/wp-content\/uploads\/2023\/06\/3-740x420.jpg","width":1019,"height":518},{"@type":"BreadcrumbList","@id":"https:\/\/kibrisdakik.com\/?p=9282#breadcrumb","itemListElement":[{"@type":"ListItem","position":1,"name":"Home","item":"https:\/\/kibrisdakik.com\/"},{"@type":"ListItem","position":2,"name":"Ar\u0131kl\u0131: \u00c7ay\u0131rova \u00e7emberinin yap\u0131m\u0131nda sona gelindi"}]},{"@type":"WebSite","@id":"https:\/\/kibrisdakik.com\/#website","url":"https:\/\/kibrisdakik.com\/","name":"","description":"Tam vaktinde haber","potentialAction":[{"@type":"SearchAction","target":{"@type":"EntryPoint","urlTemplate":"https:\/\/kibrisdakik.com\/?s={search_term_string}"},"query-input":{"@type":"PropertyValueSpecification","valueRequired":true,"valueName":"search_term_string"}}],"inLanguage":"tr"},{"@type":"Person","@id":"https:\/\/kibrisdakik.com\/#\/schema\/person\/9cd9d437bbb44f72b73ba127e06d8e79","name":"admin","image":{"@type":"ImageObject","inLanguage":"tr","@id":"https:\/\/secure.gravatar.com\/avatar\/ccc17943b9d660506c869530f897617f7cb1c21a4bf30023f252596d83e1f007?s=96&d=mm&r=g","url":"https:\/\/secure.gravatar.com\/avatar\/ccc17943b9d660506c869530f897617f7cb1c21a4bf30023f252596d83e1f007?s=96&d=mm&r=g","contentUrl":"https:\/\/secure.gravatar.com\/avatar\/ccc17943b9d660506c869530f897617f7cb1c21a4bf30023f252596d83e1f007?s=96&d=mm&r=g","caption":"admin"},"sameAs":["https:\/\/kibrisdakik.com"],"url":"https:\/\/kibrisdakik.com\/?author=1"}]}},"_links":{"self":[{"href":"https:\/\/kibrisdakik.com\/index.php?rest_route=\/wp\/v2\/posts\/9282","targetHints":{"allow":["GET"]}}],"collection":[{"href":"https:\/\/kibrisdakik.com\/index.php?rest_route=\/wp\/v2\/posts"}],"about":[{"href":"https:\/\/kibrisdakik.com\/index.php?rest_route=\/wp\/v2\/types\/post"}],"author":[{"embeddable":true,"href":"https:\/\/kibrisdakik.com\/index.php?rest_route=\/wp\/v2\/users\/1"}],"replies":[{"embeddable":true,"href":"https:\/\/kibrisdakik.com\/index.php?rest_route=%2Fwp%2Fv2%2Fcomments&post=9282"}],"version-history":[{"count":0,"href":"https:\/\/kibrisdakik.com\/index.php?rest_route=\/wp\/v2\/posts\/9282\/revisions"}],"wp:featuredmedia":[{"embeddable":true,"href":"https:\/\/kibrisdakik.com\/index.php?rest_route=\/wp\/v2\/media\/9283"}],"wp:attachment":[{"href":"https:\/\/kibrisdakik.com\/index.php?rest_route=%2Fwp%2Fv2%2Fmedia&parent=9282"}],"wp:term":[{"taxonomy":"category","embeddable":true,"href":"https:\/\/kibrisdakik.com\/index.php?rest_route=%2Fwp%2Fv2%2Fcategories&post=9282"},{"taxonomy":"post_tag","embeddable":true,"href":"https:\/\/kibrisdakik.com\/index.php?rest_route=%2Fwp%2Fv2%2Ftags&post=9282"}],"curies":[{"name":"wp","href":"https:\/\/api.w.org\/{rel}","templated":true}]}}