{"id":9301,"date":"2023-06-23T15:43:14","date_gmt":"2023-06-23T15:43:14","guid":{"rendered":"https:\/\/kibrisdakik.com\/index.php\/2023\/06\/23\/milli-egitim-bakanligi-grev-kesintileri-yasal-mevzuata-uygun-olarak-yapilmistir\/"},"modified":"2023-06-23T15:43:14","modified_gmt":"2023-06-23T15:43:14","slug":"milli-egitim-bakanligi-grev-kesintileri-yasal-mevzuata-uygun-olarak-yapilmistir","status":"publish","type":"post","link":"https:\/\/kibrisdakik.com\/?p=9301","title":{"rendered":"Milli E\u011fitim Bakanl\u0131\u011f\u0131: Grev kesintileri yasal mevzuata uygun olarak yap\u0131lm\u0131\u015ft\u0131r"},"content":{"rendered":"<p><\/p>\n<div>\n<div class=\"mariselle-image-container center\">\n                <img width=\"768\" height=\"425\" class=\"lazy-image\" alt=\"\" decoding=\"async\" loading=\"lazy\" sizes=\"auto, (max-width: 768px) 100vw, 768px\" src=\"https:\/\/brtk.net\/wp-content\/uploads\/2023\/06\/21\/egitim-bakanligi.jpg?ver=9317cb3d425523d15b5e1939f21099fa\" srcset=\"https:\/\/brtk.net\/wp-content\/uploads\/2023\/06\/21\/egitim-bakanligi.jpg?ver=9317cb3d425523d15b5e1939f21099fa 768w, https:\/\/brtk.net\/wp-content\/uploads\/2023\/06\/21\/egitim-bakanligi-300x166.jpg?ver=9317cb3d425523d15b5e1939f21099fa 300w\"\/>                            <\/div>\n<p style=\"font-weight: 300;\">Milli E\u011fitim Bakanl\u0131\u011f\u0131, K\u0131br\u0131s T\u00fcrk Orta E\u011fitim \u00d6\u011fretmenler Sendikas\u0131 Y\u00f6netim Kurulu ve sendika \u00fcyelerinden olu\u015fan bir grup \u00f6\u011fretmenin bug\u00fcn Milli E\u011fitim Bakanl\u0131\u011f\u0131\u2019na giderek, bakanl\u0131k M\u00fcste\u015far\u0131 ve personeline m\u00fcdahalede bulundu\u011funu bildirdi.<\/p>\n<p style=\"font-weight: 300;\"><span style=\"font-weight: 300 !important;\">Milli E\u011fitim Bakanl\u0131\u011f\u0131 Bas\u0131n B\u00fcrosu\u2019ndan yap\u0131lan a\u00e7\u0131klamada, \u201cgrev kesintilerini\u201d gerek\u00e7e g\u00f6steren grubun, \u201csald\u0131rgan hareketleri nedeniyle s\u00f6zl\u00fc olarak ba\u015flayan gerginli\u011fin, fiziksel \u015fiddet seviyesine kadar ula\u015ft\u0131\u011f\u0131 ve olaylar\u0131n, daire m\u00fcd\u00fcrleri ile bakanl\u0131k personelinin m\u00fcdahalesiyle yat\u0131\u015ft\u0131r\u0131lmaya \u00e7al\u0131\u015f\u0131ld\u0131\u011f\u0131\u201d kaydedildi.<\/span><\/p>\n<p style=\"font-weight: 300;\"><span style=\"font-weight: 300 !important;\">Bakanl\u0131k M\u00fcste\u015far\u0131, Daire M\u00fcd\u00fcrleri ve fiziki m\u00fcdahaleye maruz kalan personelin, olaylara sebebiyet veren grupla ilgili polise \u015fikayette bulundu\u011fu ve gerekli soru\u015fturman\u0131n polis taraf\u0131ndan y\u00fcr\u00fct\u00fcld\u00fc\u011f\u00fc belirtilen a\u00e7\u0131klamada, \u201cGrev kesintileri yasal mevzuata uygun olarak yap\u0131lm\u0131\u015f olup, gerekli olmas\u0131 halinde konuyla ilgili detayl\u0131 a\u00e7\u0131klama kamuoyu ile payla\u015f\u0131lacakt\u0131r\u201d denildi.<\/span><\/p>\n<p>TAK\/<a href=\"https:\/\/brtk.net\/\">BRT<\/a><\/p>\n<\/p><\/div>\n<p><script async\n                    defer\n                    crossorigin=\"anonymous\"\n                    src=\"https:\/\/connect.facebook.net\/tr_TR\/sdk.js#xfbml=1&#038;version=v3.3\"\n            ><\/script><\/p>\n","protected":false},"excerpt":{"rendered":"<p>Milli E\u011fitim Bakanl\u0131\u011f\u0131, K\u0131br\u0131s T\u00fcrk Orta E\u011fitim \u00d6\u011fretmenler Sendikas\u0131 Y\u00f6netim Kurulu ve sendika \u00fcyelerinden olu\u015fan bir grup \u00f6\u011fretmenin bug\u00fcn Milli E\u011fitim Bakanl\u0131\u011f\u0131\u2019na giderek, bakanl\u0131k M\u00fcste\u015far\u0131 ve personeline m\u00fcdahalede bulundu\u011funu bildirdi. Milli E\u011fitim Bakanl\u0131\u011f\u0131 Bas\u0131n B\u00fcrosu\u2019ndan yap\u0131lan a\u00e7\u0131klamada, \u201cgrev kesintilerini\u201d gerek\u00e7e g\u00f6steren grubun, \u201csald\u0131rgan hareketleri nedeniyle s\u00f6zl\u00fc olarak ba\u015flayan gerginli\u011fin, fiziksel \u015fiddet seviyesine kadar ula\u015ft\u0131\u011f\u0131 ve<\/p>\n","protected":false},"author":1,"featured_media":9194,"comment_status":"open","ping_status":"open","sticky":false,"template":"","format":"standard","meta":{"footnotes":""},"categories":[1],"tags":[],"class_list":["post-9301","post","type-post","status-publish","format-standard","has-post-thumbnail","hentry","category-gundem"],"yoast_head":"<!-- This site is optimized with the Yoast SEO plugin v27.5 - https:\/\/yoast.com\/product\/yoast-seo-wordpress\/ -->\n<title>Milli E\u011fitim Bakanl\u0131\u011f\u0131: Grev kesintileri yasal mevzuata uygun olarak yap\u0131lm\u0131\u015ft\u0131r -<\/title>\n<meta name=\"robots\" content=\"index, follow, max-snippet:-1, max-image-preview:large, max-video-preview:-1\" \/>\n<link rel=\"canonical\" href=\"https:\/\/kibrisdakik.com\/?p=9301\" \/>\n<meta property=\"og:locale\" content=\"tr_TR\" \/>\n<meta property=\"og:type\" content=\"article\" \/>\n<meta property=\"og:title\" content=\"Milli E\u011fitim Bakanl\u0131\u011f\u0131: Grev kesintileri yasal mevzuata uygun olarak yap\u0131lm\u0131\u015ft\u0131r -\" \/>\n<meta property=\"og:description\" content=\"Milli E\u011fitim Bakanl\u0131\u011f\u0131, K\u0131br\u0131s T\u00fcrk Orta E\u011fitim \u00d6\u011fretmenler Sendikas\u0131 Y\u00f6netim Kurulu ve sendika \u00fcyelerinden olu\u015fan bir grup \u00f6\u011fretmenin bug\u00fcn Milli E\u011fitim Bakanl\u0131\u011f\u0131\u2019na giderek, bakanl\u0131k M\u00fcste\u015far\u0131 ve personeline m\u00fcdahalede bulundu\u011funu bildirdi. Milli E\u011fitim Bakanl\u0131\u011f\u0131 Bas\u0131n B\u00fcrosu\u2019ndan yap\u0131lan a\u00e7\u0131klamada, \u201cgrev kesintilerini\u201d gerek\u00e7e g\u00f6steren grubun, \u201csald\u0131rgan hareketleri nedeniyle s\u00f6zl\u00fc olarak ba\u015flayan gerginli\u011fin, fiziksel \u015fiddet seviyesine kadar ula\u015ft\u0131\u011f\u0131 ve\" \/>\n<meta property=\"og:url\" content=\"https:\/\/kibrisdakik.com\/?p=9301\" \/>\n<meta property=\"article:published_time\" content=\"2023-06-23T15:43:14+00:00\" \/>\n<meta property=\"og:image\" content=\"https:\/\/kibrisdakik.com\/wp-content\/uploads\/2023\/06\/egitim-bakanligi-740x420.jpg\" \/>\n\t<meta property=\"og:image:width\" content=\"768\" \/>\n\t<meta property=\"og:image:height\" content=\"425\" \/>\n\t<meta property=\"og:image:type\" content=\"image\/jpeg\" \/>\n<meta name=\"author\" content=\"admin\" \/>\n<meta name=\"twitter:card\" content=\"summary_large_image\" \/>\n<meta name=\"twitter:label1\" content=\"Yazan:\" \/>\n\t<meta name=\"twitter:data1\" content=\"admin\" \/>\n\t<meta name=\"twitter:label2\" content=\"Tahmini okuma s\u00fcresi\" \/>\n\t<meta name=\"twitter:data2\" content=\"1 dakika\" \/>\n<script type=\"application\/ld+json\" class=\"yoast-schema-graph\">{\"@context\":\"https:\\\/\\\/schema.org\",\"@graph\":[{\"@type\":\"Article\",\"@id\":\"https:\\\/\\\/kibrisdakik.com\\\/?p=9301#article\",\"isPartOf\":{\"@id\":\"https:\\\/\\\/kibrisdakik.com\\\/?p=9301\"},\"author\":{\"name\":\"admin\",\"@id\":\"https:\\\/\\\/kibrisdakik.com\\\/#\\\/schema\\\/person\\\/9cd9d437bbb44f72b73ba127e06d8e79\"},\"headline\":\"Milli E\u011fitim Bakanl\u0131\u011f\u0131: Grev kesintileri yasal mevzuata uygun olarak yap\u0131lm\u0131\u015ft\u0131r\",\"datePublished\":\"2023-06-23T15:43:14+00:00\",\"mainEntityOfPage\":{\"@id\":\"https:\\\/\\\/kibrisdakik.com\\\/?p=9301\"},\"wordCount\":181,\"commentCount\":0,\"image\":{\"@id\":\"https:\\\/\\\/kibrisdakik.com\\\/?p=9301#primaryimage\"},\"thumbnailUrl\":\"https:\\\/\\\/kibrisdakik.com\\\/wp-content\\\/uploads\\\/2023\\\/06\\\/egitim-bakanligi-740x420.jpg\",\"articleSection\":[\"G\u00fcndem\"],\"inLanguage\":\"tr\",\"potentialAction\":[{\"@type\":\"CommentAction\",\"name\":\"Comment\",\"target\":[\"https:\\\/\\\/kibrisdakik.com\\\/?p=9301#respond\"]}]},{\"@type\":\"WebPage\",\"@id\":\"https:\\\/\\\/kibrisdakik.com\\\/?p=9301\",\"url\":\"https:\\\/\\\/kibrisdakik.com\\\/?p=9301\",\"name\":\"Milli E\u011fitim Bakanl\u0131\u011f\u0131: Grev kesintileri yasal mevzuata uygun olarak yap\u0131lm\u0131\u015ft\u0131r -\",\"isPartOf\":{\"@id\":\"https:\\\/\\\/kibrisdakik.com\\\/#website\"},\"primaryImageOfPage\":{\"@id\":\"https:\\\/\\\/kibrisdakik.com\\\/?p=9301#primaryimage\"},\"image\":{\"@id\":\"https:\\\/\\\/kibrisdakik.com\\\/?p=9301#primaryimage\"},\"thumbnailUrl\":\"https:\\\/\\\/kibrisdakik.com\\\/wp-content\\\/uploads\\\/2023\\\/06\\\/egitim-bakanligi-740x420.jpg\",\"datePublished\":\"2023-06-23T15:43:14+00:00\",\"author\":{\"@id\":\"https:\\\/\\\/kibrisdakik.com\\\/#\\\/schema\\\/person\\\/9cd9d437bbb44f72b73ba127e06d8e79\"},\"breadcrumb\":{\"@id\":\"https:\\\/\\\/kibrisdakik.com\\\/?p=9301#breadcrumb\"},\"inLanguage\":\"tr\",\"potentialAction\":[{\"@type\":\"ReadAction\",\"target\":[\"https:\\\/\\\/kibrisdakik.com\\\/?p=9301\"]}]},{\"@type\":\"ImageObject\",\"inLanguage\":\"tr\",\"@id\":\"https:\\\/\\\/kibrisdakik.com\\\/?p=9301#primaryimage\",\"url\":\"https:\\\/\\\/kibrisdakik.com\\\/wp-content\\\/uploads\\\/2023\\\/06\\\/egitim-bakanligi-740x420.jpg\",\"contentUrl\":\"https:\\\/\\\/kibrisdakik.com\\\/wp-content\\\/uploads\\\/2023\\\/06\\\/egitim-bakanligi-740x420.jpg\",\"width\":768,\"height\":425},{\"@type\":\"BreadcrumbList\",\"@id\":\"https:\\\/\\\/kibrisdakik.com\\\/?p=9301#breadcrumb\",\"itemListElement\":[{\"@type\":\"ListItem\",\"position\":1,\"name\":\"Home\",\"item\":\"https:\\\/\\\/kibrisdakik.com\\\/\"},{\"@type\":\"ListItem\",\"position\":2,\"name\":\"Milli E\u011fitim Bakanl\u0131\u011f\u0131: Grev kesintileri yasal mevzuata uygun olarak yap\u0131lm\u0131\u015ft\u0131r\"}]},{\"@type\":\"WebSite\",\"@id\":\"https:\\\/\\\/kibrisdakik.com\\\/#website\",\"url\":\"https:\\\/\\\/kibrisdakik.com\\\/\",\"name\":\"\",\"description\":\"Tam vaktinde haber\",\"potentialAction\":[{\"@type\":\"SearchAction\",\"target\":{\"@type\":\"EntryPoint\",\"urlTemplate\":\"https:\\\/\\\/kibrisdakik.com\\\/?s={search_term_string}\"},\"query-input\":{\"@type\":\"PropertyValueSpecification\",\"valueRequired\":true,\"valueName\":\"search_term_string\"}}],\"inLanguage\":\"tr\"},{\"@type\":\"Person\",\"@id\":\"https:\\\/\\\/kibrisdakik.com\\\/#\\\/schema\\\/person\\\/9cd9d437bbb44f72b73ba127e06d8e79\",\"name\":\"admin\",\"image\":{\"@type\":\"ImageObject\",\"inLanguage\":\"tr\",\"@id\":\"https:\\\/\\\/secure.gravatar.com\\\/avatar\\\/ccc17943b9d660506c869530f897617f7cb1c21a4bf30023f252596d83e1f007?s=96&d=mm&r=g\",\"url\":\"https:\\\/\\\/secure.gravatar.com\\\/avatar\\\/ccc17943b9d660506c869530f897617f7cb1c21a4bf30023f252596d83e1f007?s=96&d=mm&r=g\",\"contentUrl\":\"https:\\\/\\\/secure.gravatar.com\\\/avatar\\\/ccc17943b9d660506c869530f897617f7cb1c21a4bf30023f252596d83e1f007?s=96&d=mm&r=g\",\"caption\":\"admin\"},\"sameAs\":[\"https:\\\/\\\/kibrisdakik.com\"],\"url\":\"https:\\\/\\\/kibrisdakik.com\\\/?author=1\"}]}<\/script>\n<!-- \/ Yoast SEO plugin. -->","yoast_head_json":{"title":"Milli E\u011fitim Bakanl\u0131\u011f\u0131: Grev kesintileri yasal mevzuata uygun olarak yap\u0131lm\u0131\u015ft\u0131r -","robots":{"index":"index","follow":"follow","max-snippet":"max-snippet:-1","max-image-preview":"max-image-preview:large","max-video-preview":"max-video-preview:-1"},"canonical":"https:\/\/kibrisdakik.com\/?p=9301","og_locale":"tr_TR","og_type":"article","og_title":"Milli E\u011fitim Bakanl\u0131\u011f\u0131: Grev kesintileri yasal mevzuata uygun olarak yap\u0131lm\u0131\u015ft\u0131r -","og_description":"Milli E\u011fitim Bakanl\u0131\u011f\u0131, K\u0131br\u0131s T\u00fcrk Orta E\u011fitim \u00d6\u011fretmenler Sendikas\u0131 Y\u00f6netim Kurulu ve sendika \u00fcyelerinden olu\u015fan bir grup \u00f6\u011fretmenin bug\u00fcn Milli E\u011fitim Bakanl\u0131\u011f\u0131\u2019na giderek, bakanl\u0131k M\u00fcste\u015far\u0131 ve personeline m\u00fcdahalede bulundu\u011funu bildirdi. Milli E\u011fitim Bakanl\u0131\u011f\u0131 Bas\u0131n B\u00fcrosu\u2019ndan yap\u0131lan a\u00e7\u0131klamada, \u201cgrev kesintilerini\u201d gerek\u00e7e g\u00f6steren grubun, \u201csald\u0131rgan hareketleri nedeniyle s\u00f6zl\u00fc olarak ba\u015flayan gerginli\u011fin, fiziksel \u015fiddet seviyesine kadar ula\u015ft\u0131\u011f\u0131 ve","og_url":"https:\/\/kibrisdakik.com\/?p=9301","article_published_time":"2023-06-23T15:43:14+00:00","og_image":[{"width":768,"height":425,"url":"https:\/\/kibrisdakik.com\/wp-content\/uploads\/2023\/06\/egitim-bakanligi-740x420.jpg","type":"image\/jpeg"}],"author":"admin","twitter_card":"summary_large_image","twitter_misc":{"Yazan:":"admin","Tahmini okuma s\u00fcresi":"1 dakika"},"schema":{"@context":"https:\/\/schema.org","@graph":[{"@type":"Article","@id":"https:\/\/kibrisdakik.com\/?p=9301#article","isPartOf":{"@id":"https:\/\/kibrisdakik.com\/?p=9301"},"author":{"name":"admin","@id":"https:\/\/kibrisdakik.com\/#\/schema\/person\/9cd9d437bbb44f72b73ba127e06d8e79"},"headline":"Milli E\u011fitim Bakanl\u0131\u011f\u0131: Grev kesintileri yasal mevzuata uygun olarak yap\u0131lm\u0131\u015ft\u0131r","datePublished":"2023-06-23T15:43:14+00:00","mainEntityOfPage":{"@id":"https:\/\/kibrisdakik.com\/?p=9301"},"wordCount":181,"commentCount":0,"image":{"@id":"https:\/\/kibrisdakik.com\/?p=9301#primaryimage"},"thumbnailUrl":"https:\/\/kibrisdakik.com\/wp-content\/uploads\/2023\/06\/egitim-bakanligi-740x420.jpg","articleSection":["G\u00fcndem"],"inLanguage":"tr","potentialAction":[{"@type":"CommentAction","name":"Comment","target":["https:\/\/kibrisdakik.com\/?p=9301#respond"]}]},{"@type":"WebPage","@id":"https:\/\/kibrisdakik.com\/?p=9301","url":"https:\/\/kibrisdakik.com\/?p=9301","name":"Milli E\u011fitim Bakanl\u0131\u011f\u0131: Grev kesintileri yasal mevzuata uygun olarak yap\u0131lm\u0131\u015ft\u0131r -","isPartOf":{"@id":"https:\/\/kibrisdakik.com\/#website"},"primaryImageOfPage":{"@id":"https:\/\/kibrisdakik.com\/?p=9301#primaryimage"},"image":{"@id":"https:\/\/kibrisdakik.com\/?p=9301#primaryimage"},"thumbnailUrl":"https:\/\/kibrisdakik.com\/wp-content\/uploads\/2023\/06\/egitim-bakanligi-740x420.jpg","datePublished":"2023-06-23T15:43:14+00:00","author":{"@id":"https:\/\/kibrisdakik.com\/#\/schema\/person\/9cd9d437bbb44f72b73ba127e06d8e79"},"breadcrumb":{"@id":"https:\/\/kibrisdakik.com\/?p=9301#breadcrumb"},"inLanguage":"tr","potentialAction":[{"@type":"ReadAction","target":["https:\/\/kibrisdakik.com\/?p=9301"]}]},{"@type":"ImageObject","inLanguage":"tr","@id":"https:\/\/kibrisdakik.com\/?p=9301#primaryimage","url":"https:\/\/kibrisdakik.com\/wp-content\/uploads\/2023\/06\/egitim-bakanligi-740x420.jpg","contentUrl":"https:\/\/kibrisdakik.com\/wp-content\/uploads\/2023\/06\/egitim-bakanligi-740x420.jpg","width":768,"height":425},{"@type":"BreadcrumbList","@id":"https:\/\/kibrisdakik.com\/?p=9301#breadcrumb","itemListElement":[{"@type":"ListItem","position":1,"name":"Home","item":"https:\/\/kibrisdakik.com\/"},{"@type":"ListItem","position":2,"name":"Milli E\u011fitim Bakanl\u0131\u011f\u0131: Grev kesintileri yasal mevzuata uygun olarak yap\u0131lm\u0131\u015ft\u0131r"}]},{"@type":"WebSite","@id":"https:\/\/kibrisdakik.com\/#website","url":"https:\/\/kibrisdakik.com\/","name":"","description":"Tam vaktinde haber","potentialAction":[{"@type":"SearchAction","target":{"@type":"EntryPoint","urlTemplate":"https:\/\/kibrisdakik.com\/?s={search_term_string}"},"query-input":{"@type":"PropertyValueSpecification","valueRequired":true,"valueName":"search_term_string"}}],"inLanguage":"tr"},{"@type":"Person","@id":"https:\/\/kibrisdakik.com\/#\/schema\/person\/9cd9d437bbb44f72b73ba127e06d8e79","name":"admin","image":{"@type":"ImageObject","inLanguage":"tr","@id":"https:\/\/secure.gravatar.com\/avatar\/ccc17943b9d660506c869530f897617f7cb1c21a4bf30023f252596d83e1f007?s=96&d=mm&r=g","url":"https:\/\/secure.gravatar.com\/avatar\/ccc17943b9d660506c869530f897617f7cb1c21a4bf30023f252596d83e1f007?s=96&d=mm&r=g","contentUrl":"https:\/\/secure.gravatar.com\/avatar\/ccc17943b9d660506c869530f897617f7cb1c21a4bf30023f252596d83e1f007?s=96&d=mm&r=g","caption":"admin"},"sameAs":["https:\/\/kibrisdakik.com"],"url":"https:\/\/kibrisdakik.com\/?author=1"}]}},"_links":{"self":[{"href":"https:\/\/kibrisdakik.com\/index.php?rest_route=\/wp\/v2\/posts\/9301","targetHints":{"allow":["GET"]}}],"collection":[{"href":"https:\/\/kibrisdakik.com\/index.php?rest_route=\/wp\/v2\/posts"}],"about":[{"href":"https:\/\/kibrisdakik.com\/index.php?rest_route=\/wp\/v2\/types\/post"}],"author":[{"embeddable":true,"href":"https:\/\/kibrisdakik.com\/index.php?rest_route=\/wp\/v2\/users\/1"}],"replies":[{"embeddable":true,"href":"https:\/\/kibrisdakik.com\/index.php?rest_route=%2Fwp%2Fv2%2Fcomments&post=9301"}],"version-history":[{"count":0,"href":"https:\/\/kibrisdakik.com\/index.php?rest_route=\/wp\/v2\/posts\/9301\/revisions"}],"wp:featuredmedia":[{"embeddable":true,"href":"https:\/\/kibrisdakik.com\/index.php?rest_route=\/wp\/v2\/media\/9194"}],"wp:attachment":[{"href":"https:\/\/kibrisdakik.com\/index.php?rest_route=%2Fwp%2Fv2%2Fmedia&parent=9301"}],"wp:term":[{"taxonomy":"category","embeddable":true,"href":"https:\/\/kibrisdakik.com\/index.php?rest_route=%2Fwp%2Fv2%2Fcategories&post=9301"},{"taxonomy":"post_tag","embeddable":true,"href":"https:\/\/kibrisdakik.com\/index.php?rest_route=%2Fwp%2Fv2%2Ftags&post=9301"}],"curies":[{"name":"wp","href":"https:\/\/api.w.org\/{rel}","templated":true}]}}