{"id":93168,"date":"2025-09-22T16:33:30","date_gmt":"2025-09-22T13:33:30","guid":{"rendered":"https:\/\/kibrisdakik.com\/index.php\/2025\/09\/22\/bay-sen-brtk-calisanlari-ek-mesailerini-zamaninda-alamiyor-primleri-de-yillardir-eksik-yatiriliyor\/"},"modified":"2025-09-22T16:33:30","modified_gmt":"2025-09-22T13:33:30","slug":"bay-sen-brtk-calisanlari-ek-mesailerini-zamaninda-alamiyor-primleri-de-yillardir-eksik-yatiriliyor","status":"publish","type":"post","link":"https:\/\/kibrisdakik.com\/?p=93168","title":{"rendered":"BAY-SEN: BRTK \u00c7ALI\u015eANLARI EK MESA\u0130LER\u0130N\u0130 ZAMANINDA ALAMIYOR PR\u0130MLER\u0130 DE YILLARDIR EKS\u0130K YATIRILIYOR"},"content":{"rendered":"<p> <br \/>\n<br \/><\/p>\n<div data-text-id=\"184886\" property=\"articleBody\">\n<p>Bayrak Radyo Televizyon Kurumu \u00c7al\u0131\u015fanlar\u0131 Sendikas\u0131 (BAY-SEN) Ba\u015fkan\u0131 Salih Sakall\u0131, BRTK \u00e7al\u0131\u015fanlar\u0131n\u0131n emeklerinin kar\u015f\u0131l\u0131\u011f\u0131 olan ek mesai \u00f6demelerini zaman\u0131nda alamad\u0131\u011f\u0131n\u0131, \u0130htiyat Sand\u0131\u011f\u0131 ve Sosyal Sigorta primlerinin de y\u0131llard\u0131r eksik yat\u0131r\u0131ld\u0131\u011f\u0131n\u0131 kaydetti. Sakall\u0131, \u00c7al\u0131\u015fma ve Sosyal G\u00fcvenlik Bakan\u0131 O\u011fuzhan Hasipo\u011flu\u2019nu bu konuda gerekeni bir an \u00f6nce yapmaya davet etti.<\/p>\n<p>Sakall\u0131 yaz\u0131l\u0131 a\u00e7\u0131klamas\u0131nda, bununla ilgili bir\u00e7ok kez yapt\u0131klar\u0131 uyar\u0131lara ra\u011fmen ek mesai \u00f6demelerinde hala gecikme ya\u015fand\u0131\u011f\u0131n\u0131 s\u00f6yledi.<\/p>\n<p>Ek mesai \u00f6demelerinin devletin di\u011fer kurumlar\u0131yla ayn\u0131 d\u00f6nemde yap\u0131laca\u011f\u0131na dair s\u00f6zler verildi\u011fini de savunan Salih Sakall\u0131, en son nisan ay\u0131na ait ek mesailerin al\u0131nd\u0131\u011f\u0131n\u0131, may\u0131s, haziran, temmuz ve a\u011fustos ay\u0131na ait \u00f6demeler yap\u0131lmad\u0131\u011f\u0131n\u0131 belirtti.<\/p>\n<p>Sakall\u0131, Toplu \u0130\u015f S\u00f6zle\u015fmesi\u2019nde ek mesai \u00f6demelerinin en ge\u00e7 2 ay i\u00e7inde yap\u0131lmas\u0131 gerekti\u011fiyle ilgili madde oldu\u011funu da hat\u0131rlatt\u0131.<\/p>\n<p>\u00c7al\u0131\u015fanlar\u0131n \u0130htiyat Sand\u0131\u011f\u0131 ve Sosyal Sigorta primlerinin de y\u0131llard\u0131r eksik yat\u0131r\u0131ld\u0131\u011f\u0131n\u0131 kaydeden Sakall\u0131, bu konudaki ma\u011fduriyetin giderilmesi i\u00e7in sendika ve BRTK y\u00f6netimi taraf\u0131ndan \u00e7al\u0131\u015fma ba\u015flat\u0131ld\u0131\u011f\u0131n\u0131 an\u0131msatarak, eksik primleri kurum taraf\u0131ndan kar\u015f\u0131lan emekli BRTK personelinin bunun kar\u015f\u0131l\u0131\u011f\u0131n\u0131 hen\u00fcz alamad\u0131\u011f\u0131n\u0131 belirtti.<\/p>\n<p>Sakall\u0131, \u00c7al\u0131\u015fma ve Sosyal G\u00fcvenlik Bakan\u0131 O\u011fuzhan Hasipo\u011flu\u2019nu bu konuda gerekeni bir an \u00f6nce yapmaya \u00e7a\u011f\u0131rd\u0131.<\/p>\n<p>BRTK y\u00f6netimini Sosyal Sigorta ve \u0130htiyat Sand\u0131\u011f\u0131 primleri ile ek mesaileri do\u011fru hesaplayarak 2026 y\u0131l\u0131 i\u00e7in daha ger\u00e7ek\u00e7i bir b\u00fct\u00e7e yapmaya \u00e7a\u011f\u0131ran Sakall\u0131, \u201cSendika olarak bu konunun yak\u0131n takip\u00e7isi olacak, gerekmesi halinde yasal t\u00fcm haklar\u0131m\u0131z\u0131 kullanmaktan \u00e7ekinmeyece\u011fiz\u201d dedi.<\/p>\n<\/p><\/div>\n<p><br \/>\n<br \/><a href=\"[kibrisdakik.com]\n<\/p>\n","protected":false},"excerpt":{"rendered":"<p>Bayrak Radyo Televizyon Kurumu \u00c7al\u0131\u015fanlar\u0131 Sendikas\u0131 (BAY-SEN) Ba\u015fkan\u0131 Salih Sakall\u0131, BRTK \u00e7al\u0131\u015fanlar\u0131n\u0131n emeklerinin kar\u015f\u0131l\u0131\u011f\u0131 olan ek mesai \u00f6demelerini zaman\u0131nda alamad\u0131\u011f\u0131n\u0131, \u0130htiyat Sand\u0131\u011f\u0131 ve Sosyal Sigorta primlerinin de y\u0131llard\u0131r eksik yat\u0131r\u0131ld\u0131\u011f\u0131n\u0131 kaydetti. Sakall\u0131, \u00c7al\u0131\u015fma ve Sosyal G\u00fcvenlik Bakan\u0131 O\u011fuzhan Hasipo\u011flu\u2019nu bu konuda gerekeni bir an \u00f6nce yapmaya davet etti. Sakall\u0131 yaz\u0131l\u0131 a\u00e7\u0131klamas\u0131nda, bununla ilgili bir\u00e7ok kez<\/p>\n","protected":false},"author":1,"featured_media":93169,"comment_status":"open","ping_status":"open","sticky":false,"template":"","format":"standard","meta":{"footnotes":""},"categories":[81,101],"tags":[],"class_list":["post-93168","post","type-post","status-publish","format-standard","has-post-thumbnail","hentry","category-kibris","category-manset"],"yoast_head":"<!-- This site is optimized with the Yoast SEO plugin v28.3 - https:\/\/yoast.com\/product\/yoast-seo-wordpress\/ -->\n<title>BAY-SEN: BRTK \u00c7ALI\u015eANLARI EK MESA\u0130LER\u0130N\u0130 ZAMANINDA ALAMIYOR PR\u0130MLER\u0130 DE YILLARDIR EKS\u0130K YATIRILIYOR -<\/title>\n<meta name=\"robots\" content=\"index, follow, max-snippet:-1, max-image-preview:large, max-video-preview:-1\" \/>\n<link rel=\"canonical\" href=\"https:\/\/kibrisdakik.com\/?p=93168\" \/>\n<meta property=\"og:locale\" content=\"tr_TR\" \/>\n<meta property=\"og:type\" content=\"article\" \/>\n<meta property=\"og:title\" content=\"BAY-SEN: BRTK \u00c7ALI\u015eANLARI EK MESA\u0130LER\u0130N\u0130 ZAMANINDA ALAMIYOR PR\u0130MLER\u0130 DE YILLARDIR EKS\u0130K YATIRILIYOR -\" \/>\n<meta property=\"og:description\" content=\"Bayrak Radyo Televizyon Kurumu \u00c7al\u0131\u015fanlar\u0131 Sendikas\u0131 (BAY-SEN) Ba\u015fkan\u0131 Salih Sakall\u0131, BRTK \u00e7al\u0131\u015fanlar\u0131n\u0131n emeklerinin kar\u015f\u0131l\u0131\u011f\u0131 olan ek mesai \u00f6demelerini zaman\u0131nda alamad\u0131\u011f\u0131n\u0131, \u0130htiyat Sand\u0131\u011f\u0131 ve Sosyal Sigorta primlerinin de y\u0131llard\u0131r eksik yat\u0131r\u0131ld\u0131\u011f\u0131n\u0131 kaydetti. Sakall\u0131, \u00c7al\u0131\u015fma ve Sosyal G\u00fcvenlik Bakan\u0131 O\u011fuzhan Hasipo\u011flu\u2019nu bu konuda gerekeni bir an \u00f6nce yapmaya davet etti. Sakall\u0131 yaz\u0131l\u0131 a\u00e7\u0131klamas\u0131nda, bununla ilgili bir\u00e7ok kez\" \/>\n<meta property=\"og:url\" content=\"https:\/\/kibrisdakik.com\/?p=93168\" \/>\n<meta property=\"article:published_time\" content=\"2025-09-22T13:33:30+00:00\" \/>\n<meta property=\"og:image\" content=\"https:\/\/kibrisdakik.com\/wp-content\/uploads\/2025\/09\/s-s-2-740x420.png\" \/>\n\t<meta property=\"og:image:width\" content=\"1280\" \/>\n\t<meta property=\"og:image:height\" content=\"720\" \/>\n\t<meta property=\"og:image:type\" content=\"image\/png\" \/>\n<meta name=\"author\" content=\"admin\" \/>\n<meta name=\"twitter:card\" content=\"summary_large_image\" \/>\n<meta name=\"twitter:label1\" content=\"Yazan:\" \/>\n\t<meta name=\"twitter:data1\" content=\"admin\" \/>\n\t<meta name=\"twitter:label2\" content=\"Tahmini okuma s\u00fcresi\" \/>\n\t<meta name=\"twitter:data2\" content=\"2 dakika\" \/>\n<script type=\"application\/ld+json\" class=\"yoast-schema-graph\">{\"@context\":\"https:\\\/\\\/schema.org\",\"@graph\":[{\"@type\":\"Article\",\"@id\":\"https:\\\/\\\/kibrisdakik.com\\\/?p=93168#article\",\"isPartOf\":{\"@id\":\"https:\\\/\\\/kibrisdakik.com\\\/?p=93168\"},\"author\":{\"name\":\"admin\",\"@id\":\"https:\\\/\\\/kibrisdakik.com\\\/#\\\/schema\\\/person\\\/9cd9d437bbb44f72b73ba127e06d8e79\"},\"headline\":\"BAY-SEN: BRTK \u00c7ALI\u015eANLARI EK MESA\u0130LER\u0130N\u0130 ZAMANINDA ALAMIYOR PR\u0130MLER\u0130 DE YILLARDIR EKS\u0130K YATIRILIYOR\",\"datePublished\":\"2025-09-22T13:33:30+00:00\",\"mainEntityOfPage\":{\"@id\":\"https:\\\/\\\/kibrisdakik.com\\\/?p=93168\"},\"wordCount\":321,\"commentCount\":0,\"publisher\":{\"@id\":\"https:\\\/\\\/kibrisdakik.com\\\/#organization\"},\"image\":{\"@id\":\"https:\\\/\\\/kibrisdakik.com\\\/?p=93168#primaryimage\"},\"thumbnailUrl\":\"https:\\\/\\\/kibrisdakik.com\\\/wp-content\\\/uploads\\\/2025\\\/09\\\/s-s-2-740x420.png\",\"articleSection\":[\"K\u0131br\u0131s\",\"Man\u015fet\"],\"inLanguage\":\"tr\",\"potentialAction\":[{\"@type\":\"CommentAction\",\"name\":\"Comment\",\"target\":[\"https:\\\/\\\/kibrisdakik.com\\\/?p=93168#respond\"]}]},{\"@type\":\"WebPage\",\"@id\":\"https:\\\/\\\/kibrisdakik.com\\\/?p=93168\",\"url\":\"https:\\\/\\\/kibrisdakik.com\\\/?p=93168\",\"name\":\"BAY-SEN: BRTK \u00c7ALI\u015eANLARI EK MESA\u0130LER\u0130N\u0130 ZAMANINDA ALAMIYOR PR\u0130MLER\u0130 DE YILLARDIR EKS\u0130K YATIRILIYOR -\",\"isPartOf\":{\"@id\":\"https:\\\/\\\/kibrisdakik.com\\\/#website\"},\"primaryImageOfPage\":{\"@id\":\"https:\\\/\\\/kibrisdakik.com\\\/?p=93168#primaryimage\"},\"image\":{\"@id\":\"https:\\\/\\\/kibrisdakik.com\\\/?p=93168#primaryimage\"},\"thumbnailUrl\":\"https:\\\/\\\/kibrisdakik.com\\\/wp-content\\\/uploads\\\/2025\\\/09\\\/s-s-2-740x420.png\",\"datePublished\":\"2025-09-22T13:33:30+00:00\",\"breadcrumb\":{\"@id\":\"https:\\\/\\\/kibrisdakik.com\\\/?p=93168#breadcrumb\"},\"inLanguage\":\"tr\",\"potentialAction\":[{\"@type\":\"ReadAction\",\"target\":[\"https:\\\/\\\/kibrisdakik.com\\\/?p=93168\"]}]},{\"@type\":\"ImageObject\",\"inLanguage\":\"tr\",\"@id\":\"https:\\\/\\\/kibrisdakik.com\\\/?p=93168#primaryimage\",\"url\":\"https:\\\/\\\/kibrisdakik.com\\\/wp-content\\\/uploads\\\/2025\\\/09\\\/s-s-2-740x420.png\",\"contentUrl\":\"https:\\\/\\\/kibrisdakik.com\\\/wp-content\\\/uploads\\\/2025\\\/09\\\/s-s-2-740x420.png\",\"width\":1280,\"height\":720},{\"@type\":\"BreadcrumbList\",\"@id\":\"https:\\\/\\\/kibrisdakik.com\\\/?p=93168#breadcrumb\",\"itemListElement\":[{\"@type\":\"ListItem\",\"position\":1,\"name\":\"Home\",\"item\":\"https:\\\/\\\/kibrisdakik.com\\\/\"},{\"@type\":\"ListItem\",\"position\":2,\"name\":\"BAY-SEN: BRTK \u00c7ALI\u015eANLARI EK MESA\u0130LER\u0130N\u0130 ZAMANINDA ALAMIYOR PR\u0130MLER\u0130 DE YILLARDIR EKS\u0130K YATIRILIYOR\"}]},{\"@type\":\"WebSite\",\"@id\":\"https:\\\/\\\/kibrisdakik.com\\\/#website\",\"url\":\"https:\\\/\\\/kibrisdakik.com\\\/\",\"name\":\"K\u0131br\u0131s Dakik\",\"description\":\"Tam vaktinde haber\",\"publisher\":{\"@id\":\"https:\\\/\\\/kibrisdakik.com\\\/#organization\"},\"potentialAction\":[{\"@type\":\"SearchAction\",\"target\":{\"@type\":\"EntryPoint\",\"urlTemplate\":\"https:\\\/\\\/kibrisdakik.com\\\/?s={search_term_string}\"},\"query-input\":{\"@type\":\"PropertyValueSpecification\",\"valueRequired\":true,\"valueName\":\"search_term_string\"}}],\"inLanguage\":\"tr\"},{\"@type\":\"Organization\",\"@id\":\"https:\\\/\\\/kibrisdakik.com\\\/#organization\",\"name\":\"K\u0131br\u0131s Dakik\",\"url\":\"https:\\\/\\\/kibrisdakik.com\\\/\",\"logo\":{\"@type\":\"ImageObject\",\"inLanguage\":\"tr\",\"@id\":\"https:\\\/\\\/kibrisdakik.com\\\/#\\\/schema\\\/logo\\\/image\\\/\",\"url\":\"https:\\\/\\\/kibrisdakik.com\\\/wp-content\\\/uploads\\\/2025\\\/10\\\/cropped-WhatsApp-Image-2025-10-02-at-12.58.31.jpeg\",\"contentUrl\":\"https:\\\/\\\/kibrisdakik.com\\\/wp-content\\\/uploads\\\/2025\\\/10\\\/cropped-WhatsApp-Image-2025-10-02-at-12.58.31.jpeg\",\"width\":1237,\"height\":190,\"caption\":\"K\u0131br\u0131s Dakik\"},\"image\":{\"@id\":\"https:\\\/\\\/kibrisdakik.com\\\/#\\\/schema\\\/logo\\\/image\\\/\"}},{\"@type\":\"Person\",\"@id\":\"https:\\\/\\\/kibrisdakik.com\\\/#\\\/schema\\\/person\\\/9cd9d437bbb44f72b73ba127e06d8e79\",\"name\":\"admin\",\"image\":{\"@type\":\"ImageObject\",\"inLanguage\":\"tr\",\"@id\":\"https:\\\/\\\/secure.gravatar.com\\\/avatar\\\/ccc17943b9d660506c869530f897617f7cb1c21a4bf30023f252596d83e1f007?s=96&d=mm&r=g\",\"url\":\"https:\\\/\\\/secure.gravatar.com\\\/avatar\\\/ccc17943b9d660506c869530f897617f7cb1c21a4bf30023f252596d83e1f007?s=96&d=mm&r=g\",\"contentUrl\":\"https:\\\/\\\/secure.gravatar.com\\\/avatar\\\/ccc17943b9d660506c869530f897617f7cb1c21a4bf30023f252596d83e1f007?s=96&d=mm&r=g\",\"caption\":\"admin\"},\"sameAs\":[\"https:\\\/\\\/kibrisdakik.com\"],\"url\":\"https:\\\/\\\/kibrisdakik.com\\\/?author=1\"}]}<\/script>\n<!-- \/ Yoast SEO plugin. -->","yoast_head_json":{"title":"BAY-SEN: BRTK \u00c7ALI\u015eANLARI EK MESA\u0130LER\u0130N\u0130 ZAMANINDA ALAMIYOR PR\u0130MLER\u0130 DE YILLARDIR EKS\u0130K YATIRILIYOR -","robots":{"index":"index","follow":"follow","max-snippet":"max-snippet:-1","max-image-preview":"max-image-preview:large","max-video-preview":"max-video-preview:-1"},"canonical":"https:\/\/kibrisdakik.com\/?p=93168","og_locale":"tr_TR","og_type":"article","og_title":"BAY-SEN: BRTK \u00c7ALI\u015eANLARI EK MESA\u0130LER\u0130N\u0130 ZAMANINDA ALAMIYOR PR\u0130MLER\u0130 DE YILLARDIR EKS\u0130K YATIRILIYOR -","og_description":"Bayrak Radyo Televizyon Kurumu \u00c7al\u0131\u015fanlar\u0131 Sendikas\u0131 (BAY-SEN) Ba\u015fkan\u0131 Salih Sakall\u0131, BRTK \u00e7al\u0131\u015fanlar\u0131n\u0131n emeklerinin kar\u015f\u0131l\u0131\u011f\u0131 olan ek mesai \u00f6demelerini zaman\u0131nda alamad\u0131\u011f\u0131n\u0131, \u0130htiyat Sand\u0131\u011f\u0131 ve Sosyal Sigorta primlerinin de y\u0131llard\u0131r eksik yat\u0131r\u0131ld\u0131\u011f\u0131n\u0131 kaydetti. Sakall\u0131, \u00c7al\u0131\u015fma ve Sosyal G\u00fcvenlik Bakan\u0131 O\u011fuzhan Hasipo\u011flu\u2019nu bu konuda gerekeni bir an \u00f6nce yapmaya davet etti. Sakall\u0131 yaz\u0131l\u0131 a\u00e7\u0131klamas\u0131nda, bununla ilgili bir\u00e7ok kez","og_url":"https:\/\/kibrisdakik.com\/?p=93168","article_published_time":"2025-09-22T13:33:30+00:00","og_image":[{"width":1280,"height":720,"url":"https:\/\/kibrisdakik.com\/wp-content\/uploads\/2025\/09\/s-s-2-740x420.png","type":"image\/png"}],"author":"admin","twitter_card":"summary_large_image","twitter_misc":{"Yazan:":"admin","Tahmini okuma s\u00fcresi":"2 dakika"},"schema":{"@context":"https:\/\/schema.org","@graph":[{"@type":"Article","@id":"https:\/\/kibrisdakik.com\/?p=93168#article","isPartOf":{"@id":"https:\/\/kibrisdakik.com\/?p=93168"},"author":{"name":"admin","@id":"https:\/\/kibrisdakik.com\/#\/schema\/person\/9cd9d437bbb44f72b73ba127e06d8e79"},"headline":"BAY-SEN: BRTK \u00c7ALI\u015eANLARI EK MESA\u0130LER\u0130N\u0130 ZAMANINDA ALAMIYOR PR\u0130MLER\u0130 DE YILLARDIR EKS\u0130K YATIRILIYOR","datePublished":"2025-09-22T13:33:30+00:00","mainEntityOfPage":{"@id":"https:\/\/kibrisdakik.com\/?p=93168"},"wordCount":321,"commentCount":0,"publisher":{"@id":"https:\/\/kibrisdakik.com\/#organization"},"image":{"@id":"https:\/\/kibrisdakik.com\/?p=93168#primaryimage"},"thumbnailUrl":"https:\/\/kibrisdakik.com\/wp-content\/uploads\/2025\/09\/s-s-2-740x420.png","articleSection":["K\u0131br\u0131s","Man\u015fet"],"inLanguage":"tr","potentialAction":[{"@type":"CommentAction","name":"Comment","target":["https:\/\/kibrisdakik.com\/?p=93168#respond"]}]},{"@type":"WebPage","@id":"https:\/\/kibrisdakik.com\/?p=93168","url":"https:\/\/kibrisdakik.com\/?p=93168","name":"BAY-SEN: BRTK \u00c7ALI\u015eANLARI EK MESA\u0130LER\u0130N\u0130 ZAMANINDA ALAMIYOR PR\u0130MLER\u0130 DE YILLARDIR EKS\u0130K YATIRILIYOR -","isPartOf":{"@id":"https:\/\/kibrisdakik.com\/#website"},"primaryImageOfPage":{"@id":"https:\/\/kibrisdakik.com\/?p=93168#primaryimage"},"image":{"@id":"https:\/\/kibrisdakik.com\/?p=93168#primaryimage"},"thumbnailUrl":"https:\/\/kibrisdakik.com\/wp-content\/uploads\/2025\/09\/s-s-2-740x420.png","datePublished":"2025-09-22T13:33:30+00:00","breadcrumb":{"@id":"https:\/\/kibrisdakik.com\/?p=93168#breadcrumb"},"inLanguage":"tr","potentialAction":[{"@type":"ReadAction","target":["https:\/\/kibrisdakik.com\/?p=93168"]}]},{"@type":"ImageObject","inLanguage":"tr","@id":"https:\/\/kibrisdakik.com\/?p=93168#primaryimage","url":"https:\/\/kibrisdakik.com\/wp-content\/uploads\/2025\/09\/s-s-2-740x420.png","contentUrl":"https:\/\/kibrisdakik.com\/wp-content\/uploads\/2025\/09\/s-s-2-740x420.png","width":1280,"height":720},{"@type":"BreadcrumbList","@id":"https:\/\/kibrisdakik.com\/?p=93168#breadcrumb","itemListElement":[{"@type":"ListItem","position":1,"name":"Home","item":"https:\/\/kibrisdakik.com\/"},{"@type":"ListItem","position":2,"name":"BAY-SEN: BRTK \u00c7ALI\u015eANLARI EK MESA\u0130LER\u0130N\u0130 ZAMANINDA ALAMIYOR PR\u0130MLER\u0130 DE YILLARDIR EKS\u0130K YATIRILIYOR"}]},{"@type":"WebSite","@id":"https:\/\/kibrisdakik.com\/#website","url":"https:\/\/kibrisdakik.com\/","name":"K\u0131br\u0131s Dakik","description":"Tam vaktinde haber","publisher":{"@id":"https:\/\/kibrisdakik.com\/#organization"},"potentialAction":[{"@type":"SearchAction","target":{"@type":"EntryPoint","urlTemplate":"https:\/\/kibrisdakik.com\/?s={search_term_string}"},"query-input":{"@type":"PropertyValueSpecification","valueRequired":true,"valueName":"search_term_string"}}],"inLanguage":"tr"},{"@type":"Organization","@id":"https:\/\/kibrisdakik.com\/#organization","name":"K\u0131br\u0131s Dakik","url":"https:\/\/kibrisdakik.com\/","logo":{"@type":"ImageObject","inLanguage":"tr","@id":"https:\/\/kibrisdakik.com\/#\/schema\/logo\/image\/","url":"https:\/\/kibrisdakik.com\/wp-content\/uploads\/2025\/10\/cropped-WhatsApp-Image-2025-10-02-at-12.58.31.jpeg","contentUrl":"https:\/\/kibrisdakik.com\/wp-content\/uploads\/2025\/10\/cropped-WhatsApp-Image-2025-10-02-at-12.58.31.jpeg","width":1237,"height":190,"caption":"K\u0131br\u0131s Dakik"},"image":{"@id":"https:\/\/kibrisdakik.com\/#\/schema\/logo\/image\/"}},{"@type":"Person","@id":"https:\/\/kibrisdakik.com\/#\/schema\/person\/9cd9d437bbb44f72b73ba127e06d8e79","name":"admin","image":{"@type":"ImageObject","inLanguage":"tr","@id":"https:\/\/secure.gravatar.com\/avatar\/ccc17943b9d660506c869530f897617f7cb1c21a4bf30023f252596d83e1f007?s=96&d=mm&r=g","url":"https:\/\/secure.gravatar.com\/avatar\/ccc17943b9d660506c869530f897617f7cb1c21a4bf30023f252596d83e1f007?s=96&d=mm&r=g","contentUrl":"https:\/\/secure.gravatar.com\/avatar\/ccc17943b9d660506c869530f897617f7cb1c21a4bf30023f252596d83e1f007?s=96&d=mm&r=g","caption":"admin"},"sameAs":["https:\/\/kibrisdakik.com"],"url":"https:\/\/kibrisdakik.com\/?author=1"}]}},"_links":{"self":[{"href":"https:\/\/kibrisdakik.com\/index.php?rest_route=\/wp\/v2\/posts\/93168","targetHints":{"allow":["GET"]}}],"collection":[{"href":"https:\/\/kibrisdakik.com\/index.php?rest_route=\/wp\/v2\/posts"}],"about":[{"href":"https:\/\/kibrisdakik.com\/index.php?rest_route=\/wp\/v2\/types\/post"}],"author":[{"embeddable":true,"href":"https:\/\/kibrisdakik.com\/index.php?rest_route=\/wp\/v2\/users\/1"}],"replies":[{"embeddable":true,"href":"https:\/\/kibrisdakik.com\/index.php?rest_route=%2Fwp%2Fv2%2Fcomments&post=93168"}],"version-history":[{"count":0,"href":"https:\/\/kibrisdakik.com\/index.php?rest_route=\/wp\/v2\/posts\/93168\/revisions"}],"wp:featuredmedia":[{"embeddable":true,"href":"https:\/\/kibrisdakik.com\/index.php?rest_route=\/wp\/v2\/media\/93169"}],"wp:attachment":[{"href":"https:\/\/kibrisdakik.com\/index.php?rest_route=%2Fwp%2Fv2%2Fmedia&parent=93168"}],"wp:term":[{"taxonomy":"category","embeddable":true,"href":"https:\/\/kibrisdakik.com\/index.php?rest_route=%2Fwp%2Fv2%2Fcategories&post=93168"},{"taxonomy":"post_tag","embeddable":true,"href":"https:\/\/kibrisdakik.com\/index.php?rest_route=%2Fwp%2Fv2%2Ftags&post=93168"}],"curies":[{"name":"wp","href":"https:\/\/api.w.org\/{rel}","templated":true}]}}