{"id":9321,"date":"2023-06-24T06:01:44","date_gmt":"2023-06-24T06:01:44","guid":{"rendered":"https:\/\/kibrisdakik.com\/index.php\/2023\/06\/24\/cumhurbaskani-tatar-guzel-sanatlar-mayis-sergisinin-acilisina-katildi\/"},"modified":"2023-06-24T06:01:44","modified_gmt":"2023-06-24T06:01:44","slug":"cumhurbaskani-tatar-guzel-sanatlar-mayis-sergisinin-acilisina-katildi","status":"publish","type":"post","link":"https:\/\/kibrisdakik.com\/?p=9321","title":{"rendered":"Cumhurba\u015fkan\u0131 Tatar, G\u00fczel Sanatlar May\u0131s Sergisi\u2019nin a\u00e7\u0131l\u0131\u015f\u0131na kat\u0131ld\u0131"},"content":{"rendered":"<p><\/p>\n<div>\n<div class=\"mariselle-image-container none\">\n                <img width=\"1600\" height=\"1066\" class=\"lazy-image\" alt=\"\" decoding=\"async\" loading=\"lazy\" sizes=\"auto, (max-width: 1600px) 100vw, 1600px\" src=\"https:\/\/brtk.net\/wp-content\/uploads\/2023\/06\/23\/tatar-2-15.jpg?ver=abb202c84624ad1b6cd5140895a4072d\" srcset=\"https:\/\/brtk.net\/wp-content\/uploads\/2023\/06\/23\/tatar-2-15.jpg?ver=abb202c84624ad1b6cd5140895a4072d 1600w, https:\/\/brtk.net\/wp-content\/uploads\/2023\/06\/23\/tatar-2-15-300x200.jpg?ver=429fd1b500a0172a269e37d6c7b59081 300w, https:\/\/brtk.net\/wp-content\/uploads\/2023\/06\/23\/tatar-2-15-1024x682.jpg?ver=429fd1b500a0172a269e37d6c7b59081 1024w, https:\/\/brtk.net\/wp-content\/uploads\/2023\/06\/23\/tatar-2-15-768x512.jpg?ver=429fd1b500a0172a269e37d6c7b59081 768w, https:\/\/brtk.net\/wp-content\/uploads\/2023\/06\/23\/tatar-2-15-1536x1023.jpg?ver=aa1b74cfeb55cc2f1de8bfc2aaa0f375 1536w\"\/>                            <\/div>\n<p style=\"font-weight: 300;\">Cumhurba\u015fkan\u0131 <a href=\"https:\/\/brtk.net\/\" target=\"_blank\" rel=\"noopener\"><a href=\"https:\/\/brtk.net\/\" target=\"_blank\" rel=\"noopener\">Ersin <\/a><a href=\"https:\/\/brtk.net\/\"\/><a href=\"https:\/\/brtk.net\/\"\/><a href=\"https:\/\/brtk.net\/\"\/><a href=\"https:\/\/brtk.net\/\"\/><a href=\"https:\/\/brtk.net\/\">Tatar<\/a>, Yak\u0131n Do\u011fu \u00dcniversitesi (YD\u00dc) \u201cG\u00fczel Sanatlar May\u0131s Sergisi\u201dnin a\u00e7\u0131l\u0131\u015f\u0131na kat\u0131ld\u0131.<\/p>\n<p style=\"font-weight: 300;\"><span style=\"font-weight: 300 !important;\">Cumhurba\u015fkanl\u0131\u011f\u0131ndan verilen bilgiye g\u00f6re, YD\u00dc Atat\u00fcrk K\u00fclt\u00fcr ve Kongre Merkezi Sergi Salonu\u2019nda ger\u00e7ekle\u015fen a\u00e7\u0131l\u0131\u015fta konu\u015fan <a href=\"https:\/\/brtk.net\/\" target=\"_blank\" rel=\"noopener\"><a href=\"https:\/\/brtk.net\/\" target=\"_blank\" rel=\"noopener\">Ersin <\/a><a href=\"https:\/\/brtk.net\/\"\/><a href=\"https:\/\/brtk.net\/\"\/><a href=\"https:\/\/brtk.net\/\"\/><a href=\"https:\/\/brtk.net\/\"\/><a href=\"https:\/\/brtk.net\/\">Tatar<\/a>, K\u0131br\u0131s Modern Sanat M\u00fczesi\u2019nin 445\u2019inci Sergisi olan G\u00fczel Sanatlar May\u0131s Sergisi\u2019nde bulunmaktan duydu\u011fu memnuniyeti dile getirdi.<\/span><\/p>\n<p style=\"font-weight: 300;\"><span style=\"font-weight: 300 !important;\">Eserleri sergilenen sanat\u00e7\u0131lar\u0131 tebrik ederek, ba\u015far\u0131lar dileyen Cumhurba\u015fkan\u0131 <a href=\"https:\/\/brtk.net\/\"\/><a href=\"https:\/\/brtk.net\/\"\/><a href=\"https:\/\/brtk.net\/\"\/><a href=\"https:\/\/brtk.net\/\"\/><a href=\"https:\/\/brtk.net\/\">Tatar<\/a>, sanata verdi\u011fi destekten dolay\u0131 YD\u00dc kurucu rekt\u00f6r\u00fc Suat G\u00fcnsel\u2019e de te\u015fekk\u00fcr etti.<\/span><\/p>\n<p style=\"font-weight: 300;\"><span style=\"font-weight: 300 !important;\">YD\u00dc\u2019n\u00fcn sanata, bilime, evrenselli\u011fe ve \u00e7al\u0131\u015ftaylara b\u00fcy\u00fck \u00f6nem verdi\u011fine dikkat \u00e7eken Cumhurba\u015fkan\u0131 <a href=\"https:\/\/brtk.net\/\"\/><a href=\"https:\/\/brtk.net\/\"\/><a href=\"https:\/\/brtk.net\/\"\/><a href=\"https:\/\/brtk.net\/\"\/><a href=\"https:\/\/brtk.net\/\">Tatar<\/a>, \u00fclkedeki e\u011fitim kurumu YD\u00dc\u2019n\u00fcn ayn\u0131 zamanda T\u00fcrk D\u00fcnyas\u0131n\u0131n da \u00f6nemli bir e\u011fitim kurumu oldu\u011funu s\u00f6yledi.<\/span><\/p>\n<p style=\"font-weight: 300;\"><span style=\"font-weight: 300 !important;\">Yerli ve yabanc\u0131 bir\u00e7ok sanat\u00e7\u0131n\u0131n YD\u00dc\u2019de sergi a\u00e7t\u0131\u011f\u0131n\u0131 ve eserlerin K\u0131br\u0131s Sanat M\u00fczesi\u2019nde sergilendi\u011fini anlatan Cumhurba\u015fkan\u0131 <a href=\"https:\/\/brtk.net\/\"\/><a href=\"https:\/\/brtk.net\/\"\/><a href=\"https:\/\/brtk.net\/\"\/><a href=\"https:\/\/brtk.net\/\"\/><a href=\"https:\/\/brtk.net\/\">Tatar<\/a>, bu eserlerin gelece\u011fe k\u00f6pr\u00fc oldu\u011funu ve K\u0131br\u0131s T\u00fcrk\u00fc\u2019ne uygulanan haks\u0131z ambargolar\u0131n sanat yoluyla a\u015f\u0131ld\u0131\u011f\u0131n\u0131 ifade etti.<\/span><\/p>\n<p style=\"font-weight: 300;\"><span style=\"font-weight: 300 !important;\">YD\u00dc\u2019de e\u011fitim yan\u0131nda d\u00fcnya dili konu\u015fulan k\u00fclt\u00fcr ve sanat yoluyla da \u00fclke tan\u0131t\u0131m\u0131 yap\u0131ld\u0131\u011f\u0131n\u0131 aktaran Cumhurba\u015fkan\u0131 <a href=\"https:\/\/brtk.net\/\"\/><a href=\"https:\/\/brtk.net\/\"\/><a href=\"https:\/\/brtk.net\/\"\/><a href=\"https:\/\/brtk.net\/\"\/><a href=\"https:\/\/brtk.net\/\">Tatar<\/a>, mezun olan \u00f6\u011frencilerin \u00fclkelerine d\u00f6nd\u00fc\u011f\u00fcnde <a href=\"https:\/\/brtk.net\/\">KKTC<\/a>\u2019nin fahri bir temsilcisi oldu\u011funu dile getirdi.<\/span><\/p>\n<\/p><\/div>\n<p><script async\n                    defer\n                    crossorigin=\"anonymous\"\n                    src=\"https:\/\/connect.facebook.net\/tr_TR\/sdk.js#xfbml=1&#038;version=v3.3\"\n            ><\/script><\/p>\n","protected":false},"excerpt":{"rendered":"<p>Cumhurba\u015fkan\u0131 Ersin Tatar, Yak\u0131n Do\u011fu \u00dcniversitesi (YD\u00dc) \u201cG\u00fczel Sanatlar May\u0131s Sergisi\u201dnin a\u00e7\u0131l\u0131\u015f\u0131na kat\u0131ld\u0131. Cumhurba\u015fkanl\u0131\u011f\u0131ndan verilen bilgiye g\u00f6re, YD\u00dc Atat\u00fcrk K\u00fclt\u00fcr ve Kongre Merkezi Sergi Salonu\u2019nda ger\u00e7ekle\u015fen a\u00e7\u0131l\u0131\u015fta konu\u015fan Ersin Tatar, K\u0131br\u0131s Modern Sanat M\u00fczesi\u2019nin 445\u2019inci Sergisi olan G\u00fczel Sanatlar May\u0131s Sergisi\u2019nde bulunmaktan duydu\u011fu memnuniyeti dile getirdi. Eserleri sergilenen sanat\u00e7\u0131lar\u0131 tebrik ederek, ba\u015far\u0131lar dileyen Cumhurba\u015fkan\u0131 Tatar,<\/p>\n","protected":false},"author":1,"featured_media":9322,"comment_status":"open","ping_status":"open","sticky":false,"template":"","format":"standard","meta":{"footnotes":""},"categories":[1],"tags":[],"class_list":["post-9321","post","type-post","status-publish","format-standard","has-post-thumbnail","hentry","category-gundem"],"yoast_head":"<!-- This site is optimized with the Yoast SEO plugin v27.5 - https:\/\/yoast.com\/product\/yoast-seo-wordpress\/ -->\n<title>Cumhurba\u015fkan\u0131 Tatar, G\u00fczel Sanatlar May\u0131s Sergisi\u2019nin a\u00e7\u0131l\u0131\u015f\u0131na kat\u0131ld\u0131 -<\/title>\n<meta name=\"robots\" content=\"index, follow, max-snippet:-1, max-image-preview:large, max-video-preview:-1\" \/>\n<link rel=\"canonical\" href=\"https:\/\/kibrisdakik.com\/?p=9321\" \/>\n<meta property=\"og:locale\" content=\"tr_TR\" \/>\n<meta property=\"og:type\" content=\"article\" \/>\n<meta property=\"og:title\" content=\"Cumhurba\u015fkan\u0131 Tatar, G\u00fczel Sanatlar May\u0131s Sergisi\u2019nin a\u00e7\u0131l\u0131\u015f\u0131na kat\u0131ld\u0131 -\" \/>\n<meta property=\"og:description\" content=\"Cumhurba\u015fkan\u0131 Ersin Tatar, Yak\u0131n Do\u011fu \u00dcniversitesi (YD\u00dc) \u201cG\u00fczel Sanatlar May\u0131s Sergisi\u201dnin a\u00e7\u0131l\u0131\u015f\u0131na kat\u0131ld\u0131. Cumhurba\u015fkanl\u0131\u011f\u0131ndan verilen bilgiye g\u00f6re, YD\u00dc Atat\u00fcrk K\u00fclt\u00fcr ve Kongre Merkezi Sergi Salonu\u2019nda ger\u00e7ekle\u015fen a\u00e7\u0131l\u0131\u015fta konu\u015fan Ersin Tatar, K\u0131br\u0131s Modern Sanat M\u00fczesi\u2019nin 445\u2019inci Sergisi olan G\u00fczel Sanatlar May\u0131s Sergisi\u2019nde bulunmaktan duydu\u011fu memnuniyeti dile getirdi. Eserleri sergilenen sanat\u00e7\u0131lar\u0131 tebrik ederek, ba\u015far\u0131lar dileyen Cumhurba\u015fkan\u0131 Tatar,\" \/>\n<meta property=\"og:url\" content=\"https:\/\/kibrisdakik.com\/?p=9321\" \/>\n<meta property=\"article:published_time\" content=\"2023-06-24T06:01:44+00:00\" \/>\n<meta property=\"og:image\" content=\"https:\/\/kibrisdakik.com\/wp-content\/uploads\/2023\/06\/tatar-2-15-740x420.jpg\" \/>\n\t<meta property=\"og:image:width\" content=\"1600\" \/>\n\t<meta property=\"og:image:height\" content=\"1066\" \/>\n\t<meta property=\"og:image:type\" content=\"image\/jpeg\" \/>\n<meta name=\"author\" content=\"admin\" \/>\n<meta name=\"twitter:card\" content=\"summary_large_image\" \/>\n<meta name=\"twitter:label1\" content=\"Yazan:\" \/>\n\t<meta name=\"twitter:data1\" content=\"admin\" \/>\n\t<meta name=\"twitter:label2\" content=\"Tahmini okuma s\u00fcresi\" \/>\n\t<meta name=\"twitter:data2\" content=\"1 dakika\" \/>\n<script type=\"application\/ld+json\" class=\"yoast-schema-graph\">{\"@context\":\"https:\\\/\\\/schema.org\",\"@graph\":[{\"@type\":\"Article\",\"@id\":\"https:\\\/\\\/kibrisdakik.com\\\/?p=9321#article\",\"isPartOf\":{\"@id\":\"https:\\\/\\\/kibrisdakik.com\\\/?p=9321\"},\"author\":{\"name\":\"admin\",\"@id\":\"https:\\\/\\\/kibrisdakik.com\\\/#\\\/schema\\\/person\\\/9cd9d437bbb44f72b73ba127e06d8e79\"},\"headline\":\"Cumhurba\u015fkan\u0131 Tatar, G\u00fczel Sanatlar May\u0131s Sergisi\u2019nin a\u00e7\u0131l\u0131\u015f\u0131na kat\u0131ld\u0131\",\"datePublished\":\"2023-06-24T06:01:44+00:00\",\"mainEntityOfPage\":{\"@id\":\"https:\\\/\\\/kibrisdakik.com\\\/?p=9321\"},\"wordCount\":268,\"commentCount\":0,\"image\":{\"@id\":\"https:\\\/\\\/kibrisdakik.com\\\/?p=9321#primaryimage\"},\"thumbnailUrl\":\"https:\\\/\\\/kibrisdakik.com\\\/wp-content\\\/uploads\\\/2023\\\/06\\\/tatar-2-15-740x420.jpg\",\"articleSection\":[\"G\u00fcndem\"],\"inLanguage\":\"tr\",\"potentialAction\":[{\"@type\":\"CommentAction\",\"name\":\"Comment\",\"target\":[\"https:\\\/\\\/kibrisdakik.com\\\/?p=9321#respond\"]}]},{\"@type\":\"WebPage\",\"@id\":\"https:\\\/\\\/kibrisdakik.com\\\/?p=9321\",\"url\":\"https:\\\/\\\/kibrisdakik.com\\\/?p=9321\",\"name\":\"Cumhurba\u015fkan\u0131 Tatar, G\u00fczel Sanatlar May\u0131s Sergisi\u2019nin a\u00e7\u0131l\u0131\u015f\u0131na kat\u0131ld\u0131 -\",\"isPartOf\":{\"@id\":\"https:\\\/\\\/kibrisdakik.com\\\/#website\"},\"primaryImageOfPage\":{\"@id\":\"https:\\\/\\\/kibrisdakik.com\\\/?p=9321#primaryimage\"},\"image\":{\"@id\":\"https:\\\/\\\/kibrisdakik.com\\\/?p=9321#primaryimage\"},\"thumbnailUrl\":\"https:\\\/\\\/kibrisdakik.com\\\/wp-content\\\/uploads\\\/2023\\\/06\\\/tatar-2-15-740x420.jpg\",\"datePublished\":\"2023-06-24T06:01:44+00:00\",\"author\":{\"@id\":\"https:\\\/\\\/kibrisdakik.com\\\/#\\\/schema\\\/person\\\/9cd9d437bbb44f72b73ba127e06d8e79\"},\"breadcrumb\":{\"@id\":\"https:\\\/\\\/kibrisdakik.com\\\/?p=9321#breadcrumb\"},\"inLanguage\":\"tr\",\"potentialAction\":[{\"@type\":\"ReadAction\",\"target\":[\"https:\\\/\\\/kibrisdakik.com\\\/?p=9321\"]}]},{\"@type\":\"ImageObject\",\"inLanguage\":\"tr\",\"@id\":\"https:\\\/\\\/kibrisdakik.com\\\/?p=9321#primaryimage\",\"url\":\"https:\\\/\\\/kibrisdakik.com\\\/wp-content\\\/uploads\\\/2023\\\/06\\\/tatar-2-15-740x420.jpg\",\"contentUrl\":\"https:\\\/\\\/kibrisdakik.com\\\/wp-content\\\/uploads\\\/2023\\\/06\\\/tatar-2-15-740x420.jpg\",\"width\":1600,\"height\":1066},{\"@type\":\"BreadcrumbList\",\"@id\":\"https:\\\/\\\/kibrisdakik.com\\\/?p=9321#breadcrumb\",\"itemListElement\":[{\"@type\":\"ListItem\",\"position\":1,\"name\":\"Home\",\"item\":\"https:\\\/\\\/kibrisdakik.com\\\/\"},{\"@type\":\"ListItem\",\"position\":2,\"name\":\"Cumhurba\u015fkan\u0131 Tatar, G\u00fczel Sanatlar May\u0131s Sergisi\u2019nin a\u00e7\u0131l\u0131\u015f\u0131na kat\u0131ld\u0131\"}]},{\"@type\":\"WebSite\",\"@id\":\"https:\\\/\\\/kibrisdakik.com\\\/#website\",\"url\":\"https:\\\/\\\/kibrisdakik.com\\\/\",\"name\":\"\",\"description\":\"Tam vaktinde haber\",\"potentialAction\":[{\"@type\":\"SearchAction\",\"target\":{\"@type\":\"EntryPoint\",\"urlTemplate\":\"https:\\\/\\\/kibrisdakik.com\\\/?s={search_term_string}\"},\"query-input\":{\"@type\":\"PropertyValueSpecification\",\"valueRequired\":true,\"valueName\":\"search_term_string\"}}],\"inLanguage\":\"tr\"},{\"@type\":\"Person\",\"@id\":\"https:\\\/\\\/kibrisdakik.com\\\/#\\\/schema\\\/person\\\/9cd9d437bbb44f72b73ba127e06d8e79\",\"name\":\"admin\",\"image\":{\"@type\":\"ImageObject\",\"inLanguage\":\"tr\",\"@id\":\"https:\\\/\\\/secure.gravatar.com\\\/avatar\\\/ccc17943b9d660506c869530f897617f7cb1c21a4bf30023f252596d83e1f007?s=96&d=mm&r=g\",\"url\":\"https:\\\/\\\/secure.gravatar.com\\\/avatar\\\/ccc17943b9d660506c869530f897617f7cb1c21a4bf30023f252596d83e1f007?s=96&d=mm&r=g\",\"contentUrl\":\"https:\\\/\\\/secure.gravatar.com\\\/avatar\\\/ccc17943b9d660506c869530f897617f7cb1c21a4bf30023f252596d83e1f007?s=96&d=mm&r=g\",\"caption\":\"admin\"},\"sameAs\":[\"https:\\\/\\\/kibrisdakik.com\"],\"url\":\"https:\\\/\\\/kibrisdakik.com\\\/?author=1\"}]}<\/script>\n<!-- \/ Yoast SEO plugin. -->","yoast_head_json":{"title":"Cumhurba\u015fkan\u0131 Tatar, G\u00fczel Sanatlar May\u0131s Sergisi\u2019nin a\u00e7\u0131l\u0131\u015f\u0131na kat\u0131ld\u0131 -","robots":{"index":"index","follow":"follow","max-snippet":"max-snippet:-1","max-image-preview":"max-image-preview:large","max-video-preview":"max-video-preview:-1"},"canonical":"https:\/\/kibrisdakik.com\/?p=9321","og_locale":"tr_TR","og_type":"article","og_title":"Cumhurba\u015fkan\u0131 Tatar, G\u00fczel Sanatlar May\u0131s Sergisi\u2019nin a\u00e7\u0131l\u0131\u015f\u0131na kat\u0131ld\u0131 -","og_description":"Cumhurba\u015fkan\u0131 Ersin Tatar, Yak\u0131n Do\u011fu \u00dcniversitesi (YD\u00dc) \u201cG\u00fczel Sanatlar May\u0131s Sergisi\u201dnin a\u00e7\u0131l\u0131\u015f\u0131na kat\u0131ld\u0131. Cumhurba\u015fkanl\u0131\u011f\u0131ndan verilen bilgiye g\u00f6re, YD\u00dc Atat\u00fcrk K\u00fclt\u00fcr ve Kongre Merkezi Sergi Salonu\u2019nda ger\u00e7ekle\u015fen a\u00e7\u0131l\u0131\u015fta konu\u015fan Ersin Tatar, K\u0131br\u0131s Modern Sanat M\u00fczesi\u2019nin 445\u2019inci Sergisi olan G\u00fczel Sanatlar May\u0131s Sergisi\u2019nde bulunmaktan duydu\u011fu memnuniyeti dile getirdi. Eserleri sergilenen sanat\u00e7\u0131lar\u0131 tebrik ederek, ba\u015far\u0131lar dileyen Cumhurba\u015fkan\u0131 Tatar,","og_url":"https:\/\/kibrisdakik.com\/?p=9321","article_published_time":"2023-06-24T06:01:44+00:00","og_image":[{"width":1600,"height":1066,"url":"https:\/\/kibrisdakik.com\/wp-content\/uploads\/2023\/06\/tatar-2-15-740x420.jpg","type":"image\/jpeg"}],"author":"admin","twitter_card":"summary_large_image","twitter_misc":{"Yazan:":"admin","Tahmini okuma s\u00fcresi":"1 dakika"},"schema":{"@context":"https:\/\/schema.org","@graph":[{"@type":"Article","@id":"https:\/\/kibrisdakik.com\/?p=9321#article","isPartOf":{"@id":"https:\/\/kibrisdakik.com\/?p=9321"},"author":{"name":"admin","@id":"https:\/\/kibrisdakik.com\/#\/schema\/person\/9cd9d437bbb44f72b73ba127e06d8e79"},"headline":"Cumhurba\u015fkan\u0131 Tatar, G\u00fczel Sanatlar May\u0131s Sergisi\u2019nin a\u00e7\u0131l\u0131\u015f\u0131na kat\u0131ld\u0131","datePublished":"2023-06-24T06:01:44+00:00","mainEntityOfPage":{"@id":"https:\/\/kibrisdakik.com\/?p=9321"},"wordCount":268,"commentCount":0,"image":{"@id":"https:\/\/kibrisdakik.com\/?p=9321#primaryimage"},"thumbnailUrl":"https:\/\/kibrisdakik.com\/wp-content\/uploads\/2023\/06\/tatar-2-15-740x420.jpg","articleSection":["G\u00fcndem"],"inLanguage":"tr","potentialAction":[{"@type":"CommentAction","name":"Comment","target":["https:\/\/kibrisdakik.com\/?p=9321#respond"]}]},{"@type":"WebPage","@id":"https:\/\/kibrisdakik.com\/?p=9321","url":"https:\/\/kibrisdakik.com\/?p=9321","name":"Cumhurba\u015fkan\u0131 Tatar, G\u00fczel Sanatlar May\u0131s Sergisi\u2019nin a\u00e7\u0131l\u0131\u015f\u0131na kat\u0131ld\u0131 -","isPartOf":{"@id":"https:\/\/kibrisdakik.com\/#website"},"primaryImageOfPage":{"@id":"https:\/\/kibrisdakik.com\/?p=9321#primaryimage"},"image":{"@id":"https:\/\/kibrisdakik.com\/?p=9321#primaryimage"},"thumbnailUrl":"https:\/\/kibrisdakik.com\/wp-content\/uploads\/2023\/06\/tatar-2-15-740x420.jpg","datePublished":"2023-06-24T06:01:44+00:00","author":{"@id":"https:\/\/kibrisdakik.com\/#\/schema\/person\/9cd9d437bbb44f72b73ba127e06d8e79"},"breadcrumb":{"@id":"https:\/\/kibrisdakik.com\/?p=9321#breadcrumb"},"inLanguage":"tr","potentialAction":[{"@type":"ReadAction","target":["https:\/\/kibrisdakik.com\/?p=9321"]}]},{"@type":"ImageObject","inLanguage":"tr","@id":"https:\/\/kibrisdakik.com\/?p=9321#primaryimage","url":"https:\/\/kibrisdakik.com\/wp-content\/uploads\/2023\/06\/tatar-2-15-740x420.jpg","contentUrl":"https:\/\/kibrisdakik.com\/wp-content\/uploads\/2023\/06\/tatar-2-15-740x420.jpg","width":1600,"height":1066},{"@type":"BreadcrumbList","@id":"https:\/\/kibrisdakik.com\/?p=9321#breadcrumb","itemListElement":[{"@type":"ListItem","position":1,"name":"Home","item":"https:\/\/kibrisdakik.com\/"},{"@type":"ListItem","position":2,"name":"Cumhurba\u015fkan\u0131 Tatar, G\u00fczel Sanatlar May\u0131s Sergisi\u2019nin a\u00e7\u0131l\u0131\u015f\u0131na kat\u0131ld\u0131"}]},{"@type":"WebSite","@id":"https:\/\/kibrisdakik.com\/#website","url":"https:\/\/kibrisdakik.com\/","name":"","description":"Tam vaktinde haber","potentialAction":[{"@type":"SearchAction","target":{"@type":"EntryPoint","urlTemplate":"https:\/\/kibrisdakik.com\/?s={search_term_string}"},"query-input":{"@type":"PropertyValueSpecification","valueRequired":true,"valueName":"search_term_string"}}],"inLanguage":"tr"},{"@type":"Person","@id":"https:\/\/kibrisdakik.com\/#\/schema\/person\/9cd9d437bbb44f72b73ba127e06d8e79","name":"admin","image":{"@type":"ImageObject","inLanguage":"tr","@id":"https:\/\/secure.gravatar.com\/avatar\/ccc17943b9d660506c869530f897617f7cb1c21a4bf30023f252596d83e1f007?s=96&d=mm&r=g","url":"https:\/\/secure.gravatar.com\/avatar\/ccc17943b9d660506c869530f897617f7cb1c21a4bf30023f252596d83e1f007?s=96&d=mm&r=g","contentUrl":"https:\/\/secure.gravatar.com\/avatar\/ccc17943b9d660506c869530f897617f7cb1c21a4bf30023f252596d83e1f007?s=96&d=mm&r=g","caption":"admin"},"sameAs":["https:\/\/kibrisdakik.com"],"url":"https:\/\/kibrisdakik.com\/?author=1"}]}},"_links":{"self":[{"href":"https:\/\/kibrisdakik.com\/index.php?rest_route=\/wp\/v2\/posts\/9321","targetHints":{"allow":["GET"]}}],"collection":[{"href":"https:\/\/kibrisdakik.com\/index.php?rest_route=\/wp\/v2\/posts"}],"about":[{"href":"https:\/\/kibrisdakik.com\/index.php?rest_route=\/wp\/v2\/types\/post"}],"author":[{"embeddable":true,"href":"https:\/\/kibrisdakik.com\/index.php?rest_route=\/wp\/v2\/users\/1"}],"replies":[{"embeddable":true,"href":"https:\/\/kibrisdakik.com\/index.php?rest_route=%2Fwp%2Fv2%2Fcomments&post=9321"}],"version-history":[{"count":0,"href":"https:\/\/kibrisdakik.com\/index.php?rest_route=\/wp\/v2\/posts\/9321\/revisions"}],"wp:featuredmedia":[{"embeddable":true,"href":"https:\/\/kibrisdakik.com\/index.php?rest_route=\/wp\/v2\/media\/9322"}],"wp:attachment":[{"href":"https:\/\/kibrisdakik.com\/index.php?rest_route=%2Fwp%2Fv2%2Fmedia&parent=9321"}],"wp:term":[{"taxonomy":"category","embeddable":true,"href":"https:\/\/kibrisdakik.com\/index.php?rest_route=%2Fwp%2Fv2%2Fcategories&post=9321"},{"taxonomy":"post_tag","embeddable":true,"href":"https:\/\/kibrisdakik.com\/index.php?rest_route=%2Fwp%2Fv2%2Ftags&post=9321"}],"curies":[{"name":"wp","href":"https:\/\/api.w.org\/{rel}","templated":true}]}}