{"id":9335,"date":"2023-06-24T12:10:36","date_gmt":"2023-06-24T12:10:36","guid":{"rendered":"https:\/\/kibrisdakik.com\/index.php\/2023\/06\/24\/cumhurbaskani-tatar-haydarpasa-ticaret-lisesinin-mezuniyet-torenine-katildi\/"},"modified":"2023-06-24T12:10:36","modified_gmt":"2023-06-24T12:10:36","slug":"cumhurbaskani-tatar-haydarpasa-ticaret-lisesinin-mezuniyet-torenine-katildi","status":"publish","type":"post","link":"https:\/\/kibrisdakik.com\/?p=9335","title":{"rendered":"Cumhurba\u015fkan\u0131 Tatar, Haydarpa\u015fa Ticaret Lisesi\u2019nin mezuniyet t\u00f6renine kat\u0131ld\u0131"},"content":{"rendered":"<p><\/p>\n<div>\n<div class=\"mariselle-image-container center\">\n                <img width=\"1024\" height=\"683\" class=\"lazy-image\" alt=\"\" decoding=\"async\" loading=\"lazy\" sizes=\"auto, (max-width: 1024px) 100vw, 1024px\" src=\"https:\/\/brtk.net\/wp-content\/uploads\/2023\/06\/24\/tatar-htl-mezuniyet-5-.jpg?ver=2c975d8cf65c4849ac7628f36219ac72\" srcset=\"https:\/\/brtk.net\/wp-content\/uploads\/2023\/06\/24\/tatar-htl-mezuniyet-5-.jpg?ver=2c975d8cf65c4849ac7628f36219ac72 1024w, https:\/\/brtk.net\/wp-content\/uploads\/2023\/06\/24\/tatar-htl-mezuniyet-5--300x200.jpg?ver=f219ccc58dc20748a7a737fabdbdde38 300w, https:\/\/brtk.net\/wp-content\/uploads\/2023\/06\/24\/tatar-htl-mezuniyet-5--768x512.jpg?ver=f219ccc58dc20748a7a737fabdbdde38 768w\"\/>                            <\/div>\n<p>\nCumhurba\u015fkan\u0131 <a href=\"https:\/\/brtk.net\/\" target=\"_blank\" rel=\"noopener\">Ersin <\/a><a href=\"https:\/\/brtk.net\/\"\/><a href=\"https:\/\/brtk.net\/\"\/><a href=\"https:\/\/brtk.net\/\"\/><a href=\"https:\/\/brtk.net\/\">Tatar<\/a>, Haydarpa\u015fa Ticaret Lisesi\u2019nin mezuniyet t\u00f6renine kat\u0131ld\u0131.<\/p>\n<p>Cumhurba\u015fkanl\u0131\u011f\u0131\u2019ndan yap\u0131lan a\u00e7\u0131klamaya g\u00f6re Cumhurba\u015fkan\u0131 <a href=\"https:\/\/brtk.net\/\"\/><a href=\"https:\/\/brtk.net\/\"\/><a href=\"https:\/\/brtk.net\/\"\/><a href=\"https:\/\/brtk.net\/\">Tatar<\/a>, t\u00f6rende yapt\u0131\u011f\u0131 konu\u015fmada, 1959 y\u0131l\u0131nda Celal Bayar Lisesi ve Adnan Menderes K\u0131z Lisesi\u2019nin ticaret s\u0131n\u0131flar\u0131n\u0131n birle\u015ftirilmesiyle faaliyete ge\u00e7en tarihi okuldan mezun olunmas\u0131n\u0131n \u00f6nemine dikkat \u00e7ekti.<\/p>\n<p>Mezun olan \u00f6\u011frencileri tebrik eden Cumhurba\u015fkan\u0131 <a href=\"https:\/\/brtk.net\/\"\/><a href=\"https:\/\/brtk.net\/\"\/><a href=\"https:\/\/brtk.net\/\"\/><a href=\"https:\/\/brtk.net\/\">Tatar<\/a>, verdikleri emek ve g\u00f6sterdikleri fedakarl\u0131ktan dolay\u0131 ailelere ve \u00f6\u011fretmenlere de te\u015fekk\u00fcr etti. <\/p>\n<p>T\u00fcrkiye\u2019de 6 \u015eubat\u2019ta meydana gelen depremde hayat\u0131n\u0131 kaybeden <a href=\"https:\/\/brtk.net\/\">KKTC<\/a>\u2019li voleybol kafilesini sayg\u0131yla anan Cumhurba\u015fkan\u0131 <a href=\"https:\/\/brtk.net\/\"\/><a href=\"https:\/\/brtk.net\/\"\/><a href=\"https:\/\/brtk.net\/\"\/><a href=\"https:\/\/brtk.net\/\">Tatar<\/a>, \u015eampiyon Meleklerin unutulmayaca\u011f\u0131n\u0131 ve her zaman hat\u0131rlanaca\u011f\u0131n\u0131 ifade etti.<\/p>\n<p>\u00dclke tarihine bak\u0131ld\u0131\u011f\u0131nda, Haydarpa\u015fa Ticaret Lisesi\u2019nden mezun olanlar\u0131n ekonomi ve ticaret hayat\u0131nda b\u00fcy\u00fck hizmetler verdi\u011fine i\u015faret eden Cumhurba\u015fkan\u0131 <a href=\"https:\/\/brtk.net\/\"\/><a href=\"https:\/\/brtk.net\/\"\/><a href=\"https:\/\/brtk.net\/\"\/><a href=\"https:\/\/brtk.net\/\">Tatar<\/a>, \u201cSizde mezun olunca i\u015f hayat\u0131na at\u0131lacak veya \u00fcniversiteye devam edeceksiniz. Ekonomi hayat\u0131na kat\u0131lacak ve \u00fclkeye hizmet vereceksiniz. Gelece\u011finiz \u00fclkenin kalk\u0131nmas\u0131na ve geli\u015fmesine katk\u0131 yapacak. Gelecek sizindir. \u00dclkede \u00e7e\u015fitli kademelerde g\u00f6revlere geleceksiniz. \u00c7ok \u00e7al\u0131\u015f\u0131n, ba\u015far\u0131l\u0131 olun\u201d dedi.<\/p>\n<\/p><\/div>\n<p><script async\n                    defer\n                    crossorigin=\"anonymous\"\n                    src=\"https:\/\/connect.facebook.net\/tr_TR\/sdk.js#xfbml=1&#038;version=v3.3\"\n            ><\/script><\/p>\n","protected":false},"excerpt":{"rendered":"<p>Cumhurba\u015fkan\u0131 Ersin Tatar, Haydarpa\u015fa Ticaret Lisesi\u2019nin mezuniyet t\u00f6renine kat\u0131ld\u0131. Cumhurba\u015fkanl\u0131\u011f\u0131\u2019ndan yap\u0131lan a\u00e7\u0131klamaya g\u00f6re Cumhurba\u015fkan\u0131 Tatar, t\u00f6rende yapt\u0131\u011f\u0131 konu\u015fmada, 1959 y\u0131l\u0131nda Celal Bayar Lisesi ve Adnan Menderes K\u0131z Lisesi\u2019nin ticaret s\u0131n\u0131flar\u0131n\u0131n birle\u015ftirilmesiyle faaliyete ge\u00e7en tarihi okuldan mezun olunmas\u0131n\u0131n \u00f6nemine dikkat \u00e7ekti. Mezun olan \u00f6\u011frencileri tebrik eden Cumhurba\u015fkan\u0131 Tatar, verdikleri emek ve g\u00f6sterdikleri fedakarl\u0131ktan dolay\u0131 ailelere ve<\/p>\n","protected":false},"author":1,"featured_media":9336,"comment_status":"open","ping_status":"open","sticky":false,"template":"","format":"standard","meta":{"footnotes":""},"categories":[1],"tags":[],"class_list":["post-9335","post","type-post","status-publish","format-standard","has-post-thumbnail","hentry","category-gundem"],"yoast_head":"<!-- This site is optimized with the Yoast SEO plugin v27.5 - https:\/\/yoast.com\/product\/yoast-seo-wordpress\/ -->\n<title>Cumhurba\u015fkan\u0131 Tatar, Haydarpa\u015fa Ticaret Lisesi\u2019nin mezuniyet t\u00f6renine kat\u0131ld\u0131 -<\/title>\n<meta name=\"robots\" content=\"index, follow, max-snippet:-1, max-image-preview:large, max-video-preview:-1\" \/>\n<link rel=\"canonical\" href=\"https:\/\/kibrisdakik.com\/?p=9335\" \/>\n<meta property=\"og:locale\" content=\"tr_TR\" \/>\n<meta property=\"og:type\" content=\"article\" \/>\n<meta property=\"og:title\" content=\"Cumhurba\u015fkan\u0131 Tatar, Haydarpa\u015fa Ticaret Lisesi\u2019nin mezuniyet t\u00f6renine kat\u0131ld\u0131 -\" \/>\n<meta property=\"og:description\" content=\"Cumhurba\u015fkan\u0131 Ersin Tatar, Haydarpa\u015fa Ticaret Lisesi\u2019nin mezuniyet t\u00f6renine kat\u0131ld\u0131. Cumhurba\u015fkanl\u0131\u011f\u0131\u2019ndan yap\u0131lan a\u00e7\u0131klamaya g\u00f6re Cumhurba\u015fkan\u0131 Tatar, t\u00f6rende yapt\u0131\u011f\u0131 konu\u015fmada, 1959 y\u0131l\u0131nda Celal Bayar Lisesi ve Adnan Menderes K\u0131z Lisesi\u2019nin ticaret s\u0131n\u0131flar\u0131n\u0131n birle\u015ftirilmesiyle faaliyete ge\u00e7en tarihi okuldan mezun olunmas\u0131n\u0131n \u00f6nemine dikkat \u00e7ekti. Mezun olan \u00f6\u011frencileri tebrik eden Cumhurba\u015fkan\u0131 Tatar, verdikleri emek ve g\u00f6sterdikleri fedakarl\u0131ktan dolay\u0131 ailelere ve\" \/>\n<meta property=\"og:url\" content=\"https:\/\/kibrisdakik.com\/?p=9335\" \/>\n<meta property=\"article:published_time\" content=\"2023-06-24T12:10:36+00:00\" \/>\n<meta property=\"og:image\" content=\"https:\/\/kibrisdakik.com\/wp-content\/uploads\/2023\/06\/tatar-htl-mezuniyet-5--740x420.jpg\" \/>\n\t<meta property=\"og:image:width\" content=\"1024\" \/>\n\t<meta property=\"og:image:height\" content=\"683\" \/>\n\t<meta property=\"og:image:type\" content=\"image\/jpeg\" \/>\n<meta name=\"author\" content=\"admin\" \/>\n<meta name=\"twitter:card\" content=\"summary_large_image\" \/>\n<meta name=\"twitter:label1\" content=\"Yazan:\" \/>\n\t<meta name=\"twitter:data1\" content=\"admin\" \/>\n\t<meta name=\"twitter:label2\" content=\"Tahmini okuma s\u00fcresi\" \/>\n\t<meta name=\"twitter:data2\" content=\"1 dakika\" \/>\n<script type=\"application\/ld+json\" class=\"yoast-schema-graph\">{\"@context\":\"https:\\\/\\\/schema.org\",\"@graph\":[{\"@type\":\"Article\",\"@id\":\"https:\\\/\\\/kibrisdakik.com\\\/?p=9335#article\",\"isPartOf\":{\"@id\":\"https:\\\/\\\/kibrisdakik.com\\\/?p=9335\"},\"author\":{\"name\":\"admin\",\"@id\":\"https:\\\/\\\/kibrisdakik.com\\\/#\\\/schema\\\/person\\\/9cd9d437bbb44f72b73ba127e06d8e79\"},\"headline\":\"Cumhurba\u015fkan\u0131 Tatar, Haydarpa\u015fa Ticaret Lisesi\u2019nin mezuniyet t\u00f6renine kat\u0131ld\u0131\",\"datePublished\":\"2023-06-24T12:10:36+00:00\",\"mainEntityOfPage\":{\"@id\":\"https:\\\/\\\/kibrisdakik.com\\\/?p=9335\"},\"wordCount\":213,\"commentCount\":0,\"image\":{\"@id\":\"https:\\\/\\\/kibrisdakik.com\\\/?p=9335#primaryimage\"},\"thumbnailUrl\":\"https:\\\/\\\/kibrisdakik.com\\\/wp-content\\\/uploads\\\/2023\\\/06\\\/tatar-htl-mezuniyet-5--740x420.jpg\",\"articleSection\":[\"G\u00fcndem\"],\"inLanguage\":\"tr\",\"potentialAction\":[{\"@type\":\"CommentAction\",\"name\":\"Comment\",\"target\":[\"https:\\\/\\\/kibrisdakik.com\\\/?p=9335#respond\"]}]},{\"@type\":\"WebPage\",\"@id\":\"https:\\\/\\\/kibrisdakik.com\\\/?p=9335\",\"url\":\"https:\\\/\\\/kibrisdakik.com\\\/?p=9335\",\"name\":\"Cumhurba\u015fkan\u0131 Tatar, Haydarpa\u015fa Ticaret Lisesi\u2019nin mezuniyet t\u00f6renine kat\u0131ld\u0131 -\",\"isPartOf\":{\"@id\":\"https:\\\/\\\/kibrisdakik.com\\\/#website\"},\"primaryImageOfPage\":{\"@id\":\"https:\\\/\\\/kibrisdakik.com\\\/?p=9335#primaryimage\"},\"image\":{\"@id\":\"https:\\\/\\\/kibrisdakik.com\\\/?p=9335#primaryimage\"},\"thumbnailUrl\":\"https:\\\/\\\/kibrisdakik.com\\\/wp-content\\\/uploads\\\/2023\\\/06\\\/tatar-htl-mezuniyet-5--740x420.jpg\",\"datePublished\":\"2023-06-24T12:10:36+00:00\",\"author\":{\"@id\":\"https:\\\/\\\/kibrisdakik.com\\\/#\\\/schema\\\/person\\\/9cd9d437bbb44f72b73ba127e06d8e79\"},\"breadcrumb\":{\"@id\":\"https:\\\/\\\/kibrisdakik.com\\\/?p=9335#breadcrumb\"},\"inLanguage\":\"tr\",\"potentialAction\":[{\"@type\":\"ReadAction\",\"target\":[\"https:\\\/\\\/kibrisdakik.com\\\/?p=9335\"]}]},{\"@type\":\"ImageObject\",\"inLanguage\":\"tr\",\"@id\":\"https:\\\/\\\/kibrisdakik.com\\\/?p=9335#primaryimage\",\"url\":\"https:\\\/\\\/kibrisdakik.com\\\/wp-content\\\/uploads\\\/2023\\\/06\\\/tatar-htl-mezuniyet-5--740x420.jpg\",\"contentUrl\":\"https:\\\/\\\/kibrisdakik.com\\\/wp-content\\\/uploads\\\/2023\\\/06\\\/tatar-htl-mezuniyet-5--740x420.jpg\",\"width\":1024,\"height\":683},{\"@type\":\"BreadcrumbList\",\"@id\":\"https:\\\/\\\/kibrisdakik.com\\\/?p=9335#breadcrumb\",\"itemListElement\":[{\"@type\":\"ListItem\",\"position\":1,\"name\":\"Home\",\"item\":\"https:\\\/\\\/kibrisdakik.com\\\/\"},{\"@type\":\"ListItem\",\"position\":2,\"name\":\"Cumhurba\u015fkan\u0131 Tatar, Haydarpa\u015fa Ticaret Lisesi\u2019nin mezuniyet t\u00f6renine kat\u0131ld\u0131\"}]},{\"@type\":\"WebSite\",\"@id\":\"https:\\\/\\\/kibrisdakik.com\\\/#website\",\"url\":\"https:\\\/\\\/kibrisdakik.com\\\/\",\"name\":\"\",\"description\":\"Tam vaktinde haber\",\"potentialAction\":[{\"@type\":\"SearchAction\",\"target\":{\"@type\":\"EntryPoint\",\"urlTemplate\":\"https:\\\/\\\/kibrisdakik.com\\\/?s={search_term_string}\"},\"query-input\":{\"@type\":\"PropertyValueSpecification\",\"valueRequired\":true,\"valueName\":\"search_term_string\"}}],\"inLanguage\":\"tr\"},{\"@type\":\"Person\",\"@id\":\"https:\\\/\\\/kibrisdakik.com\\\/#\\\/schema\\\/person\\\/9cd9d437bbb44f72b73ba127e06d8e79\",\"name\":\"admin\",\"image\":{\"@type\":\"ImageObject\",\"inLanguage\":\"tr\",\"@id\":\"https:\\\/\\\/secure.gravatar.com\\\/avatar\\\/ccc17943b9d660506c869530f897617f7cb1c21a4bf30023f252596d83e1f007?s=96&d=mm&r=g\",\"url\":\"https:\\\/\\\/secure.gravatar.com\\\/avatar\\\/ccc17943b9d660506c869530f897617f7cb1c21a4bf30023f252596d83e1f007?s=96&d=mm&r=g\",\"contentUrl\":\"https:\\\/\\\/secure.gravatar.com\\\/avatar\\\/ccc17943b9d660506c869530f897617f7cb1c21a4bf30023f252596d83e1f007?s=96&d=mm&r=g\",\"caption\":\"admin\"},\"sameAs\":[\"https:\\\/\\\/kibrisdakik.com\"],\"url\":\"https:\\\/\\\/kibrisdakik.com\\\/?author=1\"}]}<\/script>\n<!-- \/ Yoast SEO plugin. -->","yoast_head_json":{"title":"Cumhurba\u015fkan\u0131 Tatar, Haydarpa\u015fa Ticaret Lisesi\u2019nin mezuniyet t\u00f6renine kat\u0131ld\u0131 -","robots":{"index":"index","follow":"follow","max-snippet":"max-snippet:-1","max-image-preview":"max-image-preview:large","max-video-preview":"max-video-preview:-1"},"canonical":"https:\/\/kibrisdakik.com\/?p=9335","og_locale":"tr_TR","og_type":"article","og_title":"Cumhurba\u015fkan\u0131 Tatar, Haydarpa\u015fa Ticaret Lisesi\u2019nin mezuniyet t\u00f6renine kat\u0131ld\u0131 -","og_description":"Cumhurba\u015fkan\u0131 Ersin Tatar, Haydarpa\u015fa Ticaret Lisesi\u2019nin mezuniyet t\u00f6renine kat\u0131ld\u0131. Cumhurba\u015fkanl\u0131\u011f\u0131\u2019ndan yap\u0131lan a\u00e7\u0131klamaya g\u00f6re Cumhurba\u015fkan\u0131 Tatar, t\u00f6rende yapt\u0131\u011f\u0131 konu\u015fmada, 1959 y\u0131l\u0131nda Celal Bayar Lisesi ve Adnan Menderes K\u0131z Lisesi\u2019nin ticaret s\u0131n\u0131flar\u0131n\u0131n birle\u015ftirilmesiyle faaliyete ge\u00e7en tarihi okuldan mezun olunmas\u0131n\u0131n \u00f6nemine dikkat \u00e7ekti. Mezun olan \u00f6\u011frencileri tebrik eden Cumhurba\u015fkan\u0131 Tatar, verdikleri emek ve g\u00f6sterdikleri fedakarl\u0131ktan dolay\u0131 ailelere ve","og_url":"https:\/\/kibrisdakik.com\/?p=9335","article_published_time":"2023-06-24T12:10:36+00:00","og_image":[{"width":1024,"height":683,"url":"https:\/\/kibrisdakik.com\/wp-content\/uploads\/2023\/06\/tatar-htl-mezuniyet-5--740x420.jpg","type":"image\/jpeg"}],"author":"admin","twitter_card":"summary_large_image","twitter_misc":{"Yazan:":"admin","Tahmini okuma s\u00fcresi":"1 dakika"},"schema":{"@context":"https:\/\/schema.org","@graph":[{"@type":"Article","@id":"https:\/\/kibrisdakik.com\/?p=9335#article","isPartOf":{"@id":"https:\/\/kibrisdakik.com\/?p=9335"},"author":{"name":"admin","@id":"https:\/\/kibrisdakik.com\/#\/schema\/person\/9cd9d437bbb44f72b73ba127e06d8e79"},"headline":"Cumhurba\u015fkan\u0131 Tatar, Haydarpa\u015fa Ticaret Lisesi\u2019nin mezuniyet t\u00f6renine kat\u0131ld\u0131","datePublished":"2023-06-24T12:10:36+00:00","mainEntityOfPage":{"@id":"https:\/\/kibrisdakik.com\/?p=9335"},"wordCount":213,"commentCount":0,"image":{"@id":"https:\/\/kibrisdakik.com\/?p=9335#primaryimage"},"thumbnailUrl":"https:\/\/kibrisdakik.com\/wp-content\/uploads\/2023\/06\/tatar-htl-mezuniyet-5--740x420.jpg","articleSection":["G\u00fcndem"],"inLanguage":"tr","potentialAction":[{"@type":"CommentAction","name":"Comment","target":["https:\/\/kibrisdakik.com\/?p=9335#respond"]}]},{"@type":"WebPage","@id":"https:\/\/kibrisdakik.com\/?p=9335","url":"https:\/\/kibrisdakik.com\/?p=9335","name":"Cumhurba\u015fkan\u0131 Tatar, Haydarpa\u015fa Ticaret Lisesi\u2019nin mezuniyet t\u00f6renine kat\u0131ld\u0131 -","isPartOf":{"@id":"https:\/\/kibrisdakik.com\/#website"},"primaryImageOfPage":{"@id":"https:\/\/kibrisdakik.com\/?p=9335#primaryimage"},"image":{"@id":"https:\/\/kibrisdakik.com\/?p=9335#primaryimage"},"thumbnailUrl":"https:\/\/kibrisdakik.com\/wp-content\/uploads\/2023\/06\/tatar-htl-mezuniyet-5--740x420.jpg","datePublished":"2023-06-24T12:10:36+00:00","author":{"@id":"https:\/\/kibrisdakik.com\/#\/schema\/person\/9cd9d437bbb44f72b73ba127e06d8e79"},"breadcrumb":{"@id":"https:\/\/kibrisdakik.com\/?p=9335#breadcrumb"},"inLanguage":"tr","potentialAction":[{"@type":"ReadAction","target":["https:\/\/kibrisdakik.com\/?p=9335"]}]},{"@type":"ImageObject","inLanguage":"tr","@id":"https:\/\/kibrisdakik.com\/?p=9335#primaryimage","url":"https:\/\/kibrisdakik.com\/wp-content\/uploads\/2023\/06\/tatar-htl-mezuniyet-5--740x420.jpg","contentUrl":"https:\/\/kibrisdakik.com\/wp-content\/uploads\/2023\/06\/tatar-htl-mezuniyet-5--740x420.jpg","width":1024,"height":683},{"@type":"BreadcrumbList","@id":"https:\/\/kibrisdakik.com\/?p=9335#breadcrumb","itemListElement":[{"@type":"ListItem","position":1,"name":"Home","item":"https:\/\/kibrisdakik.com\/"},{"@type":"ListItem","position":2,"name":"Cumhurba\u015fkan\u0131 Tatar, Haydarpa\u015fa Ticaret Lisesi\u2019nin mezuniyet t\u00f6renine kat\u0131ld\u0131"}]},{"@type":"WebSite","@id":"https:\/\/kibrisdakik.com\/#website","url":"https:\/\/kibrisdakik.com\/","name":"","description":"Tam vaktinde haber","potentialAction":[{"@type":"SearchAction","target":{"@type":"EntryPoint","urlTemplate":"https:\/\/kibrisdakik.com\/?s={search_term_string}"},"query-input":{"@type":"PropertyValueSpecification","valueRequired":true,"valueName":"search_term_string"}}],"inLanguage":"tr"},{"@type":"Person","@id":"https:\/\/kibrisdakik.com\/#\/schema\/person\/9cd9d437bbb44f72b73ba127e06d8e79","name":"admin","image":{"@type":"ImageObject","inLanguage":"tr","@id":"https:\/\/secure.gravatar.com\/avatar\/ccc17943b9d660506c869530f897617f7cb1c21a4bf30023f252596d83e1f007?s=96&d=mm&r=g","url":"https:\/\/secure.gravatar.com\/avatar\/ccc17943b9d660506c869530f897617f7cb1c21a4bf30023f252596d83e1f007?s=96&d=mm&r=g","contentUrl":"https:\/\/secure.gravatar.com\/avatar\/ccc17943b9d660506c869530f897617f7cb1c21a4bf30023f252596d83e1f007?s=96&d=mm&r=g","caption":"admin"},"sameAs":["https:\/\/kibrisdakik.com"],"url":"https:\/\/kibrisdakik.com\/?author=1"}]}},"_links":{"self":[{"href":"https:\/\/kibrisdakik.com\/index.php?rest_route=\/wp\/v2\/posts\/9335","targetHints":{"allow":["GET"]}}],"collection":[{"href":"https:\/\/kibrisdakik.com\/index.php?rest_route=\/wp\/v2\/posts"}],"about":[{"href":"https:\/\/kibrisdakik.com\/index.php?rest_route=\/wp\/v2\/types\/post"}],"author":[{"embeddable":true,"href":"https:\/\/kibrisdakik.com\/index.php?rest_route=\/wp\/v2\/users\/1"}],"replies":[{"embeddable":true,"href":"https:\/\/kibrisdakik.com\/index.php?rest_route=%2Fwp%2Fv2%2Fcomments&post=9335"}],"version-history":[{"count":0,"href":"https:\/\/kibrisdakik.com\/index.php?rest_route=\/wp\/v2\/posts\/9335\/revisions"}],"wp:featuredmedia":[{"embeddable":true,"href":"https:\/\/kibrisdakik.com\/index.php?rest_route=\/wp\/v2\/media\/9336"}],"wp:attachment":[{"href":"https:\/\/kibrisdakik.com\/index.php?rest_route=%2Fwp%2Fv2%2Fmedia&parent=9335"}],"wp:term":[{"taxonomy":"category","embeddable":true,"href":"https:\/\/kibrisdakik.com\/index.php?rest_route=%2Fwp%2Fv2%2Fcategories&post=9335"},{"taxonomy":"post_tag","embeddable":true,"href":"https:\/\/kibrisdakik.com\/index.php?rest_route=%2Fwp%2Fv2%2Ftags&post=9335"}],"curies":[{"name":"wp","href":"https:\/\/api.w.org\/{rel}","templated":true}]}}