{"id":9391,"date":"2023-06-25T14:35:14","date_gmt":"2023-06-25T14:35:14","guid":{"rendered":"https:\/\/kibrisdakik.com\/index.php\/2023\/06\/25\/kronik-hastaligi-bulunanlara-bayramda-beslenme-uyarisi\/"},"modified":"2023-06-25T14:35:14","modified_gmt":"2023-06-25T14:35:14","slug":"kronik-hastaligi-bulunanlara-bayramda-beslenme-uyarisi","status":"publish","type":"post","link":"https:\/\/kibrisdakik.com\/?p=9391","title":{"rendered":"Kronik hastal\u0131\u011f\u0131 bulunanlara bayramda beslenme uyar\u0131s\u0131"},"content":{"rendered":"<p><\/p>\n<div>\n<div class=\"mariselle-image-container center\">\n                <img width=\"821\" height=\"464\" class=\"lazy-image\" alt=\"\" decoding=\"async\" loading=\"lazy\" sizes=\"auto, (max-width: 821px) 100vw, 821px\" src=\"https:\/\/brtk.net\/wp-content\/uploads\/2023\/06\/25\/821x464-kronik-rahatsizligi-bulunanlara-bayramda-beslenme-uyarisi-1687683590398.jpg?ver=4a979db16e8ef1515d5892da615b86b4\" srcset=\"https:\/\/brtk.net\/wp-content\/uploads\/2023\/06\/25\/821x464-kronik-rahatsizligi-bulunanlara-bayramda-beslenme-uyarisi-1687683590398.jpg?ver=4a979db16e8ef1515d5892da615b86b4 821w, https:\/\/brtk.net\/wp-content\/uploads\/2023\/06\/25\/821x464-kronik-rahatsizligi-bulunanlara-bayramda-beslenme-uyarisi-1687683590398-300x170.jpg?ver=4a979db16e8ef1515d5892da615b86b4 300w, https:\/\/brtk.net\/wp-content\/uploads\/2023\/06\/25\/821x464-kronik-rahatsizligi-bulunanlara-bayramda-beslenme-uyarisi-1687683590398-768x434.jpg?ver=4a979db16e8ef1515d5892da615b86b4 768w\"\/>                            <\/div>\n<p>Hitit \u00dcniversitesi T\u0131p Fak\u00fcltesi \u0130\u00e7 Hastal\u0131klar\u0131 Ana Bilim Dal\u0131 \u00d6\u011fretim \u00dcyesi Do\u00e7. Dr. Murat Do\u011fan, diyabet, kolesterol, tansiyon, gut, siroz, kronik b\u00f6brek yetmezli\u011fi ve koroner arter hastalar\u0131n\u0131n bayramda beslenmeye dikkat etmesi gerekti\u011fini bildirdi.<\/p>\n<p>Do\u011fan, yapt\u0131\u011f\u0131 yaz\u0131l\u0131 a\u00e7\u0131klamada, Kurban Bayram\u0131\u2019nda k\u0131rm\u0131z\u0131 et ile tatl\u0131, \u015feker ve tuz t\u00fcketiminin artt\u0131\u011f\u0131na dikkati \u00e7ekti.<\/p>\n<p>Kronik hastalar\u0131n bu d\u00f6nemde kendi doktorlar\u0131n\u0131n tavsiyelerini eksiksiz yerine getirmeleri gerekti\u011fini belirten Do\u011fan, \u201cDiyabet, kolesterol, tansiyon, gut, siroz, kronik b\u00f6brek yetmezli\u011fi ve koroner arter gibi kronik hastal\u0131\u011f\u0131 olan hastalar\u0131m\u0131z\u0131n, sabahlar\u0131 mutlaka hafif, bol ye\u015fillikli bir kahvalt\u0131 yapmalar\u0131n\u0131 tavsiye ediyorum. Sofralarda ya\u011fs\u0131z k\u0131rm\u0131z\u0131 et tercih etmeliler ve mutlaka sabah \u00f6\u011f\u00fcn\u00fcnden ba\u015flayarak ila\u00e7lar\u0131n\u0131 doz atlamadan kullanmalar\u0131n\u0131 \u00f6nermekteyiz. A\u015f\u0131r\u0131 et t\u00fcketiminden ka\u00e7\u0131nmak gerekir. Gut hastal\u0131\u011f\u0131 olan hastalar\u0131m\u0131z\u0131n mutlaka doktor \u00f6nerilerinde tavsiye edilen miktarda et t\u00fcketimine dikkat etmeleri gerekmektedir.\u201d ifadelerini kulland\u0131.<\/p>\n<p>-\u201cKurban eti ve tuz birlikteli\u011fine \u00e7ok dikkat etmek gerekiyor\u201d<\/p>\n<p>Bayram dolay\u0131s\u0131yla a\u015f\u0131r\u0131 tuz t\u00fcketimine dikkat \u00e7eken Do\u011fan, \u201cDoktorumuz taraf\u0131ndan aksi bir \u00f6neri bulunmad\u0131\u011f\u0131 m\u00fcddet\u00e7e bir \u00e7ay ka\u015f\u0131\u011f\u0131 yani g\u00fcnde ortalama 5-6 gram tuz t\u00fcketimi \u00f6nerilmektedir. A\u015f\u0131r\u0131 tuz t\u00fcketimi, tansiyon y\u00fcksekli\u011fi ve kalp yetmezli\u011fini alevlendirebilmekte, bu da bayram\u0131 g\u00fczel ge\u00e7irmek yerine acil servislere ba\u015fvurulmas\u0131na sebep olabilmektedir. Bu y\u00fczden hasta ve hasta yak\u0131nlar\u0131m\u0131za \u0131srarc\u0131 olmamak gerekmekte ve diyetleri a\u00e7\u0131s\u0131ndan te\u015fvik edici olmakta fayda vard\u0131r.\u201d de\u011ferlendirmesinde bulundu.<\/p>\n<p>Kurban etinin en az 24 saat bekletildikten sonra t\u00fcketilmesi gerekti\u011finin alt\u0131n\u0131 \u00e7izen Do\u011fan, \u015funlar\u0131 kaydetti:<\/p>\n<p>\u201c\u00d6l\u00fcm kat\u0131l\u0131\u011f\u0131 ger\u00e7ekle\u015fti\u011fi i\u00e7in kesilen hayvan\u0131n etlerinin 24 saat dinlendirildikten sonra t\u00fcketilmesi gerekmektedir. Bu t\u00fcketilmelere ba\u011fl\u0131 olarak hastalar\u0131m\u0131zda haz\u0131ms\u0131zl\u0131k, \u015fi\u015fkinlik, kab\u0131zl\u0131k veya ishal gibi sindirim sorunlar\u0131yla kar\u015f\u0131la\u015fmaktay\u0131z. Mide, ba\u011f\u0131rsak sorunu ya\u015fayan hastalar\u0131m\u0131z\u0131n, kesilen kurban etlerini 24 saat dinlendirdikten sonra t\u00fcketmelerini \u00f6nermekteyiz. Bu s\u00fcre\u00e7te kurban eti ve tuz birlikteli\u011fine \u00e7ok dikkat etmek gerekiyor.\u201d<\/p>\n<p>Bayram dolay\u0131s\u0131yla ikramlar\u0131n bol oldu\u011funu ancak hastalar\u0131n diyetlerini bozmamalar\u0131 gerekti\u011finin vurgulayan Do\u011fan, \u201cDiyabet hastalar\u0131m\u0131z\u0131n unlu mamuller, \u015feker, \u00e7ikolata gibi glisemik indeksi y\u00fcksek \u00fcr\u00fcnleri kullanmalar\u0131 kan \u015fekerlerinde ani dalgalanmalara; halk deyimiyle \u015feker komas\u0131na sebebiyet verebilmekte. Bu y\u00fczden diyetlerine m\u00fcmk\u00fcn olduk\u00e7a uymalar\u0131 \u00f6nerilmektedir. Mevsim meyveleri ya da s\u00fct ve s\u00fct \u00fcr\u00fcnleriyle yap\u0131lm\u0131\u015f tatl\u0131lar\u0131 t\u00fcketmelerini \u00f6nermekteyiz.\u201d uyar\u0131s\u0131nda bulundu.<\/p>\n<p>Do\u011fan, hava s\u0131cakl\u0131klar\u0131n\u0131n da y\u00fckseldi\u011fine dikkati \u00e7ekerek vatanda\u015flara g\u00fcnde 8-10 bardak su t\u00fcketmelerini \u00f6nerdi.<\/p>\n<\/p><\/div>\n<p><script async\n                    defer\n                    crossorigin=\"anonymous\"\n                    src=\"https:\/\/connect.facebook.net\/tr_TR\/sdk.js#xfbml=1&#038;version=v3.3\"\n            ><\/script><\/p>\n","protected":false},"excerpt":{"rendered":"<p>Hitit \u00dcniversitesi T\u0131p Fak\u00fcltesi \u0130\u00e7 Hastal\u0131klar\u0131 Ana Bilim Dal\u0131 \u00d6\u011fretim \u00dcyesi Do\u00e7. Dr. Murat Do\u011fan, diyabet, kolesterol, tansiyon, gut, siroz, kronik b\u00f6brek yetmezli\u011fi ve koroner arter hastalar\u0131n\u0131n bayramda beslenmeye dikkat etmesi gerekti\u011fini bildirdi. Do\u011fan, yapt\u0131\u011f\u0131 yaz\u0131l\u0131 a\u00e7\u0131klamada, Kurban Bayram\u0131\u2019nda k\u0131rm\u0131z\u0131 et ile tatl\u0131, \u015feker ve tuz t\u00fcketiminin artt\u0131\u011f\u0131na dikkati \u00e7ekti. Kronik hastalar\u0131n bu d\u00f6nemde kendi<\/p>\n","protected":false},"author":1,"featured_media":9392,"comment_status":"open","ping_status":"open","sticky":false,"template":"","format":"standard","meta":{"footnotes":""},"categories":[84],"tags":[],"class_list":["post-9391","post","type-post","status-publish","format-standard","has-post-thumbnail","hentry","category-saglik"],"yoast_head":"<!-- This site is optimized with the Yoast SEO plugin v28.4 - https:\/\/yoast.com\/product\/yoast-seo-wordpress\/ -->\n<title>Kronik hastal\u0131\u011f\u0131 bulunanlara bayramda beslenme uyar\u0131s\u0131 -<\/title>\n<meta name=\"robots\" content=\"index, follow, max-snippet:-1, max-image-preview:large, max-video-preview:-1\" \/>\n<link rel=\"canonical\" href=\"https:\/\/kibrisdakik.com\/?p=9391\" \/>\n<meta property=\"og:locale\" content=\"tr_TR\" \/>\n<meta property=\"og:type\" content=\"article\" \/>\n<meta property=\"og:title\" content=\"Kronik hastal\u0131\u011f\u0131 bulunanlara bayramda beslenme uyar\u0131s\u0131 -\" \/>\n<meta property=\"og:description\" content=\"Hitit \u00dcniversitesi T\u0131p Fak\u00fcltesi \u0130\u00e7 Hastal\u0131klar\u0131 Ana Bilim Dal\u0131 \u00d6\u011fretim \u00dcyesi Do\u00e7. Dr. Murat Do\u011fan, diyabet, kolesterol, tansiyon, gut, siroz, kronik b\u00f6brek yetmezli\u011fi ve koroner arter hastalar\u0131n\u0131n bayramda beslenmeye dikkat etmesi gerekti\u011fini bildirdi. Do\u011fan, yapt\u0131\u011f\u0131 yaz\u0131l\u0131 a\u00e7\u0131klamada, Kurban Bayram\u0131\u2019nda k\u0131rm\u0131z\u0131 et ile tatl\u0131, \u015feker ve tuz t\u00fcketiminin artt\u0131\u011f\u0131na dikkati \u00e7ekti. Kronik hastalar\u0131n bu d\u00f6nemde kendi\" \/>\n<meta property=\"og:url\" content=\"https:\/\/kibrisdakik.com\/?p=9391\" \/>\n<meta property=\"article:published_time\" content=\"2023-06-25T14:35:14+00:00\" \/>\n<meta property=\"og:image\" content=\"https:\/\/kibrisdakik.com\/wp-content\/uploads\/2023\/06\/821x464-kronik-rahatsizligi-bulunanlara-bayramda-beslenme-uyarisi-1687683590398-740x420.jpg\" \/>\n\t<meta property=\"og:image:width\" content=\"821\" \/>\n\t<meta property=\"og:image:height\" content=\"464\" \/>\n\t<meta property=\"og:image:type\" content=\"image\/jpeg\" \/>\n<meta name=\"author\" content=\"admin\" \/>\n<meta name=\"twitter:card\" content=\"summary_large_image\" \/>\n<meta name=\"twitter:label1\" content=\"Yazan:\" \/>\n\t<meta name=\"twitter:data1\" content=\"admin\" \/>\n\t<meta name=\"twitter:label2\" content=\"Tahmini okuma s\u00fcresi\" \/>\n\t<meta name=\"twitter:data2\" content=\"2 dakika\" \/>\n<script type=\"application\/ld+json\" class=\"yoast-schema-graph\">{\"@context\":\"https:\\\/\\\/schema.org\",\"@graph\":[{\"@type\":\"Article\",\"@id\":\"https:\\\/\\\/kibrisdakik.com\\\/?p=9391#article\",\"isPartOf\":{\"@id\":\"https:\\\/\\\/kibrisdakik.com\\\/?p=9391\"},\"author\":{\"name\":\"admin\",\"@id\":\"https:\\\/\\\/kibrisdakik.com\\\/#\\\/schema\\\/person\\\/9cd9d437bbb44f72b73ba127e06d8e79\"},\"headline\":\"Kronik hastal\u0131\u011f\u0131 bulunanlara bayramda beslenme uyar\u0131s\u0131\",\"datePublished\":\"2023-06-25T14:35:14+00:00\",\"mainEntityOfPage\":{\"@id\":\"https:\\\/\\\/kibrisdakik.com\\\/?p=9391\"},\"wordCount\":486,\"commentCount\":0,\"publisher\":{\"@id\":\"https:\\\/\\\/kibrisdakik.com\\\/#organization\"},\"image\":{\"@id\":\"https:\\\/\\\/kibrisdakik.com\\\/?p=9391#primaryimage\"},\"thumbnailUrl\":\"https:\\\/\\\/kibrisdakik.com\\\/wp-content\\\/uploads\\\/2023\\\/06\\\/821x464-kronik-rahatsizligi-bulunanlara-bayramda-beslenme-uyarisi-1687683590398-740x420.jpg\",\"articleSection\":[\"Sa\u011fl\u0131k\"],\"inLanguage\":\"tr\",\"potentialAction\":[{\"@type\":\"CommentAction\",\"name\":\"Comment\",\"target\":[\"https:\\\/\\\/kibrisdakik.com\\\/?p=9391#respond\"]}]},{\"@type\":\"WebPage\",\"@id\":\"https:\\\/\\\/kibrisdakik.com\\\/?p=9391\",\"url\":\"https:\\\/\\\/kibrisdakik.com\\\/?p=9391\",\"name\":\"Kronik hastal\u0131\u011f\u0131 bulunanlara bayramda beslenme uyar\u0131s\u0131 -\",\"isPartOf\":{\"@id\":\"https:\\\/\\\/kibrisdakik.com\\\/#website\"},\"primaryImageOfPage\":{\"@id\":\"https:\\\/\\\/kibrisdakik.com\\\/?p=9391#primaryimage\"},\"image\":{\"@id\":\"https:\\\/\\\/kibrisdakik.com\\\/?p=9391#primaryimage\"},\"thumbnailUrl\":\"https:\\\/\\\/kibrisdakik.com\\\/wp-content\\\/uploads\\\/2023\\\/06\\\/821x464-kronik-rahatsizligi-bulunanlara-bayramda-beslenme-uyarisi-1687683590398-740x420.jpg\",\"datePublished\":\"2023-06-25T14:35:14+00:00\",\"breadcrumb\":{\"@id\":\"https:\\\/\\\/kibrisdakik.com\\\/?p=9391#breadcrumb\"},\"inLanguage\":\"tr\",\"potentialAction\":[{\"@type\":\"ReadAction\",\"target\":[\"https:\\\/\\\/kibrisdakik.com\\\/?p=9391\"]}]},{\"@type\":\"ImageObject\",\"inLanguage\":\"tr\",\"@id\":\"https:\\\/\\\/kibrisdakik.com\\\/?p=9391#primaryimage\",\"url\":\"https:\\\/\\\/kibrisdakik.com\\\/wp-content\\\/uploads\\\/2023\\\/06\\\/821x464-kronik-rahatsizligi-bulunanlara-bayramda-beslenme-uyarisi-1687683590398-740x420.jpg\",\"contentUrl\":\"https:\\\/\\\/kibrisdakik.com\\\/wp-content\\\/uploads\\\/2023\\\/06\\\/821x464-kronik-rahatsizligi-bulunanlara-bayramda-beslenme-uyarisi-1687683590398-740x420.jpg\",\"width\":821,\"height\":464},{\"@type\":\"BreadcrumbList\",\"@id\":\"https:\\\/\\\/kibrisdakik.com\\\/?p=9391#breadcrumb\",\"itemListElement\":[{\"@type\":\"ListItem\",\"position\":1,\"name\":\"Home\",\"item\":\"https:\\\/\\\/kibrisdakik.com\\\/\"},{\"@type\":\"ListItem\",\"position\":2,\"name\":\"Kronik hastal\u0131\u011f\u0131 bulunanlara bayramda beslenme uyar\u0131s\u0131\"}]},{\"@type\":\"WebSite\",\"@id\":\"https:\\\/\\\/kibrisdakik.com\\\/#website\",\"url\":\"https:\\\/\\\/kibrisdakik.com\\\/\",\"name\":\"K\u0131br\u0131s Dakik\",\"description\":\"Tam vaktinde haber\",\"publisher\":{\"@id\":\"https:\\\/\\\/kibrisdakik.com\\\/#organization\"},\"potentialAction\":[{\"@type\":\"SearchAction\",\"target\":{\"@type\":\"EntryPoint\",\"urlTemplate\":\"https:\\\/\\\/kibrisdakik.com\\\/?s={search_term_string}\"},\"query-input\":{\"@type\":\"PropertyValueSpecification\",\"valueRequired\":true,\"valueName\":\"search_term_string\"}}],\"inLanguage\":\"tr\"},{\"@type\":\"Organization\",\"@id\":\"https:\\\/\\\/kibrisdakik.com\\\/#organization\",\"name\":\"K\u0131br\u0131s Dakik\",\"url\":\"https:\\\/\\\/kibrisdakik.com\\\/\",\"logo\":{\"@type\":\"ImageObject\",\"inLanguage\":\"tr\",\"@id\":\"https:\\\/\\\/kibrisdakik.com\\\/#\\\/schema\\\/logo\\\/image\\\/\",\"url\":\"https:\\\/\\\/kibrisdakik.com\\\/wp-content\\\/uploads\\\/2025\\\/10\\\/cropped-WhatsApp-Image-2025-10-02-at-12.58.31.jpeg\",\"contentUrl\":\"https:\\\/\\\/kibrisdakik.com\\\/wp-content\\\/uploads\\\/2025\\\/10\\\/cropped-WhatsApp-Image-2025-10-02-at-12.58.31.jpeg\",\"width\":1237,\"height\":190,\"caption\":\"K\u0131br\u0131s Dakik\"},\"image\":{\"@id\":\"https:\\\/\\\/kibrisdakik.com\\\/#\\\/schema\\\/logo\\\/image\\\/\"}},{\"@type\":\"Person\",\"@id\":\"https:\\\/\\\/kibrisdakik.com\\\/#\\\/schema\\\/person\\\/9cd9d437bbb44f72b73ba127e06d8e79\",\"name\":\"admin\",\"image\":{\"@type\":\"ImageObject\",\"inLanguage\":\"tr\",\"@id\":\"https:\\\/\\\/secure.gravatar.com\\\/avatar\\\/ccc17943b9d660506c869530f897617f7cb1c21a4bf30023f252596d83e1f007?s=96&d=mm&r=g\",\"url\":\"https:\\\/\\\/secure.gravatar.com\\\/avatar\\\/ccc17943b9d660506c869530f897617f7cb1c21a4bf30023f252596d83e1f007?s=96&d=mm&r=g\",\"contentUrl\":\"https:\\\/\\\/secure.gravatar.com\\\/avatar\\\/ccc17943b9d660506c869530f897617f7cb1c21a4bf30023f252596d83e1f007?s=96&d=mm&r=g\",\"caption\":\"admin\"},\"sameAs\":[\"https:\\\/\\\/kibrisdakik.com\"],\"url\":\"https:\\\/\\\/kibrisdakik.com\\\/?author=1\"}]}<\/script>\n<!-- \/ Yoast SEO plugin. -->","yoast_head_json":{"title":"Kronik hastal\u0131\u011f\u0131 bulunanlara bayramda beslenme uyar\u0131s\u0131 -","robots":{"index":"index","follow":"follow","max-snippet":"max-snippet:-1","max-image-preview":"max-image-preview:large","max-video-preview":"max-video-preview:-1"},"canonical":"https:\/\/kibrisdakik.com\/?p=9391","og_locale":"tr_TR","og_type":"article","og_title":"Kronik hastal\u0131\u011f\u0131 bulunanlara bayramda beslenme uyar\u0131s\u0131 -","og_description":"Hitit \u00dcniversitesi T\u0131p Fak\u00fcltesi \u0130\u00e7 Hastal\u0131klar\u0131 Ana Bilim Dal\u0131 \u00d6\u011fretim \u00dcyesi Do\u00e7. Dr. Murat Do\u011fan, diyabet, kolesterol, tansiyon, gut, siroz, kronik b\u00f6brek yetmezli\u011fi ve koroner arter hastalar\u0131n\u0131n bayramda beslenmeye dikkat etmesi gerekti\u011fini bildirdi. Do\u011fan, yapt\u0131\u011f\u0131 yaz\u0131l\u0131 a\u00e7\u0131klamada, Kurban Bayram\u0131\u2019nda k\u0131rm\u0131z\u0131 et ile tatl\u0131, \u015feker ve tuz t\u00fcketiminin artt\u0131\u011f\u0131na dikkati \u00e7ekti. Kronik hastalar\u0131n bu d\u00f6nemde kendi","og_url":"https:\/\/kibrisdakik.com\/?p=9391","article_published_time":"2023-06-25T14:35:14+00:00","og_image":[{"width":821,"height":464,"url":"https:\/\/kibrisdakik.com\/wp-content\/uploads\/2023\/06\/821x464-kronik-rahatsizligi-bulunanlara-bayramda-beslenme-uyarisi-1687683590398-740x420.jpg","type":"image\/jpeg"}],"author":"admin","twitter_card":"summary_large_image","twitter_misc":{"Yazan:":"admin","Tahmini okuma s\u00fcresi":"2 dakika"},"schema":{"@context":"https:\/\/schema.org","@graph":[{"@type":"Article","@id":"https:\/\/kibrisdakik.com\/?p=9391#article","isPartOf":{"@id":"https:\/\/kibrisdakik.com\/?p=9391"},"author":{"name":"admin","@id":"https:\/\/kibrisdakik.com\/#\/schema\/person\/9cd9d437bbb44f72b73ba127e06d8e79"},"headline":"Kronik hastal\u0131\u011f\u0131 bulunanlara bayramda beslenme uyar\u0131s\u0131","datePublished":"2023-06-25T14:35:14+00:00","mainEntityOfPage":{"@id":"https:\/\/kibrisdakik.com\/?p=9391"},"wordCount":486,"commentCount":0,"publisher":{"@id":"https:\/\/kibrisdakik.com\/#organization"},"image":{"@id":"https:\/\/kibrisdakik.com\/?p=9391#primaryimage"},"thumbnailUrl":"https:\/\/kibrisdakik.com\/wp-content\/uploads\/2023\/06\/821x464-kronik-rahatsizligi-bulunanlara-bayramda-beslenme-uyarisi-1687683590398-740x420.jpg","articleSection":["Sa\u011fl\u0131k"],"inLanguage":"tr","potentialAction":[{"@type":"CommentAction","name":"Comment","target":["https:\/\/kibrisdakik.com\/?p=9391#respond"]}]},{"@type":"WebPage","@id":"https:\/\/kibrisdakik.com\/?p=9391","url":"https:\/\/kibrisdakik.com\/?p=9391","name":"Kronik hastal\u0131\u011f\u0131 bulunanlara bayramda beslenme uyar\u0131s\u0131 -","isPartOf":{"@id":"https:\/\/kibrisdakik.com\/#website"},"primaryImageOfPage":{"@id":"https:\/\/kibrisdakik.com\/?p=9391#primaryimage"},"image":{"@id":"https:\/\/kibrisdakik.com\/?p=9391#primaryimage"},"thumbnailUrl":"https:\/\/kibrisdakik.com\/wp-content\/uploads\/2023\/06\/821x464-kronik-rahatsizligi-bulunanlara-bayramda-beslenme-uyarisi-1687683590398-740x420.jpg","datePublished":"2023-06-25T14:35:14+00:00","breadcrumb":{"@id":"https:\/\/kibrisdakik.com\/?p=9391#breadcrumb"},"inLanguage":"tr","potentialAction":[{"@type":"ReadAction","target":["https:\/\/kibrisdakik.com\/?p=9391"]}]},{"@type":"ImageObject","inLanguage":"tr","@id":"https:\/\/kibrisdakik.com\/?p=9391#primaryimage","url":"https:\/\/kibrisdakik.com\/wp-content\/uploads\/2023\/06\/821x464-kronik-rahatsizligi-bulunanlara-bayramda-beslenme-uyarisi-1687683590398-740x420.jpg","contentUrl":"https:\/\/kibrisdakik.com\/wp-content\/uploads\/2023\/06\/821x464-kronik-rahatsizligi-bulunanlara-bayramda-beslenme-uyarisi-1687683590398-740x420.jpg","width":821,"height":464},{"@type":"BreadcrumbList","@id":"https:\/\/kibrisdakik.com\/?p=9391#breadcrumb","itemListElement":[{"@type":"ListItem","position":1,"name":"Home","item":"https:\/\/kibrisdakik.com\/"},{"@type":"ListItem","position":2,"name":"Kronik hastal\u0131\u011f\u0131 bulunanlara bayramda beslenme uyar\u0131s\u0131"}]},{"@type":"WebSite","@id":"https:\/\/kibrisdakik.com\/#website","url":"https:\/\/kibrisdakik.com\/","name":"K\u0131br\u0131s Dakik","description":"Tam vaktinde haber","publisher":{"@id":"https:\/\/kibrisdakik.com\/#organization"},"potentialAction":[{"@type":"SearchAction","target":{"@type":"EntryPoint","urlTemplate":"https:\/\/kibrisdakik.com\/?s={search_term_string}"},"query-input":{"@type":"PropertyValueSpecification","valueRequired":true,"valueName":"search_term_string"}}],"inLanguage":"tr"},{"@type":"Organization","@id":"https:\/\/kibrisdakik.com\/#organization","name":"K\u0131br\u0131s Dakik","url":"https:\/\/kibrisdakik.com\/","logo":{"@type":"ImageObject","inLanguage":"tr","@id":"https:\/\/kibrisdakik.com\/#\/schema\/logo\/image\/","url":"https:\/\/kibrisdakik.com\/wp-content\/uploads\/2025\/10\/cropped-WhatsApp-Image-2025-10-02-at-12.58.31.jpeg","contentUrl":"https:\/\/kibrisdakik.com\/wp-content\/uploads\/2025\/10\/cropped-WhatsApp-Image-2025-10-02-at-12.58.31.jpeg","width":1237,"height":190,"caption":"K\u0131br\u0131s Dakik"},"image":{"@id":"https:\/\/kibrisdakik.com\/#\/schema\/logo\/image\/"}},{"@type":"Person","@id":"https:\/\/kibrisdakik.com\/#\/schema\/person\/9cd9d437bbb44f72b73ba127e06d8e79","name":"admin","image":{"@type":"ImageObject","inLanguage":"tr","@id":"https:\/\/secure.gravatar.com\/avatar\/ccc17943b9d660506c869530f897617f7cb1c21a4bf30023f252596d83e1f007?s=96&d=mm&r=g","url":"https:\/\/secure.gravatar.com\/avatar\/ccc17943b9d660506c869530f897617f7cb1c21a4bf30023f252596d83e1f007?s=96&d=mm&r=g","contentUrl":"https:\/\/secure.gravatar.com\/avatar\/ccc17943b9d660506c869530f897617f7cb1c21a4bf30023f252596d83e1f007?s=96&d=mm&r=g","caption":"admin"},"sameAs":["https:\/\/kibrisdakik.com"],"url":"https:\/\/kibrisdakik.com\/?author=1"}]}},"_links":{"self":[{"href":"https:\/\/kibrisdakik.com\/index.php?rest_route=\/wp\/v2\/posts\/9391","targetHints":{"allow":["GET"]}}],"collection":[{"href":"https:\/\/kibrisdakik.com\/index.php?rest_route=\/wp\/v2\/posts"}],"about":[{"href":"https:\/\/kibrisdakik.com\/index.php?rest_route=\/wp\/v2\/types\/post"}],"author":[{"embeddable":true,"href":"https:\/\/kibrisdakik.com\/index.php?rest_route=\/wp\/v2\/users\/1"}],"replies":[{"embeddable":true,"href":"https:\/\/kibrisdakik.com\/index.php?rest_route=%2Fwp%2Fv2%2Fcomments&post=9391"}],"version-history":[{"count":0,"href":"https:\/\/kibrisdakik.com\/index.php?rest_route=\/wp\/v2\/posts\/9391\/revisions"}],"wp:featuredmedia":[{"embeddable":true,"href":"https:\/\/kibrisdakik.com\/index.php?rest_route=\/wp\/v2\/media\/9392"}],"wp:attachment":[{"href":"https:\/\/kibrisdakik.com\/index.php?rest_route=%2Fwp%2Fv2%2Fmedia&parent=9391"}],"wp:term":[{"taxonomy":"category","embeddable":true,"href":"https:\/\/kibrisdakik.com\/index.php?rest_route=%2Fwp%2Fv2%2Fcategories&post=9391"},{"taxonomy":"post_tag","embeddable":true,"href":"https:\/\/kibrisdakik.com\/index.php?rest_route=%2Fwp%2Fv2%2Ftags&post=9391"}],"curies":[{"name":"wp","href":"https:\/\/api.w.org\/{rel}","templated":true}]}}