{"id":9395,"date":"2023-06-25T15:45:23","date_gmt":"2023-06-25T15:45:23","guid":{"rendered":"https:\/\/kibrisdakik.com\/index.php\/2023\/06\/25\/secime-katilim-orani-yuzde-30-58\/"},"modified":"2023-06-25T15:45:23","modified_gmt":"2023-06-25T15:45:23","slug":"secime-katilim-orani-yuzde-30-58","status":"publish","type":"post","link":"https:\/\/kibrisdakik.com\/?p=9395","title":{"rendered":"Se\u00e7ime kat\u0131l\u0131m oran\u0131 y\u00fczde 30.58"},"content":{"rendered":"<p><\/p>\n<div>\n<div class=\"mariselle-image-container center\">\n                <img width=\"823\" height=\"551\" class=\"lazy-image\" alt=\"\" decoding=\"async\" loading=\"lazy\" sizes=\"auto, (max-width: 823px) 100vw, 823px\" src=\"https:\/\/brtk.net\/wp-content\/uploads\/2023\/06\/25\/narinnnnn.jpg?ver=e8968557650afe19628df35ad861ab96\" srcset=\"https:\/\/brtk.net\/wp-content\/uploads\/2023\/06\/25\/narinnnnn.jpg?ver=e8968557650afe19628df35ad861ab96 823w, https:\/\/brtk.net\/wp-content\/uploads\/2023\/06\/25\/narinnnnn-300x201.jpg?ver=e8968557650afe19628df35ad861ab96 300w, https:\/\/brtk.net\/wp-content\/uploads\/2023\/06\/25\/narinnnnn-768x514.jpg?ver=e8968557650afe19628df35ad861ab96 768w\"\/>                            <\/div>\n<p>\u00a0\u00a0\u00a0\u00a0\u00a0\u00a0\u00a0 K\u0131br\u0131s T\u00fcrk halk\u0131 bug\u00fcn sand\u0131k ba\u015f\u0131na gitti. Se\u00e7ime kat\u0131l\u0131m oran\u0131 \u00fclke genelinde y\u00fczde 30.58 olarak a\u00e7\u0131kland\u0131.<\/p>\n<p>\u00a0\u00a0\u00a0\u00a0\u00a0\u00a0\u00a0 Y\u00fcksek Se\u00e7im Kurulu Ba\u015fkan\u0131 Narin Ferdi \u015eefik se\u00e7ime kat\u0131l\u0131m oran\u0131n\u0131 <a href=\"https:\/\/brtk.net\/\">BRT<\/a>\u2019ye a\u00e7\u0131klad\u0131.<\/p>\n<p>\u00a0\u00a0\u00a0\u00a0\u00a0\u00a0\u00a0 \u015eefik\u2019in a\u00e7\u0131klad\u0131\u011f\u0131 sonu\u00e7lara g\u00f6re, bir milletvekili ile bir muhtar\u0131n se\u00e7ilece\u011fi ve kat\u0131l\u0131m oran\u0131n\u0131n y\u00fczde \u00ad\u00ad\u00ad30.58 oldu\u011fu ara se\u00e7imle ilgili il\u00e7elerin verileri \u015f\u00f6yle:<\/p>\n<p>\u00a0\u00a0\u00a0\u00a0\u00a0\u00a0\u00a0 Lefko\u015fa y\u00fczde \u00a0\u00a0\u00a0\u00a0\u00a0\u00a0\u00a0\u00a0 \u00a027.8<\/p>\n<p>\u00a0\u00a0\u00a0\u00a0\u00a0\u00a0\u00a0 Gazima\u011fusa y\u00fczde \u00a0 \u00a025.78<\/p>\n<p>\u00a0\u00a0\u00a0\u00a0\u00a0\u00a0\u00a0 Girne y\u00fczde \u00a0\u00a0\u00a0\u00a0\u00a0\u00a0\u00a0\u00a0\u00a0\u00a0\u00a0 \u00a027.60<\/p>\n<p>\u00a0\u00a0\u00a0\u00a0\u00a0\u00a0\u00a0 G\u00fczelyurt \u00a0\u00a0\u00a0\u00a0\u00a0\u00a0\u00a0\u00a0\u00a0\u00a0\u00a0\u00a0\u00a0\u00a0\u00a0 30.09<\/p>\n<p>\u00a0\u00a0\u00a0\u00a0\u00a0\u00a0\u00a0 \u0130skele y\u00fczde \u00a0\u00a0\u00a0\u00a0\u00a0\u00a0\u00a0\u00a0\u00a0\u00a0\u00a0 32.73<\/p>\n<p>\u00a0\u00a0\u00a0\u00a0\u00a0\u00a0\u00a0 Lefke y\u00fczde \u00a0\u00a0\u00a0\u00a0\u00a0\u00a0\u00a0\u00a0\u00a0\u00a0\u00a0\u00a0 38.69<\/p>\n<\/p><\/div>\n<p><script async\n                    defer\n                    crossorigin=\"anonymous\"\n                    src=\"https:\/\/connect.facebook.net\/en_US\/sdk.js#xfbml=1&#038;version=v3.3\"\n            ><\/script><\/p>\n","protected":false},"excerpt":{"rendered":"<p>\u00a0\u00a0\u00a0\u00a0\u00a0\u00a0\u00a0 K\u0131br\u0131s T\u00fcrk halk\u0131 bug\u00fcn sand\u0131k ba\u015f\u0131na gitti. Se\u00e7ime kat\u0131l\u0131m oran\u0131 \u00fclke genelinde y\u00fczde 30.58 olarak a\u00e7\u0131kland\u0131. \u00a0\u00a0\u00a0\u00a0\u00a0\u00a0\u00a0 Y\u00fcksek Se\u00e7im Kurulu Ba\u015fkan\u0131 Narin Ferdi \u015eefik se\u00e7ime kat\u0131l\u0131m oran\u0131n\u0131 BRT\u2019ye a\u00e7\u0131klad\u0131. \u00a0\u00a0\u00a0\u00a0\u00a0\u00a0\u00a0 \u015eefik\u2019in a\u00e7\u0131klad\u0131\u011f\u0131 sonu\u00e7lara g\u00f6re, bir milletvekili ile bir muhtar\u0131n se\u00e7ilece\u011fi ve kat\u0131l\u0131m oran\u0131n\u0131n y\u00fczde \u00ad\u00ad\u00ad30.58 oldu\u011fu ara se\u00e7imle ilgili il\u00e7elerin verileri \u015f\u00f6yle: \u00a0\u00a0\u00a0\u00a0\u00a0\u00a0\u00a0 Lefko\u015fa<\/p>\n","protected":false},"author":1,"featured_media":9396,"comment_status":"open","ping_status":"open","sticky":false,"template":"","format":"standard","meta":{"footnotes":""},"categories":[1],"tags":[],"class_list":["post-9395","post","type-post","status-publish","format-standard","has-post-thumbnail","hentry","category-gundem"],"yoast_head":"<!-- This site is optimized with the Yoast SEO plugin v27.5 - https:\/\/yoast.com\/product\/yoast-seo-wordpress\/ -->\n<title>Se\u00e7ime kat\u0131l\u0131m oran\u0131 y\u00fczde 30.58 -<\/title>\n<meta name=\"robots\" content=\"index, follow, max-snippet:-1, max-image-preview:large, max-video-preview:-1\" \/>\n<link rel=\"canonical\" href=\"https:\/\/kibrisdakik.com\/?p=9395\" \/>\n<meta property=\"og:locale\" content=\"tr_TR\" \/>\n<meta property=\"og:type\" content=\"article\" \/>\n<meta property=\"og:title\" content=\"Se\u00e7ime kat\u0131l\u0131m oran\u0131 y\u00fczde 30.58 -\" \/>\n<meta property=\"og:description\" content=\"\u00a0\u00a0\u00a0\u00a0\u00a0\u00a0\u00a0 K\u0131br\u0131s T\u00fcrk halk\u0131 bug\u00fcn sand\u0131k ba\u015f\u0131na gitti. Se\u00e7ime kat\u0131l\u0131m oran\u0131 \u00fclke genelinde y\u00fczde 30.58 olarak a\u00e7\u0131kland\u0131. \u00a0\u00a0\u00a0\u00a0\u00a0\u00a0\u00a0 Y\u00fcksek Se\u00e7im Kurulu Ba\u015fkan\u0131 Narin Ferdi \u015eefik se\u00e7ime kat\u0131l\u0131m oran\u0131n\u0131 BRT\u2019ye a\u00e7\u0131klad\u0131. \u00a0\u00a0\u00a0\u00a0\u00a0\u00a0\u00a0 \u015eefik\u2019in a\u00e7\u0131klad\u0131\u011f\u0131 sonu\u00e7lara g\u00f6re, bir milletvekili ile bir muhtar\u0131n se\u00e7ilece\u011fi ve kat\u0131l\u0131m oran\u0131n\u0131n y\u00fczde \u00ad\u00ad\u00ad30.58 oldu\u011fu ara se\u00e7imle ilgili il\u00e7elerin verileri \u015f\u00f6yle: \u00a0\u00a0\u00a0\u00a0\u00a0\u00a0\u00a0 Lefko\u015fa\" \/>\n<meta property=\"og:url\" content=\"https:\/\/kibrisdakik.com\/?p=9395\" \/>\n<meta property=\"article:published_time\" content=\"2023-06-25T15:45:23+00:00\" \/>\n<meta property=\"og:image\" content=\"https:\/\/kibrisdakik.com\/wp-content\/uploads\/2023\/06\/narinnnnn-740x420.jpg\" \/>\n\t<meta property=\"og:image:width\" content=\"823\" \/>\n\t<meta property=\"og:image:height\" content=\"551\" \/>\n\t<meta property=\"og:image:type\" content=\"image\/jpeg\" \/>\n<meta name=\"author\" content=\"admin\" \/>\n<meta name=\"twitter:card\" content=\"summary_large_image\" \/>\n<meta name=\"twitter:label1\" content=\"Yazan:\" \/>\n\t<meta name=\"twitter:data1\" content=\"admin\" \/>\n\t<meta name=\"twitter:label2\" content=\"Tahmini okuma s\u00fcresi\" \/>\n\t<meta name=\"twitter:data2\" content=\"1 dakika\" \/>\n<script type=\"application\/ld+json\" class=\"yoast-schema-graph\">{\"@context\":\"https:\\\/\\\/schema.org\",\"@graph\":[{\"@type\":\"Article\",\"@id\":\"https:\\\/\\\/kibrisdakik.com\\\/?p=9395#article\",\"isPartOf\":{\"@id\":\"https:\\\/\\\/kibrisdakik.com\\\/?p=9395\"},\"author\":{\"name\":\"admin\",\"@id\":\"https:\\\/\\\/kibrisdakik.com\\\/#\\\/schema\\\/person\\\/9cd9d437bbb44f72b73ba127e06d8e79\"},\"headline\":\"Se\u00e7ime kat\u0131l\u0131m oran\u0131 y\u00fczde 30.58\",\"datePublished\":\"2023-06-25T15:45:23+00:00\",\"mainEntityOfPage\":{\"@id\":\"https:\\\/\\\/kibrisdakik.com\\\/?p=9395\"},\"wordCount\":110,\"commentCount\":0,\"image\":{\"@id\":\"https:\\\/\\\/kibrisdakik.com\\\/?p=9395#primaryimage\"},\"thumbnailUrl\":\"https:\\\/\\\/kibrisdakik.com\\\/wp-content\\\/uploads\\\/2023\\\/06\\\/narinnnnn-740x420.jpg\",\"articleSection\":[\"G\u00fcndem\"],\"inLanguage\":\"tr\",\"potentialAction\":[{\"@type\":\"CommentAction\",\"name\":\"Comment\",\"target\":[\"https:\\\/\\\/kibrisdakik.com\\\/?p=9395#respond\"]}]},{\"@type\":\"WebPage\",\"@id\":\"https:\\\/\\\/kibrisdakik.com\\\/?p=9395\",\"url\":\"https:\\\/\\\/kibrisdakik.com\\\/?p=9395\",\"name\":\"Se\u00e7ime kat\u0131l\u0131m oran\u0131 y\u00fczde 30.58 -\",\"isPartOf\":{\"@id\":\"https:\\\/\\\/kibrisdakik.com\\\/#website\"},\"primaryImageOfPage\":{\"@id\":\"https:\\\/\\\/kibrisdakik.com\\\/?p=9395#primaryimage\"},\"image\":{\"@id\":\"https:\\\/\\\/kibrisdakik.com\\\/?p=9395#primaryimage\"},\"thumbnailUrl\":\"https:\\\/\\\/kibrisdakik.com\\\/wp-content\\\/uploads\\\/2023\\\/06\\\/narinnnnn-740x420.jpg\",\"datePublished\":\"2023-06-25T15:45:23+00:00\",\"author\":{\"@id\":\"https:\\\/\\\/kibrisdakik.com\\\/#\\\/schema\\\/person\\\/9cd9d437bbb44f72b73ba127e06d8e79\"},\"breadcrumb\":{\"@id\":\"https:\\\/\\\/kibrisdakik.com\\\/?p=9395#breadcrumb\"},\"inLanguage\":\"tr\",\"potentialAction\":[{\"@type\":\"ReadAction\",\"target\":[\"https:\\\/\\\/kibrisdakik.com\\\/?p=9395\"]}]},{\"@type\":\"ImageObject\",\"inLanguage\":\"tr\",\"@id\":\"https:\\\/\\\/kibrisdakik.com\\\/?p=9395#primaryimage\",\"url\":\"https:\\\/\\\/kibrisdakik.com\\\/wp-content\\\/uploads\\\/2023\\\/06\\\/narinnnnn-740x420.jpg\",\"contentUrl\":\"https:\\\/\\\/kibrisdakik.com\\\/wp-content\\\/uploads\\\/2023\\\/06\\\/narinnnnn-740x420.jpg\",\"width\":823,\"height\":551},{\"@type\":\"BreadcrumbList\",\"@id\":\"https:\\\/\\\/kibrisdakik.com\\\/?p=9395#breadcrumb\",\"itemListElement\":[{\"@type\":\"ListItem\",\"position\":1,\"name\":\"Home\",\"item\":\"https:\\\/\\\/kibrisdakik.com\\\/\"},{\"@type\":\"ListItem\",\"position\":2,\"name\":\"Se\u00e7ime kat\u0131l\u0131m oran\u0131 y\u00fczde 30.58\"}]},{\"@type\":\"WebSite\",\"@id\":\"https:\\\/\\\/kibrisdakik.com\\\/#website\",\"url\":\"https:\\\/\\\/kibrisdakik.com\\\/\",\"name\":\"\",\"description\":\"Tam vaktinde haber\",\"potentialAction\":[{\"@type\":\"SearchAction\",\"target\":{\"@type\":\"EntryPoint\",\"urlTemplate\":\"https:\\\/\\\/kibrisdakik.com\\\/?s={search_term_string}\"},\"query-input\":{\"@type\":\"PropertyValueSpecification\",\"valueRequired\":true,\"valueName\":\"search_term_string\"}}],\"inLanguage\":\"tr\"},{\"@type\":\"Person\",\"@id\":\"https:\\\/\\\/kibrisdakik.com\\\/#\\\/schema\\\/person\\\/9cd9d437bbb44f72b73ba127e06d8e79\",\"name\":\"admin\",\"image\":{\"@type\":\"ImageObject\",\"inLanguage\":\"tr\",\"@id\":\"https:\\\/\\\/secure.gravatar.com\\\/avatar\\\/ccc17943b9d660506c869530f897617f7cb1c21a4bf30023f252596d83e1f007?s=96&d=mm&r=g\",\"url\":\"https:\\\/\\\/secure.gravatar.com\\\/avatar\\\/ccc17943b9d660506c869530f897617f7cb1c21a4bf30023f252596d83e1f007?s=96&d=mm&r=g\",\"contentUrl\":\"https:\\\/\\\/secure.gravatar.com\\\/avatar\\\/ccc17943b9d660506c869530f897617f7cb1c21a4bf30023f252596d83e1f007?s=96&d=mm&r=g\",\"caption\":\"admin\"},\"sameAs\":[\"https:\\\/\\\/kibrisdakik.com\"],\"url\":\"https:\\\/\\\/kibrisdakik.com\\\/?author=1\"}]}<\/script>\n<!-- \/ Yoast SEO plugin. -->","yoast_head_json":{"title":"Se\u00e7ime kat\u0131l\u0131m oran\u0131 y\u00fczde 30.58 -","robots":{"index":"index","follow":"follow","max-snippet":"max-snippet:-1","max-image-preview":"max-image-preview:large","max-video-preview":"max-video-preview:-1"},"canonical":"https:\/\/kibrisdakik.com\/?p=9395","og_locale":"tr_TR","og_type":"article","og_title":"Se\u00e7ime kat\u0131l\u0131m oran\u0131 y\u00fczde 30.58 -","og_description":"\u00a0\u00a0\u00a0\u00a0\u00a0\u00a0\u00a0 K\u0131br\u0131s T\u00fcrk halk\u0131 bug\u00fcn sand\u0131k ba\u015f\u0131na gitti. Se\u00e7ime kat\u0131l\u0131m oran\u0131 \u00fclke genelinde y\u00fczde 30.58 olarak a\u00e7\u0131kland\u0131. \u00a0\u00a0\u00a0\u00a0\u00a0\u00a0\u00a0 Y\u00fcksek Se\u00e7im Kurulu Ba\u015fkan\u0131 Narin Ferdi \u015eefik se\u00e7ime kat\u0131l\u0131m oran\u0131n\u0131 BRT\u2019ye a\u00e7\u0131klad\u0131. \u00a0\u00a0\u00a0\u00a0\u00a0\u00a0\u00a0 \u015eefik\u2019in a\u00e7\u0131klad\u0131\u011f\u0131 sonu\u00e7lara g\u00f6re, bir milletvekili ile bir muhtar\u0131n se\u00e7ilece\u011fi ve kat\u0131l\u0131m oran\u0131n\u0131n y\u00fczde \u00ad\u00ad\u00ad30.58 oldu\u011fu ara se\u00e7imle ilgili il\u00e7elerin verileri \u015f\u00f6yle: \u00a0\u00a0\u00a0\u00a0\u00a0\u00a0\u00a0 Lefko\u015fa","og_url":"https:\/\/kibrisdakik.com\/?p=9395","article_published_time":"2023-06-25T15:45:23+00:00","og_image":[{"width":823,"height":551,"url":"https:\/\/kibrisdakik.com\/wp-content\/uploads\/2023\/06\/narinnnnn-740x420.jpg","type":"image\/jpeg"}],"author":"admin","twitter_card":"summary_large_image","twitter_misc":{"Yazan:":"admin","Tahmini okuma s\u00fcresi":"1 dakika"},"schema":{"@context":"https:\/\/schema.org","@graph":[{"@type":"Article","@id":"https:\/\/kibrisdakik.com\/?p=9395#article","isPartOf":{"@id":"https:\/\/kibrisdakik.com\/?p=9395"},"author":{"name":"admin","@id":"https:\/\/kibrisdakik.com\/#\/schema\/person\/9cd9d437bbb44f72b73ba127e06d8e79"},"headline":"Se\u00e7ime kat\u0131l\u0131m oran\u0131 y\u00fczde 30.58","datePublished":"2023-06-25T15:45:23+00:00","mainEntityOfPage":{"@id":"https:\/\/kibrisdakik.com\/?p=9395"},"wordCount":110,"commentCount":0,"image":{"@id":"https:\/\/kibrisdakik.com\/?p=9395#primaryimage"},"thumbnailUrl":"https:\/\/kibrisdakik.com\/wp-content\/uploads\/2023\/06\/narinnnnn-740x420.jpg","articleSection":["G\u00fcndem"],"inLanguage":"tr","potentialAction":[{"@type":"CommentAction","name":"Comment","target":["https:\/\/kibrisdakik.com\/?p=9395#respond"]}]},{"@type":"WebPage","@id":"https:\/\/kibrisdakik.com\/?p=9395","url":"https:\/\/kibrisdakik.com\/?p=9395","name":"Se\u00e7ime kat\u0131l\u0131m oran\u0131 y\u00fczde 30.58 -","isPartOf":{"@id":"https:\/\/kibrisdakik.com\/#website"},"primaryImageOfPage":{"@id":"https:\/\/kibrisdakik.com\/?p=9395#primaryimage"},"image":{"@id":"https:\/\/kibrisdakik.com\/?p=9395#primaryimage"},"thumbnailUrl":"https:\/\/kibrisdakik.com\/wp-content\/uploads\/2023\/06\/narinnnnn-740x420.jpg","datePublished":"2023-06-25T15:45:23+00:00","author":{"@id":"https:\/\/kibrisdakik.com\/#\/schema\/person\/9cd9d437bbb44f72b73ba127e06d8e79"},"breadcrumb":{"@id":"https:\/\/kibrisdakik.com\/?p=9395#breadcrumb"},"inLanguage":"tr","potentialAction":[{"@type":"ReadAction","target":["https:\/\/kibrisdakik.com\/?p=9395"]}]},{"@type":"ImageObject","inLanguage":"tr","@id":"https:\/\/kibrisdakik.com\/?p=9395#primaryimage","url":"https:\/\/kibrisdakik.com\/wp-content\/uploads\/2023\/06\/narinnnnn-740x420.jpg","contentUrl":"https:\/\/kibrisdakik.com\/wp-content\/uploads\/2023\/06\/narinnnnn-740x420.jpg","width":823,"height":551},{"@type":"BreadcrumbList","@id":"https:\/\/kibrisdakik.com\/?p=9395#breadcrumb","itemListElement":[{"@type":"ListItem","position":1,"name":"Home","item":"https:\/\/kibrisdakik.com\/"},{"@type":"ListItem","position":2,"name":"Se\u00e7ime kat\u0131l\u0131m oran\u0131 y\u00fczde 30.58"}]},{"@type":"WebSite","@id":"https:\/\/kibrisdakik.com\/#website","url":"https:\/\/kibrisdakik.com\/","name":"","description":"Tam vaktinde haber","potentialAction":[{"@type":"SearchAction","target":{"@type":"EntryPoint","urlTemplate":"https:\/\/kibrisdakik.com\/?s={search_term_string}"},"query-input":{"@type":"PropertyValueSpecification","valueRequired":true,"valueName":"search_term_string"}}],"inLanguage":"tr"},{"@type":"Person","@id":"https:\/\/kibrisdakik.com\/#\/schema\/person\/9cd9d437bbb44f72b73ba127e06d8e79","name":"admin","image":{"@type":"ImageObject","inLanguage":"tr","@id":"https:\/\/secure.gravatar.com\/avatar\/ccc17943b9d660506c869530f897617f7cb1c21a4bf30023f252596d83e1f007?s=96&d=mm&r=g","url":"https:\/\/secure.gravatar.com\/avatar\/ccc17943b9d660506c869530f897617f7cb1c21a4bf30023f252596d83e1f007?s=96&d=mm&r=g","contentUrl":"https:\/\/secure.gravatar.com\/avatar\/ccc17943b9d660506c869530f897617f7cb1c21a4bf30023f252596d83e1f007?s=96&d=mm&r=g","caption":"admin"},"sameAs":["https:\/\/kibrisdakik.com"],"url":"https:\/\/kibrisdakik.com\/?author=1"}]}},"_links":{"self":[{"href":"https:\/\/kibrisdakik.com\/index.php?rest_route=\/wp\/v2\/posts\/9395","targetHints":{"allow":["GET"]}}],"collection":[{"href":"https:\/\/kibrisdakik.com\/index.php?rest_route=\/wp\/v2\/posts"}],"about":[{"href":"https:\/\/kibrisdakik.com\/index.php?rest_route=\/wp\/v2\/types\/post"}],"author":[{"embeddable":true,"href":"https:\/\/kibrisdakik.com\/index.php?rest_route=\/wp\/v2\/users\/1"}],"replies":[{"embeddable":true,"href":"https:\/\/kibrisdakik.com\/index.php?rest_route=%2Fwp%2Fv2%2Fcomments&post=9395"}],"version-history":[{"count":0,"href":"https:\/\/kibrisdakik.com\/index.php?rest_route=\/wp\/v2\/posts\/9395\/revisions"}],"wp:featuredmedia":[{"embeddable":true,"href":"https:\/\/kibrisdakik.com\/index.php?rest_route=\/wp\/v2\/media\/9396"}],"wp:attachment":[{"href":"https:\/\/kibrisdakik.com\/index.php?rest_route=%2Fwp%2Fv2%2Fmedia&parent=9395"}],"wp:term":[{"taxonomy":"category","embeddable":true,"href":"https:\/\/kibrisdakik.com\/index.php?rest_route=%2Fwp%2Fv2%2Fcategories&post=9395"},{"taxonomy":"post_tag","embeddable":true,"href":"https:\/\/kibrisdakik.com\/index.php?rest_route=%2Fwp%2Fv2%2Ftags&post=9395"}],"curies":[{"name":"wp","href":"https:\/\/api.w.org\/{rel}","templated":true}]}}