{"id":94093,"date":"2025-09-30T10:42:19","date_gmt":"2025-09-30T07:42:19","guid":{"rendered":"https:\/\/kibrisdakik.com\/index.php\/2025\/09\/30\/tedescolu-fenerbahce-trabzonsporu-tek-golle-gecti\/"},"modified":"2025-09-30T10:42:19","modified_gmt":"2025-09-30T07:42:19","slug":"tedescolu-fenerbahce-trabzonsporu-tek-golle-gecti","status":"publish","type":"post","link":"https:\/\/kibrisdakik.com\/?p=94093","title":{"rendered":"Tedescolu Fenerbah\u00e7e, Trabzonspor&#039;u tek golle ge\u00e7ti"},"content":{"rendered":"<p><\/p>\n<div class=\"news-content\">\n<p>\n\tKar\u015f\u0131la\u015fmaya bask\u0131l\u0131 ba\u015flayan Fenerbah\u00e7e, kapanan rakibi kar\u015f\u0131s\u0131nda net pozisyon \u00fcretmekte zorland\u0131.<\/p>\n<p>\n\tTrabzonspor, 19. dakikada Okay Yoku\u015flu&#8217;nun k\u0131rm\u0131z\u0131 kart g\u00f6rmesiyle 10 ki\u015fi kal\u0131nca Fenerbah\u00e7e bask\u0131s\u0131n\u0131 daha da art\u0131rd\u0131. S\u00f6z konusu bask\u0131 kar\u015f\u0131s\u0131nda savunmada iyi diren\u00e7 g\u00f6steren konuk ekip, net pozisyon vermedi. Sar\u0131-lacivertliler, arad\u0131\u011f\u0131 gol\u00fc 45. dakikada Youssef En-Nesyri&#8217;nin aya\u011f\u0131ndan buldu ve soyunma odas\u0131na 1-0 \u00fcst\u00fcn gitti.<\/p>\n<p>\n\t\u0130kinci yar\u0131da 10 ki\u015fi kalan rakibi kar\u015f\u0131s\u0131nda topun hakimiyetini elinde bulunduran sar\u0131-lacivertliler, fazla pozisyon bulamad\u0131\u011f\u0131 kar\u015f\u0131la\u015fmada sahadan 1-0 galip ayr\u0131ld\u0131.<\/p>\n<p>\n\tSar\u0131-lacivertliler, 4 ma\u00e7 sonunda puan\u0131n\u0131 10&#8217;a y\u00fckseltti.<\/p>\n<h2>\n\tTrabzonspor&#8217;un gol\u00fc VAR&#8217;dan d\u00f6nd\u00fc<\/h2>\n<p>\n\tTrabzonspor&#8217;un Paul Onuachu ile kaydetti\u011fi gol, VAR karar\u0131yla iptal edildi.<\/p>\n<p>\n\tMa\u00e7\u0131n 11. dakikas\u0131nda geli\u015fen atakta Onuachu&#8217;nun gol\u00fcyle konuk ekip \u00f6ne ge\u00e7erken hakem Ozan Erg\u00fcn, orta noktay\u0131 i\u015faret etti. VAR&#8217;dan gelen uyar\u0131 sonras\u0131nda pozisyonu incelemeye giden Erg\u00fcn, faul gerek\u00e7esiyle gol\u00fc iptal etti.<\/p>\n<h2>\n\tAsensio ilk ma\u00e7\u0131na \u00e7\u0131kt\u0131<\/h2>\n<p>\n\tFenerbah\u00e7e&#8217;nin yeni transferi Marco Asensio, sar\u0131-lacivertli formayla ilk ma\u00e7\u0131na \u00e7\u0131kt\u0131.<\/p>\n<p>\n\tTecr\u00fcbeli oyuncu, m\u00fcsabakan\u0131n 83. dakikas\u0131nda Anderson Talisca&#8217;n\u0131n yerine oyuna dahil oldu.<\/p>\n<h2>\n\tEn-Nesyri 3. gol\u00fcne ula\u015ft\u0131<\/h2>\n<p>\n\tFenerbah\u00e7e&#8217;nin Fasl\u0131 santrforu Youssef En-Nesyri, ligde 3. gol\u00fcn\u00fc kaydetti.<\/p>\n<p>\n\tLigde G\u00f6ztepe ve Kocaelispor ma\u00e7lar\u0131n\u0131 bo\u015f ge\u00e7en 28 ya\u015f\u0131ndaki oyuncu, Gen\u00e7lerbirli\u011fi deplasman\u0131nda tak\u0131m\u0131na 2 golle katk\u0131 sa\u011flam\u0131\u015ft\u0131.<\/p>\n<\/p>\n<p><\/p>\n<p>\n\tTrabzonspor kar\u015f\u0131s\u0131nda da tak\u0131m\u0131n\u0131n tek gol\u00fcn\u00fc kaydeden En-Nesyri, ligde \u00fcst \u00fcste 2 hafta gol atarken, gol say\u0131s\u0131n\u0131 3&#8217;e ta\u015f\u0131d\u0131.<\/p>\n<h2>\n\tOkay Yoku\u015flu VAR&#8217;dan at\u0131ld\u0131<\/h2>\n<p>\n\tTrabzonsporlu oyuncu Okay Yoku\u015flu, VAR&#8217;dan gelen uyar\u0131 sonras\u0131nda oyundan ihra\u00e7 edildi.<\/p>\n<p>\n\tKar\u015f\u0131la\u015fman\u0131n 17. dakikas\u0131nda ya\u015fanan pozisyonda Kerem Akt\u00fcrko\u011flu&#8217;na sert m\u00fcdahalede bulunan Okay, ma\u00e7\u0131n hakeminden sar\u0131 kart g\u00f6rd\u00fc.<\/p>\n<p>\n\tVAR&#8217;dan gelen uyar\u0131yla pozisyonu izlemeye giden hakem Ozan Erg\u00fcn, Okay&#8217;a 19. dakikada k\u0131rm\u0131z\u0131 kart g\u00f6sterdi.<\/p>\n<div class=\"news-tags\">\n<div class=\"title\">ET\u0130KETLER<\/div>\n<div class=\"tags\">\n                                                                            Fenerbah\u00e7e<br \/>\n                                                                            S\u00fcper Lig<br \/>\n                                                                            Trabzonspor\n                                                                    <\/div>\n<\/p><\/div>\n<\/p><\/div>\n","protected":false},"excerpt":{"rendered":"<p>Kar\u015f\u0131la\u015fmaya bask\u0131l\u0131 ba\u015flayan Fenerbah\u00e7e, kapanan rakibi kar\u015f\u0131s\u0131nda net pozisyon \u00fcretmekte zorland\u0131. Trabzonspor, 19. dakikada Okay Yoku\u015flu&#8217;nun k\u0131rm\u0131z\u0131 kart g\u00f6rmesiyle 10 ki\u015fi kal\u0131nca Fenerbah\u00e7e bask\u0131s\u0131n\u0131 daha da art\u0131rd\u0131. S\u00f6z konusu bask\u0131 kar\u015f\u0131s\u0131nda savunmada iyi diren\u00e7 g\u00f6steren konuk ekip, net pozisyon vermedi. Sar\u0131-lacivertliler, arad\u0131\u011f\u0131 gol\u00fc 45. dakikada Youssef En-Nesyri&#8217;nin aya\u011f\u0131ndan buldu ve soyunma odas\u0131na 1-0 \u00fcst\u00fcn gitti.<\/p>\n","protected":false},"author":1,"featured_media":94094,"comment_status":"open","ping_status":"open","sticky":false,"template":"","format":"standard","meta":{"footnotes":""},"categories":[85],"tags":[],"class_list":["post-94093","post","type-post","status-publish","format-standard","has-post-thumbnail","hentry","category-spor"],"yoast_head":"<!-- This site is optimized with the Yoast SEO plugin v27.4 - https:\/\/yoast.com\/product\/yoast-seo-wordpress\/ -->\n<title>Tedescolu Fenerbah\u00e7e, Trabzonspor&#039;u tek golle ge\u00e7ti -<\/title>\n<meta name=\"robots\" content=\"index, follow, max-snippet:-1, max-image-preview:large, max-video-preview:-1\" \/>\n<link rel=\"canonical\" href=\"https:\/\/kibrisdakik.com\/?p=94093\" \/>\n<meta property=\"og:locale\" content=\"tr_TR\" \/>\n<meta property=\"og:type\" content=\"article\" \/>\n<meta property=\"og:title\" content=\"Tedescolu Fenerbah\u00e7e, Trabzonspor&#039;u tek golle ge\u00e7ti -\" \/>\n<meta property=\"og:description\" content=\"Kar\u015f\u0131la\u015fmaya bask\u0131l\u0131 ba\u015flayan Fenerbah\u00e7e, kapanan rakibi kar\u015f\u0131s\u0131nda net pozisyon \u00fcretmekte zorland\u0131. Trabzonspor, 19. dakikada Okay Yoku\u015flu&#8217;nun k\u0131rm\u0131z\u0131 kart g\u00f6rmesiyle 10 ki\u015fi kal\u0131nca Fenerbah\u00e7e bask\u0131s\u0131n\u0131 daha da art\u0131rd\u0131. S\u00f6z konusu bask\u0131 kar\u015f\u0131s\u0131nda savunmada iyi diren\u00e7 g\u00f6steren konuk ekip, net pozisyon vermedi. Sar\u0131-lacivertliler, arad\u0131\u011f\u0131 gol\u00fc 45. dakikada Youssef En-Nesyri&#8217;nin aya\u011f\u0131ndan buldu ve soyunma odas\u0131na 1-0 \u00fcst\u00fcn gitti.\" \/>\n<meta property=\"og:url\" content=\"https:\/\/kibrisdakik.com\/?p=94093\" \/>\n<meta property=\"article:published_time\" content=\"2025-09-30T07:42:19+00:00\" \/>\n<meta property=\"og:image\" content=\"https:\/\/kibrisdakik.com\/wp-content\/uploads\/2025\/09\/fenerbahce-aa-2397632.jpg\" \/>\n\t<meta property=\"og:image:width\" content=\"1280\" \/>\n\t<meta property=\"og:image:height\" content=\"720\" \/>\n\t<meta property=\"og:image:type\" content=\"image\/jpeg\" \/>\n<meta name=\"author\" content=\"admin\" \/>\n<meta name=\"twitter:card\" content=\"summary_large_image\" \/>\n<meta name=\"twitter:label1\" content=\"Yazan:\" \/>\n\t<meta name=\"twitter:data1\" content=\"admin\" \/>\n\t<meta name=\"twitter:label2\" content=\"Tahmini okuma s\u00fcresi\" \/>\n\t<meta name=\"twitter:data2\" content=\"2 dakika\" \/>\n<script type=\"application\/ld+json\" class=\"yoast-schema-graph\">{\"@context\":\"https:\\\/\\\/schema.org\",\"@graph\":[{\"@type\":\"Article\",\"@id\":\"https:\\\/\\\/kibrisdakik.com\\\/?p=94093#article\",\"isPartOf\":{\"@id\":\"https:\\\/\\\/kibrisdakik.com\\\/?p=94093\"},\"author\":{\"name\":\"admin\",\"@id\":\"https:\\\/\\\/kibrisdakik.com\\\/#\\\/schema\\\/person\\\/9cd9d437bbb44f72b73ba127e06d8e79\"},\"headline\":\"Tedescolu Fenerbah\u00e7e, Trabzonspor&#039;u tek golle ge\u00e7ti\",\"datePublished\":\"2025-09-30T07:42:19+00:00\",\"mainEntityOfPage\":{\"@id\":\"https:\\\/\\\/kibrisdakik.com\\\/?p=94093\"},\"wordCount\":352,\"commentCount\":0,\"image\":{\"@id\":\"https:\\\/\\\/kibrisdakik.com\\\/?p=94093#primaryimage\"},\"thumbnailUrl\":\"https:\\\/\\\/kibrisdakik.com\\\/wp-content\\\/uploads\\\/2025\\\/09\\\/fenerbahce-aa-2397632.jpg\",\"articleSection\":[\"Spor\"],\"inLanguage\":\"tr\",\"potentialAction\":[{\"@type\":\"CommentAction\",\"name\":\"Comment\",\"target\":[\"https:\\\/\\\/kibrisdakik.com\\\/?p=94093#respond\"]}]},{\"@type\":\"WebPage\",\"@id\":\"https:\\\/\\\/kibrisdakik.com\\\/?p=94093\",\"url\":\"https:\\\/\\\/kibrisdakik.com\\\/?p=94093\",\"name\":\"Tedescolu Fenerbah\u00e7e, Trabzonspor&#039;u tek golle ge\u00e7ti -\",\"isPartOf\":{\"@id\":\"https:\\\/\\\/kibrisdakik.com\\\/#website\"},\"primaryImageOfPage\":{\"@id\":\"https:\\\/\\\/kibrisdakik.com\\\/?p=94093#primaryimage\"},\"image\":{\"@id\":\"https:\\\/\\\/kibrisdakik.com\\\/?p=94093#primaryimage\"},\"thumbnailUrl\":\"https:\\\/\\\/kibrisdakik.com\\\/wp-content\\\/uploads\\\/2025\\\/09\\\/fenerbahce-aa-2397632.jpg\",\"datePublished\":\"2025-09-30T07:42:19+00:00\",\"author\":{\"@id\":\"https:\\\/\\\/kibrisdakik.com\\\/#\\\/schema\\\/person\\\/9cd9d437bbb44f72b73ba127e06d8e79\"},\"breadcrumb\":{\"@id\":\"https:\\\/\\\/kibrisdakik.com\\\/?p=94093#breadcrumb\"},\"inLanguage\":\"tr\",\"potentialAction\":[{\"@type\":\"ReadAction\",\"target\":[\"https:\\\/\\\/kibrisdakik.com\\\/?p=94093\"]}]},{\"@type\":\"ImageObject\",\"inLanguage\":\"tr\",\"@id\":\"https:\\\/\\\/kibrisdakik.com\\\/?p=94093#primaryimage\",\"url\":\"https:\\\/\\\/kibrisdakik.com\\\/wp-content\\\/uploads\\\/2025\\\/09\\\/fenerbahce-aa-2397632.jpg\",\"contentUrl\":\"https:\\\/\\\/kibrisdakik.com\\\/wp-content\\\/uploads\\\/2025\\\/09\\\/fenerbahce-aa-2397632.jpg\",\"width\":1280,\"height\":720},{\"@type\":\"BreadcrumbList\",\"@id\":\"https:\\\/\\\/kibrisdakik.com\\\/?p=94093#breadcrumb\",\"itemListElement\":[{\"@type\":\"ListItem\",\"position\":1,\"name\":\"Home\",\"item\":\"https:\\\/\\\/kibrisdakik.com\\\/\"},{\"@type\":\"ListItem\",\"position\":2,\"name\":\"Tedescolu Fenerbah\u00e7e, Trabzonspor&#039;u tek golle ge\u00e7ti\"}]},{\"@type\":\"WebSite\",\"@id\":\"https:\\\/\\\/kibrisdakik.com\\\/#website\",\"url\":\"https:\\\/\\\/kibrisdakik.com\\\/\",\"name\":\"\",\"description\":\"Tam vaktinde haber\",\"potentialAction\":[{\"@type\":\"SearchAction\",\"target\":{\"@type\":\"EntryPoint\",\"urlTemplate\":\"https:\\\/\\\/kibrisdakik.com\\\/?s={search_term_string}\"},\"query-input\":{\"@type\":\"PropertyValueSpecification\",\"valueRequired\":true,\"valueName\":\"search_term_string\"}}],\"inLanguage\":\"tr\"},{\"@type\":\"Person\",\"@id\":\"https:\\\/\\\/kibrisdakik.com\\\/#\\\/schema\\\/person\\\/9cd9d437bbb44f72b73ba127e06d8e79\",\"name\":\"admin\",\"image\":{\"@type\":\"ImageObject\",\"inLanguage\":\"tr\",\"@id\":\"https:\\\/\\\/secure.gravatar.com\\\/avatar\\\/ccc17943b9d660506c869530f897617f7cb1c21a4bf30023f252596d83e1f007?s=96&d=mm&r=g\",\"url\":\"https:\\\/\\\/secure.gravatar.com\\\/avatar\\\/ccc17943b9d660506c869530f897617f7cb1c21a4bf30023f252596d83e1f007?s=96&d=mm&r=g\",\"contentUrl\":\"https:\\\/\\\/secure.gravatar.com\\\/avatar\\\/ccc17943b9d660506c869530f897617f7cb1c21a4bf30023f252596d83e1f007?s=96&d=mm&r=g\",\"caption\":\"admin\"},\"sameAs\":[\"https:\\\/\\\/kibrisdakik.com\"],\"url\":\"https:\\\/\\\/kibrisdakik.com\\\/?author=1\"}]}<\/script>\n<!-- \/ Yoast SEO plugin. -->","yoast_head_json":{"title":"Tedescolu Fenerbah\u00e7e, Trabzonspor&#039;u tek golle ge\u00e7ti -","robots":{"index":"index","follow":"follow","max-snippet":"max-snippet:-1","max-image-preview":"max-image-preview:large","max-video-preview":"max-video-preview:-1"},"canonical":"https:\/\/kibrisdakik.com\/?p=94093","og_locale":"tr_TR","og_type":"article","og_title":"Tedescolu Fenerbah\u00e7e, Trabzonspor&#039;u tek golle ge\u00e7ti -","og_description":"Kar\u015f\u0131la\u015fmaya bask\u0131l\u0131 ba\u015flayan Fenerbah\u00e7e, kapanan rakibi kar\u015f\u0131s\u0131nda net pozisyon \u00fcretmekte zorland\u0131. Trabzonspor, 19. dakikada Okay Yoku\u015flu&#8217;nun k\u0131rm\u0131z\u0131 kart g\u00f6rmesiyle 10 ki\u015fi kal\u0131nca Fenerbah\u00e7e bask\u0131s\u0131n\u0131 daha da art\u0131rd\u0131. S\u00f6z konusu bask\u0131 kar\u015f\u0131s\u0131nda savunmada iyi diren\u00e7 g\u00f6steren konuk ekip, net pozisyon vermedi. Sar\u0131-lacivertliler, arad\u0131\u011f\u0131 gol\u00fc 45. dakikada Youssef En-Nesyri&#8217;nin aya\u011f\u0131ndan buldu ve soyunma odas\u0131na 1-0 \u00fcst\u00fcn gitti.","og_url":"https:\/\/kibrisdakik.com\/?p=94093","article_published_time":"2025-09-30T07:42:19+00:00","og_image":[{"width":1280,"height":720,"url":"https:\/\/kibrisdakik.com\/wp-content\/uploads\/2025\/09\/fenerbahce-aa-2397632.jpg","type":"image\/jpeg"}],"author":"admin","twitter_card":"summary_large_image","twitter_misc":{"Yazan:":"admin","Tahmini okuma s\u00fcresi":"2 dakika"},"schema":{"@context":"https:\/\/schema.org","@graph":[{"@type":"Article","@id":"https:\/\/kibrisdakik.com\/?p=94093#article","isPartOf":{"@id":"https:\/\/kibrisdakik.com\/?p=94093"},"author":{"name":"admin","@id":"https:\/\/kibrisdakik.com\/#\/schema\/person\/9cd9d437bbb44f72b73ba127e06d8e79"},"headline":"Tedescolu Fenerbah\u00e7e, Trabzonspor&#039;u tek golle ge\u00e7ti","datePublished":"2025-09-30T07:42:19+00:00","mainEntityOfPage":{"@id":"https:\/\/kibrisdakik.com\/?p=94093"},"wordCount":352,"commentCount":0,"image":{"@id":"https:\/\/kibrisdakik.com\/?p=94093#primaryimage"},"thumbnailUrl":"https:\/\/kibrisdakik.com\/wp-content\/uploads\/2025\/09\/fenerbahce-aa-2397632.jpg","articleSection":["Spor"],"inLanguage":"tr","potentialAction":[{"@type":"CommentAction","name":"Comment","target":["https:\/\/kibrisdakik.com\/?p=94093#respond"]}]},{"@type":"WebPage","@id":"https:\/\/kibrisdakik.com\/?p=94093","url":"https:\/\/kibrisdakik.com\/?p=94093","name":"Tedescolu Fenerbah\u00e7e, Trabzonspor&#039;u tek golle ge\u00e7ti -","isPartOf":{"@id":"https:\/\/kibrisdakik.com\/#website"},"primaryImageOfPage":{"@id":"https:\/\/kibrisdakik.com\/?p=94093#primaryimage"},"image":{"@id":"https:\/\/kibrisdakik.com\/?p=94093#primaryimage"},"thumbnailUrl":"https:\/\/kibrisdakik.com\/wp-content\/uploads\/2025\/09\/fenerbahce-aa-2397632.jpg","datePublished":"2025-09-30T07:42:19+00:00","author":{"@id":"https:\/\/kibrisdakik.com\/#\/schema\/person\/9cd9d437bbb44f72b73ba127e06d8e79"},"breadcrumb":{"@id":"https:\/\/kibrisdakik.com\/?p=94093#breadcrumb"},"inLanguage":"tr","potentialAction":[{"@type":"ReadAction","target":["https:\/\/kibrisdakik.com\/?p=94093"]}]},{"@type":"ImageObject","inLanguage":"tr","@id":"https:\/\/kibrisdakik.com\/?p=94093#primaryimage","url":"https:\/\/kibrisdakik.com\/wp-content\/uploads\/2025\/09\/fenerbahce-aa-2397632.jpg","contentUrl":"https:\/\/kibrisdakik.com\/wp-content\/uploads\/2025\/09\/fenerbahce-aa-2397632.jpg","width":1280,"height":720},{"@type":"BreadcrumbList","@id":"https:\/\/kibrisdakik.com\/?p=94093#breadcrumb","itemListElement":[{"@type":"ListItem","position":1,"name":"Home","item":"https:\/\/kibrisdakik.com\/"},{"@type":"ListItem","position":2,"name":"Tedescolu Fenerbah\u00e7e, Trabzonspor&#039;u tek golle ge\u00e7ti"}]},{"@type":"WebSite","@id":"https:\/\/kibrisdakik.com\/#website","url":"https:\/\/kibrisdakik.com\/","name":"","description":"Tam vaktinde haber","potentialAction":[{"@type":"SearchAction","target":{"@type":"EntryPoint","urlTemplate":"https:\/\/kibrisdakik.com\/?s={search_term_string}"},"query-input":{"@type":"PropertyValueSpecification","valueRequired":true,"valueName":"search_term_string"}}],"inLanguage":"tr"},{"@type":"Person","@id":"https:\/\/kibrisdakik.com\/#\/schema\/person\/9cd9d437bbb44f72b73ba127e06d8e79","name":"admin","image":{"@type":"ImageObject","inLanguage":"tr","@id":"https:\/\/secure.gravatar.com\/avatar\/ccc17943b9d660506c869530f897617f7cb1c21a4bf30023f252596d83e1f007?s=96&d=mm&r=g","url":"https:\/\/secure.gravatar.com\/avatar\/ccc17943b9d660506c869530f897617f7cb1c21a4bf30023f252596d83e1f007?s=96&d=mm&r=g","contentUrl":"https:\/\/secure.gravatar.com\/avatar\/ccc17943b9d660506c869530f897617f7cb1c21a4bf30023f252596d83e1f007?s=96&d=mm&r=g","caption":"admin"},"sameAs":["https:\/\/kibrisdakik.com"],"url":"https:\/\/kibrisdakik.com\/?author=1"}]}},"_links":{"self":[{"href":"https:\/\/kibrisdakik.com\/index.php?rest_route=\/wp\/v2\/posts\/94093","targetHints":{"allow":["GET"]}}],"collection":[{"href":"https:\/\/kibrisdakik.com\/index.php?rest_route=\/wp\/v2\/posts"}],"about":[{"href":"https:\/\/kibrisdakik.com\/index.php?rest_route=\/wp\/v2\/types\/post"}],"author":[{"embeddable":true,"href":"https:\/\/kibrisdakik.com\/index.php?rest_route=\/wp\/v2\/users\/1"}],"replies":[{"embeddable":true,"href":"https:\/\/kibrisdakik.com\/index.php?rest_route=%2Fwp%2Fv2%2Fcomments&post=94093"}],"version-history":[{"count":0,"href":"https:\/\/kibrisdakik.com\/index.php?rest_route=\/wp\/v2\/posts\/94093\/revisions"}],"wp:featuredmedia":[{"embeddable":true,"href":"https:\/\/kibrisdakik.com\/index.php?rest_route=\/wp\/v2\/media\/94094"}],"wp:attachment":[{"href":"https:\/\/kibrisdakik.com\/index.php?rest_route=%2Fwp%2Fv2%2Fmedia&parent=94093"}],"wp:term":[{"taxonomy":"category","embeddable":true,"href":"https:\/\/kibrisdakik.com\/index.php?rest_route=%2Fwp%2Fv2%2Fcategories&post=94093"},{"taxonomy":"post_tag","embeddable":true,"href":"https:\/\/kibrisdakik.com\/index.php?rest_route=%2Fwp%2Fv2%2Ftags&post=94093"}],"curies":[{"name":"wp","href":"https:\/\/api.w.org\/{rel}","templated":true}]}}