{"id":94157,"date":"2025-09-30T13:27:15","date_gmt":"2025-09-30T10:27:15","guid":{"rendered":"https:\/\/kibrisdakik.com\/index.php\/2025\/09\/30\/telekomunikasyon-dairesinde-sendikalardan-uyari-grevi\/"},"modified":"2025-09-30T13:27:15","modified_gmt":"2025-09-30T10:27:15","slug":"telekomunikasyon-dairesinde-sendikalardan-uyari-grevi","status":"publish","type":"post","link":"https:\/\/kibrisdakik.com\/?p=94157","title":{"rendered":"TELEKOM\u00dcN\u0130KASYON DA\u0130RES\u0130\u2019NDE SEND\u0130KALARDAN UYARI GREV\u0130"},"content":{"rendered":"<p><\/p>\n<p>Telekom\u00fcnikasyon Dairesi\u2019nde \u00f6rg\u00fctl\u00fc sendikalar, \u201cfiber altyap\u0131yla ilgili imzaland\u0131\u011f\u0131 iddia edilen protokol hakk\u0131nda belirsizlikler ve kamuoyundan gizlenen uygulamalar oldu\u011fu&#8221; gerek\u00e7esiyle Telekom\u00fcnikasyon Dairesi&#8217;nde uyar\u0131 grevi yap\u0131yor.<\/p>\n<p>K\u0131br\u0131s T\u00fcrk Telekom\u00fcnikasyon Dairesi \u00c7al\u0131\u015fanlar\u0131 Sendikas\u0131 (Tel-Sen), K\u0131br\u0131s T\u00fcrk \u0130\u015f\u00e7i Sendikalar\u0131 Federasyonu (T\u00fcrk-Sen) Federasyonu\u2019na ba\u011fl\u0131 sendikalarla 08.00 \u2013 12.00 saatleri aras\u0131nda greve gitti.<\/p>\n<p>K\u0131br\u0131s T\u00fcrk Amme Memurlar\u0131 Sendikas\u0131 (KTAMS) ise 08.00-15.30 saatleri aras\u0131nda grevde olacak. Sendikalara ayr\u0131ca, H\u00fcr-\u0130\u015f ve Kamu-i\u015f de destek belirtti.<\/p>\n<p>Tel-Sen Y\u00f6netim Kurulu, saat 10.00 s\u0131ralar\u0131nda Telekom\u00fcnikasyon Dairesi\u2019nin ba\u011fl\u0131 oldu\u011fu Bay\u0131nd\u0131rl\u0131k ve Ula\u015ft\u0131rma Bakan\u0131 Erhan Ar\u0131kl\u0131\u2019yla g\u00f6r\u00fc\u015fme ger\u00e7ekle\u015ftirdi.<\/p>\n<p>Bu s\u0131rada, grevde olan daire \u00e7al\u0131\u015fanlar\u0131, sendikalar ve destek veren baz\u0131 birlikler Bakanl\u0131k \u00f6n\u00fcnde bir araya geldi. Sendikalar, Bakanl\u0131k giri\u015fine \u201c\u00d6leceksek \u00f6lece\u011fiz, sonuna kadar direnece\u011fiz\u201d yaz\u0131l\u0131 pankart ast\u0131. Eyleme destek veren \u0130nternet Servis Sa\u011flay\u0131c\u0131lar\u0131 Birli\u011fi de kendi pankartlar\u0131n\u0131 a\u00e7t\u0131.<\/p>\n<p>Yakla\u015f\u0131k yar\u0131m saat s\u00fcren g\u00f6r\u00fc\u015fmenin ard\u0131ndan Tel-Sen Ba\u015fkan\u0131 Hakan \u00dcredi, bas\u0131na a\u00e7\u0131klamalarda bulundu.<\/p>\n<p>\u2013 \u00dcredi: \u201cHalk\u0131n paras\u0131yla kimse Telekom\u00fcnikasyon Dairesi \u00fczerinden kirli i\u015fler y\u00fcr\u00fctemez\u201d<img loading=\"lazy\" decoding=\"async\" height=\"1367\" src=\"https:\/\/mhahabercom.teimg.com\/mhahaber-com\/uploads\/2025\/09\/1759222616477tel-sen-grev-ero-4.jpg\" width=\"2048\" \/><\/p>\n<p>\u00dcredi, bas\u0131na yapt\u0131\u011f\u0131 a\u00e7\u0131klamada, Bay\u0131nd\u0131rl\u0131k ve Ula\u015ft\u0131rma Bakan\u0131 Erhan Ar\u0131kl\u0131\u2019n\u0131n g\u00f6r\u00fc\u015fmede kendilerinden tekrardan bir araya gelmek \u00fczere 3-4 g\u00fcnl\u00fck m\u00fcsaade istedi\u011fini kaydetti.<\/p>\n<p>\u00dcredi, Bakan Ar\u0131kl\u0131\u2019dan protokol i\u00e7eri\u011fine ili\u015fkin \u00e7al\u0131\u015fmalar\u0131n devam etti\u011fi bilgisi ald\u0131klar\u0131n\u0131 belirterek, \u201cE\u011fer talep edilen s\u00fcrenin ard\u0131ndan herhangi bir tepki al\u0131nmazsa eylemlerimiz daha da \u015fiddetlenerek devam edecek.\u201d dedi.<\/p>\n<p>Bug\u00fcn yap\u0131lan grevin bir kap\u0131n\u0131n aralanmas\u0131n\u0131 sa\u011flamas\u0131ndan duydu\u011fu memnuniyeti ifade eden \u00dcredi, Ar\u0131kl\u0131 ile, ayr\u0131ca fiber konusundaki \u00e7al\u0131\u015fmalar\u0131 y\u00fcr\u00fctmek \u00fczere bir komitenin kurulmas\u0131 konusunda anla\u015ft\u0131klar\u0131n\u0131 belirtti.<img loading=\"lazy\" decoding=\"async\" height=\"1367\" src=\"https:\/\/mhahabercom.teimg.com\/mhahaber-com\/uploads\/2025\/09\/1759222616477tel-sen-grev-ero-3.jpg\" width=\"2048\" \/><\/p>\n<p>\u00dcredi, \u201cHalk\u0131n paras\u0131yla kimse Telekom\u00fcnikasyon Dairesi \u00fczerinden kirli i\u015fler y\u00fcr\u00fctemez. Buna ne Tel-Sen, ne de \u00fcyelerimiz, ne de \u00e7al\u0131\u015fanlar\u0131m\u0131z, ne de halk\u0131m\u0131z izin vermez, vermeyecektir.\u201d ifadelerini kulland\u0131.<\/p>\n<p>&#8211; B\u0131\u00e7akl\u0131: \u201cProtokol imzalanmadan \u00f6nce \u00e7al\u0131\u015fanlarla payla\u015f\u0131lmal\u0131, beraber de\u011ferlendirilmeli\u201d<\/p>\n<p>T\u00fcrk-Sen Genel Ba\u015fkan\u0131 Arslan B\u0131\u00e7akl\u0131 ise, fiber altyap\u0131ya ili\u015fkin yap\u0131lacak herhangi bir anla\u015fmada Telekom\u00fcnikasyon Dairesi \u00e7al\u0131\u015fanlar\u0131n\u0131n taraf oldu\u011funa dikkat \u00e7ekerek, \u201cSiz bir iyile\u015ftirme yapmak isteyebilirsiniz. Ancak bu iyile\u015ftirmede \u2018yanl\u0131\u015f\u2019 bir \u015fey yoksa bizimle payla\u015facaks\u0131n\u0131z.\u201d dedi.<\/p>\n<p>B\u0131\u00e7akl\u0131, herhangi bir protokol\u00fcn imzalanmas\u0131ndan \u00f6nce tasla\u011f\u0131n hukuk\u00e7ularla de\u011ferlendirilmesi gerekti\u011fini ifade ederek, \u201c\u00c7al\u0131\u015fanlar\u0131n haklar\u0131na zarar gelmeyece\u011fi\u201d ya da \u201cDaire\u2019nin faydas\u0131na olaca\u011f\u0131\u201d gibi s\u00f6zl\u00fc ifadelerin yeterli olmad\u0131\u011f\u0131n\u0131 dile getirdi.<img loading=\"lazy\" decoding=\"async\" height=\"1367\" src=\"https:\/\/mhahabercom.teimg.com\/mhahaber-com\/uploads\/2025\/09\/1759222616479tel-sen-grev-ero-7.jpg\" width=\"2048\" \/><\/p>\n<p>Protokol\u00fcn imzalanmas\u0131n\u0131n ard\u0131ndan \u00e7a\u011fr\u0131lmalar\u0131n\u0131 asla kabul etmeyeceklerini s\u00f6yleyen B\u0131\u00e7akl\u0131, eylem yapma ve mahkemeye ba\u015fvurma haklar\u0131n\u0131n sakl\u0131 oldu\u011funu vurgulad\u0131.<\/p>\n<p>B\u0131\u00e7akl\u0131, \u201cM\u00fccadeleniz do\u011frudur. M\u00fccadeleden ka\u00e7mayaca\u011f\u0131z. Biz i\u015fyerlerimize ve \u00e7al\u0131\u015fanlar\u0131m\u0131za sahip \u00e7\u0131kmaya devam edece\u011fiz.\u201d dedi.<\/p>\n","protected":false},"excerpt":{"rendered":"<p>Telekom\u00fcnikasyon Dairesi\u2019nde \u00f6rg\u00fctl\u00fc sendikalar, \u201cfiber altyap\u0131yla ilgili imzaland\u0131\u011f\u0131 iddia edilen protokol hakk\u0131nda belirsizlikler ve kamuoyundan gizlenen uygulamalar oldu\u011fu&#8221; gerek\u00e7esiyle Telekom\u00fcnikasyon Dairesi&#8217;nde uyar\u0131 grevi yap\u0131yor. K\u0131br\u0131s T\u00fcrk Telekom\u00fcnikasyon Dairesi \u00c7al\u0131\u015fanlar\u0131 Sendikas\u0131 (Tel-Sen), K\u0131br\u0131s T\u00fcrk \u0130\u015f\u00e7i Sendikalar\u0131 Federasyonu (T\u00fcrk-Sen) Federasyonu\u2019na ba\u011fl\u0131 sendikalarla 08.00 \u2013 12.00 saatleri aras\u0131nda greve gitti. K\u0131br\u0131s T\u00fcrk Amme Memurlar\u0131 Sendikas\u0131 (KTAMS) ise 08.00-15.30<\/p>\n","protected":false},"author":1,"featured_media":94158,"comment_status":"open","ping_status":"open","sticky":false,"template":"","format":"standard","meta":{"footnotes":""},"categories":[81],"tags":[],"class_list":["post-94157","post","type-post","status-publish","format-standard","has-post-thumbnail","hentry","category-kibris"],"yoast_head":"<!-- This site is optimized with the Yoast SEO plugin v27.5 - https:\/\/yoast.com\/product\/yoast-seo-wordpress\/ -->\n<title>TELEKOM\u00dcN\u0130KASYON DA\u0130RES\u0130\u2019NDE SEND\u0130KALARDAN UYARI GREV\u0130 -<\/title>\n<meta name=\"robots\" content=\"index, follow, max-snippet:-1, max-image-preview:large, max-video-preview:-1\" \/>\n<link rel=\"canonical\" href=\"https:\/\/kibrisdakik.com\/?p=94157\" \/>\n<meta property=\"og:locale\" content=\"tr_TR\" \/>\n<meta property=\"og:type\" content=\"article\" \/>\n<meta property=\"og:title\" content=\"TELEKOM\u00dcN\u0130KASYON DA\u0130RES\u0130\u2019NDE SEND\u0130KALARDAN UYARI GREV\u0130 -\" \/>\n<meta property=\"og:description\" content=\"Telekom\u00fcnikasyon Dairesi\u2019nde \u00f6rg\u00fctl\u00fc sendikalar, \u201cfiber altyap\u0131yla ilgili imzaland\u0131\u011f\u0131 iddia edilen protokol hakk\u0131nda belirsizlikler ve kamuoyundan gizlenen uygulamalar oldu\u011fu&#8221; gerek\u00e7esiyle Telekom\u00fcnikasyon Dairesi&#8217;nde uyar\u0131 grevi yap\u0131yor. K\u0131br\u0131s T\u00fcrk Telekom\u00fcnikasyon Dairesi \u00c7al\u0131\u015fanlar\u0131 Sendikas\u0131 (Tel-Sen), K\u0131br\u0131s T\u00fcrk \u0130\u015f\u00e7i Sendikalar\u0131 Federasyonu (T\u00fcrk-Sen) Federasyonu\u2019na ba\u011fl\u0131 sendikalarla 08.00 \u2013 12.00 saatleri aras\u0131nda greve gitti. K\u0131br\u0131s T\u00fcrk Amme Memurlar\u0131 Sendikas\u0131 (KTAMS) ise 08.00-15.30\" \/>\n<meta property=\"og:url\" content=\"https:\/\/kibrisdakik.com\/?p=94157\" \/>\n<meta property=\"article:published_time\" content=\"2025-09-30T10:27:15+00:00\" \/>\n<meta property=\"og:image\" content=\"https:\/\/kibrisdakik.com\/wp-content\/uploads\/2025\/09\/mha-1189.png\" \/>\n\t<meta property=\"og:image:width\" content=\"1280\" \/>\n\t<meta property=\"og:image:height\" content=\"720\" \/>\n\t<meta property=\"og:image:type\" content=\"image\/png\" \/>\n<meta name=\"author\" content=\"admin\" \/>\n<meta name=\"twitter:card\" content=\"summary_large_image\" \/>\n<meta name=\"twitter:label1\" content=\"Yazan:\" \/>\n\t<meta name=\"twitter:data1\" content=\"admin\" \/>\n\t<meta name=\"twitter:label2\" content=\"Tahmini okuma s\u00fcresi\" \/>\n\t<meta name=\"twitter:data2\" content=\"3 dakika\" \/>\n<script type=\"application\/ld+json\" class=\"yoast-schema-graph\">{\"@context\":\"https:\\\/\\\/schema.org\",\"@graph\":[{\"@type\":\"Article\",\"@id\":\"https:\\\/\\\/kibrisdakik.com\\\/?p=94157#article\",\"isPartOf\":{\"@id\":\"https:\\\/\\\/kibrisdakik.com\\\/?p=94157\"},\"author\":{\"name\":\"admin\",\"@id\":\"https:\\\/\\\/kibrisdakik.com\\\/#\\\/schema\\\/person\\\/9cd9d437bbb44f72b73ba127e06d8e79\"},\"headline\":\"TELEKOM\u00dcN\u0130KASYON DA\u0130RES\u0130\u2019NDE SEND\u0130KALARDAN UYARI GREV\u0130\",\"datePublished\":\"2025-09-30T10:27:15+00:00\",\"mainEntityOfPage\":{\"@id\":\"https:\\\/\\\/kibrisdakik.com\\\/?p=94157\"},\"wordCount\":552,\"commentCount\":0,\"image\":{\"@id\":\"https:\\\/\\\/kibrisdakik.com\\\/?p=94157#primaryimage\"},\"thumbnailUrl\":\"https:\\\/\\\/kibrisdakik.com\\\/wp-content\\\/uploads\\\/2025\\\/09\\\/mha-1189.png\",\"articleSection\":[\"K\u0131br\u0131s\"],\"inLanguage\":\"tr\",\"potentialAction\":[{\"@type\":\"CommentAction\",\"name\":\"Comment\",\"target\":[\"https:\\\/\\\/kibrisdakik.com\\\/?p=94157#respond\"]}]},{\"@type\":\"WebPage\",\"@id\":\"https:\\\/\\\/kibrisdakik.com\\\/?p=94157\",\"url\":\"https:\\\/\\\/kibrisdakik.com\\\/?p=94157\",\"name\":\"TELEKOM\u00dcN\u0130KASYON DA\u0130RES\u0130\u2019NDE SEND\u0130KALARDAN UYARI GREV\u0130 -\",\"isPartOf\":{\"@id\":\"https:\\\/\\\/kibrisdakik.com\\\/#website\"},\"primaryImageOfPage\":{\"@id\":\"https:\\\/\\\/kibrisdakik.com\\\/?p=94157#primaryimage\"},\"image\":{\"@id\":\"https:\\\/\\\/kibrisdakik.com\\\/?p=94157#primaryimage\"},\"thumbnailUrl\":\"https:\\\/\\\/kibrisdakik.com\\\/wp-content\\\/uploads\\\/2025\\\/09\\\/mha-1189.png\",\"datePublished\":\"2025-09-30T10:27:15+00:00\",\"author\":{\"@id\":\"https:\\\/\\\/kibrisdakik.com\\\/#\\\/schema\\\/person\\\/9cd9d437bbb44f72b73ba127e06d8e79\"},\"breadcrumb\":{\"@id\":\"https:\\\/\\\/kibrisdakik.com\\\/?p=94157#breadcrumb\"},\"inLanguage\":\"tr\",\"potentialAction\":[{\"@type\":\"ReadAction\",\"target\":[\"https:\\\/\\\/kibrisdakik.com\\\/?p=94157\"]}]},{\"@type\":\"ImageObject\",\"inLanguage\":\"tr\",\"@id\":\"https:\\\/\\\/kibrisdakik.com\\\/?p=94157#primaryimage\",\"url\":\"https:\\\/\\\/kibrisdakik.com\\\/wp-content\\\/uploads\\\/2025\\\/09\\\/mha-1189.png\",\"contentUrl\":\"https:\\\/\\\/kibrisdakik.com\\\/wp-content\\\/uploads\\\/2025\\\/09\\\/mha-1189.png\",\"width\":1280,\"height\":720},{\"@type\":\"BreadcrumbList\",\"@id\":\"https:\\\/\\\/kibrisdakik.com\\\/?p=94157#breadcrumb\",\"itemListElement\":[{\"@type\":\"ListItem\",\"position\":1,\"name\":\"Home\",\"item\":\"https:\\\/\\\/kibrisdakik.com\\\/\"},{\"@type\":\"ListItem\",\"position\":2,\"name\":\"TELEKOM\u00dcN\u0130KASYON DA\u0130RES\u0130\u2019NDE SEND\u0130KALARDAN UYARI GREV\u0130\"}]},{\"@type\":\"WebSite\",\"@id\":\"https:\\\/\\\/kibrisdakik.com\\\/#website\",\"url\":\"https:\\\/\\\/kibrisdakik.com\\\/\",\"name\":\"\",\"description\":\"Tam vaktinde haber\",\"potentialAction\":[{\"@type\":\"SearchAction\",\"target\":{\"@type\":\"EntryPoint\",\"urlTemplate\":\"https:\\\/\\\/kibrisdakik.com\\\/?s={search_term_string}\"},\"query-input\":{\"@type\":\"PropertyValueSpecification\",\"valueRequired\":true,\"valueName\":\"search_term_string\"}}],\"inLanguage\":\"tr\"},{\"@type\":\"Person\",\"@id\":\"https:\\\/\\\/kibrisdakik.com\\\/#\\\/schema\\\/person\\\/9cd9d437bbb44f72b73ba127e06d8e79\",\"name\":\"admin\",\"image\":{\"@type\":\"ImageObject\",\"inLanguage\":\"tr\",\"@id\":\"https:\\\/\\\/secure.gravatar.com\\\/avatar\\\/ccc17943b9d660506c869530f897617f7cb1c21a4bf30023f252596d83e1f007?s=96&d=mm&r=g\",\"url\":\"https:\\\/\\\/secure.gravatar.com\\\/avatar\\\/ccc17943b9d660506c869530f897617f7cb1c21a4bf30023f252596d83e1f007?s=96&d=mm&r=g\",\"contentUrl\":\"https:\\\/\\\/secure.gravatar.com\\\/avatar\\\/ccc17943b9d660506c869530f897617f7cb1c21a4bf30023f252596d83e1f007?s=96&d=mm&r=g\",\"caption\":\"admin\"},\"sameAs\":[\"https:\\\/\\\/kibrisdakik.com\"],\"url\":\"https:\\\/\\\/kibrisdakik.com\\\/?author=1\"}]}<\/script>\n<!-- \/ Yoast SEO plugin. -->","yoast_head_json":{"title":"TELEKOM\u00dcN\u0130KASYON DA\u0130RES\u0130\u2019NDE SEND\u0130KALARDAN UYARI GREV\u0130 -","robots":{"index":"index","follow":"follow","max-snippet":"max-snippet:-1","max-image-preview":"max-image-preview:large","max-video-preview":"max-video-preview:-1"},"canonical":"https:\/\/kibrisdakik.com\/?p=94157","og_locale":"tr_TR","og_type":"article","og_title":"TELEKOM\u00dcN\u0130KASYON DA\u0130RES\u0130\u2019NDE SEND\u0130KALARDAN UYARI GREV\u0130 -","og_description":"Telekom\u00fcnikasyon Dairesi\u2019nde \u00f6rg\u00fctl\u00fc sendikalar, \u201cfiber altyap\u0131yla ilgili imzaland\u0131\u011f\u0131 iddia edilen protokol hakk\u0131nda belirsizlikler ve kamuoyundan gizlenen uygulamalar oldu\u011fu&#8221; gerek\u00e7esiyle Telekom\u00fcnikasyon Dairesi&#8217;nde uyar\u0131 grevi yap\u0131yor. K\u0131br\u0131s T\u00fcrk Telekom\u00fcnikasyon Dairesi \u00c7al\u0131\u015fanlar\u0131 Sendikas\u0131 (Tel-Sen), K\u0131br\u0131s T\u00fcrk \u0130\u015f\u00e7i Sendikalar\u0131 Federasyonu (T\u00fcrk-Sen) Federasyonu\u2019na ba\u011fl\u0131 sendikalarla 08.00 \u2013 12.00 saatleri aras\u0131nda greve gitti. K\u0131br\u0131s T\u00fcrk Amme Memurlar\u0131 Sendikas\u0131 (KTAMS) ise 08.00-15.30","og_url":"https:\/\/kibrisdakik.com\/?p=94157","article_published_time":"2025-09-30T10:27:15+00:00","og_image":[{"width":1280,"height":720,"url":"https:\/\/kibrisdakik.com\/wp-content\/uploads\/2025\/09\/mha-1189.png","type":"image\/png"}],"author":"admin","twitter_card":"summary_large_image","twitter_misc":{"Yazan:":"admin","Tahmini okuma s\u00fcresi":"3 dakika"},"schema":{"@context":"https:\/\/schema.org","@graph":[{"@type":"Article","@id":"https:\/\/kibrisdakik.com\/?p=94157#article","isPartOf":{"@id":"https:\/\/kibrisdakik.com\/?p=94157"},"author":{"name":"admin","@id":"https:\/\/kibrisdakik.com\/#\/schema\/person\/9cd9d437bbb44f72b73ba127e06d8e79"},"headline":"TELEKOM\u00dcN\u0130KASYON DA\u0130RES\u0130\u2019NDE SEND\u0130KALARDAN UYARI GREV\u0130","datePublished":"2025-09-30T10:27:15+00:00","mainEntityOfPage":{"@id":"https:\/\/kibrisdakik.com\/?p=94157"},"wordCount":552,"commentCount":0,"image":{"@id":"https:\/\/kibrisdakik.com\/?p=94157#primaryimage"},"thumbnailUrl":"https:\/\/kibrisdakik.com\/wp-content\/uploads\/2025\/09\/mha-1189.png","articleSection":["K\u0131br\u0131s"],"inLanguage":"tr","potentialAction":[{"@type":"CommentAction","name":"Comment","target":["https:\/\/kibrisdakik.com\/?p=94157#respond"]}]},{"@type":"WebPage","@id":"https:\/\/kibrisdakik.com\/?p=94157","url":"https:\/\/kibrisdakik.com\/?p=94157","name":"TELEKOM\u00dcN\u0130KASYON DA\u0130RES\u0130\u2019NDE SEND\u0130KALARDAN UYARI GREV\u0130 -","isPartOf":{"@id":"https:\/\/kibrisdakik.com\/#website"},"primaryImageOfPage":{"@id":"https:\/\/kibrisdakik.com\/?p=94157#primaryimage"},"image":{"@id":"https:\/\/kibrisdakik.com\/?p=94157#primaryimage"},"thumbnailUrl":"https:\/\/kibrisdakik.com\/wp-content\/uploads\/2025\/09\/mha-1189.png","datePublished":"2025-09-30T10:27:15+00:00","author":{"@id":"https:\/\/kibrisdakik.com\/#\/schema\/person\/9cd9d437bbb44f72b73ba127e06d8e79"},"breadcrumb":{"@id":"https:\/\/kibrisdakik.com\/?p=94157#breadcrumb"},"inLanguage":"tr","potentialAction":[{"@type":"ReadAction","target":["https:\/\/kibrisdakik.com\/?p=94157"]}]},{"@type":"ImageObject","inLanguage":"tr","@id":"https:\/\/kibrisdakik.com\/?p=94157#primaryimage","url":"https:\/\/kibrisdakik.com\/wp-content\/uploads\/2025\/09\/mha-1189.png","contentUrl":"https:\/\/kibrisdakik.com\/wp-content\/uploads\/2025\/09\/mha-1189.png","width":1280,"height":720},{"@type":"BreadcrumbList","@id":"https:\/\/kibrisdakik.com\/?p=94157#breadcrumb","itemListElement":[{"@type":"ListItem","position":1,"name":"Home","item":"https:\/\/kibrisdakik.com\/"},{"@type":"ListItem","position":2,"name":"TELEKOM\u00dcN\u0130KASYON DA\u0130RES\u0130\u2019NDE SEND\u0130KALARDAN UYARI GREV\u0130"}]},{"@type":"WebSite","@id":"https:\/\/kibrisdakik.com\/#website","url":"https:\/\/kibrisdakik.com\/","name":"","description":"Tam vaktinde haber","potentialAction":[{"@type":"SearchAction","target":{"@type":"EntryPoint","urlTemplate":"https:\/\/kibrisdakik.com\/?s={search_term_string}"},"query-input":{"@type":"PropertyValueSpecification","valueRequired":true,"valueName":"search_term_string"}}],"inLanguage":"tr"},{"@type":"Person","@id":"https:\/\/kibrisdakik.com\/#\/schema\/person\/9cd9d437bbb44f72b73ba127e06d8e79","name":"admin","image":{"@type":"ImageObject","inLanguage":"tr","@id":"https:\/\/secure.gravatar.com\/avatar\/ccc17943b9d660506c869530f897617f7cb1c21a4bf30023f252596d83e1f007?s=96&d=mm&r=g","url":"https:\/\/secure.gravatar.com\/avatar\/ccc17943b9d660506c869530f897617f7cb1c21a4bf30023f252596d83e1f007?s=96&d=mm&r=g","contentUrl":"https:\/\/secure.gravatar.com\/avatar\/ccc17943b9d660506c869530f897617f7cb1c21a4bf30023f252596d83e1f007?s=96&d=mm&r=g","caption":"admin"},"sameAs":["https:\/\/kibrisdakik.com"],"url":"https:\/\/kibrisdakik.com\/?author=1"}]}},"_links":{"self":[{"href":"https:\/\/kibrisdakik.com\/index.php?rest_route=\/wp\/v2\/posts\/94157","targetHints":{"allow":["GET"]}}],"collection":[{"href":"https:\/\/kibrisdakik.com\/index.php?rest_route=\/wp\/v2\/posts"}],"about":[{"href":"https:\/\/kibrisdakik.com\/index.php?rest_route=\/wp\/v2\/types\/post"}],"author":[{"embeddable":true,"href":"https:\/\/kibrisdakik.com\/index.php?rest_route=\/wp\/v2\/users\/1"}],"replies":[{"embeddable":true,"href":"https:\/\/kibrisdakik.com\/index.php?rest_route=%2Fwp%2Fv2%2Fcomments&post=94157"}],"version-history":[{"count":0,"href":"https:\/\/kibrisdakik.com\/index.php?rest_route=\/wp\/v2\/posts\/94157\/revisions"}],"wp:featuredmedia":[{"embeddable":true,"href":"https:\/\/kibrisdakik.com\/index.php?rest_route=\/wp\/v2\/media\/94158"}],"wp:attachment":[{"href":"https:\/\/kibrisdakik.com\/index.php?rest_route=%2Fwp%2Fv2%2Fmedia&parent=94157"}],"wp:term":[{"taxonomy":"category","embeddable":true,"href":"https:\/\/kibrisdakik.com\/index.php?rest_route=%2Fwp%2Fv2%2Fcategories&post=94157"},{"taxonomy":"post_tag","embeddable":true,"href":"https:\/\/kibrisdakik.com\/index.php?rest_route=%2Fwp%2Fv2%2Ftags&post=94157"}],"curies":[{"name":"wp","href":"https:\/\/api.w.org\/{rel}","templated":true}]}}