{"id":94168,"date":"2025-09-30T13:49:08","date_gmt":"2025-09-30T10:49:08","guid":{"rendered":"https:\/\/kibrisdakik.com\/index.php\/2025\/09\/30\/yilmazkoyde-karavan-yangini-ari-kovanlari-zarar-gordu\/"},"modified":"2025-09-30T13:49:08","modified_gmt":"2025-09-30T10:49:08","slug":"yilmazkoyde-karavan-yangini-ari-kovanlari-zarar-gordu","status":"publish","type":"post","link":"https:\/\/kibrisdakik.com\/?p=94168","title":{"rendered":"YILMAZK\u00d6Y\u2019DE KARAVAN YANGINI: ARI KOVANLARI ZARAR G\u00d6RD\u00dc"},"content":{"rendered":"<p><\/p>\n<div data-text-id=\"185416\" property=\"articleBody\">\n<p>Y\u0131lmazk\u00f6y\u2019de hen\u00fcz belirlenemeyen bir sebepten \u00e7\u0131kan yang\u0131nda park halindeki bir karavan tamamen yanarak k\u00fcle d\u00f6nd\u00fc. Yang\u0131n\u0131n etkisiyle karavan\u0131n yak\u0131n\u0131nda bulunan ar\u0131 kovanlar\u0131 da zarar g\u00f6rd\u00fc ve y\u00fczlerce ar\u0131 telef oldu.<\/p>\n<p>\u0130tfaiye ekipleri yang\u0131n\u0131 \u00e7evreye s\u0131\u00e7ramadan kontrol alt\u0131na alarak s\u00f6nd\u00fcr\u00fcrken, olayla ilgili soru\u015fturma ba\u015flat\u0131ld\u0131.<\/p>\n<\/p><\/div>\n","protected":false},"excerpt":{"rendered":"<p>Y\u0131lmazk\u00f6y\u2019de hen\u00fcz belirlenemeyen bir sebepten \u00e7\u0131kan yang\u0131nda park halindeki bir karavan tamamen yanarak k\u00fcle d\u00f6nd\u00fc. Yang\u0131n\u0131n etkisiyle karavan\u0131n yak\u0131n\u0131nda bulunan ar\u0131 kovanlar\u0131 da zarar g\u00f6rd\u00fc ve y\u00fczlerce ar\u0131 telef oldu. \u0130tfaiye ekipleri yang\u0131n\u0131 \u00e7evreye s\u0131\u00e7ramadan kontrol alt\u0131na alarak s\u00f6nd\u00fcr\u00fcrken, olayla ilgili soru\u015fturma ba\u015flat\u0131ld\u0131.<\/p>\n","protected":false},"author":1,"featured_media":94169,"comment_status":"open","ping_status":"open","sticky":false,"template":"","format":"standard","meta":{"footnotes":""},"categories":[81],"tags":[],"class_list":["post-94168","post","type-post","status-publish","format-standard","has-post-thumbnail","hentry","category-kibris"],"yoast_head":"<!-- This site is optimized with the Yoast SEO plugin v27.4 - https:\/\/yoast.com\/product\/yoast-seo-wordpress\/ -->\n<title>YILMAZK\u00d6Y\u2019DE KARAVAN YANGINI: ARI KOVANLARI ZARAR G\u00d6RD\u00dc -<\/title>\n<meta name=\"robots\" content=\"index, follow, max-snippet:-1, max-image-preview:large, max-video-preview:-1\" \/>\n<link rel=\"canonical\" href=\"https:\/\/kibrisdakik.com\/?p=94168\" \/>\n<meta property=\"og:locale\" content=\"tr_TR\" \/>\n<meta property=\"og:type\" content=\"article\" \/>\n<meta property=\"og:title\" content=\"YILMAZK\u00d6Y\u2019DE KARAVAN YANGINI: ARI KOVANLARI ZARAR G\u00d6RD\u00dc -\" \/>\n<meta property=\"og:description\" content=\"Y\u0131lmazk\u00f6y\u2019de hen\u00fcz belirlenemeyen bir sebepten \u00e7\u0131kan yang\u0131nda park halindeki bir karavan tamamen yanarak k\u00fcle d\u00f6nd\u00fc. Yang\u0131n\u0131n etkisiyle karavan\u0131n yak\u0131n\u0131nda bulunan ar\u0131 kovanlar\u0131 da zarar g\u00f6rd\u00fc ve y\u00fczlerce ar\u0131 telef oldu. \u0130tfaiye ekipleri yang\u0131n\u0131 \u00e7evreye s\u0131\u00e7ramadan kontrol alt\u0131na alarak s\u00f6nd\u00fcr\u00fcrken, olayla ilgili soru\u015fturma ba\u015flat\u0131ld\u0131.\" \/>\n<meta property=\"og:url\" content=\"https:\/\/kibrisdakik.com\/?p=94168\" \/>\n<meta property=\"article:published_time\" content=\"2025-09-30T10:49:08+00:00\" \/>\n<meta property=\"og:image\" content=\"https:\/\/kibrisdakik.com\/wp-content\/uploads\/2025\/09\/mha-1190.png\" \/>\n\t<meta property=\"og:image:width\" content=\"1280\" \/>\n\t<meta property=\"og:image:height\" content=\"720\" \/>\n\t<meta property=\"og:image:type\" content=\"image\/png\" \/>\n<meta name=\"author\" content=\"admin\" \/>\n<meta name=\"twitter:card\" content=\"summary_large_image\" \/>\n<meta name=\"twitter:label1\" content=\"Yazan:\" \/>\n\t<meta name=\"twitter:data1\" content=\"admin\" \/>\n<script type=\"application\/ld+json\" class=\"yoast-schema-graph\">{\"@context\":\"https:\\\/\\\/schema.org\",\"@graph\":[{\"@type\":\"Article\",\"@id\":\"https:\\\/\\\/kibrisdakik.com\\\/?p=94168#article\",\"isPartOf\":{\"@id\":\"https:\\\/\\\/kibrisdakik.com\\\/?p=94168\"},\"author\":{\"name\":\"admin\",\"@id\":\"https:\\\/\\\/kibrisdakik.com\\\/#\\\/schema\\\/person\\\/9cd9d437bbb44f72b73ba127e06d8e79\"},\"headline\":\"YILMAZK\u00d6Y\u2019DE KARAVAN YANGINI: ARI KOVANLARI ZARAR G\u00d6RD\u00dc\",\"datePublished\":\"2025-09-30T10:49:08+00:00\",\"mainEntityOfPage\":{\"@id\":\"https:\\\/\\\/kibrisdakik.com\\\/?p=94168\"},\"wordCount\":76,\"commentCount\":0,\"image\":{\"@id\":\"https:\\\/\\\/kibrisdakik.com\\\/?p=94168#primaryimage\"},\"thumbnailUrl\":\"https:\\\/\\\/kibrisdakik.com\\\/wp-content\\\/uploads\\\/2025\\\/09\\\/mha-1190.png\",\"articleSection\":[\"K\u0131br\u0131s\"],\"inLanguage\":\"tr\",\"potentialAction\":[{\"@type\":\"CommentAction\",\"name\":\"Comment\",\"target\":[\"https:\\\/\\\/kibrisdakik.com\\\/?p=94168#respond\"]}]},{\"@type\":\"WebPage\",\"@id\":\"https:\\\/\\\/kibrisdakik.com\\\/?p=94168\",\"url\":\"https:\\\/\\\/kibrisdakik.com\\\/?p=94168\",\"name\":\"YILMAZK\u00d6Y\u2019DE KARAVAN YANGINI: ARI KOVANLARI ZARAR G\u00d6RD\u00dc -\",\"isPartOf\":{\"@id\":\"https:\\\/\\\/kibrisdakik.com\\\/#website\"},\"primaryImageOfPage\":{\"@id\":\"https:\\\/\\\/kibrisdakik.com\\\/?p=94168#primaryimage\"},\"image\":{\"@id\":\"https:\\\/\\\/kibrisdakik.com\\\/?p=94168#primaryimage\"},\"thumbnailUrl\":\"https:\\\/\\\/kibrisdakik.com\\\/wp-content\\\/uploads\\\/2025\\\/09\\\/mha-1190.png\",\"datePublished\":\"2025-09-30T10:49:08+00:00\",\"author\":{\"@id\":\"https:\\\/\\\/kibrisdakik.com\\\/#\\\/schema\\\/person\\\/9cd9d437bbb44f72b73ba127e06d8e79\"},\"breadcrumb\":{\"@id\":\"https:\\\/\\\/kibrisdakik.com\\\/?p=94168#breadcrumb\"},\"inLanguage\":\"tr\",\"potentialAction\":[{\"@type\":\"ReadAction\",\"target\":[\"https:\\\/\\\/kibrisdakik.com\\\/?p=94168\"]}]},{\"@type\":\"ImageObject\",\"inLanguage\":\"tr\",\"@id\":\"https:\\\/\\\/kibrisdakik.com\\\/?p=94168#primaryimage\",\"url\":\"https:\\\/\\\/kibrisdakik.com\\\/wp-content\\\/uploads\\\/2025\\\/09\\\/mha-1190.png\",\"contentUrl\":\"https:\\\/\\\/kibrisdakik.com\\\/wp-content\\\/uploads\\\/2025\\\/09\\\/mha-1190.png\",\"width\":1280,\"height\":720},{\"@type\":\"BreadcrumbList\",\"@id\":\"https:\\\/\\\/kibrisdakik.com\\\/?p=94168#breadcrumb\",\"itemListElement\":[{\"@type\":\"ListItem\",\"position\":1,\"name\":\"Home\",\"item\":\"https:\\\/\\\/kibrisdakik.com\\\/\"},{\"@type\":\"ListItem\",\"position\":2,\"name\":\"YILMAZK\u00d6Y\u2019DE KARAVAN YANGINI: ARI KOVANLARI ZARAR G\u00d6RD\u00dc\"}]},{\"@type\":\"WebSite\",\"@id\":\"https:\\\/\\\/kibrisdakik.com\\\/#website\",\"url\":\"https:\\\/\\\/kibrisdakik.com\\\/\",\"name\":\"\",\"description\":\"Tam vaktinde haber\",\"potentialAction\":[{\"@type\":\"SearchAction\",\"target\":{\"@type\":\"EntryPoint\",\"urlTemplate\":\"https:\\\/\\\/kibrisdakik.com\\\/?s={search_term_string}\"},\"query-input\":{\"@type\":\"PropertyValueSpecification\",\"valueRequired\":true,\"valueName\":\"search_term_string\"}}],\"inLanguage\":\"tr\"},{\"@type\":\"Person\",\"@id\":\"https:\\\/\\\/kibrisdakik.com\\\/#\\\/schema\\\/person\\\/9cd9d437bbb44f72b73ba127e06d8e79\",\"name\":\"admin\",\"image\":{\"@type\":\"ImageObject\",\"inLanguage\":\"tr\",\"@id\":\"https:\\\/\\\/secure.gravatar.com\\\/avatar\\\/ccc17943b9d660506c869530f897617f7cb1c21a4bf30023f252596d83e1f007?s=96&d=mm&r=g\",\"url\":\"https:\\\/\\\/secure.gravatar.com\\\/avatar\\\/ccc17943b9d660506c869530f897617f7cb1c21a4bf30023f252596d83e1f007?s=96&d=mm&r=g\",\"contentUrl\":\"https:\\\/\\\/secure.gravatar.com\\\/avatar\\\/ccc17943b9d660506c869530f897617f7cb1c21a4bf30023f252596d83e1f007?s=96&d=mm&r=g\",\"caption\":\"admin\"},\"sameAs\":[\"https:\\\/\\\/kibrisdakik.com\"],\"url\":\"https:\\\/\\\/kibrisdakik.com\\\/?author=1\"}]}<\/script>\n<!-- \/ Yoast SEO plugin. -->","yoast_head_json":{"title":"YILMAZK\u00d6Y\u2019DE KARAVAN YANGINI: ARI KOVANLARI ZARAR G\u00d6RD\u00dc -","robots":{"index":"index","follow":"follow","max-snippet":"max-snippet:-1","max-image-preview":"max-image-preview:large","max-video-preview":"max-video-preview:-1"},"canonical":"https:\/\/kibrisdakik.com\/?p=94168","og_locale":"tr_TR","og_type":"article","og_title":"YILMAZK\u00d6Y\u2019DE KARAVAN YANGINI: ARI KOVANLARI ZARAR G\u00d6RD\u00dc -","og_description":"Y\u0131lmazk\u00f6y\u2019de hen\u00fcz belirlenemeyen bir sebepten \u00e7\u0131kan yang\u0131nda park halindeki bir karavan tamamen yanarak k\u00fcle d\u00f6nd\u00fc. Yang\u0131n\u0131n etkisiyle karavan\u0131n yak\u0131n\u0131nda bulunan ar\u0131 kovanlar\u0131 da zarar g\u00f6rd\u00fc ve y\u00fczlerce ar\u0131 telef oldu. \u0130tfaiye ekipleri yang\u0131n\u0131 \u00e7evreye s\u0131\u00e7ramadan kontrol alt\u0131na alarak s\u00f6nd\u00fcr\u00fcrken, olayla ilgili soru\u015fturma ba\u015flat\u0131ld\u0131.","og_url":"https:\/\/kibrisdakik.com\/?p=94168","article_published_time":"2025-09-30T10:49:08+00:00","og_image":[{"width":1280,"height":720,"url":"https:\/\/kibrisdakik.com\/wp-content\/uploads\/2025\/09\/mha-1190.png","type":"image\/png"}],"author":"admin","twitter_card":"summary_large_image","twitter_misc":{"Yazan:":"admin"},"schema":{"@context":"https:\/\/schema.org","@graph":[{"@type":"Article","@id":"https:\/\/kibrisdakik.com\/?p=94168#article","isPartOf":{"@id":"https:\/\/kibrisdakik.com\/?p=94168"},"author":{"name":"admin","@id":"https:\/\/kibrisdakik.com\/#\/schema\/person\/9cd9d437bbb44f72b73ba127e06d8e79"},"headline":"YILMAZK\u00d6Y\u2019DE KARAVAN YANGINI: ARI KOVANLARI ZARAR G\u00d6RD\u00dc","datePublished":"2025-09-30T10:49:08+00:00","mainEntityOfPage":{"@id":"https:\/\/kibrisdakik.com\/?p=94168"},"wordCount":76,"commentCount":0,"image":{"@id":"https:\/\/kibrisdakik.com\/?p=94168#primaryimage"},"thumbnailUrl":"https:\/\/kibrisdakik.com\/wp-content\/uploads\/2025\/09\/mha-1190.png","articleSection":["K\u0131br\u0131s"],"inLanguage":"tr","potentialAction":[{"@type":"CommentAction","name":"Comment","target":["https:\/\/kibrisdakik.com\/?p=94168#respond"]}]},{"@type":"WebPage","@id":"https:\/\/kibrisdakik.com\/?p=94168","url":"https:\/\/kibrisdakik.com\/?p=94168","name":"YILMAZK\u00d6Y\u2019DE KARAVAN YANGINI: ARI KOVANLARI ZARAR G\u00d6RD\u00dc -","isPartOf":{"@id":"https:\/\/kibrisdakik.com\/#website"},"primaryImageOfPage":{"@id":"https:\/\/kibrisdakik.com\/?p=94168#primaryimage"},"image":{"@id":"https:\/\/kibrisdakik.com\/?p=94168#primaryimage"},"thumbnailUrl":"https:\/\/kibrisdakik.com\/wp-content\/uploads\/2025\/09\/mha-1190.png","datePublished":"2025-09-30T10:49:08+00:00","author":{"@id":"https:\/\/kibrisdakik.com\/#\/schema\/person\/9cd9d437bbb44f72b73ba127e06d8e79"},"breadcrumb":{"@id":"https:\/\/kibrisdakik.com\/?p=94168#breadcrumb"},"inLanguage":"tr","potentialAction":[{"@type":"ReadAction","target":["https:\/\/kibrisdakik.com\/?p=94168"]}]},{"@type":"ImageObject","inLanguage":"tr","@id":"https:\/\/kibrisdakik.com\/?p=94168#primaryimage","url":"https:\/\/kibrisdakik.com\/wp-content\/uploads\/2025\/09\/mha-1190.png","contentUrl":"https:\/\/kibrisdakik.com\/wp-content\/uploads\/2025\/09\/mha-1190.png","width":1280,"height":720},{"@type":"BreadcrumbList","@id":"https:\/\/kibrisdakik.com\/?p=94168#breadcrumb","itemListElement":[{"@type":"ListItem","position":1,"name":"Home","item":"https:\/\/kibrisdakik.com\/"},{"@type":"ListItem","position":2,"name":"YILMAZK\u00d6Y\u2019DE KARAVAN YANGINI: ARI KOVANLARI ZARAR G\u00d6RD\u00dc"}]},{"@type":"WebSite","@id":"https:\/\/kibrisdakik.com\/#website","url":"https:\/\/kibrisdakik.com\/","name":"","description":"Tam vaktinde haber","potentialAction":[{"@type":"SearchAction","target":{"@type":"EntryPoint","urlTemplate":"https:\/\/kibrisdakik.com\/?s={search_term_string}"},"query-input":{"@type":"PropertyValueSpecification","valueRequired":true,"valueName":"search_term_string"}}],"inLanguage":"tr"},{"@type":"Person","@id":"https:\/\/kibrisdakik.com\/#\/schema\/person\/9cd9d437bbb44f72b73ba127e06d8e79","name":"admin","image":{"@type":"ImageObject","inLanguage":"tr","@id":"https:\/\/secure.gravatar.com\/avatar\/ccc17943b9d660506c869530f897617f7cb1c21a4bf30023f252596d83e1f007?s=96&d=mm&r=g","url":"https:\/\/secure.gravatar.com\/avatar\/ccc17943b9d660506c869530f897617f7cb1c21a4bf30023f252596d83e1f007?s=96&d=mm&r=g","contentUrl":"https:\/\/secure.gravatar.com\/avatar\/ccc17943b9d660506c869530f897617f7cb1c21a4bf30023f252596d83e1f007?s=96&d=mm&r=g","caption":"admin"},"sameAs":["https:\/\/kibrisdakik.com"],"url":"https:\/\/kibrisdakik.com\/?author=1"}]}},"_links":{"self":[{"href":"https:\/\/kibrisdakik.com\/index.php?rest_route=\/wp\/v2\/posts\/94168","targetHints":{"allow":["GET"]}}],"collection":[{"href":"https:\/\/kibrisdakik.com\/index.php?rest_route=\/wp\/v2\/posts"}],"about":[{"href":"https:\/\/kibrisdakik.com\/index.php?rest_route=\/wp\/v2\/types\/post"}],"author":[{"embeddable":true,"href":"https:\/\/kibrisdakik.com\/index.php?rest_route=\/wp\/v2\/users\/1"}],"replies":[{"embeddable":true,"href":"https:\/\/kibrisdakik.com\/index.php?rest_route=%2Fwp%2Fv2%2Fcomments&post=94168"}],"version-history":[{"count":0,"href":"https:\/\/kibrisdakik.com\/index.php?rest_route=\/wp\/v2\/posts\/94168\/revisions"}],"wp:featuredmedia":[{"embeddable":true,"href":"https:\/\/kibrisdakik.com\/index.php?rest_route=\/wp\/v2\/media\/94169"}],"wp:attachment":[{"href":"https:\/\/kibrisdakik.com\/index.php?rest_route=%2Fwp%2Fv2%2Fmedia&parent=94168"}],"wp:term":[{"taxonomy":"category","embeddable":true,"href":"https:\/\/kibrisdakik.com\/index.php?rest_route=%2Fwp%2Fv2%2Fcategories&post=94168"},{"taxonomy":"post_tag","embeddable":true,"href":"https:\/\/kibrisdakik.com\/index.php?rest_route=%2Fwp%2Fv2%2Ftags&post=94168"}],"curies":[{"name":"wp","href":"https:\/\/api.w.org\/{rel}","templated":true}]}}