{"id":9418,"date":"2023-06-26T00:57:50","date_gmt":"2023-06-26T00:57:50","guid":{"rendered":"https:\/\/kibrisdakik.com\/index.php\/2023\/06\/26\/ozuslubiz-birlikte-uretirsek-variz-biz-oluruz\/"},"modified":"2023-06-26T00:57:50","modified_gmt":"2023-06-26T00:57:50","slug":"ozuslubiz-birlikte-uretirsek-variz-biz-oluruz","status":"publish","type":"post","link":"https:\/\/kibrisdakik.com\/?p=9418","title":{"rendered":"\u00d6zuslu:Biz birlikte \u00fcretirsek var\u0131z, biz oluruz"},"content":{"rendered":"<p><\/p>\n<div>\n<div class=\"mariselle-image-container center\">\n                <img width=\"2079\" height=\"1020\" class=\"lazy-image\" alt=\"\" decoding=\"async\" loading=\"lazy\" sizes=\"auto, (max-width: 2079px) 100vw, 2079px\" src=\"https:\/\/brtk.net\/wp-content\/uploads\/2023\/06\/25\/st1s.jpg?ver=185bf598683b7058bb68b5f7ed377954\" srcset=\"https:\/\/brtk.net\/wp-content\/uploads\/2023\/06\/25\/st1s.jpg?ver=185bf598683b7058bb68b5f7ed377954 2079w, https:\/\/brtk.net\/wp-content\/uploads\/2023\/06\/25\/st1s-300x147.jpg?ver=b8831f44deeb67e8a64b7b4df0948ca3 300w, https:\/\/brtk.net\/wp-content\/uploads\/2023\/06\/25\/st1s-1024x502.jpg?ver=b8831f44deeb67e8a64b7b4df0948ca3 1024w, https:\/\/brtk.net\/wp-content\/uploads\/2023\/06\/25\/st1s-768x377.jpg?ver=b8831f44deeb67e8a64b7b4df0948ca3 768w, https:\/\/brtk.net\/wp-content\/uploads\/2023\/06\/25\/st1s-1536x754.jpg?ver=b8831f44deeb67e8a64b7b4df0948ca3 1536w, https:\/\/brtk.net\/wp-content\/uploads\/2023\/06\/25\/st1s-2048x1005.jpg?ver=8129a8c8bb972554c32ba3c76f56006a 2048w\"\/>                            <\/div>\n<p>\u00a0<\/p>\n<p>Milletvekilli\u011fi ve Yerel Kurulu\u015f Organlar\u0131 Ara Se\u00e7imleri\u2019nde <a href=\"https:\/\/brtk.net\/\"\/><a href=\"https:\/\/brtk.net\/\"\/><a href=\"https:\/\/brtk.net\/\">CTP<\/a> Milletvekili aday\u0131 Sami \u00d6zuslu\u2019nun se\u00e7imi kazanmas\u0131n\u0131n ard\u0131ndan, <a href=\"https:\/\/brtk.net\/\"\/><a href=\"https:\/\/brtk.net\/\"\/><a href=\"https:\/\/brtk.net\/\">CTP<\/a>\u2019de te\u015fekk\u00fcr konu\u015fmas\u0131 yap\u0131ld\u0131.<\/p>\n<p><a href=\"https:\/\/brtk.net\/\"\/><a href=\"https:\/\/brtk.net\/\"\/><a href=\"https:\/\/brtk.net\/\">CTP<\/a> milletvekili Sami \u00d6zuslu yapt\u0131\u011f\u0131 konu\u015fmada, bir ayd\u0131r kendilerini s\u00fcrekli takip eden dostlar\u0131na ve meslekta\u015flar\u0131na te\u015fekk\u00fcr ederek ba\u015flad\u0131\u011f\u0131 konu\u015fmas\u0131nda, se\u00e7menin verdi\u011fi mesaj\u0131n iyi okunmas\u0131 gerekti\u011fini vurgulad\u0131.<\/p>\n<p>\u00d6zuslu, \u201cDe\u011fi\u015fimin \u00f6n\u00fc a\u00e7\u0131lmal\u0131d\u0131r, kampanyada yeni bir d\u00f6nem s\u00f6z\u00fc verdik. Ekonomik ko\u015fullar, demokrasi d\u0131\u015f\u0131 uygulamalar sizi \u00fcz\u00fcyor. Herkesin gailesini \u00e7ekti\u011fimizi anlatt\u0131k. De\u011fi\u015fimin \u00f6n\u00fcn\u00fc a\u00e7\u0131n mesaj\u0131n\u0131z\u0131 biz okuduk, kat\u0131l\u0131m oran\u0131n\u0131n d\u00fc\u015f\u00fck olmas\u0131 da de\u011ferlendirilmesi gereken bir sonu\u00e7tur\u201d dedi.<\/p>\n<p>Se\u00e7ime kat\u0131lan ve kat\u0131lmayan, kendisine oy veren ya da vermeyen herkese te\u015fekk\u00fcr eden \u00d6zuslu, di\u011fer b\u00fct\u00fcn adaylar\u0131 da tebrik etti.<\/p>\n<p>Bu se\u00e7imde adaylardan birinin kazanaca\u011f\u0131n\u0131, bir milletvekilinin belirlendi\u011fi se\u00e7im yasas\u0131n\u0131 de\u011ferlendirme zarureti oldu\u011funu da dile getiren \u00d6zuslu, herkese deste\u011fi i\u00e7in te\u015fekk\u00fcr etti.<\/p>\n<p>\u00d6zuslu, \u201cBu se\u00e7im, <a href=\"https:\/\/brtk.net\/\"\/><a href=\"https:\/\/brtk.net\/\"\/><a href=\"https:\/\/brtk.net\/\">CTP<\/a>\u2019nin kazand\u0131\u011f\u0131 bir se\u00e7im olarak tarihe ge\u00e7ecek ama bir anlam\u0131 daha var, siyasette b\u00fct\u00fcn hesaplar yeniden yap\u0131lacak. Siyasette herkes almas\u0131 gereken mesaj\u0131 alacak. \u0130\u00e7i dolu olan halk\u0131n g\u00fc\u00e7l\u00fc mesaj\u0131 okuyaca\u011f\u0131n\u0131 biliyorduk. Kartlar yeniden da\u011f\u0131t\u0131lacak. Biz birlikte \u00fcretirsek var\u0131z, biz oluruz. Bizi \u00e7ok b\u00f6ld\u00fcler, par\u00e7alad\u0131lar, canlar\u0131 sa\u011f olsun\u201d dedi.<\/p>\n<\/p><\/div>\n<p><script async\n                    defer\n                    crossorigin=\"anonymous\"\n                    src=\"https:\/\/connect.facebook.net\/tr_TR\/sdk.js#xfbml=1&#038;version=v3.3\"\n            ><\/script><\/p>\n","protected":false},"excerpt":{"rendered":"<p>\u00a0 Milletvekilli\u011fi ve Yerel Kurulu\u015f Organlar\u0131 Ara Se\u00e7imleri\u2019nde CTP Milletvekili aday\u0131 Sami \u00d6zuslu\u2019nun se\u00e7imi kazanmas\u0131n\u0131n ard\u0131ndan, CTP\u2019de te\u015fekk\u00fcr konu\u015fmas\u0131 yap\u0131ld\u0131. CTP milletvekili Sami \u00d6zuslu yapt\u0131\u011f\u0131 konu\u015fmada, bir ayd\u0131r kendilerini s\u00fcrekli takip eden dostlar\u0131na ve meslekta\u015flar\u0131na te\u015fekk\u00fcr ederek ba\u015flad\u0131\u011f\u0131 konu\u015fmas\u0131nda, se\u00e7menin verdi\u011fi mesaj\u0131n iyi okunmas\u0131 gerekti\u011fini vurgulad\u0131. \u00d6zuslu, \u201cDe\u011fi\u015fimin \u00f6n\u00fc a\u00e7\u0131lmal\u0131d\u0131r, kampanyada yeni bir d\u00f6nem s\u00f6z\u00fc<\/p>\n","protected":false},"author":1,"featured_media":9419,"comment_status":"open","ping_status":"open","sticky":false,"template":"","format":"standard","meta":{"footnotes":""},"categories":[1],"tags":[],"class_list":["post-9418","post","type-post","status-publish","format-standard","has-post-thumbnail","hentry","category-gundem"],"yoast_head":"<!-- This site is optimized with the Yoast SEO plugin v27.5 - https:\/\/yoast.com\/product\/yoast-seo-wordpress\/ -->\n<title>\u00d6zuslu:Biz birlikte \u00fcretirsek var\u0131z, biz oluruz -<\/title>\n<meta name=\"robots\" content=\"index, follow, max-snippet:-1, max-image-preview:large, max-video-preview:-1\" \/>\n<link rel=\"canonical\" href=\"https:\/\/kibrisdakik.com\/?p=9418\" \/>\n<meta property=\"og:locale\" content=\"tr_TR\" \/>\n<meta property=\"og:type\" content=\"article\" \/>\n<meta property=\"og:title\" content=\"\u00d6zuslu:Biz birlikte \u00fcretirsek var\u0131z, biz oluruz -\" \/>\n<meta property=\"og:description\" content=\"\u00a0 Milletvekilli\u011fi ve Yerel Kurulu\u015f Organlar\u0131 Ara Se\u00e7imleri\u2019nde CTP Milletvekili aday\u0131 Sami \u00d6zuslu\u2019nun se\u00e7imi kazanmas\u0131n\u0131n ard\u0131ndan, CTP\u2019de te\u015fekk\u00fcr konu\u015fmas\u0131 yap\u0131ld\u0131. CTP milletvekili Sami \u00d6zuslu yapt\u0131\u011f\u0131 konu\u015fmada, bir ayd\u0131r kendilerini s\u00fcrekli takip eden dostlar\u0131na ve meslekta\u015flar\u0131na te\u015fekk\u00fcr ederek ba\u015flad\u0131\u011f\u0131 konu\u015fmas\u0131nda, se\u00e7menin verdi\u011fi mesaj\u0131n iyi okunmas\u0131 gerekti\u011fini vurgulad\u0131. \u00d6zuslu, \u201cDe\u011fi\u015fimin \u00f6n\u00fc a\u00e7\u0131lmal\u0131d\u0131r, kampanyada yeni bir d\u00f6nem s\u00f6z\u00fc\" \/>\n<meta property=\"og:url\" content=\"https:\/\/kibrisdakik.com\/?p=9418\" \/>\n<meta property=\"article:published_time\" content=\"2023-06-26T00:57:50+00:00\" \/>\n<meta property=\"og:image\" content=\"https:\/\/kibrisdakik.com\/wp-content\/uploads\/2023\/06\/st1s-740x420.jpg\" \/>\n\t<meta property=\"og:image:width\" content=\"2079\" \/>\n\t<meta property=\"og:image:height\" content=\"1020\" \/>\n\t<meta property=\"og:image:type\" content=\"image\/jpeg\" \/>\n<meta name=\"author\" content=\"admin\" \/>\n<meta name=\"twitter:card\" content=\"summary_large_image\" \/>\n<meta name=\"twitter:label1\" content=\"Yazan:\" \/>\n\t<meta name=\"twitter:data1\" content=\"admin\" \/>\n\t<meta name=\"twitter:label2\" content=\"Tahmini okuma s\u00fcresi\" \/>\n\t<meta name=\"twitter:data2\" content=\"1 dakika\" \/>\n<script type=\"application\/ld+json\" class=\"yoast-schema-graph\">{\"@context\":\"https:\\\/\\\/schema.org\",\"@graph\":[{\"@type\":\"Article\",\"@id\":\"https:\\\/\\\/kibrisdakik.com\\\/?p=9418#article\",\"isPartOf\":{\"@id\":\"https:\\\/\\\/kibrisdakik.com\\\/?p=9418\"},\"author\":{\"name\":\"admin\",\"@id\":\"https:\\\/\\\/kibrisdakik.com\\\/#\\\/schema\\\/person\\\/9cd9d437bbb44f72b73ba127e06d8e79\"},\"headline\":\"\u00d6zuslu:Biz birlikte \u00fcretirsek var\u0131z, biz oluruz\",\"datePublished\":\"2023-06-26T00:57:50+00:00\",\"mainEntityOfPage\":{\"@id\":\"https:\\\/\\\/kibrisdakik.com\\\/?p=9418\"},\"wordCount\":271,\"commentCount\":0,\"image\":{\"@id\":\"https:\\\/\\\/kibrisdakik.com\\\/?p=9418#primaryimage\"},\"thumbnailUrl\":\"https:\\\/\\\/kibrisdakik.com\\\/wp-content\\\/uploads\\\/2023\\\/06\\\/st1s-740x420.jpg\",\"articleSection\":[\"G\u00fcndem\"],\"inLanguage\":\"tr\",\"potentialAction\":[{\"@type\":\"CommentAction\",\"name\":\"Comment\",\"target\":[\"https:\\\/\\\/kibrisdakik.com\\\/?p=9418#respond\"]}]},{\"@type\":\"WebPage\",\"@id\":\"https:\\\/\\\/kibrisdakik.com\\\/?p=9418\",\"url\":\"https:\\\/\\\/kibrisdakik.com\\\/?p=9418\",\"name\":\"\u00d6zuslu:Biz birlikte \u00fcretirsek var\u0131z, biz oluruz -\",\"isPartOf\":{\"@id\":\"https:\\\/\\\/kibrisdakik.com\\\/#website\"},\"primaryImageOfPage\":{\"@id\":\"https:\\\/\\\/kibrisdakik.com\\\/?p=9418#primaryimage\"},\"image\":{\"@id\":\"https:\\\/\\\/kibrisdakik.com\\\/?p=9418#primaryimage\"},\"thumbnailUrl\":\"https:\\\/\\\/kibrisdakik.com\\\/wp-content\\\/uploads\\\/2023\\\/06\\\/st1s-740x420.jpg\",\"datePublished\":\"2023-06-26T00:57:50+00:00\",\"author\":{\"@id\":\"https:\\\/\\\/kibrisdakik.com\\\/#\\\/schema\\\/person\\\/9cd9d437bbb44f72b73ba127e06d8e79\"},\"breadcrumb\":{\"@id\":\"https:\\\/\\\/kibrisdakik.com\\\/?p=9418#breadcrumb\"},\"inLanguage\":\"tr\",\"potentialAction\":[{\"@type\":\"ReadAction\",\"target\":[\"https:\\\/\\\/kibrisdakik.com\\\/?p=9418\"]}]},{\"@type\":\"ImageObject\",\"inLanguage\":\"tr\",\"@id\":\"https:\\\/\\\/kibrisdakik.com\\\/?p=9418#primaryimage\",\"url\":\"https:\\\/\\\/kibrisdakik.com\\\/wp-content\\\/uploads\\\/2023\\\/06\\\/st1s-740x420.jpg\",\"contentUrl\":\"https:\\\/\\\/kibrisdakik.com\\\/wp-content\\\/uploads\\\/2023\\\/06\\\/st1s-740x420.jpg\",\"width\":2079,\"height\":1020},{\"@type\":\"BreadcrumbList\",\"@id\":\"https:\\\/\\\/kibrisdakik.com\\\/?p=9418#breadcrumb\",\"itemListElement\":[{\"@type\":\"ListItem\",\"position\":1,\"name\":\"Home\",\"item\":\"https:\\\/\\\/kibrisdakik.com\\\/\"},{\"@type\":\"ListItem\",\"position\":2,\"name\":\"\u00d6zuslu:Biz birlikte \u00fcretirsek var\u0131z, biz oluruz\"}]},{\"@type\":\"WebSite\",\"@id\":\"https:\\\/\\\/kibrisdakik.com\\\/#website\",\"url\":\"https:\\\/\\\/kibrisdakik.com\\\/\",\"name\":\"\",\"description\":\"Tam vaktinde haber\",\"potentialAction\":[{\"@type\":\"SearchAction\",\"target\":{\"@type\":\"EntryPoint\",\"urlTemplate\":\"https:\\\/\\\/kibrisdakik.com\\\/?s={search_term_string}\"},\"query-input\":{\"@type\":\"PropertyValueSpecification\",\"valueRequired\":true,\"valueName\":\"search_term_string\"}}],\"inLanguage\":\"tr\"},{\"@type\":\"Person\",\"@id\":\"https:\\\/\\\/kibrisdakik.com\\\/#\\\/schema\\\/person\\\/9cd9d437bbb44f72b73ba127e06d8e79\",\"name\":\"admin\",\"image\":{\"@type\":\"ImageObject\",\"inLanguage\":\"tr\",\"@id\":\"https:\\\/\\\/secure.gravatar.com\\\/avatar\\\/ccc17943b9d660506c869530f897617f7cb1c21a4bf30023f252596d83e1f007?s=96&d=mm&r=g\",\"url\":\"https:\\\/\\\/secure.gravatar.com\\\/avatar\\\/ccc17943b9d660506c869530f897617f7cb1c21a4bf30023f252596d83e1f007?s=96&d=mm&r=g\",\"contentUrl\":\"https:\\\/\\\/secure.gravatar.com\\\/avatar\\\/ccc17943b9d660506c869530f897617f7cb1c21a4bf30023f252596d83e1f007?s=96&d=mm&r=g\",\"caption\":\"admin\"},\"sameAs\":[\"https:\\\/\\\/kibrisdakik.com\"],\"url\":\"https:\\\/\\\/kibrisdakik.com\\\/?author=1\"}]}<\/script>\n<!-- \/ Yoast SEO plugin. -->","yoast_head_json":{"title":"\u00d6zuslu:Biz birlikte \u00fcretirsek var\u0131z, biz oluruz -","robots":{"index":"index","follow":"follow","max-snippet":"max-snippet:-1","max-image-preview":"max-image-preview:large","max-video-preview":"max-video-preview:-1"},"canonical":"https:\/\/kibrisdakik.com\/?p=9418","og_locale":"tr_TR","og_type":"article","og_title":"\u00d6zuslu:Biz birlikte \u00fcretirsek var\u0131z, biz oluruz -","og_description":"\u00a0 Milletvekilli\u011fi ve Yerel Kurulu\u015f Organlar\u0131 Ara Se\u00e7imleri\u2019nde CTP Milletvekili aday\u0131 Sami \u00d6zuslu\u2019nun se\u00e7imi kazanmas\u0131n\u0131n ard\u0131ndan, CTP\u2019de te\u015fekk\u00fcr konu\u015fmas\u0131 yap\u0131ld\u0131. CTP milletvekili Sami \u00d6zuslu yapt\u0131\u011f\u0131 konu\u015fmada, bir ayd\u0131r kendilerini s\u00fcrekli takip eden dostlar\u0131na ve meslekta\u015flar\u0131na te\u015fekk\u00fcr ederek ba\u015flad\u0131\u011f\u0131 konu\u015fmas\u0131nda, se\u00e7menin verdi\u011fi mesaj\u0131n iyi okunmas\u0131 gerekti\u011fini vurgulad\u0131. \u00d6zuslu, \u201cDe\u011fi\u015fimin \u00f6n\u00fc a\u00e7\u0131lmal\u0131d\u0131r, kampanyada yeni bir d\u00f6nem s\u00f6z\u00fc","og_url":"https:\/\/kibrisdakik.com\/?p=9418","article_published_time":"2023-06-26T00:57:50+00:00","og_image":[{"width":2079,"height":1020,"url":"https:\/\/kibrisdakik.com\/wp-content\/uploads\/2023\/06\/st1s-740x420.jpg","type":"image\/jpeg"}],"author":"admin","twitter_card":"summary_large_image","twitter_misc":{"Yazan:":"admin","Tahmini okuma s\u00fcresi":"1 dakika"},"schema":{"@context":"https:\/\/schema.org","@graph":[{"@type":"Article","@id":"https:\/\/kibrisdakik.com\/?p=9418#article","isPartOf":{"@id":"https:\/\/kibrisdakik.com\/?p=9418"},"author":{"name":"admin","@id":"https:\/\/kibrisdakik.com\/#\/schema\/person\/9cd9d437bbb44f72b73ba127e06d8e79"},"headline":"\u00d6zuslu:Biz birlikte \u00fcretirsek var\u0131z, biz oluruz","datePublished":"2023-06-26T00:57:50+00:00","mainEntityOfPage":{"@id":"https:\/\/kibrisdakik.com\/?p=9418"},"wordCount":271,"commentCount":0,"image":{"@id":"https:\/\/kibrisdakik.com\/?p=9418#primaryimage"},"thumbnailUrl":"https:\/\/kibrisdakik.com\/wp-content\/uploads\/2023\/06\/st1s-740x420.jpg","articleSection":["G\u00fcndem"],"inLanguage":"tr","potentialAction":[{"@type":"CommentAction","name":"Comment","target":["https:\/\/kibrisdakik.com\/?p=9418#respond"]}]},{"@type":"WebPage","@id":"https:\/\/kibrisdakik.com\/?p=9418","url":"https:\/\/kibrisdakik.com\/?p=9418","name":"\u00d6zuslu:Biz birlikte \u00fcretirsek var\u0131z, biz oluruz -","isPartOf":{"@id":"https:\/\/kibrisdakik.com\/#website"},"primaryImageOfPage":{"@id":"https:\/\/kibrisdakik.com\/?p=9418#primaryimage"},"image":{"@id":"https:\/\/kibrisdakik.com\/?p=9418#primaryimage"},"thumbnailUrl":"https:\/\/kibrisdakik.com\/wp-content\/uploads\/2023\/06\/st1s-740x420.jpg","datePublished":"2023-06-26T00:57:50+00:00","author":{"@id":"https:\/\/kibrisdakik.com\/#\/schema\/person\/9cd9d437bbb44f72b73ba127e06d8e79"},"breadcrumb":{"@id":"https:\/\/kibrisdakik.com\/?p=9418#breadcrumb"},"inLanguage":"tr","potentialAction":[{"@type":"ReadAction","target":["https:\/\/kibrisdakik.com\/?p=9418"]}]},{"@type":"ImageObject","inLanguage":"tr","@id":"https:\/\/kibrisdakik.com\/?p=9418#primaryimage","url":"https:\/\/kibrisdakik.com\/wp-content\/uploads\/2023\/06\/st1s-740x420.jpg","contentUrl":"https:\/\/kibrisdakik.com\/wp-content\/uploads\/2023\/06\/st1s-740x420.jpg","width":2079,"height":1020},{"@type":"BreadcrumbList","@id":"https:\/\/kibrisdakik.com\/?p=9418#breadcrumb","itemListElement":[{"@type":"ListItem","position":1,"name":"Home","item":"https:\/\/kibrisdakik.com\/"},{"@type":"ListItem","position":2,"name":"\u00d6zuslu:Biz birlikte \u00fcretirsek var\u0131z, biz oluruz"}]},{"@type":"WebSite","@id":"https:\/\/kibrisdakik.com\/#website","url":"https:\/\/kibrisdakik.com\/","name":"","description":"Tam vaktinde haber","potentialAction":[{"@type":"SearchAction","target":{"@type":"EntryPoint","urlTemplate":"https:\/\/kibrisdakik.com\/?s={search_term_string}"},"query-input":{"@type":"PropertyValueSpecification","valueRequired":true,"valueName":"search_term_string"}}],"inLanguage":"tr"},{"@type":"Person","@id":"https:\/\/kibrisdakik.com\/#\/schema\/person\/9cd9d437bbb44f72b73ba127e06d8e79","name":"admin","image":{"@type":"ImageObject","inLanguage":"tr","@id":"https:\/\/secure.gravatar.com\/avatar\/ccc17943b9d660506c869530f897617f7cb1c21a4bf30023f252596d83e1f007?s=96&d=mm&r=g","url":"https:\/\/secure.gravatar.com\/avatar\/ccc17943b9d660506c869530f897617f7cb1c21a4bf30023f252596d83e1f007?s=96&d=mm&r=g","contentUrl":"https:\/\/secure.gravatar.com\/avatar\/ccc17943b9d660506c869530f897617f7cb1c21a4bf30023f252596d83e1f007?s=96&d=mm&r=g","caption":"admin"},"sameAs":["https:\/\/kibrisdakik.com"],"url":"https:\/\/kibrisdakik.com\/?author=1"}]}},"_links":{"self":[{"href":"https:\/\/kibrisdakik.com\/index.php?rest_route=\/wp\/v2\/posts\/9418","targetHints":{"allow":["GET"]}}],"collection":[{"href":"https:\/\/kibrisdakik.com\/index.php?rest_route=\/wp\/v2\/posts"}],"about":[{"href":"https:\/\/kibrisdakik.com\/index.php?rest_route=\/wp\/v2\/types\/post"}],"author":[{"embeddable":true,"href":"https:\/\/kibrisdakik.com\/index.php?rest_route=\/wp\/v2\/users\/1"}],"replies":[{"embeddable":true,"href":"https:\/\/kibrisdakik.com\/index.php?rest_route=%2Fwp%2Fv2%2Fcomments&post=9418"}],"version-history":[{"count":0,"href":"https:\/\/kibrisdakik.com\/index.php?rest_route=\/wp\/v2\/posts\/9418\/revisions"}],"wp:featuredmedia":[{"embeddable":true,"href":"https:\/\/kibrisdakik.com\/index.php?rest_route=\/wp\/v2\/media\/9419"}],"wp:attachment":[{"href":"https:\/\/kibrisdakik.com\/index.php?rest_route=%2Fwp%2Fv2%2Fmedia&parent=9418"}],"wp:term":[{"taxonomy":"category","embeddable":true,"href":"https:\/\/kibrisdakik.com\/index.php?rest_route=%2Fwp%2Fv2%2Fcategories&post=9418"},{"taxonomy":"post_tag","embeddable":true,"href":"https:\/\/kibrisdakik.com\/index.php?rest_route=%2Fwp%2Fv2%2Ftags&post=9418"}],"curies":[{"name":"wp","href":"https:\/\/api.w.org\/{rel}","templated":true}]}}