{"id":9420,"date":"2023-06-26T01:58:58","date_gmt":"2023-06-26T01:58:58","guid":{"rendered":"https:\/\/kibrisdakik.com\/index.php\/2023\/06\/26\/erhurman-kibris-turk-halki-mesaji-cok-net-verdi\/"},"modified":"2023-06-26T01:58:58","modified_gmt":"2023-06-26T01:58:58","slug":"erhurman-kibris-turk-halki-mesaji-cok-net-verdi","status":"publish","type":"post","link":"https:\/\/kibrisdakik.com\/?p=9420","title":{"rendered":"Erh\u00fcrman: K\u0131br\u0131s T\u00fcrk halk\u0131 mesaj\u0131 \u00e7ok net verdi"},"content":{"rendered":"<p><\/p>\n<div>\n<div class=\"mariselle-image-container center\">\n                <img width=\"2101\" height=\"853\" class=\"lazy-image\" alt=\"\" decoding=\"async\" loading=\"lazy\" sizes=\"auto, (max-width: 2101px) 100vw, 2101px\" src=\"https:\/\/brtk.net\/wp-content\/uploads\/2023\/06\/25\/9kj.jpg?ver=e4ede4ecdf687ab08dd35752a1e2cdf2\" srcset=\"https:\/\/brtk.net\/wp-content\/uploads\/2023\/06\/25\/9kj.jpg?ver=e4ede4ecdf687ab08dd35752a1e2cdf2 2101w, https:\/\/brtk.net\/wp-content\/uploads\/2023\/06\/25\/9kj-300x122.jpg?ver=60ff91abb59fa1c029aa4b858f7f4bd7 300w, https:\/\/brtk.net\/wp-content\/uploads\/2023\/06\/25\/9kj-1024x416.jpg?ver=60ff91abb59fa1c029aa4b858f7f4bd7 1024w, https:\/\/brtk.net\/wp-content\/uploads\/2023\/06\/25\/9kj-768x312.jpg?ver=60ff91abb59fa1c029aa4b858f7f4bd7 768w, https:\/\/brtk.net\/wp-content\/uploads\/2023\/06\/25\/9kj-1536x624.jpg?ver=60ff91abb59fa1c029aa4b858f7f4bd7 1536w, https:\/\/brtk.net\/wp-content\/uploads\/2023\/06\/25\/9kj-2048x831.jpg?ver=3caa983c951bdd2c1a1344cc77ded91c 2048w\"\/>                            <\/div>\n<p>\u00a0<\/p>\n<p>Milletvekilli\u011fi ve Yerel Kurulu\u015f Organlar\u0131 Ara Se\u00e7imleri\u2019nde <a href=\"https:\/\/brtk.net\/\"\/><a href=\"https:\/\/brtk.net\/\"\/><a href=\"https:\/\/brtk.net\/\">CTP<\/a> Milletvekili aday\u0131 Sami \u00d6zuslu\u2019nun se\u00e7imi kazanmas\u0131n\u0131n ard\u0131ndan, <a href=\"https:\/\/brtk.net\/\"\/><a href=\"https:\/\/brtk.net\/\"\/><a href=\"https:\/\/brtk.net\/\">CTP<\/a>\u2019de te\u015fekk\u00fcr konu\u015fmas\u0131 yap\u0131ld\u0131.<\/p>\n<p><a href=\"https:\/\/brtk.net\/\"\/><a href=\"https:\/\/brtk.net\/\"\/><a href=\"https:\/\/brtk.net\/\">CTP<\/a> Genel Ba\u015fkan\u0131 Tufan Erh\u00fcrman, se\u00e7menin sand\u0131kta siyasete iki mesaj verdi\u011fini, se\u00e7ime kat\u0131l\u0131m\u0131n d\u00fc\u015f\u00fck olmas\u0131n\u0131n, se\u00e7menin demokrasi anlay\u0131\u015f\u0131 ve iradesine kar\u015f\u0131 K\u0131br\u0131s T\u00fcrk se\u00e7meninin cevab\u0131 oldu\u011funu belirtti.<\/p>\n<p>Yeni milletvekili Sami \u00d6zuslu\u2019nun yeni d\u00f6nemde mecliste olaca\u011f\u0131n\u0131 dile getiren Erh\u00fcrman, propaganda s\u00fcrecinde s\u00f6ylediklerini unutmad\u0131klar\u0131n\u0131 kaydetti.<\/p>\n<p>\u00a0<\/p>\n<div class=\"mariselle-image-container center\">\n                <img width=\"1857\" height=\"1111\" class=\"lazy-image\" alt=\"\" decoding=\"async\" loading=\"lazy\" sizes=\"auto, (max-width: 1857px) 100vw, 1857px\" src=\"https:\/\/brtk.net\/wp-content\/uploads\/2023\/06\/25\/st1.jpg?ver=13f6ccfdcff81b9310529e25c778e148\" srcset=\"https:\/\/brtk.net\/wp-content\/uploads\/2023\/06\/25\/st1.jpg?ver=13f6ccfdcff81b9310529e25c778e148 1857w, https:\/\/brtk.net\/wp-content\/uploads\/2023\/06\/25\/st1-300x179.jpg?ver=13f6ccfdcff81b9310529e25c778e148 300w, https:\/\/brtk.net\/wp-content\/uploads\/2023\/06\/25\/st1-1024x613.jpg?ver=13f6ccfdcff81b9310529e25c778e148 1024w, https:\/\/brtk.net\/wp-content\/uploads\/2023\/06\/25\/st1-768x459.jpg?ver=13f6ccfdcff81b9310529e25c778e148 768w, https:\/\/brtk.net\/wp-content\/uploads\/2023\/06\/25\/st1-1536x919.jpg?ver=ccd55ea93a4122866cce3d6a75d5e4a8 1536w\"\/>                            <\/div>\n<p>\u201c<a href=\"https:\/\/brtk.net\/\"\/><a href=\"https:\/\/brtk.net\/\"\/><a href=\"https:\/\/brtk.net\/\">CTP<\/a> olarak bu \u00fclkeyi birlikte y\u00f6netece\u011fiz, yeti\u015fmi\u015f insan g\u00fcc\u00fc, sendikalar, \u00f6rg\u00fctler, kamu kurumlar\u0131 ile \u00fclkeyi birlikte y\u00fcr\u00fctece\u011fiz\u201d diyen Erh\u00fcrman, 19 milletvekili ile h\u00fck\u00fcmeti kurma durumunda olmad\u0131klar\u0131n\u0131, ancak bunun yeni bir d\u00f6nemi ba\u015flatma iradesi oldu\u011funu ifade etti.<\/p>\n<p>K\u0131br\u0131s T\u00fcrk halk\u0131n\u0131n bu yeni d\u00f6nemde \u00fclkeyi, Sami \u00d6zuslu ile birlikte y\u00f6netece\u011fini de kaydeden Erh\u00fcrman, K\u0131br\u0131s T\u00fcrk insan kaynaklar\u0131 ve kurumlar\u0131n\u0131n \u00fclkeyi y\u00f6netmeye ehil olduklar\u0131n\u0131 belirtti.<\/p>\n<p>Erh\u00fcrman, \u201cBize oy veren veremeyen, se\u00e7ime kat\u0131lan kat\u0131lmayan her se\u00e7mene,iradeye sayg\u0131m\u0131z var, te\u015fekk\u00fcr ediyoruz.Yar\u0131\u015fan herkese de y\u00fcrekten te\u015fekk\u00fcr ediyoruz\u201d dedi.<\/p>\n<\/p><\/div>\n<p><script async\n                    defer\n                    crossorigin=\"anonymous\"\n                    src=\"https:\/\/connect.facebook.net\/tr_TR\/sdk.js#xfbml=1&#038;version=v3.3\"\n            ><\/script><\/p>\n","protected":false},"excerpt":{"rendered":"<p>\u00a0 Milletvekilli\u011fi ve Yerel Kurulu\u015f Organlar\u0131 Ara Se\u00e7imleri\u2019nde CTP Milletvekili aday\u0131 Sami \u00d6zuslu\u2019nun se\u00e7imi kazanmas\u0131n\u0131n ard\u0131ndan, CTP\u2019de te\u015fekk\u00fcr konu\u015fmas\u0131 yap\u0131ld\u0131. CTP Genel Ba\u015fkan\u0131 Tufan Erh\u00fcrman, se\u00e7menin sand\u0131kta siyasete iki mesaj verdi\u011fini, se\u00e7ime kat\u0131l\u0131m\u0131n d\u00fc\u015f\u00fck olmas\u0131n\u0131n, se\u00e7menin demokrasi anlay\u0131\u015f\u0131 ve iradesine kar\u015f\u0131 K\u0131br\u0131s T\u00fcrk se\u00e7meninin cevab\u0131 oldu\u011funu belirtti. Yeni milletvekili Sami \u00d6zuslu\u2019nun yeni d\u00f6nemde mecliste olaca\u011f\u0131n\u0131<\/p>\n","protected":false},"author":1,"featured_media":9421,"comment_status":"open","ping_status":"open","sticky":false,"template":"","format":"standard","meta":{"footnotes":""},"categories":[1],"tags":[],"class_list":["post-9420","post","type-post","status-publish","format-standard","has-post-thumbnail","hentry","category-gundem"],"yoast_head":"<!-- This site is optimized with the Yoast SEO plugin v27.4 - https:\/\/yoast.com\/product\/yoast-seo-wordpress\/ -->\n<title>Erh\u00fcrman: K\u0131br\u0131s T\u00fcrk halk\u0131 mesaj\u0131 \u00e7ok net verdi -<\/title>\n<meta name=\"robots\" content=\"index, follow, max-snippet:-1, max-image-preview:large, max-video-preview:-1\" \/>\n<link rel=\"canonical\" href=\"https:\/\/kibrisdakik.com\/?p=9420\" \/>\n<meta property=\"og:locale\" content=\"tr_TR\" \/>\n<meta property=\"og:type\" content=\"article\" \/>\n<meta property=\"og:title\" content=\"Erh\u00fcrman: K\u0131br\u0131s T\u00fcrk halk\u0131 mesaj\u0131 \u00e7ok net verdi -\" \/>\n<meta property=\"og:description\" content=\"\u00a0 Milletvekilli\u011fi ve Yerel Kurulu\u015f Organlar\u0131 Ara Se\u00e7imleri\u2019nde CTP Milletvekili aday\u0131 Sami \u00d6zuslu\u2019nun se\u00e7imi kazanmas\u0131n\u0131n ard\u0131ndan, CTP\u2019de te\u015fekk\u00fcr konu\u015fmas\u0131 yap\u0131ld\u0131. CTP Genel Ba\u015fkan\u0131 Tufan Erh\u00fcrman, se\u00e7menin sand\u0131kta siyasete iki mesaj verdi\u011fini, se\u00e7ime kat\u0131l\u0131m\u0131n d\u00fc\u015f\u00fck olmas\u0131n\u0131n, se\u00e7menin demokrasi anlay\u0131\u015f\u0131 ve iradesine kar\u015f\u0131 K\u0131br\u0131s T\u00fcrk se\u00e7meninin cevab\u0131 oldu\u011funu belirtti. Yeni milletvekili Sami \u00d6zuslu\u2019nun yeni d\u00f6nemde mecliste olaca\u011f\u0131n\u0131\" \/>\n<meta property=\"og:url\" content=\"https:\/\/kibrisdakik.com\/?p=9420\" \/>\n<meta property=\"article:published_time\" content=\"2023-06-26T01:58:58+00:00\" \/>\n<meta property=\"og:image\" content=\"https:\/\/kibrisdakik.com\/wp-content\/uploads\/2023\/06\/9kj-740x420.jpg\" \/>\n\t<meta property=\"og:image:width\" content=\"2101\" \/>\n\t<meta property=\"og:image:height\" content=\"853\" \/>\n\t<meta property=\"og:image:type\" content=\"image\/jpeg\" \/>\n<meta name=\"author\" content=\"admin\" \/>\n<meta name=\"twitter:card\" content=\"summary_large_image\" \/>\n<meta name=\"twitter:label1\" content=\"Yazan:\" \/>\n\t<meta name=\"twitter:data1\" content=\"admin\" \/>\n\t<meta name=\"twitter:label2\" content=\"Tahmini okuma s\u00fcresi\" \/>\n\t<meta name=\"twitter:data2\" content=\"1 dakika\" \/>\n<script type=\"application\/ld+json\" class=\"yoast-schema-graph\">{\"@context\":\"https:\\\/\\\/schema.org\",\"@graph\":[{\"@type\":\"Article\",\"@id\":\"https:\\\/\\\/kibrisdakik.com\\\/?p=9420#article\",\"isPartOf\":{\"@id\":\"https:\\\/\\\/kibrisdakik.com\\\/?p=9420\"},\"author\":{\"name\":\"admin\",\"@id\":\"https:\\\/\\\/kibrisdakik.com\\\/#\\\/schema\\\/person\\\/9cd9d437bbb44f72b73ba127e06d8e79\"},\"headline\":\"Erh\u00fcrman: K\u0131br\u0131s T\u00fcrk halk\u0131 mesaj\u0131 \u00e7ok net verdi\",\"datePublished\":\"2023-06-26T01:58:58+00:00\",\"mainEntityOfPage\":{\"@id\":\"https:\\\/\\\/kibrisdakik.com\\\/?p=9420\"},\"wordCount\":241,\"commentCount\":0,\"image\":{\"@id\":\"https:\\\/\\\/kibrisdakik.com\\\/?p=9420#primaryimage\"},\"thumbnailUrl\":\"https:\\\/\\\/kibrisdakik.com\\\/wp-content\\\/uploads\\\/2023\\\/06\\\/9kj-740x420.jpg\",\"articleSection\":[\"G\u00fcndem\"],\"inLanguage\":\"tr\",\"potentialAction\":[{\"@type\":\"CommentAction\",\"name\":\"Comment\",\"target\":[\"https:\\\/\\\/kibrisdakik.com\\\/?p=9420#respond\"]}]},{\"@type\":\"WebPage\",\"@id\":\"https:\\\/\\\/kibrisdakik.com\\\/?p=9420\",\"url\":\"https:\\\/\\\/kibrisdakik.com\\\/?p=9420\",\"name\":\"Erh\u00fcrman: K\u0131br\u0131s T\u00fcrk halk\u0131 mesaj\u0131 \u00e7ok net verdi -\",\"isPartOf\":{\"@id\":\"https:\\\/\\\/kibrisdakik.com\\\/#website\"},\"primaryImageOfPage\":{\"@id\":\"https:\\\/\\\/kibrisdakik.com\\\/?p=9420#primaryimage\"},\"image\":{\"@id\":\"https:\\\/\\\/kibrisdakik.com\\\/?p=9420#primaryimage\"},\"thumbnailUrl\":\"https:\\\/\\\/kibrisdakik.com\\\/wp-content\\\/uploads\\\/2023\\\/06\\\/9kj-740x420.jpg\",\"datePublished\":\"2023-06-26T01:58:58+00:00\",\"author\":{\"@id\":\"https:\\\/\\\/kibrisdakik.com\\\/#\\\/schema\\\/person\\\/9cd9d437bbb44f72b73ba127e06d8e79\"},\"breadcrumb\":{\"@id\":\"https:\\\/\\\/kibrisdakik.com\\\/?p=9420#breadcrumb\"},\"inLanguage\":\"tr\",\"potentialAction\":[{\"@type\":\"ReadAction\",\"target\":[\"https:\\\/\\\/kibrisdakik.com\\\/?p=9420\"]}]},{\"@type\":\"ImageObject\",\"inLanguage\":\"tr\",\"@id\":\"https:\\\/\\\/kibrisdakik.com\\\/?p=9420#primaryimage\",\"url\":\"https:\\\/\\\/kibrisdakik.com\\\/wp-content\\\/uploads\\\/2023\\\/06\\\/9kj-740x420.jpg\",\"contentUrl\":\"https:\\\/\\\/kibrisdakik.com\\\/wp-content\\\/uploads\\\/2023\\\/06\\\/9kj-740x420.jpg\",\"width\":2101,\"height\":853},{\"@type\":\"BreadcrumbList\",\"@id\":\"https:\\\/\\\/kibrisdakik.com\\\/?p=9420#breadcrumb\",\"itemListElement\":[{\"@type\":\"ListItem\",\"position\":1,\"name\":\"Home\",\"item\":\"https:\\\/\\\/kibrisdakik.com\\\/\"},{\"@type\":\"ListItem\",\"position\":2,\"name\":\"Erh\u00fcrman: K\u0131br\u0131s T\u00fcrk halk\u0131 mesaj\u0131 \u00e7ok net verdi\"}]},{\"@type\":\"WebSite\",\"@id\":\"https:\\\/\\\/kibrisdakik.com\\\/#website\",\"url\":\"https:\\\/\\\/kibrisdakik.com\\\/\",\"name\":\"\",\"description\":\"Tam vaktinde haber\",\"potentialAction\":[{\"@type\":\"SearchAction\",\"target\":{\"@type\":\"EntryPoint\",\"urlTemplate\":\"https:\\\/\\\/kibrisdakik.com\\\/?s={search_term_string}\"},\"query-input\":{\"@type\":\"PropertyValueSpecification\",\"valueRequired\":true,\"valueName\":\"search_term_string\"}}],\"inLanguage\":\"tr\"},{\"@type\":\"Person\",\"@id\":\"https:\\\/\\\/kibrisdakik.com\\\/#\\\/schema\\\/person\\\/9cd9d437bbb44f72b73ba127e06d8e79\",\"name\":\"admin\",\"image\":{\"@type\":\"ImageObject\",\"inLanguage\":\"tr\",\"@id\":\"https:\\\/\\\/secure.gravatar.com\\\/avatar\\\/ccc17943b9d660506c869530f897617f7cb1c21a4bf30023f252596d83e1f007?s=96&d=mm&r=g\",\"url\":\"https:\\\/\\\/secure.gravatar.com\\\/avatar\\\/ccc17943b9d660506c869530f897617f7cb1c21a4bf30023f252596d83e1f007?s=96&d=mm&r=g\",\"contentUrl\":\"https:\\\/\\\/secure.gravatar.com\\\/avatar\\\/ccc17943b9d660506c869530f897617f7cb1c21a4bf30023f252596d83e1f007?s=96&d=mm&r=g\",\"caption\":\"admin\"},\"sameAs\":[\"https:\\\/\\\/kibrisdakik.com\"],\"url\":\"https:\\\/\\\/kibrisdakik.com\\\/?author=1\"}]}<\/script>\n<!-- \/ Yoast SEO plugin. -->","yoast_head_json":{"title":"Erh\u00fcrman: K\u0131br\u0131s T\u00fcrk halk\u0131 mesaj\u0131 \u00e7ok net verdi -","robots":{"index":"index","follow":"follow","max-snippet":"max-snippet:-1","max-image-preview":"max-image-preview:large","max-video-preview":"max-video-preview:-1"},"canonical":"https:\/\/kibrisdakik.com\/?p=9420","og_locale":"tr_TR","og_type":"article","og_title":"Erh\u00fcrman: K\u0131br\u0131s T\u00fcrk halk\u0131 mesaj\u0131 \u00e7ok net verdi -","og_description":"\u00a0 Milletvekilli\u011fi ve Yerel Kurulu\u015f Organlar\u0131 Ara Se\u00e7imleri\u2019nde CTP Milletvekili aday\u0131 Sami \u00d6zuslu\u2019nun se\u00e7imi kazanmas\u0131n\u0131n ard\u0131ndan, CTP\u2019de te\u015fekk\u00fcr konu\u015fmas\u0131 yap\u0131ld\u0131. CTP Genel Ba\u015fkan\u0131 Tufan Erh\u00fcrman, se\u00e7menin sand\u0131kta siyasete iki mesaj verdi\u011fini, se\u00e7ime kat\u0131l\u0131m\u0131n d\u00fc\u015f\u00fck olmas\u0131n\u0131n, se\u00e7menin demokrasi anlay\u0131\u015f\u0131 ve iradesine kar\u015f\u0131 K\u0131br\u0131s T\u00fcrk se\u00e7meninin cevab\u0131 oldu\u011funu belirtti. Yeni milletvekili Sami \u00d6zuslu\u2019nun yeni d\u00f6nemde mecliste olaca\u011f\u0131n\u0131","og_url":"https:\/\/kibrisdakik.com\/?p=9420","article_published_time":"2023-06-26T01:58:58+00:00","og_image":[{"width":2101,"height":853,"url":"https:\/\/kibrisdakik.com\/wp-content\/uploads\/2023\/06\/9kj-740x420.jpg","type":"image\/jpeg"}],"author":"admin","twitter_card":"summary_large_image","twitter_misc":{"Yazan:":"admin","Tahmini okuma s\u00fcresi":"1 dakika"},"schema":{"@context":"https:\/\/schema.org","@graph":[{"@type":"Article","@id":"https:\/\/kibrisdakik.com\/?p=9420#article","isPartOf":{"@id":"https:\/\/kibrisdakik.com\/?p=9420"},"author":{"name":"admin","@id":"https:\/\/kibrisdakik.com\/#\/schema\/person\/9cd9d437bbb44f72b73ba127e06d8e79"},"headline":"Erh\u00fcrman: K\u0131br\u0131s T\u00fcrk halk\u0131 mesaj\u0131 \u00e7ok net verdi","datePublished":"2023-06-26T01:58:58+00:00","mainEntityOfPage":{"@id":"https:\/\/kibrisdakik.com\/?p=9420"},"wordCount":241,"commentCount":0,"image":{"@id":"https:\/\/kibrisdakik.com\/?p=9420#primaryimage"},"thumbnailUrl":"https:\/\/kibrisdakik.com\/wp-content\/uploads\/2023\/06\/9kj-740x420.jpg","articleSection":["G\u00fcndem"],"inLanguage":"tr","potentialAction":[{"@type":"CommentAction","name":"Comment","target":["https:\/\/kibrisdakik.com\/?p=9420#respond"]}]},{"@type":"WebPage","@id":"https:\/\/kibrisdakik.com\/?p=9420","url":"https:\/\/kibrisdakik.com\/?p=9420","name":"Erh\u00fcrman: K\u0131br\u0131s T\u00fcrk halk\u0131 mesaj\u0131 \u00e7ok net verdi -","isPartOf":{"@id":"https:\/\/kibrisdakik.com\/#website"},"primaryImageOfPage":{"@id":"https:\/\/kibrisdakik.com\/?p=9420#primaryimage"},"image":{"@id":"https:\/\/kibrisdakik.com\/?p=9420#primaryimage"},"thumbnailUrl":"https:\/\/kibrisdakik.com\/wp-content\/uploads\/2023\/06\/9kj-740x420.jpg","datePublished":"2023-06-26T01:58:58+00:00","author":{"@id":"https:\/\/kibrisdakik.com\/#\/schema\/person\/9cd9d437bbb44f72b73ba127e06d8e79"},"breadcrumb":{"@id":"https:\/\/kibrisdakik.com\/?p=9420#breadcrumb"},"inLanguage":"tr","potentialAction":[{"@type":"ReadAction","target":["https:\/\/kibrisdakik.com\/?p=9420"]}]},{"@type":"ImageObject","inLanguage":"tr","@id":"https:\/\/kibrisdakik.com\/?p=9420#primaryimage","url":"https:\/\/kibrisdakik.com\/wp-content\/uploads\/2023\/06\/9kj-740x420.jpg","contentUrl":"https:\/\/kibrisdakik.com\/wp-content\/uploads\/2023\/06\/9kj-740x420.jpg","width":2101,"height":853},{"@type":"BreadcrumbList","@id":"https:\/\/kibrisdakik.com\/?p=9420#breadcrumb","itemListElement":[{"@type":"ListItem","position":1,"name":"Home","item":"https:\/\/kibrisdakik.com\/"},{"@type":"ListItem","position":2,"name":"Erh\u00fcrman: K\u0131br\u0131s T\u00fcrk halk\u0131 mesaj\u0131 \u00e7ok net verdi"}]},{"@type":"WebSite","@id":"https:\/\/kibrisdakik.com\/#website","url":"https:\/\/kibrisdakik.com\/","name":"","description":"Tam vaktinde haber","potentialAction":[{"@type":"SearchAction","target":{"@type":"EntryPoint","urlTemplate":"https:\/\/kibrisdakik.com\/?s={search_term_string}"},"query-input":{"@type":"PropertyValueSpecification","valueRequired":true,"valueName":"search_term_string"}}],"inLanguage":"tr"},{"@type":"Person","@id":"https:\/\/kibrisdakik.com\/#\/schema\/person\/9cd9d437bbb44f72b73ba127e06d8e79","name":"admin","image":{"@type":"ImageObject","inLanguage":"tr","@id":"https:\/\/secure.gravatar.com\/avatar\/ccc17943b9d660506c869530f897617f7cb1c21a4bf30023f252596d83e1f007?s=96&d=mm&r=g","url":"https:\/\/secure.gravatar.com\/avatar\/ccc17943b9d660506c869530f897617f7cb1c21a4bf30023f252596d83e1f007?s=96&d=mm&r=g","contentUrl":"https:\/\/secure.gravatar.com\/avatar\/ccc17943b9d660506c869530f897617f7cb1c21a4bf30023f252596d83e1f007?s=96&d=mm&r=g","caption":"admin"},"sameAs":["https:\/\/kibrisdakik.com"],"url":"https:\/\/kibrisdakik.com\/?author=1"}]}},"_links":{"self":[{"href":"https:\/\/kibrisdakik.com\/index.php?rest_route=\/wp\/v2\/posts\/9420","targetHints":{"allow":["GET"]}}],"collection":[{"href":"https:\/\/kibrisdakik.com\/index.php?rest_route=\/wp\/v2\/posts"}],"about":[{"href":"https:\/\/kibrisdakik.com\/index.php?rest_route=\/wp\/v2\/types\/post"}],"author":[{"embeddable":true,"href":"https:\/\/kibrisdakik.com\/index.php?rest_route=\/wp\/v2\/users\/1"}],"replies":[{"embeddable":true,"href":"https:\/\/kibrisdakik.com\/index.php?rest_route=%2Fwp%2Fv2%2Fcomments&post=9420"}],"version-history":[{"count":0,"href":"https:\/\/kibrisdakik.com\/index.php?rest_route=\/wp\/v2\/posts\/9420\/revisions"}],"wp:featuredmedia":[{"embeddable":true,"href":"https:\/\/kibrisdakik.com\/index.php?rest_route=\/wp\/v2\/media\/9421"}],"wp:attachment":[{"href":"https:\/\/kibrisdakik.com\/index.php?rest_route=%2Fwp%2Fv2%2Fmedia&parent=9420"}],"wp:term":[{"taxonomy":"category","embeddable":true,"href":"https:\/\/kibrisdakik.com\/index.php?rest_route=%2Fwp%2Fv2%2Fcategories&post=9420"},{"taxonomy":"post_tag","embeddable":true,"href":"https:\/\/kibrisdakik.com\/index.php?rest_route=%2Fwp%2Fv2%2Ftags&post=9420"}],"curies":[{"name":"wp","href":"https:\/\/api.w.org\/{rel}","templated":true}]}}