{"id":94237,"date":"2025-09-30T16:12:09","date_gmt":"2025-09-30T13:12:09","guid":{"rendered":"https:\/\/kibrisdakik.com\/index.php\/2025\/09\/30\/ismet-inonu-bulvarinda-trafik-ve-cop-sorunu-esnafi-bezdirdi\/"},"modified":"2025-09-30T16:12:09","modified_gmt":"2025-09-30T13:12:09","slug":"ismet-inonu-bulvarinda-trafik-ve-cop-sorunu-esnafi-bezdirdi","status":"publish","type":"post","link":"https:\/\/kibrisdakik.com\/?p=94237","title":{"rendered":"\u0130SMET \u0130N\u00d6N\u00dc BULVARI\u2019NDA TRAF\u0130K VE \u00c7\u00d6P SORUNU ESNAFI BEZD\u0130RD\u0130"},"content":{"rendered":"<p><\/p>\n<div data-text-id=\"185441\" property=\"articleBody\">\n<p>Erg\u00fcn Yahat<br \/>&#13;<br \/>\nGazima\u011fusa\u2019n\u0131n en i\u015flek caddesi \u0130smet \u0130n\u00f6n\u00fc Bulvar\u0131 \u00fczerinde, depo olarak kulland\u0131klar\u0131 yer sanayi b\u00f6lgesinde olmas\u0131 gereken baz\u0131 i\u015f yerlerinin mal indirme-bindirme i\u015flemlerini cadde \u00fczerine ta\u015f\u0131malar\u0131 esnaf\u0131n tepkisini \u00e7ekti. B\u00f6lgedeki d\u00fckkan sahipleri, kamyonlar\u0131n cadde \u00fczerinde mal indirip bindirmesinin hem trafikte tehlike yaratt\u0131\u011f\u0131n\u0131 hem de i\u015f yerlerinin \u00f6n\u00fcn\u00fcn saatlerce kapand\u0131\u011f\u0131n\u0131 belirtti.<\/p>\n<p>Ayr\u0131ca, i\u015fletmelerin caddeye att\u0131\u011f\u0131 \u00e7\u00f6plerin temizlenmemesi sorunun boyutunu art\u0131r\u0131yor. Esnaflar, konuyu defalarca belediyeye bildirmelerine ra\u011fmen herhangi bir \u00e7\u00f6z\u00fcm sa\u011flanmad\u0131\u011f\u0131n\u0131 ifade ederek, yetkilileri g\u00f6reve davet etti.<\/p>\n<p>Cadde \u00fczerindeki yo\u011funluk ve \u00e7\u00f6plerin birikmesi hem s\u00fcr\u00fcc\u00fcler hem de yayalar i\u00e7in risk olu\u015ftururken, esnaf \u00e7\u00f6z\u00fcm bekliyor.<\/p>\n<\/p><\/div>\n","protected":false},"excerpt":{"rendered":"<p>Erg\u00fcn Yahat&#13; Gazima\u011fusa\u2019n\u0131n en i\u015flek caddesi \u0130smet \u0130n\u00f6n\u00fc Bulvar\u0131 \u00fczerinde, depo olarak kulland\u0131klar\u0131 yer sanayi b\u00f6lgesinde olmas\u0131 gereken baz\u0131 i\u015f yerlerinin mal indirme-bindirme i\u015flemlerini cadde \u00fczerine ta\u015f\u0131malar\u0131 esnaf\u0131n tepkisini \u00e7ekti. B\u00f6lgedeki d\u00fckkan sahipleri, kamyonlar\u0131n cadde \u00fczerinde mal indirip bindirmesinin hem trafikte tehlike yaratt\u0131\u011f\u0131n\u0131 hem de i\u015f yerlerinin \u00f6n\u00fcn\u00fcn saatlerce kapand\u0131\u011f\u0131n\u0131 belirtti. Ayr\u0131ca, i\u015fletmelerin caddeye att\u0131\u011f\u0131<\/p>\n","protected":false},"author":1,"featured_media":94238,"comment_status":"open","ping_status":"open","sticky":false,"template":"","format":"standard","meta":{"footnotes":""},"categories":[81],"tags":[],"class_list":["post-94237","post","type-post","status-publish","format-standard","has-post-thumbnail","hentry","category-kibris"],"yoast_head":"<!-- This site is optimized with the Yoast SEO plugin v27.5 - https:\/\/yoast.com\/product\/yoast-seo-wordpress\/ -->\n<title>\u0130SMET \u0130N\u00d6N\u00dc BULVARI\u2019NDA TRAF\u0130K VE \u00c7\u00d6P SORUNU ESNAFI BEZD\u0130RD\u0130 -<\/title>\n<meta name=\"robots\" content=\"index, follow, max-snippet:-1, max-image-preview:large, max-video-preview:-1\" \/>\n<link rel=\"canonical\" href=\"https:\/\/kibrisdakik.com\/?p=94237\" \/>\n<meta property=\"og:locale\" content=\"tr_TR\" \/>\n<meta property=\"og:type\" content=\"article\" \/>\n<meta property=\"og:title\" content=\"\u0130SMET \u0130N\u00d6N\u00dc BULVARI\u2019NDA TRAF\u0130K VE \u00c7\u00d6P SORUNU ESNAFI BEZD\u0130RD\u0130 -\" \/>\n<meta property=\"og:description\" content=\"Erg\u00fcn Yahat&#013; Gazima\u011fusa\u2019n\u0131n en i\u015flek caddesi \u0130smet \u0130n\u00f6n\u00fc Bulvar\u0131 \u00fczerinde, depo olarak kulland\u0131klar\u0131 yer sanayi b\u00f6lgesinde olmas\u0131 gereken baz\u0131 i\u015f yerlerinin mal indirme-bindirme i\u015flemlerini cadde \u00fczerine ta\u015f\u0131malar\u0131 esnaf\u0131n tepkisini \u00e7ekti. B\u00f6lgedeki d\u00fckkan sahipleri, kamyonlar\u0131n cadde \u00fczerinde mal indirip bindirmesinin hem trafikte tehlike yaratt\u0131\u011f\u0131n\u0131 hem de i\u015f yerlerinin \u00f6n\u00fcn\u00fcn saatlerce kapand\u0131\u011f\u0131n\u0131 belirtti. Ayr\u0131ca, i\u015fletmelerin caddeye att\u0131\u011f\u0131\" \/>\n<meta property=\"og:url\" content=\"https:\/\/kibrisdakik.com\/?p=94237\" \/>\n<meta property=\"article:published_time\" content=\"2025-09-30T13:12:09+00:00\" \/>\n<meta property=\"og:image\" content=\"https:\/\/kibrisdakik.com\/wp-content\/uploads\/2025\/09\/mha-1197.png\" \/>\n\t<meta property=\"og:image:width\" content=\"1280\" \/>\n\t<meta property=\"og:image:height\" content=\"720\" \/>\n\t<meta property=\"og:image:type\" content=\"image\/png\" \/>\n<meta name=\"author\" content=\"admin\" \/>\n<meta name=\"twitter:card\" content=\"summary_large_image\" \/>\n<meta name=\"twitter:label1\" content=\"Yazan:\" \/>\n\t<meta name=\"twitter:data1\" content=\"admin\" \/>\n\t<meta name=\"twitter:label2\" content=\"Tahmini okuma s\u00fcresi\" \/>\n\t<meta name=\"twitter:data2\" content=\"1 dakika\" \/>\n<script type=\"application\/ld+json\" class=\"yoast-schema-graph\">{\"@context\":\"https:\\\/\\\/schema.org\",\"@graph\":[{\"@type\":\"Article\",\"@id\":\"https:\\\/\\\/kibrisdakik.com\\\/?p=94237#article\",\"isPartOf\":{\"@id\":\"https:\\\/\\\/kibrisdakik.com\\\/?p=94237\"},\"author\":{\"name\":\"admin\",\"@id\":\"https:\\\/\\\/kibrisdakik.com\\\/#\\\/schema\\\/person\\\/9cd9d437bbb44f72b73ba127e06d8e79\"},\"headline\":\"\u0130SMET \u0130N\u00d6N\u00dc BULVARI\u2019NDA TRAF\u0130K VE \u00c7\u00d6P SORUNU ESNAFI BEZD\u0130RD\u0130\",\"datePublished\":\"2025-09-30T13:12:09+00:00\",\"mainEntityOfPage\":{\"@id\":\"https:\\\/\\\/kibrisdakik.com\\\/?p=94237\"},\"wordCount\":140,\"commentCount\":0,\"image\":{\"@id\":\"https:\\\/\\\/kibrisdakik.com\\\/?p=94237#primaryimage\"},\"thumbnailUrl\":\"https:\\\/\\\/kibrisdakik.com\\\/wp-content\\\/uploads\\\/2025\\\/09\\\/mha-1197.png\",\"articleSection\":[\"K\u0131br\u0131s\"],\"inLanguage\":\"tr\",\"potentialAction\":[{\"@type\":\"CommentAction\",\"name\":\"Comment\",\"target\":[\"https:\\\/\\\/kibrisdakik.com\\\/?p=94237#respond\"]}]},{\"@type\":\"WebPage\",\"@id\":\"https:\\\/\\\/kibrisdakik.com\\\/?p=94237\",\"url\":\"https:\\\/\\\/kibrisdakik.com\\\/?p=94237\",\"name\":\"\u0130SMET \u0130N\u00d6N\u00dc BULVARI\u2019NDA TRAF\u0130K VE \u00c7\u00d6P SORUNU ESNAFI BEZD\u0130RD\u0130 -\",\"isPartOf\":{\"@id\":\"https:\\\/\\\/kibrisdakik.com\\\/#website\"},\"primaryImageOfPage\":{\"@id\":\"https:\\\/\\\/kibrisdakik.com\\\/?p=94237#primaryimage\"},\"image\":{\"@id\":\"https:\\\/\\\/kibrisdakik.com\\\/?p=94237#primaryimage\"},\"thumbnailUrl\":\"https:\\\/\\\/kibrisdakik.com\\\/wp-content\\\/uploads\\\/2025\\\/09\\\/mha-1197.png\",\"datePublished\":\"2025-09-30T13:12:09+00:00\",\"author\":{\"@id\":\"https:\\\/\\\/kibrisdakik.com\\\/#\\\/schema\\\/person\\\/9cd9d437bbb44f72b73ba127e06d8e79\"},\"breadcrumb\":{\"@id\":\"https:\\\/\\\/kibrisdakik.com\\\/?p=94237#breadcrumb\"},\"inLanguage\":\"tr\",\"potentialAction\":[{\"@type\":\"ReadAction\",\"target\":[\"https:\\\/\\\/kibrisdakik.com\\\/?p=94237\"]}]},{\"@type\":\"ImageObject\",\"inLanguage\":\"tr\",\"@id\":\"https:\\\/\\\/kibrisdakik.com\\\/?p=94237#primaryimage\",\"url\":\"https:\\\/\\\/kibrisdakik.com\\\/wp-content\\\/uploads\\\/2025\\\/09\\\/mha-1197.png\",\"contentUrl\":\"https:\\\/\\\/kibrisdakik.com\\\/wp-content\\\/uploads\\\/2025\\\/09\\\/mha-1197.png\",\"width\":1280,\"height\":720},{\"@type\":\"BreadcrumbList\",\"@id\":\"https:\\\/\\\/kibrisdakik.com\\\/?p=94237#breadcrumb\",\"itemListElement\":[{\"@type\":\"ListItem\",\"position\":1,\"name\":\"Home\",\"item\":\"https:\\\/\\\/kibrisdakik.com\\\/\"},{\"@type\":\"ListItem\",\"position\":2,\"name\":\"\u0130SMET \u0130N\u00d6N\u00dc BULVARI\u2019NDA TRAF\u0130K VE \u00c7\u00d6P SORUNU ESNAFI BEZD\u0130RD\u0130\"}]},{\"@type\":\"WebSite\",\"@id\":\"https:\\\/\\\/kibrisdakik.com\\\/#website\",\"url\":\"https:\\\/\\\/kibrisdakik.com\\\/\",\"name\":\"\",\"description\":\"Tam vaktinde haber\",\"potentialAction\":[{\"@type\":\"SearchAction\",\"target\":{\"@type\":\"EntryPoint\",\"urlTemplate\":\"https:\\\/\\\/kibrisdakik.com\\\/?s={search_term_string}\"},\"query-input\":{\"@type\":\"PropertyValueSpecification\",\"valueRequired\":true,\"valueName\":\"search_term_string\"}}],\"inLanguage\":\"tr\"},{\"@type\":\"Person\",\"@id\":\"https:\\\/\\\/kibrisdakik.com\\\/#\\\/schema\\\/person\\\/9cd9d437bbb44f72b73ba127e06d8e79\",\"name\":\"admin\",\"image\":{\"@type\":\"ImageObject\",\"inLanguage\":\"tr\",\"@id\":\"https:\\\/\\\/secure.gravatar.com\\\/avatar\\\/ccc17943b9d660506c869530f897617f7cb1c21a4bf30023f252596d83e1f007?s=96&d=mm&r=g\",\"url\":\"https:\\\/\\\/secure.gravatar.com\\\/avatar\\\/ccc17943b9d660506c869530f897617f7cb1c21a4bf30023f252596d83e1f007?s=96&d=mm&r=g\",\"contentUrl\":\"https:\\\/\\\/secure.gravatar.com\\\/avatar\\\/ccc17943b9d660506c869530f897617f7cb1c21a4bf30023f252596d83e1f007?s=96&d=mm&r=g\",\"caption\":\"admin\"},\"sameAs\":[\"https:\\\/\\\/kibrisdakik.com\"],\"url\":\"https:\\\/\\\/kibrisdakik.com\\\/?author=1\"}]}<\/script>\n<!-- \/ Yoast SEO plugin. -->","yoast_head_json":{"title":"\u0130SMET \u0130N\u00d6N\u00dc BULVARI\u2019NDA TRAF\u0130K VE \u00c7\u00d6P SORUNU ESNAFI BEZD\u0130RD\u0130 -","robots":{"index":"index","follow":"follow","max-snippet":"max-snippet:-1","max-image-preview":"max-image-preview:large","max-video-preview":"max-video-preview:-1"},"canonical":"https:\/\/kibrisdakik.com\/?p=94237","og_locale":"tr_TR","og_type":"article","og_title":"\u0130SMET \u0130N\u00d6N\u00dc BULVARI\u2019NDA TRAF\u0130K VE \u00c7\u00d6P SORUNU ESNAFI BEZD\u0130RD\u0130 -","og_description":"Erg\u00fcn Yahat&#13; Gazima\u011fusa\u2019n\u0131n en i\u015flek caddesi \u0130smet \u0130n\u00f6n\u00fc Bulvar\u0131 \u00fczerinde, depo olarak kulland\u0131klar\u0131 yer sanayi b\u00f6lgesinde olmas\u0131 gereken baz\u0131 i\u015f yerlerinin mal indirme-bindirme i\u015flemlerini cadde \u00fczerine ta\u015f\u0131malar\u0131 esnaf\u0131n tepkisini \u00e7ekti. B\u00f6lgedeki d\u00fckkan sahipleri, kamyonlar\u0131n cadde \u00fczerinde mal indirip bindirmesinin hem trafikte tehlike yaratt\u0131\u011f\u0131n\u0131 hem de i\u015f yerlerinin \u00f6n\u00fcn\u00fcn saatlerce kapand\u0131\u011f\u0131n\u0131 belirtti. Ayr\u0131ca, i\u015fletmelerin caddeye att\u0131\u011f\u0131","og_url":"https:\/\/kibrisdakik.com\/?p=94237","article_published_time":"2025-09-30T13:12:09+00:00","og_image":[{"width":1280,"height":720,"url":"https:\/\/kibrisdakik.com\/wp-content\/uploads\/2025\/09\/mha-1197.png","type":"image\/png"}],"author":"admin","twitter_card":"summary_large_image","twitter_misc":{"Yazan:":"admin","Tahmini okuma s\u00fcresi":"1 dakika"},"schema":{"@context":"https:\/\/schema.org","@graph":[{"@type":"Article","@id":"https:\/\/kibrisdakik.com\/?p=94237#article","isPartOf":{"@id":"https:\/\/kibrisdakik.com\/?p=94237"},"author":{"name":"admin","@id":"https:\/\/kibrisdakik.com\/#\/schema\/person\/9cd9d437bbb44f72b73ba127e06d8e79"},"headline":"\u0130SMET \u0130N\u00d6N\u00dc BULVARI\u2019NDA TRAF\u0130K VE \u00c7\u00d6P SORUNU ESNAFI BEZD\u0130RD\u0130","datePublished":"2025-09-30T13:12:09+00:00","mainEntityOfPage":{"@id":"https:\/\/kibrisdakik.com\/?p=94237"},"wordCount":140,"commentCount":0,"image":{"@id":"https:\/\/kibrisdakik.com\/?p=94237#primaryimage"},"thumbnailUrl":"https:\/\/kibrisdakik.com\/wp-content\/uploads\/2025\/09\/mha-1197.png","articleSection":["K\u0131br\u0131s"],"inLanguage":"tr","potentialAction":[{"@type":"CommentAction","name":"Comment","target":["https:\/\/kibrisdakik.com\/?p=94237#respond"]}]},{"@type":"WebPage","@id":"https:\/\/kibrisdakik.com\/?p=94237","url":"https:\/\/kibrisdakik.com\/?p=94237","name":"\u0130SMET \u0130N\u00d6N\u00dc BULVARI\u2019NDA TRAF\u0130K VE \u00c7\u00d6P SORUNU ESNAFI BEZD\u0130RD\u0130 -","isPartOf":{"@id":"https:\/\/kibrisdakik.com\/#website"},"primaryImageOfPage":{"@id":"https:\/\/kibrisdakik.com\/?p=94237#primaryimage"},"image":{"@id":"https:\/\/kibrisdakik.com\/?p=94237#primaryimage"},"thumbnailUrl":"https:\/\/kibrisdakik.com\/wp-content\/uploads\/2025\/09\/mha-1197.png","datePublished":"2025-09-30T13:12:09+00:00","author":{"@id":"https:\/\/kibrisdakik.com\/#\/schema\/person\/9cd9d437bbb44f72b73ba127e06d8e79"},"breadcrumb":{"@id":"https:\/\/kibrisdakik.com\/?p=94237#breadcrumb"},"inLanguage":"tr","potentialAction":[{"@type":"ReadAction","target":["https:\/\/kibrisdakik.com\/?p=94237"]}]},{"@type":"ImageObject","inLanguage":"tr","@id":"https:\/\/kibrisdakik.com\/?p=94237#primaryimage","url":"https:\/\/kibrisdakik.com\/wp-content\/uploads\/2025\/09\/mha-1197.png","contentUrl":"https:\/\/kibrisdakik.com\/wp-content\/uploads\/2025\/09\/mha-1197.png","width":1280,"height":720},{"@type":"BreadcrumbList","@id":"https:\/\/kibrisdakik.com\/?p=94237#breadcrumb","itemListElement":[{"@type":"ListItem","position":1,"name":"Home","item":"https:\/\/kibrisdakik.com\/"},{"@type":"ListItem","position":2,"name":"\u0130SMET \u0130N\u00d6N\u00dc BULVARI\u2019NDA TRAF\u0130K VE \u00c7\u00d6P SORUNU ESNAFI BEZD\u0130RD\u0130"}]},{"@type":"WebSite","@id":"https:\/\/kibrisdakik.com\/#website","url":"https:\/\/kibrisdakik.com\/","name":"","description":"Tam vaktinde haber","potentialAction":[{"@type":"SearchAction","target":{"@type":"EntryPoint","urlTemplate":"https:\/\/kibrisdakik.com\/?s={search_term_string}"},"query-input":{"@type":"PropertyValueSpecification","valueRequired":true,"valueName":"search_term_string"}}],"inLanguage":"tr"},{"@type":"Person","@id":"https:\/\/kibrisdakik.com\/#\/schema\/person\/9cd9d437bbb44f72b73ba127e06d8e79","name":"admin","image":{"@type":"ImageObject","inLanguage":"tr","@id":"https:\/\/secure.gravatar.com\/avatar\/ccc17943b9d660506c869530f897617f7cb1c21a4bf30023f252596d83e1f007?s=96&d=mm&r=g","url":"https:\/\/secure.gravatar.com\/avatar\/ccc17943b9d660506c869530f897617f7cb1c21a4bf30023f252596d83e1f007?s=96&d=mm&r=g","contentUrl":"https:\/\/secure.gravatar.com\/avatar\/ccc17943b9d660506c869530f897617f7cb1c21a4bf30023f252596d83e1f007?s=96&d=mm&r=g","caption":"admin"},"sameAs":["https:\/\/kibrisdakik.com"],"url":"https:\/\/kibrisdakik.com\/?author=1"}]}},"_links":{"self":[{"href":"https:\/\/kibrisdakik.com\/index.php?rest_route=\/wp\/v2\/posts\/94237","targetHints":{"allow":["GET"]}}],"collection":[{"href":"https:\/\/kibrisdakik.com\/index.php?rest_route=\/wp\/v2\/posts"}],"about":[{"href":"https:\/\/kibrisdakik.com\/index.php?rest_route=\/wp\/v2\/types\/post"}],"author":[{"embeddable":true,"href":"https:\/\/kibrisdakik.com\/index.php?rest_route=\/wp\/v2\/users\/1"}],"replies":[{"embeddable":true,"href":"https:\/\/kibrisdakik.com\/index.php?rest_route=%2Fwp%2Fv2%2Fcomments&post=94237"}],"version-history":[{"count":0,"href":"https:\/\/kibrisdakik.com\/index.php?rest_route=\/wp\/v2\/posts\/94237\/revisions"}],"wp:featuredmedia":[{"embeddable":true,"href":"https:\/\/kibrisdakik.com\/index.php?rest_route=\/wp\/v2\/media\/94238"}],"wp:attachment":[{"href":"https:\/\/kibrisdakik.com\/index.php?rest_route=%2Fwp%2Fv2%2Fmedia&parent=94237"}],"wp:term":[{"taxonomy":"category","embeddable":true,"href":"https:\/\/kibrisdakik.com\/index.php?rest_route=%2Fwp%2Fv2%2Fcategories&post=94237"},{"taxonomy":"post_tag","embeddable":true,"href":"https:\/\/kibrisdakik.com\/index.php?rest_route=%2Fwp%2Fv2%2Ftags&post=94237"}],"curies":[{"name":"wp","href":"https:\/\/api.w.org\/{rel}","templated":true}]}}