{"id":94289,"date":"2025-09-30T19:41:57","date_gmt":"2025-09-30T16:41:57","guid":{"rendered":"https:\/\/kibrisdakik.com\/index.php\/2025\/09\/30\/polis-cami-kirarak-mudahale-etti\/"},"modified":"2025-09-30T19:41:57","modified_gmt":"2025-09-30T16:41:57","slug":"polis-cami-kirarak-mudahale-etti","status":"publish","type":"post","link":"https:\/\/kibrisdakik.com\/?p=94289","title":{"rendered":"POL\u0130S CAMI KIRARAK M\u00dcDAHALE ETT\u0130"},"content":{"rendered":"<p><\/p>\n<p>Polis Bas\u0131n Subayl\u0131\u011f\u0131&#8217;ndan a\u00e7\u0131klama:<\/p>\n<p>Baz\u0131 haber sitelerinde 23 Eyl\u00fcl tarihinde Gazima\u011fusa\u2019da meydana gelen olaya ili\u015fkin videoda yer alan g\u00f6r\u00fcnt\u00fclerle ilgili \u00e7e\u015fitli yorumlara yer verildi\u011fi g\u00f6r\u00fclm\u00fc\u015ft\u00fcr.<br \/>\nS\u00f6z konusu olay hakk\u0131ndaki bilgiler a\u015fa\u011f\u0131daki gibidir.<br \/>\n23.09.2025 tarihinde, saat 17.10 s\u0131ralar\u0131nda, Gazima\u011fusa\u2019da \u0130smet \u0130n\u00f6n\u00fc Bulvar\u0131 \u00fczerinde kuzey istikametine do\u011fru seyreden bir ara\u00e7 s\u00fcr\u00fcc\u00fcs\u00fc \u00f6n\u00fcnde seyreden bir araca \u00e7arpmas\u0131na m\u00fcteakip olay yeri yak\u0131n\u0131nda bulunan polis ekipleri s\u00f6z konusu arac\u0131n yan\u0131na gitti\u011finde s\u00fcr\u00fcc\u00fcn\u00fcn ara\u00e7 i\u00e7erisinde bayg\u0131n ve hareketsiz bir \u015feklide ve arac\u0131n kap\u0131lar\u0131 kilitli olarak g\u00f6r\u00fclm\u00fc\u015ft\u00fcr. Akabinde kendisine gelen ara\u00e7 s\u00fcr\u00fcc\u00fcs\u00fc arac\u0131n\u0131 yeniden hareket ettirerek \u00f6n\u00fcndeki araca yeniden \u00e7arp\u0131p arac\u0131 s\u00fcr\u00fcklemi\u015ftir. Ya\u015fanan olay \u00fczerine Polisin \u0131srar\u0131na ra\u011fmen arac\u0131n kap\u0131lar\u0131n\u0131 a\u00e7may\u0131p, ara\u00e7 i\u00e7erisinde tutars\u0131z davran\u0131\u015flar sergileyen ara\u00e7 s\u00fcr\u00fcc\u00fcn\u00fcn ba\u015fka s\u00fcr\u00fcc\u00fclere zarar vermemesi ad\u0131na s\u00f6z konusu arac\u0131n cam\u0131 polis taraf\u0131ndan k\u0131r\u0131larak arac\u0131n kap\u0131s\u0131n\u0131n a\u00e7\u0131lmas\u0131 sa\u011flanarak konu \u015fah\u0131s \u00f6nce Polis merkezine ard\u0131ndan da sa\u011fl\u0131k kontrol\u00fcnden ge\u00e7irilmek \u00fczere hastaneye sevk edilmi\u015ftir. Olayla ilgili soru\u015fturma s\u00fcr\u00fcyor.<\/p>\n","protected":false},"excerpt":{"rendered":"<p>Polis Bas\u0131n Subayl\u0131\u011f\u0131&#8217;ndan a\u00e7\u0131klama: Baz\u0131 haber sitelerinde 23 Eyl\u00fcl tarihinde Gazima\u011fusa\u2019da meydana gelen olaya ili\u015fkin videoda yer alan g\u00f6r\u00fcnt\u00fclerle ilgili \u00e7e\u015fitli yorumlara yer verildi\u011fi g\u00f6r\u00fclm\u00fc\u015ft\u00fcr. S\u00f6z konusu olay hakk\u0131ndaki bilgiler a\u015fa\u011f\u0131daki gibidir. 23.09.2025 tarihinde, saat 17.10 s\u0131ralar\u0131nda, Gazima\u011fusa\u2019da \u0130smet \u0130n\u00f6n\u00fc Bulvar\u0131 \u00fczerinde kuzey istikametine do\u011fru seyreden bir ara\u00e7 s\u00fcr\u00fcc\u00fcs\u00fc \u00f6n\u00fcnde seyreden bir araca \u00e7arpmas\u0131na m\u00fcteakip<\/p>\n","protected":false},"author":1,"featured_media":94290,"comment_status":"open","ping_status":"open","sticky":false,"template":"","format":"standard","meta":{"footnotes":""},"categories":[81],"tags":[],"class_list":["post-94289","post","type-post","status-publish","format-standard","has-post-thumbnail","hentry","category-kibris"],"yoast_head":"<!-- This site is optimized with the Yoast SEO plugin v27.5 - https:\/\/yoast.com\/product\/yoast-seo-wordpress\/ -->\n<title>POL\u0130S CAMI KIRARAK M\u00dcDAHALE ETT\u0130 -<\/title>\n<meta name=\"robots\" content=\"index, follow, max-snippet:-1, max-image-preview:large, max-video-preview:-1\" \/>\n<link rel=\"canonical\" href=\"https:\/\/kibrisdakik.com\/?p=94289\" \/>\n<meta property=\"og:locale\" content=\"tr_TR\" \/>\n<meta property=\"og:type\" content=\"article\" \/>\n<meta property=\"og:title\" content=\"POL\u0130S CAMI KIRARAK M\u00dcDAHALE ETT\u0130 -\" \/>\n<meta property=\"og:description\" content=\"Polis Bas\u0131n Subayl\u0131\u011f\u0131&#8217;ndan a\u00e7\u0131klama: Baz\u0131 haber sitelerinde 23 Eyl\u00fcl tarihinde Gazima\u011fusa\u2019da meydana gelen olaya ili\u015fkin videoda yer alan g\u00f6r\u00fcnt\u00fclerle ilgili \u00e7e\u015fitli yorumlara yer verildi\u011fi g\u00f6r\u00fclm\u00fc\u015ft\u00fcr. S\u00f6z konusu olay hakk\u0131ndaki bilgiler a\u015fa\u011f\u0131daki gibidir. 23.09.2025 tarihinde, saat 17.10 s\u0131ralar\u0131nda, Gazima\u011fusa\u2019da \u0130smet \u0130n\u00f6n\u00fc Bulvar\u0131 \u00fczerinde kuzey istikametine do\u011fru seyreden bir ara\u00e7 s\u00fcr\u00fcc\u00fcs\u00fc \u00f6n\u00fcnde seyreden bir araca \u00e7arpmas\u0131na m\u00fcteakip\" \/>\n<meta property=\"og:url\" content=\"https:\/\/kibrisdakik.com\/?p=94289\" \/>\n<meta property=\"article:published_time\" content=\"2025-09-30T16:41:57+00:00\" \/>\n<meta property=\"og:image\" content=\"https:\/\/kibrisdakik.com\/wp-content\/uploads\/2025\/09\/mha-1205.png\" \/>\n\t<meta property=\"og:image:width\" content=\"1280\" \/>\n\t<meta property=\"og:image:height\" content=\"720\" \/>\n\t<meta property=\"og:image:type\" content=\"image\/png\" \/>\n<meta name=\"author\" content=\"admin\" \/>\n<meta name=\"twitter:card\" content=\"summary_large_image\" \/>\n<meta name=\"twitter:label1\" content=\"Yazan:\" \/>\n\t<meta name=\"twitter:data1\" content=\"admin\" \/>\n\t<meta name=\"twitter:label2\" content=\"Tahmini okuma s\u00fcresi\" \/>\n\t<meta name=\"twitter:data2\" content=\"1 dakika\" \/>\n<script type=\"application\/ld+json\" class=\"yoast-schema-graph\">{\"@context\":\"https:\\\/\\\/schema.org\",\"@graph\":[{\"@type\":\"Article\",\"@id\":\"https:\\\/\\\/kibrisdakik.com\\\/?p=94289#article\",\"isPartOf\":{\"@id\":\"https:\\\/\\\/kibrisdakik.com\\\/?p=94289\"},\"author\":{\"name\":\"admin\",\"@id\":\"https:\\\/\\\/kibrisdakik.com\\\/#\\\/schema\\\/person\\\/9cd9d437bbb44f72b73ba127e06d8e79\"},\"headline\":\"POL\u0130S CAMI KIRARAK M\u00dcDAHALE ETT\u0130\",\"datePublished\":\"2025-09-30T16:41:57+00:00\",\"mainEntityOfPage\":{\"@id\":\"https:\\\/\\\/kibrisdakik.com\\\/?p=94289\"},\"wordCount\":249,\"commentCount\":0,\"image\":{\"@id\":\"https:\\\/\\\/kibrisdakik.com\\\/?p=94289#primaryimage\"},\"thumbnailUrl\":\"https:\\\/\\\/kibrisdakik.com\\\/wp-content\\\/uploads\\\/2025\\\/09\\\/mha-1205.png\",\"articleSection\":[\"K\u0131br\u0131s\"],\"inLanguage\":\"tr\",\"potentialAction\":[{\"@type\":\"CommentAction\",\"name\":\"Comment\",\"target\":[\"https:\\\/\\\/kibrisdakik.com\\\/?p=94289#respond\"]}]},{\"@type\":\"WebPage\",\"@id\":\"https:\\\/\\\/kibrisdakik.com\\\/?p=94289\",\"url\":\"https:\\\/\\\/kibrisdakik.com\\\/?p=94289\",\"name\":\"POL\u0130S CAMI KIRARAK M\u00dcDAHALE ETT\u0130 -\",\"isPartOf\":{\"@id\":\"https:\\\/\\\/kibrisdakik.com\\\/#website\"},\"primaryImageOfPage\":{\"@id\":\"https:\\\/\\\/kibrisdakik.com\\\/?p=94289#primaryimage\"},\"image\":{\"@id\":\"https:\\\/\\\/kibrisdakik.com\\\/?p=94289#primaryimage\"},\"thumbnailUrl\":\"https:\\\/\\\/kibrisdakik.com\\\/wp-content\\\/uploads\\\/2025\\\/09\\\/mha-1205.png\",\"datePublished\":\"2025-09-30T16:41:57+00:00\",\"author\":{\"@id\":\"https:\\\/\\\/kibrisdakik.com\\\/#\\\/schema\\\/person\\\/9cd9d437bbb44f72b73ba127e06d8e79\"},\"breadcrumb\":{\"@id\":\"https:\\\/\\\/kibrisdakik.com\\\/?p=94289#breadcrumb\"},\"inLanguage\":\"tr\",\"potentialAction\":[{\"@type\":\"ReadAction\",\"target\":[\"https:\\\/\\\/kibrisdakik.com\\\/?p=94289\"]}]},{\"@type\":\"ImageObject\",\"inLanguage\":\"tr\",\"@id\":\"https:\\\/\\\/kibrisdakik.com\\\/?p=94289#primaryimage\",\"url\":\"https:\\\/\\\/kibrisdakik.com\\\/wp-content\\\/uploads\\\/2025\\\/09\\\/mha-1205.png\",\"contentUrl\":\"https:\\\/\\\/kibrisdakik.com\\\/wp-content\\\/uploads\\\/2025\\\/09\\\/mha-1205.png\",\"width\":1280,\"height\":720},{\"@type\":\"BreadcrumbList\",\"@id\":\"https:\\\/\\\/kibrisdakik.com\\\/?p=94289#breadcrumb\",\"itemListElement\":[{\"@type\":\"ListItem\",\"position\":1,\"name\":\"Home\",\"item\":\"https:\\\/\\\/kibrisdakik.com\\\/\"},{\"@type\":\"ListItem\",\"position\":2,\"name\":\"POL\u0130S CAMI KIRARAK M\u00dcDAHALE ETT\u0130\"}]},{\"@type\":\"WebSite\",\"@id\":\"https:\\\/\\\/kibrisdakik.com\\\/#website\",\"url\":\"https:\\\/\\\/kibrisdakik.com\\\/\",\"name\":\"\",\"description\":\"Tam vaktinde haber\",\"potentialAction\":[{\"@type\":\"SearchAction\",\"target\":{\"@type\":\"EntryPoint\",\"urlTemplate\":\"https:\\\/\\\/kibrisdakik.com\\\/?s={search_term_string}\"},\"query-input\":{\"@type\":\"PropertyValueSpecification\",\"valueRequired\":true,\"valueName\":\"search_term_string\"}}],\"inLanguage\":\"tr\"},{\"@type\":\"Person\",\"@id\":\"https:\\\/\\\/kibrisdakik.com\\\/#\\\/schema\\\/person\\\/9cd9d437bbb44f72b73ba127e06d8e79\",\"name\":\"admin\",\"image\":{\"@type\":\"ImageObject\",\"inLanguage\":\"tr\",\"@id\":\"https:\\\/\\\/secure.gravatar.com\\\/avatar\\\/ccc17943b9d660506c869530f897617f7cb1c21a4bf30023f252596d83e1f007?s=96&d=mm&r=g\",\"url\":\"https:\\\/\\\/secure.gravatar.com\\\/avatar\\\/ccc17943b9d660506c869530f897617f7cb1c21a4bf30023f252596d83e1f007?s=96&d=mm&r=g\",\"contentUrl\":\"https:\\\/\\\/secure.gravatar.com\\\/avatar\\\/ccc17943b9d660506c869530f897617f7cb1c21a4bf30023f252596d83e1f007?s=96&d=mm&r=g\",\"caption\":\"admin\"},\"sameAs\":[\"https:\\\/\\\/kibrisdakik.com\"],\"url\":\"https:\\\/\\\/kibrisdakik.com\\\/?author=1\"}]}<\/script>\n<!-- \/ Yoast SEO plugin. -->","yoast_head_json":{"title":"POL\u0130S CAMI KIRARAK M\u00dcDAHALE ETT\u0130 -","robots":{"index":"index","follow":"follow","max-snippet":"max-snippet:-1","max-image-preview":"max-image-preview:large","max-video-preview":"max-video-preview:-1"},"canonical":"https:\/\/kibrisdakik.com\/?p=94289","og_locale":"tr_TR","og_type":"article","og_title":"POL\u0130S CAMI KIRARAK M\u00dcDAHALE ETT\u0130 -","og_description":"Polis Bas\u0131n Subayl\u0131\u011f\u0131&#8217;ndan a\u00e7\u0131klama: Baz\u0131 haber sitelerinde 23 Eyl\u00fcl tarihinde Gazima\u011fusa\u2019da meydana gelen olaya ili\u015fkin videoda yer alan g\u00f6r\u00fcnt\u00fclerle ilgili \u00e7e\u015fitli yorumlara yer verildi\u011fi g\u00f6r\u00fclm\u00fc\u015ft\u00fcr. S\u00f6z konusu olay hakk\u0131ndaki bilgiler a\u015fa\u011f\u0131daki gibidir. 23.09.2025 tarihinde, saat 17.10 s\u0131ralar\u0131nda, Gazima\u011fusa\u2019da \u0130smet \u0130n\u00f6n\u00fc Bulvar\u0131 \u00fczerinde kuzey istikametine do\u011fru seyreden bir ara\u00e7 s\u00fcr\u00fcc\u00fcs\u00fc \u00f6n\u00fcnde seyreden bir araca \u00e7arpmas\u0131na m\u00fcteakip","og_url":"https:\/\/kibrisdakik.com\/?p=94289","article_published_time":"2025-09-30T16:41:57+00:00","og_image":[{"width":1280,"height":720,"url":"https:\/\/kibrisdakik.com\/wp-content\/uploads\/2025\/09\/mha-1205.png","type":"image\/png"}],"author":"admin","twitter_card":"summary_large_image","twitter_misc":{"Yazan:":"admin","Tahmini okuma s\u00fcresi":"1 dakika"},"schema":{"@context":"https:\/\/schema.org","@graph":[{"@type":"Article","@id":"https:\/\/kibrisdakik.com\/?p=94289#article","isPartOf":{"@id":"https:\/\/kibrisdakik.com\/?p=94289"},"author":{"name":"admin","@id":"https:\/\/kibrisdakik.com\/#\/schema\/person\/9cd9d437bbb44f72b73ba127e06d8e79"},"headline":"POL\u0130S CAMI KIRARAK M\u00dcDAHALE ETT\u0130","datePublished":"2025-09-30T16:41:57+00:00","mainEntityOfPage":{"@id":"https:\/\/kibrisdakik.com\/?p=94289"},"wordCount":249,"commentCount":0,"image":{"@id":"https:\/\/kibrisdakik.com\/?p=94289#primaryimage"},"thumbnailUrl":"https:\/\/kibrisdakik.com\/wp-content\/uploads\/2025\/09\/mha-1205.png","articleSection":["K\u0131br\u0131s"],"inLanguage":"tr","potentialAction":[{"@type":"CommentAction","name":"Comment","target":["https:\/\/kibrisdakik.com\/?p=94289#respond"]}]},{"@type":"WebPage","@id":"https:\/\/kibrisdakik.com\/?p=94289","url":"https:\/\/kibrisdakik.com\/?p=94289","name":"POL\u0130S CAMI KIRARAK M\u00dcDAHALE ETT\u0130 -","isPartOf":{"@id":"https:\/\/kibrisdakik.com\/#website"},"primaryImageOfPage":{"@id":"https:\/\/kibrisdakik.com\/?p=94289#primaryimage"},"image":{"@id":"https:\/\/kibrisdakik.com\/?p=94289#primaryimage"},"thumbnailUrl":"https:\/\/kibrisdakik.com\/wp-content\/uploads\/2025\/09\/mha-1205.png","datePublished":"2025-09-30T16:41:57+00:00","author":{"@id":"https:\/\/kibrisdakik.com\/#\/schema\/person\/9cd9d437bbb44f72b73ba127e06d8e79"},"breadcrumb":{"@id":"https:\/\/kibrisdakik.com\/?p=94289#breadcrumb"},"inLanguage":"tr","potentialAction":[{"@type":"ReadAction","target":["https:\/\/kibrisdakik.com\/?p=94289"]}]},{"@type":"ImageObject","inLanguage":"tr","@id":"https:\/\/kibrisdakik.com\/?p=94289#primaryimage","url":"https:\/\/kibrisdakik.com\/wp-content\/uploads\/2025\/09\/mha-1205.png","contentUrl":"https:\/\/kibrisdakik.com\/wp-content\/uploads\/2025\/09\/mha-1205.png","width":1280,"height":720},{"@type":"BreadcrumbList","@id":"https:\/\/kibrisdakik.com\/?p=94289#breadcrumb","itemListElement":[{"@type":"ListItem","position":1,"name":"Home","item":"https:\/\/kibrisdakik.com\/"},{"@type":"ListItem","position":2,"name":"POL\u0130S CAMI KIRARAK M\u00dcDAHALE ETT\u0130"}]},{"@type":"WebSite","@id":"https:\/\/kibrisdakik.com\/#website","url":"https:\/\/kibrisdakik.com\/","name":"","description":"Tam vaktinde haber","potentialAction":[{"@type":"SearchAction","target":{"@type":"EntryPoint","urlTemplate":"https:\/\/kibrisdakik.com\/?s={search_term_string}"},"query-input":{"@type":"PropertyValueSpecification","valueRequired":true,"valueName":"search_term_string"}}],"inLanguage":"tr"},{"@type":"Person","@id":"https:\/\/kibrisdakik.com\/#\/schema\/person\/9cd9d437bbb44f72b73ba127e06d8e79","name":"admin","image":{"@type":"ImageObject","inLanguage":"tr","@id":"https:\/\/secure.gravatar.com\/avatar\/ccc17943b9d660506c869530f897617f7cb1c21a4bf30023f252596d83e1f007?s=96&d=mm&r=g","url":"https:\/\/secure.gravatar.com\/avatar\/ccc17943b9d660506c869530f897617f7cb1c21a4bf30023f252596d83e1f007?s=96&d=mm&r=g","contentUrl":"https:\/\/secure.gravatar.com\/avatar\/ccc17943b9d660506c869530f897617f7cb1c21a4bf30023f252596d83e1f007?s=96&d=mm&r=g","caption":"admin"},"sameAs":["https:\/\/kibrisdakik.com"],"url":"https:\/\/kibrisdakik.com\/?author=1"}]}},"_links":{"self":[{"href":"https:\/\/kibrisdakik.com\/index.php?rest_route=\/wp\/v2\/posts\/94289","targetHints":{"allow":["GET"]}}],"collection":[{"href":"https:\/\/kibrisdakik.com\/index.php?rest_route=\/wp\/v2\/posts"}],"about":[{"href":"https:\/\/kibrisdakik.com\/index.php?rest_route=\/wp\/v2\/types\/post"}],"author":[{"embeddable":true,"href":"https:\/\/kibrisdakik.com\/index.php?rest_route=\/wp\/v2\/users\/1"}],"replies":[{"embeddable":true,"href":"https:\/\/kibrisdakik.com\/index.php?rest_route=%2Fwp%2Fv2%2Fcomments&post=94289"}],"version-history":[{"count":0,"href":"https:\/\/kibrisdakik.com\/index.php?rest_route=\/wp\/v2\/posts\/94289\/revisions"}],"wp:featuredmedia":[{"embeddable":true,"href":"https:\/\/kibrisdakik.com\/index.php?rest_route=\/wp\/v2\/media\/94290"}],"wp:attachment":[{"href":"https:\/\/kibrisdakik.com\/index.php?rest_route=%2Fwp%2Fv2%2Fmedia&parent=94289"}],"wp:term":[{"taxonomy":"category","embeddable":true,"href":"https:\/\/kibrisdakik.com\/index.php?rest_route=%2Fwp%2Fv2%2Fcategories&post=94289"},{"taxonomy":"post_tag","embeddable":true,"href":"https:\/\/kibrisdakik.com\/index.php?rest_route=%2Fwp%2Fv2%2Ftags&post=94289"}],"curies":[{"name":"wp","href":"https:\/\/api.w.org\/{rel}","templated":true}]}}