{"id":94365,"date":"2025-10-01T13:31:31","date_gmt":"2025-10-01T10:31:31","guid":{"rendered":"https:\/\/kibrisdakik.com\/index.php\/2025\/10\/01\/erhurman-meclis-kendi-iradesine-sahip-cikmali\/"},"modified":"2025-10-01T13:31:31","modified_gmt":"2025-10-01T10:31:31","slug":"erhurman-meclis-kendi-iradesine-sahip-cikmali","status":"publish","type":"post","link":"https:\/\/kibrisdakik.com\/?p=94365","title":{"rendered":"ERH\u00dcRMAN: \u201cMECL\u0130S KEND\u0130 \u0130RADES\u0130NE SAH\u0130P \u00c7IKMALI\u201d"},"content":{"rendered":"<p><\/p>\n<p>Ana muhalefet Cumhuriyet\u00e7i T\u00fcrk Partisi (CTP) Genel Ba\u015fkan\u0131 Tufan Erh\u00fcrman, \u201cK\u0131br\u0131s T\u00fcrk halk\u0131 bu adada vard\u0131r, hi\u00e7 kimse K\u0131br\u0131s T\u00fcrk halk\u0131n\u0131 g\u00f6rmezden gelemez\u201d dedi.<\/p>\n<p>Erh\u00fcrman, Meclis\u2019teki yeni yasama y\u0131l\u0131 a\u00e7\u0131l\u0131\u015f\u0131nda konu\u015ftu. D\u00fcnya ve b\u00f6lge a\u00e7\u0131s\u0131ndan \u00e7ok s\u0131k\u0131nt\u0131l\u0131 bir d\u00f6nemde bulunuldu\u011funu s\u00f6yleyen Erh\u00fcrman, K\u0131br\u0131s T\u00fcrk halk\u0131n\u0131n Filistin halk\u0131yla dayan\u0131\u015fmas\u0131n\u0131 vurgulad\u0131. Erh\u00fcrman, d\u00fcnyan\u0131n ve Avrupa\u2019n\u0131n ya\u015fananlar kar\u015f\u0131s\u0131nda &#8220;s\u0131n\u0131fta kald\u0131\u011f\u0131n\u0131&#8221; s\u00f6yledi.<\/p>\n<p>B\u00f6lgesel geli\u015fmeler kar\u015f\u0131s\u0131nda K\u0131br\u0131s adas\u0131 \u00f6zelinde de &#8220;vahim \u015feyler&#8221; ya\u015fand\u0131\u011f\u0131n\u0131 dile getiren Erh\u00fcrman, G\u00fcney K\u0131br\u0131s Rum Y\u00f6netimi\u2019nin T\u00fcrkiye Cumhuriyeti\u2019nin g\u00fcc\u00fc kar\u015f\u0131s\u0131nda bir denge kurma \u00e7abas\u0131yla Gazze\u2019de \u00e7ocuklar\u0131 katleden \u0130srail\u2019i Baf Hava \u00dcss\u00fc\u2019n\u00fc kullanma hakk\u0131na sahip k\u0131ld\u0131\u011f\u0131n\u0131 belirtti.<\/p>\n<p>Bu \u00fclkede iki e\u015fit kurucu ortak oldu\u011funu d\u00fcnyan\u0131n bilmesi gerekti\u011fini kaydeden Erh\u00fcrman, \u201cK\u0131br\u0131s T\u00fcrk halk\u0131 bu adada \u00e7\u0131kan her de\u011fer \u00fczerinde e\u015fit ortakl\u0131k hakk\u0131na sahiptir\u201d dedi. Erh\u00fcrman, Meclis\u2019in bu iradeye sahip \u00e7\u0131kmakla y\u00fck\u00fcml\u00fc oldu\u011funu vurgulad\u0131.<\/p>\n<p>1960\u2019ta dahi adada g\u00fcvenlikle ilgili kararlar\u0131n K\u0131br\u0131s T\u00fcrk halk\u0131n\u0131n vetosuna tabi oldu\u011funu belirten Erh\u00fcrman, K\u0131br\u0131s T\u00fcrk halk\u0131n\u0131n iradesi olmaks\u0131z\u0131n, K\u0131br\u0131s Rum liderli\u011finin b\u00fct\u00fcn ada ad\u0131na karar alma yetkisi olmad\u0131\u011f\u0131n\u0131n alt\u0131n\u0131 \u00e7izdi.<\/p>\n<p>\u201cK\u0131br\u0131s T\u00fcrk halk\u0131 bu adada vard\u0131r ve hi\u00e7 kimse K\u0131br\u0131s T\u00fcrk halk\u0131n\u0131 g\u00f6rmezden gelemez\u201d diyen Erh\u00fcrman, K\u0131br\u0131s T\u00fcrk halk\u0131n\u0131n d\u00fcnyayla bulu\u015fmas\u0131n\u0131 sa\u011flamak i\u00e7in azami dikkat ve \u00e7aba g\u00f6sterilmesi gerekti\u011fini belirtti.<\/p>\n<p>\u201c\u00dclkede demokrasi, \u00f6zg\u00fcrl\u00fckler, insan haklar\u0131, hukukun \u00fcst\u00fcnl\u00fc\u011f\u00fc a\u00e7\u0131s\u0131ndan sorun varsa, bu Meclis\u2019in sorunudur. Meclis\u2019in bu konularda sorun \u00e7\u0131karmamas\u0131 gerekir\u201d diyen Erh\u00fcrman, Meclis\u2019in bir kurum olarak sayg\u0131nl\u0131\u011f\u0131n\u0131 yeniden kazanmas\u0131 gerekti\u011fini s\u00f6yledi.<\/p>\n<p>-\u201cMeclis kendi iradesine sahip \u00e7\u0131kmal\u0131\u201d<\/p>\n<p>Meclis\u2019in her faaliyeti a\u00e7\u0131s\u0131ndan \u00e7ok daha \u00f6zenli ve hassas olunmas\u0131 gerekti\u011fini dile getiren Erh\u00fcrman, yasa g\u00fcc\u00fcnde kararnamelerin ekonomik konularda ivedilik varsa \u00e7\u0131kar\u0131labilece\u011fini s\u00f6yledi.<\/p>\n<p>Erh\u00fcrman, Meclis\u2019in kendi iradesine sahip \u00e7\u0131kmas\u0131n\u0131n, halk\u0131n iradesine sahip \u00e7\u0131kmak oldu\u011funu kaydetti.<\/p>\n<p>Meclis\u2019te denetim faaliyetinde sorulan sorulara yan\u0131t verilmemesinin Meclis\u2019in &#8220;sayg\u0131nl\u0131\u011f\u0131n\u0131 zedeledi\u011fini&#8221; s\u00f6yleyen Erh\u00fcrman, Cumhurba\u015fkanl\u0131\u011f\u0131 makam\u0131n\u0131n da yasama faaliyetleri konusunda g\u00f6revleri oldu\u011funu belirterek, gerekti\u011finde bunlar\u0131n kullan\u0131lmas\u0131 gerekti\u011fini vurgulad\u0131.<\/p>\n<p>-\u201cCiddi bir n\u00fcfus politikas\u0131na ihtiya\u00e7 var\u201d<\/p>\n<p>\u0130\u00e7 g\u00fcvenlik a\u00e7\u0131s\u0131ndan halk\u0131n kendini &#8220;eskisi kadar g\u00fcvende hissetmedi\u011fini&#8221; dile getiren Erh\u00fcrman, bu konuda da kararl\u0131l\u0131kla hareket edilmesi gerekti\u011fini s\u00f6yledi.<\/p>\n<p>N\u00fcfus meselesinin de ciddi ciddi ele al\u0131nmak zorunda oldu\u011funu dile getiren Erh\u00fcrman, \u201cCiddi bir n\u00fcfus politikas\u0131na ihtiya\u00e7 var\u201d dedi. Erh\u00fcrman, liyakat eksikli\u011fi konusunun da Meclis\u2019in yasama faaliyetlerinde ele al\u0131nmas\u0131 gerekti\u011fini belirtti.<\/p>\n<p>K\u0131br\u0131s T\u00fcrk halk\u0131n\u0131n \u00e7ok ciddi bir varolu\u015f m\u00fccadelesi verdi\u011fini vurgulayan Erh\u00fcrman, \u201cBiz bu m\u00fccadeleyi bunun i\u00e7in mi verdik?\u201d sorusunun soruldu\u011funu, bu konunun \u00f6nemli oldu\u011funu s\u00f6yledi.<\/p>\n<p>-\u201cK\u0131br\u0131s T\u00fcrk halk\u0131 kendi karar\u0131n\u0131 kendisi verir\u201d<\/p>\n<p>\u201cHi\u00e7 kimse hi\u00e7bir konuda endi\u015feye kap\u0131lmas\u0131n bug\u00fcne kadar bu \u00fclke y\u00fcr\u00fctt\u00fc\u011f\u00fc t\u00fcm d\u0131\u015f ili\u015fkilerini T\u00fcrkiye Cumhuriyeti ile isti\u015fare i\u00e7erisinde y\u00fcr\u00fctt\u00fc. Bug\u00fcne kadar hi\u00e7bir makam aksi bir \u015fekilde kullan\u0131lmad\u0131\u201d diyen Erh\u00fcrman, insanlarda endi\u015fe yaratacak laflar\u0131n bir manas\u0131 olmad\u0131\u011f\u0131n\u0131 s\u00f6yledi.<\/p>\n<p>Erh\u00fcrman, \u201cBu memleket demokratik bir memlekettir, bu halk demokrasiye inanan ama daha \u00f6nemlisi demokrasiyi i\u00e7selle\u015ftirmi\u015f bir halkt\u0131r. Dolay\u0131s\u0131yla halka g\u00fcvenmek siyaset yapman\u0131n bir numaral\u0131 meselesidir. Halka g\u00fcvenin. K\u0131br\u0131s T\u00fcrk halk\u0131 feraset sahibi bir halkt\u0131r, K\u0131br\u0131s T\u00fcrk halk\u0131 kendi karar\u0131n\u0131 kendisi verir\u201d diye konu\u015ftu.<\/p>\n<p>CTP Genel Ba\u015fkan\u0131 Erh\u00fcrman, T\u00fcrkiye Cumhuriyeti\u2019nin adan\u0131n tamam\u0131n\u0131n garant\u00f6r\u00fc oldu\u011funu ve K\u0131br\u0131s T\u00fcrk halk\u0131n\u0131n da adada iki e\u015fit ortaktan biri oldu\u011funu yineledi.<\/p>\n<p>12 y\u0131ld\u0131r Meclis\u2019te oldu\u011funu dile getiren Erh\u00fcrman, Meclis\u2019te ne tart\u0131\u015f\u0131l\u0131rsa tart\u0131\u015f\u0131ls\u0131n sayg\u0131n\u0131n yitirilmedi\u011fini s\u00f6yleyerek, bu ay\u0131rt edici \u00f6zelli\u011fin korunmaya devam etmesi gerekti\u011finin alt\u0131n\u0131 \u00e7izdi.<\/p>\n","protected":false},"excerpt":{"rendered":"<p>Ana muhalefet Cumhuriyet\u00e7i T\u00fcrk Partisi (CTP) Genel Ba\u015fkan\u0131 Tufan Erh\u00fcrman, \u201cK\u0131br\u0131s T\u00fcrk halk\u0131 bu adada vard\u0131r, hi\u00e7 kimse K\u0131br\u0131s T\u00fcrk halk\u0131n\u0131 g\u00f6rmezden gelemez\u201d dedi. Erh\u00fcrman, Meclis\u2019teki yeni yasama y\u0131l\u0131 a\u00e7\u0131l\u0131\u015f\u0131nda konu\u015ftu. D\u00fcnya ve b\u00f6lge a\u00e7\u0131s\u0131ndan \u00e7ok s\u0131k\u0131nt\u0131l\u0131 bir d\u00f6nemde bulunuldu\u011funu s\u00f6yleyen Erh\u00fcrman, K\u0131br\u0131s T\u00fcrk halk\u0131n\u0131n Filistin halk\u0131yla dayan\u0131\u015fmas\u0131n\u0131 vurgulad\u0131. Erh\u00fcrman, d\u00fcnyan\u0131n ve Avrupa\u2019n\u0131n ya\u015fananlar kar\u015f\u0131s\u0131nda<\/p>\n","protected":false},"author":1,"featured_media":94366,"comment_status":"open","ping_status":"open","sticky":false,"template":"","format":"standard","meta":{"footnotes":""},"categories":[81],"tags":[],"class_list":["post-94365","post","type-post","status-publish","format-standard","has-post-thumbnail","hentry","category-kibris"],"yoast_head":"<!-- This site is optimized with the Yoast SEO plugin v27.4 - https:\/\/yoast.com\/product\/yoast-seo-wordpress\/ -->\n<title>ERH\u00dcRMAN: \u201cMECL\u0130S KEND\u0130 \u0130RADES\u0130NE SAH\u0130P \u00c7IKMALI\u201d -<\/title>\n<meta name=\"robots\" content=\"index, follow, max-snippet:-1, max-image-preview:large, max-video-preview:-1\" \/>\n<link rel=\"canonical\" href=\"https:\/\/kibrisdakik.com\/?p=94365\" \/>\n<meta property=\"og:locale\" content=\"tr_TR\" \/>\n<meta property=\"og:type\" content=\"article\" \/>\n<meta property=\"og:title\" content=\"ERH\u00dcRMAN: \u201cMECL\u0130S KEND\u0130 \u0130RADES\u0130NE SAH\u0130P \u00c7IKMALI\u201d -\" \/>\n<meta property=\"og:description\" content=\"Ana muhalefet Cumhuriyet\u00e7i T\u00fcrk Partisi (CTP) Genel Ba\u015fkan\u0131 Tufan Erh\u00fcrman, \u201cK\u0131br\u0131s T\u00fcrk halk\u0131 bu adada vard\u0131r, hi\u00e7 kimse K\u0131br\u0131s T\u00fcrk halk\u0131n\u0131 g\u00f6rmezden gelemez\u201d dedi. Erh\u00fcrman, Meclis\u2019teki yeni yasama y\u0131l\u0131 a\u00e7\u0131l\u0131\u015f\u0131nda konu\u015ftu. D\u00fcnya ve b\u00f6lge a\u00e7\u0131s\u0131ndan \u00e7ok s\u0131k\u0131nt\u0131l\u0131 bir d\u00f6nemde bulunuldu\u011funu s\u00f6yleyen Erh\u00fcrman, K\u0131br\u0131s T\u00fcrk halk\u0131n\u0131n Filistin halk\u0131yla dayan\u0131\u015fmas\u0131n\u0131 vurgulad\u0131. Erh\u00fcrman, d\u00fcnyan\u0131n ve Avrupa\u2019n\u0131n ya\u015fananlar kar\u015f\u0131s\u0131nda\" \/>\n<meta property=\"og:url\" content=\"https:\/\/kibrisdakik.com\/?p=94365\" \/>\n<meta property=\"article:published_time\" content=\"2025-10-01T10:31:31+00:00\" \/>\n<meta property=\"og:image\" content=\"https:\/\/kibrisdakik.com\/wp-content\/uploads\/2025\/10\/mha-1220.png\" \/>\n\t<meta property=\"og:image:width\" content=\"1280\" \/>\n\t<meta property=\"og:image:height\" content=\"720\" \/>\n\t<meta property=\"og:image:type\" content=\"image\/png\" \/>\n<meta name=\"author\" content=\"admin\" \/>\n<meta name=\"twitter:card\" content=\"summary_large_image\" \/>\n<meta name=\"twitter:label1\" content=\"Yazan:\" \/>\n\t<meta name=\"twitter:data1\" content=\"admin\" \/>\n\t<meta name=\"twitter:label2\" content=\"Tahmini okuma s\u00fcresi\" \/>\n\t<meta name=\"twitter:data2\" content=\"4 dakika\" \/>\n<script type=\"application\/ld+json\" class=\"yoast-schema-graph\">{\"@context\":\"https:\\\/\\\/schema.org\",\"@graph\":[{\"@type\":\"Article\",\"@id\":\"https:\\\/\\\/kibrisdakik.com\\\/?p=94365#article\",\"isPartOf\":{\"@id\":\"https:\\\/\\\/kibrisdakik.com\\\/?p=94365\"},\"author\":{\"name\":\"admin\",\"@id\":\"https:\\\/\\\/kibrisdakik.com\\\/#\\\/schema\\\/person\\\/9cd9d437bbb44f72b73ba127e06d8e79\"},\"headline\":\"ERH\u00dcRMAN: \u201cMECL\u0130S KEND\u0130 \u0130RADES\u0130NE SAH\u0130P \u00c7IKMALI\u201d\",\"datePublished\":\"2025-10-01T10:31:31+00:00\",\"mainEntityOfPage\":{\"@id\":\"https:\\\/\\\/kibrisdakik.com\\\/?p=94365\"},\"wordCount\":816,\"commentCount\":0,\"image\":{\"@id\":\"https:\\\/\\\/kibrisdakik.com\\\/?p=94365#primaryimage\"},\"thumbnailUrl\":\"https:\\\/\\\/kibrisdakik.com\\\/wp-content\\\/uploads\\\/2025\\\/10\\\/mha-1220.png\",\"articleSection\":[\"K\u0131br\u0131s\"],\"inLanguage\":\"tr\",\"potentialAction\":[{\"@type\":\"CommentAction\",\"name\":\"Comment\",\"target\":[\"https:\\\/\\\/kibrisdakik.com\\\/?p=94365#respond\"]}]},{\"@type\":\"WebPage\",\"@id\":\"https:\\\/\\\/kibrisdakik.com\\\/?p=94365\",\"url\":\"https:\\\/\\\/kibrisdakik.com\\\/?p=94365\",\"name\":\"ERH\u00dcRMAN: \u201cMECL\u0130S KEND\u0130 \u0130RADES\u0130NE SAH\u0130P \u00c7IKMALI\u201d -\",\"isPartOf\":{\"@id\":\"https:\\\/\\\/kibrisdakik.com\\\/#website\"},\"primaryImageOfPage\":{\"@id\":\"https:\\\/\\\/kibrisdakik.com\\\/?p=94365#primaryimage\"},\"image\":{\"@id\":\"https:\\\/\\\/kibrisdakik.com\\\/?p=94365#primaryimage\"},\"thumbnailUrl\":\"https:\\\/\\\/kibrisdakik.com\\\/wp-content\\\/uploads\\\/2025\\\/10\\\/mha-1220.png\",\"datePublished\":\"2025-10-01T10:31:31+00:00\",\"author\":{\"@id\":\"https:\\\/\\\/kibrisdakik.com\\\/#\\\/schema\\\/person\\\/9cd9d437bbb44f72b73ba127e06d8e79\"},\"breadcrumb\":{\"@id\":\"https:\\\/\\\/kibrisdakik.com\\\/?p=94365#breadcrumb\"},\"inLanguage\":\"tr\",\"potentialAction\":[{\"@type\":\"ReadAction\",\"target\":[\"https:\\\/\\\/kibrisdakik.com\\\/?p=94365\"]}]},{\"@type\":\"ImageObject\",\"inLanguage\":\"tr\",\"@id\":\"https:\\\/\\\/kibrisdakik.com\\\/?p=94365#primaryimage\",\"url\":\"https:\\\/\\\/kibrisdakik.com\\\/wp-content\\\/uploads\\\/2025\\\/10\\\/mha-1220.png\",\"contentUrl\":\"https:\\\/\\\/kibrisdakik.com\\\/wp-content\\\/uploads\\\/2025\\\/10\\\/mha-1220.png\",\"width\":1280,\"height\":720},{\"@type\":\"BreadcrumbList\",\"@id\":\"https:\\\/\\\/kibrisdakik.com\\\/?p=94365#breadcrumb\",\"itemListElement\":[{\"@type\":\"ListItem\",\"position\":1,\"name\":\"Home\",\"item\":\"https:\\\/\\\/kibrisdakik.com\\\/\"},{\"@type\":\"ListItem\",\"position\":2,\"name\":\"ERH\u00dcRMAN: \u201cMECL\u0130S KEND\u0130 \u0130RADES\u0130NE SAH\u0130P \u00c7IKMALI\u201d\"}]},{\"@type\":\"WebSite\",\"@id\":\"https:\\\/\\\/kibrisdakik.com\\\/#website\",\"url\":\"https:\\\/\\\/kibrisdakik.com\\\/\",\"name\":\"\",\"description\":\"Tam vaktinde haber\",\"potentialAction\":[{\"@type\":\"SearchAction\",\"target\":{\"@type\":\"EntryPoint\",\"urlTemplate\":\"https:\\\/\\\/kibrisdakik.com\\\/?s={search_term_string}\"},\"query-input\":{\"@type\":\"PropertyValueSpecification\",\"valueRequired\":true,\"valueName\":\"search_term_string\"}}],\"inLanguage\":\"tr\"},{\"@type\":\"Person\",\"@id\":\"https:\\\/\\\/kibrisdakik.com\\\/#\\\/schema\\\/person\\\/9cd9d437bbb44f72b73ba127e06d8e79\",\"name\":\"admin\",\"image\":{\"@type\":\"ImageObject\",\"inLanguage\":\"tr\",\"@id\":\"https:\\\/\\\/secure.gravatar.com\\\/avatar\\\/ccc17943b9d660506c869530f897617f7cb1c21a4bf30023f252596d83e1f007?s=96&d=mm&r=g\",\"url\":\"https:\\\/\\\/secure.gravatar.com\\\/avatar\\\/ccc17943b9d660506c869530f897617f7cb1c21a4bf30023f252596d83e1f007?s=96&d=mm&r=g\",\"contentUrl\":\"https:\\\/\\\/secure.gravatar.com\\\/avatar\\\/ccc17943b9d660506c869530f897617f7cb1c21a4bf30023f252596d83e1f007?s=96&d=mm&r=g\",\"caption\":\"admin\"},\"sameAs\":[\"https:\\\/\\\/kibrisdakik.com\"],\"url\":\"https:\\\/\\\/kibrisdakik.com\\\/?author=1\"}]}<\/script>\n<!-- \/ Yoast SEO plugin. -->","yoast_head_json":{"title":"ERH\u00dcRMAN: \u201cMECL\u0130S KEND\u0130 \u0130RADES\u0130NE SAH\u0130P \u00c7IKMALI\u201d -","robots":{"index":"index","follow":"follow","max-snippet":"max-snippet:-1","max-image-preview":"max-image-preview:large","max-video-preview":"max-video-preview:-1"},"canonical":"https:\/\/kibrisdakik.com\/?p=94365","og_locale":"tr_TR","og_type":"article","og_title":"ERH\u00dcRMAN: \u201cMECL\u0130S KEND\u0130 \u0130RADES\u0130NE SAH\u0130P \u00c7IKMALI\u201d -","og_description":"Ana muhalefet Cumhuriyet\u00e7i T\u00fcrk Partisi (CTP) Genel Ba\u015fkan\u0131 Tufan Erh\u00fcrman, \u201cK\u0131br\u0131s T\u00fcrk halk\u0131 bu adada vard\u0131r, hi\u00e7 kimse K\u0131br\u0131s T\u00fcrk halk\u0131n\u0131 g\u00f6rmezden gelemez\u201d dedi. Erh\u00fcrman, Meclis\u2019teki yeni yasama y\u0131l\u0131 a\u00e7\u0131l\u0131\u015f\u0131nda konu\u015ftu. D\u00fcnya ve b\u00f6lge a\u00e7\u0131s\u0131ndan \u00e7ok s\u0131k\u0131nt\u0131l\u0131 bir d\u00f6nemde bulunuldu\u011funu s\u00f6yleyen Erh\u00fcrman, K\u0131br\u0131s T\u00fcrk halk\u0131n\u0131n Filistin halk\u0131yla dayan\u0131\u015fmas\u0131n\u0131 vurgulad\u0131. Erh\u00fcrman, d\u00fcnyan\u0131n ve Avrupa\u2019n\u0131n ya\u015fananlar kar\u015f\u0131s\u0131nda","og_url":"https:\/\/kibrisdakik.com\/?p=94365","article_published_time":"2025-10-01T10:31:31+00:00","og_image":[{"width":1280,"height":720,"url":"https:\/\/kibrisdakik.com\/wp-content\/uploads\/2025\/10\/mha-1220.png","type":"image\/png"}],"author":"admin","twitter_card":"summary_large_image","twitter_misc":{"Yazan:":"admin","Tahmini okuma s\u00fcresi":"4 dakika"},"schema":{"@context":"https:\/\/schema.org","@graph":[{"@type":"Article","@id":"https:\/\/kibrisdakik.com\/?p=94365#article","isPartOf":{"@id":"https:\/\/kibrisdakik.com\/?p=94365"},"author":{"name":"admin","@id":"https:\/\/kibrisdakik.com\/#\/schema\/person\/9cd9d437bbb44f72b73ba127e06d8e79"},"headline":"ERH\u00dcRMAN: \u201cMECL\u0130S KEND\u0130 \u0130RADES\u0130NE SAH\u0130P \u00c7IKMALI\u201d","datePublished":"2025-10-01T10:31:31+00:00","mainEntityOfPage":{"@id":"https:\/\/kibrisdakik.com\/?p=94365"},"wordCount":816,"commentCount":0,"image":{"@id":"https:\/\/kibrisdakik.com\/?p=94365#primaryimage"},"thumbnailUrl":"https:\/\/kibrisdakik.com\/wp-content\/uploads\/2025\/10\/mha-1220.png","articleSection":["K\u0131br\u0131s"],"inLanguage":"tr","potentialAction":[{"@type":"CommentAction","name":"Comment","target":["https:\/\/kibrisdakik.com\/?p=94365#respond"]}]},{"@type":"WebPage","@id":"https:\/\/kibrisdakik.com\/?p=94365","url":"https:\/\/kibrisdakik.com\/?p=94365","name":"ERH\u00dcRMAN: \u201cMECL\u0130S KEND\u0130 \u0130RADES\u0130NE SAH\u0130P \u00c7IKMALI\u201d -","isPartOf":{"@id":"https:\/\/kibrisdakik.com\/#website"},"primaryImageOfPage":{"@id":"https:\/\/kibrisdakik.com\/?p=94365#primaryimage"},"image":{"@id":"https:\/\/kibrisdakik.com\/?p=94365#primaryimage"},"thumbnailUrl":"https:\/\/kibrisdakik.com\/wp-content\/uploads\/2025\/10\/mha-1220.png","datePublished":"2025-10-01T10:31:31+00:00","author":{"@id":"https:\/\/kibrisdakik.com\/#\/schema\/person\/9cd9d437bbb44f72b73ba127e06d8e79"},"breadcrumb":{"@id":"https:\/\/kibrisdakik.com\/?p=94365#breadcrumb"},"inLanguage":"tr","potentialAction":[{"@type":"ReadAction","target":["https:\/\/kibrisdakik.com\/?p=94365"]}]},{"@type":"ImageObject","inLanguage":"tr","@id":"https:\/\/kibrisdakik.com\/?p=94365#primaryimage","url":"https:\/\/kibrisdakik.com\/wp-content\/uploads\/2025\/10\/mha-1220.png","contentUrl":"https:\/\/kibrisdakik.com\/wp-content\/uploads\/2025\/10\/mha-1220.png","width":1280,"height":720},{"@type":"BreadcrumbList","@id":"https:\/\/kibrisdakik.com\/?p=94365#breadcrumb","itemListElement":[{"@type":"ListItem","position":1,"name":"Home","item":"https:\/\/kibrisdakik.com\/"},{"@type":"ListItem","position":2,"name":"ERH\u00dcRMAN: \u201cMECL\u0130S KEND\u0130 \u0130RADES\u0130NE SAH\u0130P \u00c7IKMALI\u201d"}]},{"@type":"WebSite","@id":"https:\/\/kibrisdakik.com\/#website","url":"https:\/\/kibrisdakik.com\/","name":"","description":"Tam vaktinde haber","potentialAction":[{"@type":"SearchAction","target":{"@type":"EntryPoint","urlTemplate":"https:\/\/kibrisdakik.com\/?s={search_term_string}"},"query-input":{"@type":"PropertyValueSpecification","valueRequired":true,"valueName":"search_term_string"}}],"inLanguage":"tr"},{"@type":"Person","@id":"https:\/\/kibrisdakik.com\/#\/schema\/person\/9cd9d437bbb44f72b73ba127e06d8e79","name":"admin","image":{"@type":"ImageObject","inLanguage":"tr","@id":"https:\/\/secure.gravatar.com\/avatar\/ccc17943b9d660506c869530f897617f7cb1c21a4bf30023f252596d83e1f007?s=96&d=mm&r=g","url":"https:\/\/secure.gravatar.com\/avatar\/ccc17943b9d660506c869530f897617f7cb1c21a4bf30023f252596d83e1f007?s=96&d=mm&r=g","contentUrl":"https:\/\/secure.gravatar.com\/avatar\/ccc17943b9d660506c869530f897617f7cb1c21a4bf30023f252596d83e1f007?s=96&d=mm&r=g","caption":"admin"},"sameAs":["https:\/\/kibrisdakik.com"],"url":"https:\/\/kibrisdakik.com\/?author=1"}]}},"_links":{"self":[{"href":"https:\/\/kibrisdakik.com\/index.php?rest_route=\/wp\/v2\/posts\/94365","targetHints":{"allow":["GET"]}}],"collection":[{"href":"https:\/\/kibrisdakik.com\/index.php?rest_route=\/wp\/v2\/posts"}],"about":[{"href":"https:\/\/kibrisdakik.com\/index.php?rest_route=\/wp\/v2\/types\/post"}],"author":[{"embeddable":true,"href":"https:\/\/kibrisdakik.com\/index.php?rest_route=\/wp\/v2\/users\/1"}],"replies":[{"embeddable":true,"href":"https:\/\/kibrisdakik.com\/index.php?rest_route=%2Fwp%2Fv2%2Fcomments&post=94365"}],"version-history":[{"count":0,"href":"https:\/\/kibrisdakik.com\/index.php?rest_route=\/wp\/v2\/posts\/94365\/revisions"}],"wp:featuredmedia":[{"embeddable":true,"href":"https:\/\/kibrisdakik.com\/index.php?rest_route=\/wp\/v2\/media\/94366"}],"wp:attachment":[{"href":"https:\/\/kibrisdakik.com\/index.php?rest_route=%2Fwp%2Fv2%2Fmedia&parent=94365"}],"wp:term":[{"taxonomy":"category","embeddable":true,"href":"https:\/\/kibrisdakik.com\/index.php?rest_route=%2Fwp%2Fv2%2Fcategories&post=94365"},{"taxonomy":"post_tag","embeddable":true,"href":"https:\/\/kibrisdakik.com\/index.php?rest_route=%2Fwp%2Fv2%2Ftags&post=94365"}],"curies":[{"name":"wp","href":"https:\/\/api.w.org\/{rel}","templated":true}]}}