{"id":94390,"date":"2025-10-01T15:32:02","date_gmt":"2025-10-01T12:32:02","guid":{"rendered":"https:\/\/kibrisdakik.com\/index.php\/2025\/10\/01\/tacoy-guney-kibris-gucu-paylasmaz-herkes-farkinda\/"},"modified":"2025-10-01T15:32:02","modified_gmt":"2025-10-01T12:32:02","slug":"tacoy-guney-kibris-gucu-paylasmaz-herkes-farkinda","status":"publish","type":"post","link":"https:\/\/kibrisdakik.com\/?p=94390","title":{"rendered":"TA\u00c7OY: G\u00dcNEY KIBRIS G\u00dcC\u00dc PAYLA\u015eMAZ, HERKES FARKINDA"},"content":{"rendered":"<p><\/p>\n<div data-text-id=\"185532\" property=\"articleBody\">\n<p>Ulusal Birlik Partisi (UBP) Milletvekili Hasan Ta\u00e7oy, Cumhurba\u015fkanl\u0131\u011f\u0131 se\u00e7iminde oy kullanacak herkesin d\u00fc\u015f\u00fcnmesi gereken tek \u015feyin sadece \u00fclke ger\u00e7ekleri oldu\u011funu s\u00f6yledi.<\/p>\n<p>Ta\u00e7oy, \u201c\u015eu anki ger\u00e7ek, kuzeyde T\u00fcrkiye\u2019nin garant\u00f6rl\u00fc\u011f\u00fcnde sa\u011flam g\u00fc\u00e7l\u00fc bir y\u00f6netimin, g\u00fcneyde ise ne oldu\u011fu bilinmeyen bir\u00e7ok g\u00fcc\u00fcn varl\u0131\u011f\u0131d\u0131r.\u201d diyerek, gelece\u011fe at\u0131lacak en do\u011fru ad\u0131m\u0131n iki devletlilik politikas\u0131 oldu\u011fu g\u00f6r\u00fc\u015f\u00fcn\u00fc dile getirdi.<\/p>\n<p>Cumhurba\u015fkan\u0131 Ersin Tatar\u2019\u0131n &#8220;Atak Zaman\u0131 Politikas\u0131&#8221;n\u0131n sadece K\u0131br\u0131s konusu ile s\u0131n\u0131rl\u0131 olmad\u0131\u011f\u0131na i\u015faret eden Ta\u00e7oy, bu politikan\u0131n hem i\u00e7te, hem de d\u0131\u015fta yap\u0131lacak i\u015fleri i\u00e7erdi\u011fini belirtti.<\/p>\n<p>Hasan Ta\u00e7oy Bas\u0131n Ofisi&#8217;nden verilen bilgiye g\u00f6re, UBP Milletvekili Hasan Ta\u00e7oy, Gen\u00e7 TV\u2019de kat\u0131ld\u0131\u011f\u0131 programda cumhurba\u015fkanl\u0131\u011f\u0131 se\u00e7imine ili\u015fkin de\u011ferlendirmelerde bulundu. Ta\u00e7oy, geride kalan be\u015f y\u0131lda bir zeminin olu\u015ftu\u011funu ve art\u0131k bu zemine gereken yap\u0131n\u0131n in\u015fa edilmesinin zaman\u0131n\u0131n geldi\u011fini, bu yap\u0131n\u0131n da Atak Zaman\u0131 Vizyonu ile m\u00fcmk\u00fcn oldu\u011funu s\u00f6yledi.<\/p>\n<p>Ta\u00e7oy programda kendisine sorulan soru \u00fczerine, Cumhurba\u015fkan\u0131 Tatar\u2019\u0131n yan\u0131nda oldu\u011funu ve siyasi partiler ile di\u011fer se\u00e7im merkezleri aras\u0131ndaki koordinasyonunu sa\u011flad\u0131\u011f\u0131n\u0131 ifade etti. Ba\u015farman\u0131n yolunun inanmaktan ge\u00e7ti\u011fini ve inanc\u0131n vizyona ba\u011fl\u0131 oldu\u011funu da kaydeden Ta\u00e7oy, kendisinin de iki devlet vizyonuna uzun y\u0131llard\u0131r inanm\u0131\u015f bir siyaset\u00e7i olarak bunu halka anlatmakla m\u00fckellef oldu\u011funu belirtti.<\/p>\n<p>Cumhuriyet\u00e7i T\u00fcrk Partili milletvekillerinin ba\u015fka partiden milletvekilleriyle ekrana \u00e7\u0131kmama karar\u0131n\u0131 da ele\u015ftiren Ta\u00e7oy, dileyen herkesin kar\u015f\u0131s\u0131na \u00e7\u0131k\u0131p fikirlerini anlatmaya haz\u0131r oldu\u011funu ancak her \u015feyin sayg\u0131 \u00e7er\u00e7evesinde kalmas\u0131 gerekti\u011fini s\u00f6yledi.<\/p>\n<p>Ta\u00e7oy, kendisine y\u00f6nelik ele\u015ftirilerin ger\u00e7eklerden uzak oldu\u011funu da belirterek, \u201cHasan Ta\u00e7oy kendisini ifade eden Ulusal Birlik Partisi\u2019nin bir ferdi olarak yola \u00e7\u0131km\u0131\u015ft\u0131r ve o \u015fekilde de devam etmektedir.\u201d dedi.<\/p>\n<p>\u201cBu \u00fclkenin ihtiyac\u0131 olan samimiyettir, hayal de\u011fildir\u201d diyen Ta\u00e7oy, K\u0131br\u0131s\u2019\u0131n g\u00fcneyinde farkl\u0131, kuzeyinde farkl\u0131 \u015feylerin ya\u015fand\u0131\u011f\u0131n\u0131 s\u00f6yledi.<\/p>\n<p>G\u00fcney K\u0131br\u0131s\u2019\u0131n elinde tuttu\u011fu g\u00fcc\u00fc bir federasyon i\u00e7inde K\u0131br\u0131s T\u00fcrkleri ile e\u015fit \u015fekilde asla payla\u015fmayaca\u011f\u0131n\u0131n alt\u0131n\u0131 \u00e7izen Ta\u00e7oy, \u201cHerkes bunu biliyor ve herkes bunun fark\u0131nda. Ama buna ra\u011fmen halen bu hayali satmaya gayret etmek M\u00fcsl\u00fcman mahallesinde salyangoz satmaya benzer\u201d ifadelerini kulland\u0131.<\/p>\n<\/p><\/div>\n","protected":false},"excerpt":{"rendered":"<p>Ulusal Birlik Partisi (UBP) Milletvekili Hasan Ta\u00e7oy, Cumhurba\u015fkanl\u0131\u011f\u0131 se\u00e7iminde oy kullanacak herkesin d\u00fc\u015f\u00fcnmesi gereken tek \u015feyin sadece \u00fclke ger\u00e7ekleri oldu\u011funu s\u00f6yledi. Ta\u00e7oy, \u201c\u015eu anki ger\u00e7ek, kuzeyde T\u00fcrkiye\u2019nin garant\u00f6rl\u00fc\u011f\u00fcnde sa\u011flam g\u00fc\u00e7l\u00fc bir y\u00f6netimin, g\u00fcneyde ise ne oldu\u011fu bilinmeyen bir\u00e7ok g\u00fcc\u00fcn varl\u0131\u011f\u0131d\u0131r.\u201d diyerek, gelece\u011fe at\u0131lacak en do\u011fru ad\u0131m\u0131n iki devletlilik politikas\u0131 oldu\u011fu g\u00f6r\u00fc\u015f\u00fcn\u00fc dile getirdi. Cumhurba\u015fkan\u0131 Ersin<\/p>\n","protected":false},"author":1,"featured_media":94391,"comment_status":"open","ping_status":"open","sticky":false,"template":"","format":"standard","meta":{"footnotes":""},"categories":[81],"tags":[],"class_list":["post-94390","post","type-post","status-publish","format-standard","has-post-thumbnail","hentry","category-kibris"],"yoast_head":"<!-- This site is optimized with the Yoast SEO plugin v27.5 - https:\/\/yoast.com\/product\/yoast-seo-wordpress\/ -->\n<title>TA\u00c7OY: G\u00dcNEY KIBRIS G\u00dcC\u00dc PAYLA\u015eMAZ, HERKES FARKINDA -<\/title>\n<meta name=\"robots\" content=\"index, follow, max-snippet:-1, max-image-preview:large, max-video-preview:-1\" \/>\n<link rel=\"canonical\" href=\"https:\/\/kibrisdakik.com\/?p=94390\" \/>\n<meta property=\"og:locale\" content=\"tr_TR\" \/>\n<meta property=\"og:type\" content=\"article\" \/>\n<meta property=\"og:title\" content=\"TA\u00c7OY: G\u00dcNEY KIBRIS G\u00dcC\u00dc PAYLA\u015eMAZ, HERKES FARKINDA -\" \/>\n<meta property=\"og:description\" content=\"Ulusal Birlik Partisi (UBP) Milletvekili Hasan Ta\u00e7oy, Cumhurba\u015fkanl\u0131\u011f\u0131 se\u00e7iminde oy kullanacak herkesin d\u00fc\u015f\u00fcnmesi gereken tek \u015feyin sadece \u00fclke ger\u00e7ekleri oldu\u011funu s\u00f6yledi. Ta\u00e7oy, \u201c\u015eu anki ger\u00e7ek, kuzeyde T\u00fcrkiye\u2019nin garant\u00f6rl\u00fc\u011f\u00fcnde sa\u011flam g\u00fc\u00e7l\u00fc bir y\u00f6netimin, g\u00fcneyde ise ne oldu\u011fu bilinmeyen bir\u00e7ok g\u00fcc\u00fcn varl\u0131\u011f\u0131d\u0131r.\u201d diyerek, gelece\u011fe at\u0131lacak en do\u011fru ad\u0131m\u0131n iki devletlilik politikas\u0131 oldu\u011fu g\u00f6r\u00fc\u015f\u00fcn\u00fc dile getirdi. Cumhurba\u015fkan\u0131 Ersin\" \/>\n<meta property=\"og:url\" content=\"https:\/\/kibrisdakik.com\/?p=94390\" \/>\n<meta property=\"article:published_time\" content=\"2025-10-01T12:32:02+00:00\" \/>\n<meta property=\"og:image\" content=\"https:\/\/kibrisdakik.com\/wp-content\/uploads\/2025\/10\/mha-1231.png\" \/>\n\t<meta property=\"og:image:width\" content=\"1280\" \/>\n\t<meta property=\"og:image:height\" content=\"720\" \/>\n\t<meta property=\"og:image:type\" content=\"image\/png\" \/>\n<meta name=\"author\" content=\"admin\" \/>\n<meta name=\"twitter:card\" content=\"summary_large_image\" \/>\n<meta name=\"twitter:label1\" content=\"Yazan:\" \/>\n\t<meta name=\"twitter:data1\" content=\"admin\" \/>\n\t<meta name=\"twitter:label2\" content=\"Tahmini okuma s\u00fcresi\" \/>\n\t<meta name=\"twitter:data2\" content=\"2 dakika\" \/>\n<script type=\"application\/ld+json\" class=\"yoast-schema-graph\">{\"@context\":\"https:\\\/\\\/schema.org\",\"@graph\":[{\"@type\":\"Article\",\"@id\":\"https:\\\/\\\/kibrisdakik.com\\\/?p=94390#article\",\"isPartOf\":{\"@id\":\"https:\\\/\\\/kibrisdakik.com\\\/?p=94390\"},\"author\":{\"name\":\"admin\",\"@id\":\"https:\\\/\\\/kibrisdakik.com\\\/#\\\/schema\\\/person\\\/9cd9d437bbb44f72b73ba127e06d8e79\"},\"headline\":\"TA\u00c7OY: G\u00dcNEY KIBRIS G\u00dcC\u00dc PAYLA\u015eMAZ, HERKES FARKINDA\",\"datePublished\":\"2025-10-01T12:32:02+00:00\",\"mainEntityOfPage\":{\"@id\":\"https:\\\/\\\/kibrisdakik.com\\\/?p=94390\"},\"wordCount\":456,\"commentCount\":0,\"image\":{\"@id\":\"https:\\\/\\\/kibrisdakik.com\\\/?p=94390#primaryimage\"},\"thumbnailUrl\":\"https:\\\/\\\/kibrisdakik.com\\\/wp-content\\\/uploads\\\/2025\\\/10\\\/mha-1231.png\",\"articleSection\":[\"K\u0131br\u0131s\"],\"inLanguage\":\"tr\",\"potentialAction\":[{\"@type\":\"CommentAction\",\"name\":\"Comment\",\"target\":[\"https:\\\/\\\/kibrisdakik.com\\\/?p=94390#respond\"]}]},{\"@type\":\"WebPage\",\"@id\":\"https:\\\/\\\/kibrisdakik.com\\\/?p=94390\",\"url\":\"https:\\\/\\\/kibrisdakik.com\\\/?p=94390\",\"name\":\"TA\u00c7OY: G\u00dcNEY KIBRIS G\u00dcC\u00dc PAYLA\u015eMAZ, HERKES FARKINDA -\",\"isPartOf\":{\"@id\":\"https:\\\/\\\/kibrisdakik.com\\\/#website\"},\"primaryImageOfPage\":{\"@id\":\"https:\\\/\\\/kibrisdakik.com\\\/?p=94390#primaryimage\"},\"image\":{\"@id\":\"https:\\\/\\\/kibrisdakik.com\\\/?p=94390#primaryimage\"},\"thumbnailUrl\":\"https:\\\/\\\/kibrisdakik.com\\\/wp-content\\\/uploads\\\/2025\\\/10\\\/mha-1231.png\",\"datePublished\":\"2025-10-01T12:32:02+00:00\",\"author\":{\"@id\":\"https:\\\/\\\/kibrisdakik.com\\\/#\\\/schema\\\/person\\\/9cd9d437bbb44f72b73ba127e06d8e79\"},\"breadcrumb\":{\"@id\":\"https:\\\/\\\/kibrisdakik.com\\\/?p=94390#breadcrumb\"},\"inLanguage\":\"tr\",\"potentialAction\":[{\"@type\":\"ReadAction\",\"target\":[\"https:\\\/\\\/kibrisdakik.com\\\/?p=94390\"]}]},{\"@type\":\"ImageObject\",\"inLanguage\":\"tr\",\"@id\":\"https:\\\/\\\/kibrisdakik.com\\\/?p=94390#primaryimage\",\"url\":\"https:\\\/\\\/kibrisdakik.com\\\/wp-content\\\/uploads\\\/2025\\\/10\\\/mha-1231.png\",\"contentUrl\":\"https:\\\/\\\/kibrisdakik.com\\\/wp-content\\\/uploads\\\/2025\\\/10\\\/mha-1231.png\",\"width\":1280,\"height\":720},{\"@type\":\"BreadcrumbList\",\"@id\":\"https:\\\/\\\/kibrisdakik.com\\\/?p=94390#breadcrumb\",\"itemListElement\":[{\"@type\":\"ListItem\",\"position\":1,\"name\":\"Home\",\"item\":\"https:\\\/\\\/kibrisdakik.com\\\/\"},{\"@type\":\"ListItem\",\"position\":2,\"name\":\"TA\u00c7OY: G\u00dcNEY KIBRIS G\u00dcC\u00dc PAYLA\u015eMAZ, HERKES FARKINDA\"}]},{\"@type\":\"WebSite\",\"@id\":\"https:\\\/\\\/kibrisdakik.com\\\/#website\",\"url\":\"https:\\\/\\\/kibrisdakik.com\\\/\",\"name\":\"\",\"description\":\"Tam vaktinde haber\",\"potentialAction\":[{\"@type\":\"SearchAction\",\"target\":{\"@type\":\"EntryPoint\",\"urlTemplate\":\"https:\\\/\\\/kibrisdakik.com\\\/?s={search_term_string}\"},\"query-input\":{\"@type\":\"PropertyValueSpecification\",\"valueRequired\":true,\"valueName\":\"search_term_string\"}}],\"inLanguage\":\"tr\"},{\"@type\":\"Person\",\"@id\":\"https:\\\/\\\/kibrisdakik.com\\\/#\\\/schema\\\/person\\\/9cd9d437bbb44f72b73ba127e06d8e79\",\"name\":\"admin\",\"image\":{\"@type\":\"ImageObject\",\"inLanguage\":\"tr\",\"@id\":\"https:\\\/\\\/secure.gravatar.com\\\/avatar\\\/ccc17943b9d660506c869530f897617f7cb1c21a4bf30023f252596d83e1f007?s=96&d=mm&r=g\",\"url\":\"https:\\\/\\\/secure.gravatar.com\\\/avatar\\\/ccc17943b9d660506c869530f897617f7cb1c21a4bf30023f252596d83e1f007?s=96&d=mm&r=g\",\"contentUrl\":\"https:\\\/\\\/secure.gravatar.com\\\/avatar\\\/ccc17943b9d660506c869530f897617f7cb1c21a4bf30023f252596d83e1f007?s=96&d=mm&r=g\",\"caption\":\"admin\"},\"sameAs\":[\"https:\\\/\\\/kibrisdakik.com\"],\"url\":\"https:\\\/\\\/kibrisdakik.com\\\/?author=1\"}]}<\/script>\n<!-- \/ Yoast SEO plugin. -->","yoast_head_json":{"title":"TA\u00c7OY: G\u00dcNEY KIBRIS G\u00dcC\u00dc PAYLA\u015eMAZ, HERKES FARKINDA -","robots":{"index":"index","follow":"follow","max-snippet":"max-snippet:-1","max-image-preview":"max-image-preview:large","max-video-preview":"max-video-preview:-1"},"canonical":"https:\/\/kibrisdakik.com\/?p=94390","og_locale":"tr_TR","og_type":"article","og_title":"TA\u00c7OY: G\u00dcNEY KIBRIS G\u00dcC\u00dc PAYLA\u015eMAZ, HERKES FARKINDA -","og_description":"Ulusal Birlik Partisi (UBP) Milletvekili Hasan Ta\u00e7oy, Cumhurba\u015fkanl\u0131\u011f\u0131 se\u00e7iminde oy kullanacak herkesin d\u00fc\u015f\u00fcnmesi gereken tek \u015feyin sadece \u00fclke ger\u00e7ekleri oldu\u011funu s\u00f6yledi. Ta\u00e7oy, \u201c\u015eu anki ger\u00e7ek, kuzeyde T\u00fcrkiye\u2019nin garant\u00f6rl\u00fc\u011f\u00fcnde sa\u011flam g\u00fc\u00e7l\u00fc bir y\u00f6netimin, g\u00fcneyde ise ne oldu\u011fu bilinmeyen bir\u00e7ok g\u00fcc\u00fcn varl\u0131\u011f\u0131d\u0131r.\u201d diyerek, gelece\u011fe at\u0131lacak en do\u011fru ad\u0131m\u0131n iki devletlilik politikas\u0131 oldu\u011fu g\u00f6r\u00fc\u015f\u00fcn\u00fc dile getirdi. Cumhurba\u015fkan\u0131 Ersin","og_url":"https:\/\/kibrisdakik.com\/?p=94390","article_published_time":"2025-10-01T12:32:02+00:00","og_image":[{"width":1280,"height":720,"url":"https:\/\/kibrisdakik.com\/wp-content\/uploads\/2025\/10\/mha-1231.png","type":"image\/png"}],"author":"admin","twitter_card":"summary_large_image","twitter_misc":{"Yazan:":"admin","Tahmini okuma s\u00fcresi":"2 dakika"},"schema":{"@context":"https:\/\/schema.org","@graph":[{"@type":"Article","@id":"https:\/\/kibrisdakik.com\/?p=94390#article","isPartOf":{"@id":"https:\/\/kibrisdakik.com\/?p=94390"},"author":{"name":"admin","@id":"https:\/\/kibrisdakik.com\/#\/schema\/person\/9cd9d437bbb44f72b73ba127e06d8e79"},"headline":"TA\u00c7OY: G\u00dcNEY KIBRIS G\u00dcC\u00dc PAYLA\u015eMAZ, HERKES FARKINDA","datePublished":"2025-10-01T12:32:02+00:00","mainEntityOfPage":{"@id":"https:\/\/kibrisdakik.com\/?p=94390"},"wordCount":456,"commentCount":0,"image":{"@id":"https:\/\/kibrisdakik.com\/?p=94390#primaryimage"},"thumbnailUrl":"https:\/\/kibrisdakik.com\/wp-content\/uploads\/2025\/10\/mha-1231.png","articleSection":["K\u0131br\u0131s"],"inLanguage":"tr","potentialAction":[{"@type":"CommentAction","name":"Comment","target":["https:\/\/kibrisdakik.com\/?p=94390#respond"]}]},{"@type":"WebPage","@id":"https:\/\/kibrisdakik.com\/?p=94390","url":"https:\/\/kibrisdakik.com\/?p=94390","name":"TA\u00c7OY: G\u00dcNEY KIBRIS G\u00dcC\u00dc PAYLA\u015eMAZ, HERKES FARKINDA -","isPartOf":{"@id":"https:\/\/kibrisdakik.com\/#website"},"primaryImageOfPage":{"@id":"https:\/\/kibrisdakik.com\/?p=94390#primaryimage"},"image":{"@id":"https:\/\/kibrisdakik.com\/?p=94390#primaryimage"},"thumbnailUrl":"https:\/\/kibrisdakik.com\/wp-content\/uploads\/2025\/10\/mha-1231.png","datePublished":"2025-10-01T12:32:02+00:00","author":{"@id":"https:\/\/kibrisdakik.com\/#\/schema\/person\/9cd9d437bbb44f72b73ba127e06d8e79"},"breadcrumb":{"@id":"https:\/\/kibrisdakik.com\/?p=94390#breadcrumb"},"inLanguage":"tr","potentialAction":[{"@type":"ReadAction","target":["https:\/\/kibrisdakik.com\/?p=94390"]}]},{"@type":"ImageObject","inLanguage":"tr","@id":"https:\/\/kibrisdakik.com\/?p=94390#primaryimage","url":"https:\/\/kibrisdakik.com\/wp-content\/uploads\/2025\/10\/mha-1231.png","contentUrl":"https:\/\/kibrisdakik.com\/wp-content\/uploads\/2025\/10\/mha-1231.png","width":1280,"height":720},{"@type":"BreadcrumbList","@id":"https:\/\/kibrisdakik.com\/?p=94390#breadcrumb","itemListElement":[{"@type":"ListItem","position":1,"name":"Home","item":"https:\/\/kibrisdakik.com\/"},{"@type":"ListItem","position":2,"name":"TA\u00c7OY: G\u00dcNEY KIBRIS G\u00dcC\u00dc PAYLA\u015eMAZ, HERKES FARKINDA"}]},{"@type":"WebSite","@id":"https:\/\/kibrisdakik.com\/#website","url":"https:\/\/kibrisdakik.com\/","name":"","description":"Tam vaktinde haber","potentialAction":[{"@type":"SearchAction","target":{"@type":"EntryPoint","urlTemplate":"https:\/\/kibrisdakik.com\/?s={search_term_string}"},"query-input":{"@type":"PropertyValueSpecification","valueRequired":true,"valueName":"search_term_string"}}],"inLanguage":"tr"},{"@type":"Person","@id":"https:\/\/kibrisdakik.com\/#\/schema\/person\/9cd9d437bbb44f72b73ba127e06d8e79","name":"admin","image":{"@type":"ImageObject","inLanguage":"tr","@id":"https:\/\/secure.gravatar.com\/avatar\/ccc17943b9d660506c869530f897617f7cb1c21a4bf30023f252596d83e1f007?s=96&d=mm&r=g","url":"https:\/\/secure.gravatar.com\/avatar\/ccc17943b9d660506c869530f897617f7cb1c21a4bf30023f252596d83e1f007?s=96&d=mm&r=g","contentUrl":"https:\/\/secure.gravatar.com\/avatar\/ccc17943b9d660506c869530f897617f7cb1c21a4bf30023f252596d83e1f007?s=96&d=mm&r=g","caption":"admin"},"sameAs":["https:\/\/kibrisdakik.com"],"url":"https:\/\/kibrisdakik.com\/?author=1"}]}},"_links":{"self":[{"href":"https:\/\/kibrisdakik.com\/index.php?rest_route=\/wp\/v2\/posts\/94390","targetHints":{"allow":["GET"]}}],"collection":[{"href":"https:\/\/kibrisdakik.com\/index.php?rest_route=\/wp\/v2\/posts"}],"about":[{"href":"https:\/\/kibrisdakik.com\/index.php?rest_route=\/wp\/v2\/types\/post"}],"author":[{"embeddable":true,"href":"https:\/\/kibrisdakik.com\/index.php?rest_route=\/wp\/v2\/users\/1"}],"replies":[{"embeddable":true,"href":"https:\/\/kibrisdakik.com\/index.php?rest_route=%2Fwp%2Fv2%2Fcomments&post=94390"}],"version-history":[{"count":0,"href":"https:\/\/kibrisdakik.com\/index.php?rest_route=\/wp\/v2\/posts\/94390\/revisions"}],"wp:featuredmedia":[{"embeddable":true,"href":"https:\/\/kibrisdakik.com\/index.php?rest_route=\/wp\/v2\/media\/94391"}],"wp:attachment":[{"href":"https:\/\/kibrisdakik.com\/index.php?rest_route=%2Fwp%2Fv2%2Fmedia&parent=94390"}],"wp:term":[{"taxonomy":"category","embeddable":true,"href":"https:\/\/kibrisdakik.com\/index.php?rest_route=%2Fwp%2Fv2%2Fcategories&post=94390"},{"taxonomy":"post_tag","embeddable":true,"href":"https:\/\/kibrisdakik.com\/index.php?rest_route=%2Fwp%2Fv2%2Ftags&post=94390"}],"curies":[{"name":"wp","href":"https:\/\/api.w.org\/{rel}","templated":true}]}}