{"id":94485,"date":"2025-10-02T13:23:20","date_gmt":"2025-10-02T10:23:20","guid":{"rendered":"https:\/\/kibrisdakik.com\/index.php\/2025\/10\/02\/tatar-artik-iki-devletli-siyaset-yegane-cozum-modelidir\/"},"modified":"2025-10-02T13:23:20","modified_gmt":"2025-10-02T10:23:20","slug":"tatar-artik-iki-devletli-siyaset-yegane-cozum-modelidir","status":"publish","type":"post","link":"https:\/\/kibrisdakik.com\/?p=94485","title":{"rendered":"TATAR: \u201cARTIK \u0130K\u0130 DEVLETL\u0130 S\u0130YASET YEGANE \u00c7\u00d6Z\u00dcM MODEL\u0130D\u0130R&#8221;"},"content":{"rendered":"<p><\/p>\n<div data-text-id=\"185591\" property=\"articleBody\">\n<p>Cumhurba\u015fkan\u0131 Ersin Tatar, &#8220;KKTC&#8217;yi tan\u0131yan bir devlet olarak buradaki halk\u0131n gelece\u011fe umutla bakabilmesi i\u00e7in T\u00fcrkiye b\u00fcy\u00fck fedakarl\u0131k yapm\u0131\u015ft\u0131r. Ge\u00e7en haftaki Birle\u015fmi\u015f Milletler zirvesinde Say\u0131n Cumhurba\u015fkan\u0131 Recep Tayyip Erdo\u011fan, art\u0131k KKTC&#8217;nin tan\u0131nmas\u0131 gerekti\u011fini, federasyon \u00e7\u00f6z\u00fcm modelinin geride kald\u0131\u011f\u0131n\u0131 ve iki devletli siyasetle \u00e7\u00f6z\u00fcm olabilece\u011fini a\u00e7\u0131klam\u0131\u015ft\u0131r. Art\u0131k iki devletli siyaset yegane \u00e7\u00f6z\u00fcm modelidir.&#8221; dedi.<\/p>\n<p>Cumhurba\u015fkan\u0131 Tatar, T\u00fcrk Hava Yollar\u0131&#8217;n\u0131n (THY) d\u00fczenledi\u011fi &#8220;AdaK\u0131br\u0131s&#8221; tan\u0131t\u0131m program\u0131 kapsam\u0131nda KKTC&#8217;ye gelen bas\u0131n mensuplar\u0131na Cumhurba\u015fkanl\u0131\u011f\u0131 Yerle\u015fkesinde a\u00e7\u0131klamalarda bulundu.<\/p>\n<p>T\u00fcrkiye&#8217;nin her \u015fart ve ko\u015fulda kendilerini destekledi\u011fini belirten Tatar, Meclis&#8217;in d\u00fcn a\u00e7\u0131l\u015f\u0131n\u0131n yap\u0131ld\u0131\u011f\u0131n\u0131 an\u0131msatarak, a\u00e7\u0131l\u0131\u015fta T\u00fcrkiye Cumhurba\u015fkan\u0131 Erdo\u011fan&#8217;a te\u015fekk\u00fcr etti\u011fini an\u0131msatt\u0131.<\/p>\n<p>Tatar, Cumhurba\u015fkanl\u0131\u011f\u0131 Yerle\u015fkesinin \u00f6nemine de\u011finerek, \u015f\u00f6yle devam etti:<\/p>\n<p>&#8220;Cumhurba\u015fkan\u0131 Erdo\u011fan&#8217;\u0131n 15 Kas\u0131m 2020&#8217;deki eski Meclis Ba\u015fkanl\u0131\u011f\u0131 ziyareti s\u0131ras\u0131nda toplant\u0131n\u0131n yap\u0131laca\u011f\u0131 bina k\u00fc\u00e7\u00fck ve art\u0131k ihtiya\u00e7lara cevap veremeyecekti. Cumhurba\u015fkan\u0131 Erdo\u011fan&#8217;a durumu anlatt\u0131k, arazi bulmam\u0131z\u0131 s\u00f6yledi. 500 d\u00f6n\u00fcml\u00fck bu araziyi bulduk. 4 y\u0131l\u0131n sonunda 3 May\u0131s&#8217;ta buran\u0131n a\u00e7\u0131l\u0131\u015f\u0131n\u0131 yapt\u0131k. D\u00fcnyaya KKTC halk\u0131n\u0131n egemenli\u011fi, ba\u011f\u0131ms\u0131zl\u0131\u011f\u0131, h\u00fcrriyeti ve ya\u015fam hakk\u0131 oldu\u011fu mesaj\u0131n\u0131 verdik. T\u00fcrkiyemizin de deste\u011fiyle buraya kazand\u0131rd\u0131\u011f\u0131m\u0131z k\u00fclliye, egemenli\u011fimiz ve ba\u011f\u0131ms\u0131zl\u0131\u011f\u0131m\u0131z\u0131n sembol\u00fc olarak ortaya \u00e7\u0131km\u0131\u015ft\u0131r. T\u00fcrkiye Cumhuriyeti bu devletin arkas\u0131ndad\u0131r. T\u00fcrkiye, KKTC&#8217;nin ba\u011f\u0131ms\u0131z bir T\u00fcrk devleti olarak huzurunun, g\u00fcveninin, refah\u0131n\u0131n, istikrar\u0131n\u0131n devam edebilmesi i\u00e7in anahtar rol\u00fcndedir.&#8221;<\/p>\n<p>&#8211; &#8220;KKTC, T\u00fcrkiye \u00fczerinden b\u00fct\u00fcn d\u00fcnyaya ba\u011flan\u0131yor&#8221;<\/p>\n<p>THY&#8217;nin KKTC&#8217;ye d\u00fcnyan\u0131n d\u00f6rt bir yan\u0131ndan turist getirdi\u011fine de\u011finen Tatar, THY ve AJet&#8217;in KKTC&#8217;yi d\u00fcnyaya ba\u011flayan iki \u00f6nemli hava yolu \u015firketi oldu\u011funu s\u00f6yledi.<\/p>\n<p>Tatar, bu hava yollar\u0131n\u0131n y\u00f6neticilerine, pilotlar\u0131na ve t\u00fcm \u00e7al\u0131\u015fanlar\u0131na te\u015fekk\u00fcr ederek, &#8220;Yeni a\u00e7\u0131lan Ercan Devlet Havalimanlar\u0131 terminaliyle yolcu say\u0131m\u0131z 2 milyondan 10 milyona kadar artacak. Birka\u00e7 sene sonra in\u015fallah 15 milyonu da buluruz. Bunu ba\u015fard\u0131k ve T\u00fcrkiyemizin deste\u011fi \u00e7ok \u00f6nemli. Birtak\u0131m ambargolar olmas\u0131na ra\u011fmen buraya y\u00fczden fazla \u00fclkeden turist ve \u00f6\u011frenci geliyor. KKTC ambargolara ra\u011fmen \u00e7ok b\u00fcy\u00fcd\u00fc, geli\u015fti. 20 y\u0131l \u00f6nce \u00fclkemizde turizm alan\u0131nda yatak say\u0131s\u0131 10 bindi. \u015eu anda 35 bine \u00e7\u0131kt\u0131. KKTC, T\u00fcrkiye \u00fczerinden b\u00fct\u00fcn d\u00fcnyaya ba\u011flan\u0131yor.&#8221; diye konu\u015ftu.<\/p>\n<p>Teknofest&#8217;in KKTC gen\u00e7li\u011fi \u00fczerindeki \u00f6nemine de\u011finen Tatar, &#8220;Teknofest g\u00fcnlerinde de b\u00fcy\u00fck bir heyecan duydum. 1-4 May\u0131s&#8217;ta 225 bin ki\u015fi bu bizim n\u00fcfusumuza g\u00f6re \u00e7ok \u00f6nemli bir rakamd\u0131r yani her iki ki\u015fiden biri Teknofest&#8217;i ziyaret etmi\u015ftir. KKTC&#8217;nin tan\u0131t\u0131m\u0131 i\u00e7in de \u00e7ok g\u00fczel bir etkinlik oldu. Dijital d\u00f6n\u00fc\u015f\u00fcm de oluyor, in\u015fallah KKTC bili\u015fim adas\u0131 olacak. \u00c7\u00fcnk\u00fc ortam bunun i\u00e7in m\u00fcsait, \u00fcniversitelerimiz var. \u00dcniversitelerle i\u015f d\u00fcnyas\u0131 ve sanayi b\u00f6lgelerindeki baz\u0131 \u00e7al\u0131\u015fmalarla buras\u0131 bili\u015fim adas\u0131 olma potansiyeline sahip.&#8221; \u015feklinde konu\u015ftu.<\/p>\n<p>&#8211; &#8220;Federasyon kapanm\u0131\u015ft\u0131r ve T\u00fcrkiye anavatand\u0131r, garant\u00f6r devlettir&#8221;<\/p>\n<p>Tatar, T\u00fcrkiye&#8217;den KKTC&#8217;ye deniz alt\u0131ndan getirilen suyun adan\u0131n \u00e7ehresini de\u011fi\u015ftirdi\u011fine i\u015faret ederek, &#8220;T\u00fcrkiye&#8217;den getirilen su i\u00e7in asr\u0131n projesi dedik ve bunu ba\u015fard\u0131k. Tabii b\u00fct\u00fcn bunlarda Cumhurba\u015fkan\u0131 Erdo\u011fan&#8217;\u0131n deste\u011fi b\u00fcy\u00fckt\u00fcr. Nitekim T\u00fcrkiye&#8217;den gelen bu suyla hem temel ihtiya\u00e7lar\u0131m\u0131z kar\u015f\u0131lan\u0131yor hem de tar\u0131m ve hayvanc\u0131l\u0131kta kullan\u0131l\u0131yor. Toprak da daha bereketli oldu.&#8221; dedi.<\/p>\n<p>KKTC&#8217;nin g\u00fcvenli\u011fi i\u00e7in T\u00fcrkiye&#8217;nin garant\u00f6rl\u00fc\u011f\u00fcn\u00fcn \u00f6nemine vurgu yapan Tatar, \u015funlar\u0131 kaydetti:<\/p>\n<p>&#8220;1983 y\u0131l\u0131nda KKTC&#8217;nin ilan edilmesiyle K\u0131br\u0131s T\u00fcrk\u00fc&#8217;n\u00fcn gelece\u011fi, \u00f6zg\u00fcrl\u00fc\u011f\u00fc, egemenli\u011fi tesis edilmi\u015ftir. Bu tesis \u00f6yle bir tesistir ki kimse geri \u00e7eviremez. Burada ya\u015fam vard\u0131r, bir halk vard\u0131r ve halk\u0131n m\u00fccadelesi vard\u0131r. Buradan sadece 60 kilometre uzakl\u0131kta olan T\u00fcrkiye Cumhuriyeti vard\u0131r. T\u00fcrkiye Cumhuriyeti&#8217;nin de hakk\u0131, hukuku, ge\u00e7mi\u015fi vard\u0131r. Adada ortakl\u0131k cumhuriyeti bitmi\u015ftir, federasyon kapanm\u0131\u015ft\u0131r ve T\u00fcrkiye anavatand\u0131r, garant\u00f6r devlettir. Bu b\u00f6lgenin en g\u00fc\u00e7l\u00fc \u00fclkesidir. T\u00fcrk askerinin, T\u00fcrk Silahl\u0131 Kuvvetlerinin buradaki varl\u0131\u011f\u0131 bizler i\u00e7in ya\u015famsal \u00f6neme sahiptir. K\u0131br\u0131s T\u00fcrk\u00fc genelde b\u00f6yle d\u00fc\u015f\u00fcn\u00fcr. Dolay\u0131s\u0131yla ben bir kez daha anavatan\u0131m T\u00fcrkiyeme, T\u00fcrk halk\u0131na her zaman bizlerin yan\u0131nda olduklar\u0131 i\u00e7in minnet ve \u015f\u00fckran duygular\u0131n\u0131 ifade ediyorum.&#8221;<\/p>\n<\/p><\/div>\n","protected":false},"excerpt":{"rendered":"<p>Cumhurba\u015fkan\u0131 Ersin Tatar, &#8220;KKTC&#8217;yi tan\u0131yan bir devlet olarak buradaki halk\u0131n gelece\u011fe umutla bakabilmesi i\u00e7in T\u00fcrkiye b\u00fcy\u00fck fedakarl\u0131k yapm\u0131\u015ft\u0131r. Ge\u00e7en haftaki Birle\u015fmi\u015f Milletler zirvesinde Say\u0131n Cumhurba\u015fkan\u0131 Recep Tayyip Erdo\u011fan, art\u0131k KKTC&#8217;nin tan\u0131nmas\u0131 gerekti\u011fini, federasyon \u00e7\u00f6z\u00fcm modelinin geride kald\u0131\u011f\u0131n\u0131 ve iki devletli siyasetle \u00e7\u00f6z\u00fcm olabilece\u011fini a\u00e7\u0131klam\u0131\u015ft\u0131r. Art\u0131k iki devletli siyaset yegane \u00e7\u00f6z\u00fcm modelidir.&#8221; dedi. Cumhurba\u015fkan\u0131 Tatar, T\u00fcrk<\/p>\n","protected":false},"author":1,"featured_media":94486,"comment_status":"open","ping_status":"open","sticky":false,"template":"","format":"standard","meta":{"footnotes":""},"categories":[81],"tags":[],"class_list":["post-94485","post","type-post","status-publish","format-standard","has-post-thumbnail","hentry","category-kibris"],"yoast_head":"<!-- This site is optimized with the Yoast SEO plugin v27.5 - https:\/\/yoast.com\/product\/yoast-seo-wordpress\/ -->\n<title>TATAR: \u201cARTIK \u0130K\u0130 DEVLETL\u0130 S\u0130YASET YEGANE \u00c7\u00d6Z\u00dcM MODEL\u0130D\u0130R&quot; -<\/title>\n<meta name=\"robots\" content=\"index, follow, max-snippet:-1, max-image-preview:large, max-video-preview:-1\" \/>\n<link rel=\"canonical\" href=\"https:\/\/kibrisdakik.com\/?p=94485\" \/>\n<meta property=\"og:locale\" content=\"tr_TR\" \/>\n<meta property=\"og:type\" content=\"article\" \/>\n<meta property=\"og:title\" content=\"TATAR: \u201cARTIK \u0130K\u0130 DEVLETL\u0130 S\u0130YASET YEGANE \u00c7\u00d6Z\u00dcM MODEL\u0130D\u0130R&quot; -\" \/>\n<meta property=\"og:description\" content=\"Cumhurba\u015fkan\u0131 Ersin Tatar, &#8220;KKTC&#8217;yi tan\u0131yan bir devlet olarak buradaki halk\u0131n gelece\u011fe umutla bakabilmesi i\u00e7in T\u00fcrkiye b\u00fcy\u00fck fedakarl\u0131k yapm\u0131\u015ft\u0131r. Ge\u00e7en haftaki Birle\u015fmi\u015f Milletler zirvesinde Say\u0131n Cumhurba\u015fkan\u0131 Recep Tayyip Erdo\u011fan, art\u0131k KKTC&#8217;nin tan\u0131nmas\u0131 gerekti\u011fini, federasyon \u00e7\u00f6z\u00fcm modelinin geride kald\u0131\u011f\u0131n\u0131 ve iki devletli siyasetle \u00e7\u00f6z\u00fcm olabilece\u011fini a\u00e7\u0131klam\u0131\u015ft\u0131r. Art\u0131k iki devletli siyaset yegane \u00e7\u00f6z\u00fcm modelidir.&#8221; dedi. Cumhurba\u015fkan\u0131 Tatar, T\u00fcrk\" \/>\n<meta property=\"og:url\" content=\"https:\/\/kibrisdakik.com\/?p=94485\" \/>\n<meta property=\"article:published_time\" content=\"2025-10-02T10:23:20+00:00\" \/>\n<meta property=\"og:image\" content=\"https:\/\/kibrisdakik.com\/wp-content\/uploads\/2025\/10\/mha-1250.png\" \/>\n\t<meta property=\"og:image:width\" content=\"1280\" \/>\n\t<meta property=\"og:image:height\" content=\"720\" \/>\n\t<meta property=\"og:image:type\" content=\"image\/png\" \/>\n<meta name=\"author\" content=\"admin\" \/>\n<meta name=\"twitter:card\" content=\"summary_large_image\" \/>\n<meta name=\"twitter:label1\" content=\"Yazan:\" \/>\n\t<meta name=\"twitter:data1\" content=\"admin\" \/>\n\t<meta name=\"twitter:label2\" content=\"Tahmini okuma s\u00fcresi\" \/>\n\t<meta name=\"twitter:data2\" content=\"4 dakika\" \/>\n<script type=\"application\/ld+json\" class=\"yoast-schema-graph\">{\"@context\":\"https:\\\/\\\/schema.org\",\"@graph\":[{\"@type\":\"Article\",\"@id\":\"https:\\\/\\\/kibrisdakik.com\\\/?p=94485#article\",\"isPartOf\":{\"@id\":\"https:\\\/\\\/kibrisdakik.com\\\/?p=94485\"},\"author\":{\"name\":\"admin\",\"@id\":\"https:\\\/\\\/kibrisdakik.com\\\/#\\\/schema\\\/person\\\/9cd9d437bbb44f72b73ba127e06d8e79\"},\"headline\":\"TATAR: \u201cARTIK \u0130K\u0130 DEVLETL\u0130 S\u0130YASET YEGANE \u00c7\u00d6Z\u00dcM MODEL\u0130D\u0130R&#8221;\",\"datePublished\":\"2025-10-02T10:23:20+00:00\",\"mainEntityOfPage\":{\"@id\":\"https:\\\/\\\/kibrisdakik.com\\\/?p=94485\"},\"wordCount\":848,\"commentCount\":0,\"image\":{\"@id\":\"https:\\\/\\\/kibrisdakik.com\\\/?p=94485#primaryimage\"},\"thumbnailUrl\":\"https:\\\/\\\/kibrisdakik.com\\\/wp-content\\\/uploads\\\/2025\\\/10\\\/mha-1250.png\",\"articleSection\":[\"K\u0131br\u0131s\"],\"inLanguage\":\"tr\",\"potentialAction\":[{\"@type\":\"CommentAction\",\"name\":\"Comment\",\"target\":[\"https:\\\/\\\/kibrisdakik.com\\\/?p=94485#respond\"]}]},{\"@type\":\"WebPage\",\"@id\":\"https:\\\/\\\/kibrisdakik.com\\\/?p=94485\",\"url\":\"https:\\\/\\\/kibrisdakik.com\\\/?p=94485\",\"name\":\"TATAR: \u201cARTIK \u0130K\u0130 DEVLETL\u0130 S\u0130YASET YEGANE \u00c7\u00d6Z\u00dcM MODEL\u0130D\u0130R\\\" -\",\"isPartOf\":{\"@id\":\"https:\\\/\\\/kibrisdakik.com\\\/#website\"},\"primaryImageOfPage\":{\"@id\":\"https:\\\/\\\/kibrisdakik.com\\\/?p=94485#primaryimage\"},\"image\":{\"@id\":\"https:\\\/\\\/kibrisdakik.com\\\/?p=94485#primaryimage\"},\"thumbnailUrl\":\"https:\\\/\\\/kibrisdakik.com\\\/wp-content\\\/uploads\\\/2025\\\/10\\\/mha-1250.png\",\"datePublished\":\"2025-10-02T10:23:20+00:00\",\"author\":{\"@id\":\"https:\\\/\\\/kibrisdakik.com\\\/#\\\/schema\\\/person\\\/9cd9d437bbb44f72b73ba127e06d8e79\"},\"breadcrumb\":{\"@id\":\"https:\\\/\\\/kibrisdakik.com\\\/?p=94485#breadcrumb\"},\"inLanguage\":\"tr\",\"potentialAction\":[{\"@type\":\"ReadAction\",\"target\":[\"https:\\\/\\\/kibrisdakik.com\\\/?p=94485\"]}]},{\"@type\":\"ImageObject\",\"inLanguage\":\"tr\",\"@id\":\"https:\\\/\\\/kibrisdakik.com\\\/?p=94485#primaryimage\",\"url\":\"https:\\\/\\\/kibrisdakik.com\\\/wp-content\\\/uploads\\\/2025\\\/10\\\/mha-1250.png\",\"contentUrl\":\"https:\\\/\\\/kibrisdakik.com\\\/wp-content\\\/uploads\\\/2025\\\/10\\\/mha-1250.png\",\"width\":1280,\"height\":720},{\"@type\":\"BreadcrumbList\",\"@id\":\"https:\\\/\\\/kibrisdakik.com\\\/?p=94485#breadcrumb\",\"itemListElement\":[{\"@type\":\"ListItem\",\"position\":1,\"name\":\"Home\",\"item\":\"https:\\\/\\\/kibrisdakik.com\\\/\"},{\"@type\":\"ListItem\",\"position\":2,\"name\":\"TATAR: \u201cARTIK \u0130K\u0130 DEVLETL\u0130 S\u0130YASET YEGANE \u00c7\u00d6Z\u00dcM MODEL\u0130D\u0130R&#8221;\"}]},{\"@type\":\"WebSite\",\"@id\":\"https:\\\/\\\/kibrisdakik.com\\\/#website\",\"url\":\"https:\\\/\\\/kibrisdakik.com\\\/\",\"name\":\"\",\"description\":\"Tam vaktinde haber\",\"potentialAction\":[{\"@type\":\"SearchAction\",\"target\":{\"@type\":\"EntryPoint\",\"urlTemplate\":\"https:\\\/\\\/kibrisdakik.com\\\/?s={search_term_string}\"},\"query-input\":{\"@type\":\"PropertyValueSpecification\",\"valueRequired\":true,\"valueName\":\"search_term_string\"}}],\"inLanguage\":\"tr\"},{\"@type\":\"Person\",\"@id\":\"https:\\\/\\\/kibrisdakik.com\\\/#\\\/schema\\\/person\\\/9cd9d437bbb44f72b73ba127e06d8e79\",\"name\":\"admin\",\"image\":{\"@type\":\"ImageObject\",\"inLanguage\":\"tr\",\"@id\":\"https:\\\/\\\/secure.gravatar.com\\\/avatar\\\/ccc17943b9d660506c869530f897617f7cb1c21a4bf30023f252596d83e1f007?s=96&d=mm&r=g\",\"url\":\"https:\\\/\\\/secure.gravatar.com\\\/avatar\\\/ccc17943b9d660506c869530f897617f7cb1c21a4bf30023f252596d83e1f007?s=96&d=mm&r=g\",\"contentUrl\":\"https:\\\/\\\/secure.gravatar.com\\\/avatar\\\/ccc17943b9d660506c869530f897617f7cb1c21a4bf30023f252596d83e1f007?s=96&d=mm&r=g\",\"caption\":\"admin\"},\"sameAs\":[\"https:\\\/\\\/kibrisdakik.com\"],\"url\":\"https:\\\/\\\/kibrisdakik.com\\\/?author=1\"}]}<\/script>\n<!-- \/ Yoast SEO plugin. -->","yoast_head_json":{"title":"TATAR: \u201cARTIK \u0130K\u0130 DEVLETL\u0130 S\u0130YASET YEGANE \u00c7\u00d6Z\u00dcM MODEL\u0130D\u0130R\" -","robots":{"index":"index","follow":"follow","max-snippet":"max-snippet:-1","max-image-preview":"max-image-preview:large","max-video-preview":"max-video-preview:-1"},"canonical":"https:\/\/kibrisdakik.com\/?p=94485","og_locale":"tr_TR","og_type":"article","og_title":"TATAR: \u201cARTIK \u0130K\u0130 DEVLETL\u0130 S\u0130YASET YEGANE \u00c7\u00d6Z\u00dcM MODEL\u0130D\u0130R\" -","og_description":"Cumhurba\u015fkan\u0131 Ersin Tatar, &#8220;KKTC&#8217;yi tan\u0131yan bir devlet olarak buradaki halk\u0131n gelece\u011fe umutla bakabilmesi i\u00e7in T\u00fcrkiye b\u00fcy\u00fck fedakarl\u0131k yapm\u0131\u015ft\u0131r. Ge\u00e7en haftaki Birle\u015fmi\u015f Milletler zirvesinde Say\u0131n Cumhurba\u015fkan\u0131 Recep Tayyip Erdo\u011fan, art\u0131k KKTC&#8217;nin tan\u0131nmas\u0131 gerekti\u011fini, federasyon \u00e7\u00f6z\u00fcm modelinin geride kald\u0131\u011f\u0131n\u0131 ve iki devletli siyasetle \u00e7\u00f6z\u00fcm olabilece\u011fini a\u00e7\u0131klam\u0131\u015ft\u0131r. Art\u0131k iki devletli siyaset yegane \u00e7\u00f6z\u00fcm modelidir.&#8221; dedi. Cumhurba\u015fkan\u0131 Tatar, T\u00fcrk","og_url":"https:\/\/kibrisdakik.com\/?p=94485","article_published_time":"2025-10-02T10:23:20+00:00","og_image":[{"width":1280,"height":720,"url":"https:\/\/kibrisdakik.com\/wp-content\/uploads\/2025\/10\/mha-1250.png","type":"image\/png"}],"author":"admin","twitter_card":"summary_large_image","twitter_misc":{"Yazan:":"admin","Tahmini okuma s\u00fcresi":"4 dakika"},"schema":{"@context":"https:\/\/schema.org","@graph":[{"@type":"Article","@id":"https:\/\/kibrisdakik.com\/?p=94485#article","isPartOf":{"@id":"https:\/\/kibrisdakik.com\/?p=94485"},"author":{"name":"admin","@id":"https:\/\/kibrisdakik.com\/#\/schema\/person\/9cd9d437bbb44f72b73ba127e06d8e79"},"headline":"TATAR: \u201cARTIK \u0130K\u0130 DEVLETL\u0130 S\u0130YASET YEGANE \u00c7\u00d6Z\u00dcM MODEL\u0130D\u0130R&#8221;","datePublished":"2025-10-02T10:23:20+00:00","mainEntityOfPage":{"@id":"https:\/\/kibrisdakik.com\/?p=94485"},"wordCount":848,"commentCount":0,"image":{"@id":"https:\/\/kibrisdakik.com\/?p=94485#primaryimage"},"thumbnailUrl":"https:\/\/kibrisdakik.com\/wp-content\/uploads\/2025\/10\/mha-1250.png","articleSection":["K\u0131br\u0131s"],"inLanguage":"tr","potentialAction":[{"@type":"CommentAction","name":"Comment","target":["https:\/\/kibrisdakik.com\/?p=94485#respond"]}]},{"@type":"WebPage","@id":"https:\/\/kibrisdakik.com\/?p=94485","url":"https:\/\/kibrisdakik.com\/?p=94485","name":"TATAR: \u201cARTIK \u0130K\u0130 DEVLETL\u0130 S\u0130YASET YEGANE \u00c7\u00d6Z\u00dcM MODEL\u0130D\u0130R\" -","isPartOf":{"@id":"https:\/\/kibrisdakik.com\/#website"},"primaryImageOfPage":{"@id":"https:\/\/kibrisdakik.com\/?p=94485#primaryimage"},"image":{"@id":"https:\/\/kibrisdakik.com\/?p=94485#primaryimage"},"thumbnailUrl":"https:\/\/kibrisdakik.com\/wp-content\/uploads\/2025\/10\/mha-1250.png","datePublished":"2025-10-02T10:23:20+00:00","author":{"@id":"https:\/\/kibrisdakik.com\/#\/schema\/person\/9cd9d437bbb44f72b73ba127e06d8e79"},"breadcrumb":{"@id":"https:\/\/kibrisdakik.com\/?p=94485#breadcrumb"},"inLanguage":"tr","potentialAction":[{"@type":"ReadAction","target":["https:\/\/kibrisdakik.com\/?p=94485"]}]},{"@type":"ImageObject","inLanguage":"tr","@id":"https:\/\/kibrisdakik.com\/?p=94485#primaryimage","url":"https:\/\/kibrisdakik.com\/wp-content\/uploads\/2025\/10\/mha-1250.png","contentUrl":"https:\/\/kibrisdakik.com\/wp-content\/uploads\/2025\/10\/mha-1250.png","width":1280,"height":720},{"@type":"BreadcrumbList","@id":"https:\/\/kibrisdakik.com\/?p=94485#breadcrumb","itemListElement":[{"@type":"ListItem","position":1,"name":"Home","item":"https:\/\/kibrisdakik.com\/"},{"@type":"ListItem","position":2,"name":"TATAR: \u201cARTIK \u0130K\u0130 DEVLETL\u0130 S\u0130YASET YEGANE \u00c7\u00d6Z\u00dcM MODEL\u0130D\u0130R&#8221;"}]},{"@type":"WebSite","@id":"https:\/\/kibrisdakik.com\/#website","url":"https:\/\/kibrisdakik.com\/","name":"","description":"Tam vaktinde haber","potentialAction":[{"@type":"SearchAction","target":{"@type":"EntryPoint","urlTemplate":"https:\/\/kibrisdakik.com\/?s={search_term_string}"},"query-input":{"@type":"PropertyValueSpecification","valueRequired":true,"valueName":"search_term_string"}}],"inLanguage":"tr"},{"@type":"Person","@id":"https:\/\/kibrisdakik.com\/#\/schema\/person\/9cd9d437bbb44f72b73ba127e06d8e79","name":"admin","image":{"@type":"ImageObject","inLanguage":"tr","@id":"https:\/\/secure.gravatar.com\/avatar\/ccc17943b9d660506c869530f897617f7cb1c21a4bf30023f252596d83e1f007?s=96&d=mm&r=g","url":"https:\/\/secure.gravatar.com\/avatar\/ccc17943b9d660506c869530f897617f7cb1c21a4bf30023f252596d83e1f007?s=96&d=mm&r=g","contentUrl":"https:\/\/secure.gravatar.com\/avatar\/ccc17943b9d660506c869530f897617f7cb1c21a4bf30023f252596d83e1f007?s=96&d=mm&r=g","caption":"admin"},"sameAs":["https:\/\/kibrisdakik.com"],"url":"https:\/\/kibrisdakik.com\/?author=1"}]}},"_links":{"self":[{"href":"https:\/\/kibrisdakik.com\/index.php?rest_route=\/wp\/v2\/posts\/94485","targetHints":{"allow":["GET"]}}],"collection":[{"href":"https:\/\/kibrisdakik.com\/index.php?rest_route=\/wp\/v2\/posts"}],"about":[{"href":"https:\/\/kibrisdakik.com\/index.php?rest_route=\/wp\/v2\/types\/post"}],"author":[{"embeddable":true,"href":"https:\/\/kibrisdakik.com\/index.php?rest_route=\/wp\/v2\/users\/1"}],"replies":[{"embeddable":true,"href":"https:\/\/kibrisdakik.com\/index.php?rest_route=%2Fwp%2Fv2%2Fcomments&post=94485"}],"version-history":[{"count":0,"href":"https:\/\/kibrisdakik.com\/index.php?rest_route=\/wp\/v2\/posts\/94485\/revisions"}],"wp:featuredmedia":[{"embeddable":true,"href":"https:\/\/kibrisdakik.com\/index.php?rest_route=\/wp\/v2\/media\/94486"}],"wp:attachment":[{"href":"https:\/\/kibrisdakik.com\/index.php?rest_route=%2Fwp%2Fv2%2Fmedia&parent=94485"}],"wp:term":[{"taxonomy":"category","embeddable":true,"href":"https:\/\/kibrisdakik.com\/index.php?rest_route=%2Fwp%2Fv2%2Fcategories&post=94485"},{"taxonomy":"post_tag","embeddable":true,"href":"https:\/\/kibrisdakik.com\/index.php?rest_route=%2Fwp%2Fv2%2Ftags&post=94485"}],"curies":[{"name":"wp","href":"https:\/\/api.w.org\/{rel}","templated":true}]}}